{"id":8780,"date":"2026-04-02T19:49:29","date_gmt":"2026-04-02T19:49:29","guid":{"rendered":"https:\/\/comport.es\/?p=8780"},"modified":"2026-04-02T19:49:29","modified_gmt":"2026-04-02T19:49:29","slug":"salvat-logistica-s-a","status":"publish","type":"post","link":"https:\/\/comport.es\/index.php\/transitarios\/salvat-logistica-s-a\/","title":{"rendered":"SALVAT LOGISTICA S.A."},"content":{"rendered":"<p style=\"text-align: justify;\"><span style=\"color: #000000;\">Con m\u00e1s de <strong>60 a\u00f1os de experiencia<\/strong>, <strong>Salvat Log\u00edstica<\/strong> ha evolucionado desde sus inicios como <strong>agencia de aduanas<\/strong> fundada por Jos\u00e9 Salvat Soler hasta convertirse en una de las principales empresas log\u00edsticas de capital 100% nacional. Un crecimiento impulsado por la calidad, la innovaci\u00f3n y la adaptaci\u00f3n a las necesidades del mercado, lo que ha permitido nuestra expansi\u00f3n internacional. A lo largo de estos a\u00f1os, la empresa ha ampliado y diversificado sus servicios para abarcar transporte internacional, almacenaje y distribuci\u00f3n, consolid\u00e1ndose as\u00ed como un referente en el sector log\u00edstico nacional.<\/span><br \/>\n<span style=\"color: #000000;\"><strong>Desde 2008, todas nuestras actividades se agrupan bajo la marca Salvat Log\u00edstica, S.A.<\/strong> La creaci\u00f3n de la red CBL Log\u00edstica ha supuesto un salto cualitativo en la oferta de soluciones, permitiendo gestionar importaciones, exportaciones, distribuci\u00f3n peninsular e insular, y <strong>servicios log\u00edsticos de valor a\u00f1adido para clientes de todo el mundo<\/strong>.<\/span><\/p>\n<h3 style=\"text-align: justify;\"><span style=\"color: #000000;\"><strong>Datos de contacto<\/strong><\/span><\/h3>\n<p style=\"text-align: justify;\"><span style=\"color: #000000;\"><strong>DOMICILIO: <\/strong>Edificio Nexus, C\/ Juan P\u00e9rez Arriete, s\/n \u2013 Oficinas S5.3, S5.4 y S5.5.<\/span><\/p>\n<p style=\"text-align: justify;\"><span style=\"color: #000000;\"><strong>TEL: +<\/strong>34 956 580 200<\/span><\/p>\n<p style=\"text-align: justify;\"><span style=\"color: #000000;\"><strong>EMAIL:\u00a0<\/strong> <a href=\"mailto:salvat.alg@salvatlogistica.com\">salvat.alg@salvatlogistica.com<\/a>\u00a0<\/span><\/p>\n<p style=\"text-align: justify;\"><span style=\"color: #000000;\"><strong>WEB:\u00a0<\/strong> <a href=\"https:\/\/www.salvatlogistica.com\" target=\"_blank\" rel=\"noopener\">www.salvatlogistica.com<\/a><\/span><\/p>\n<hr \/>\n<p>&nbsp;<\/p>\n<p><iframe loading=\"lazy\" style=\"border: 0;\" src=\"https:\/\/www.google.com\/maps\/embed?pb=!1m18!1m12!1m3!1d5487.386451317299!2d-5.44692485229328!3d36.143389820975266!2m3!1f0!2f0!3f0!3m2!1i1024!2i768!4f13.1!3m3!1m2!1s0xd0ceb326eec4ecb%3A0xaabb79fc8faca08!2sCentro%20de%20Negocios%20NEXUS!5e1!3m2!1ses!2ses!4v1775159184160!5m2!1ses!2ses\" width=\"100%\" height=\"350\" allowfullscreen=\"allowfullscreen\"><span data-mce-type=\"bookmark\" style=\"display: inline-block; width: 0px; overflow: hidden; line-height: 0;\" class=\"mce_SELRES_start\">\ufeff<\/span><\/iframe><\/p>\n","protected":false},"excerpt":{"rendered":"<p>Con m\u00e1s de 60 a\u00f1os de experiencia, Salvat Log\u00edstica ha evolucionado desde sus inicios como agencia de aduanas fundada por Jos\u00e9 Salvat Soler hasta convertirse en una de las principales empresas log\u00edsticas de capital 100% nacional. Un crecimiento impulsado por la calidad, la innovaci\u00f3n y [&hellip;]<\/p>\n","protected":false},"author":1,"featured_media":8781,"comment_status":"closed","ping_status":"closed","sticky":false,"template":"","format":"standard","meta":{"footnotes":""},"categories":[907],"tags":[],"class_list":["post-8780","post","type-post","status-publish","format-standard","has-post-thumbnail","hentry","category-transitarios"],"yoast_head":"<!-- This site is optimized with the Yoast SEO plugin v27.4 - https:\/\/yoast.com\/product\/yoast-seo-wordpress\/ -->\n<title>SALVAT LOGISTICA S.A. | COMPORT<\/title>\n<meta name=\"robots\" content=\"noindex, follow\" \/>\n<meta property=\"og:locale\" content=\"es_ES\" \/>\n<meta property=\"og:type\" content=\"article\" \/>\n<meta property=\"og:title\" content=\"SALVAT LOGISTICA S.A. | COMPORT\" \/>\n<meta property=\"og:description\" content=\"Con m\u00e1s de 60 a\u00f1os de experiencia, Salvat Log\u00edstica ha evolucionado desde sus inicios como agencia de aduanas fundada por Jos\u00e9 Salvat Soler hasta convertirse en una de las principales empresas log\u00edsticas de capital 100% nacional. Un crecimiento impulsado por la calidad, la innovaci\u00f3n y [&hellip;]\" \/>\n<meta property=\"og:url\" content=\"https:\/\/comport.es\/index.php\/transitarios\/salvat-logistica-s-a\/\" \/>\n<meta property=\"og:site_name\" content=\"COMPORT\" \/>\n<meta property=\"article:published_time\" content=\"2026-04-02T19:49:29+00:00\" \/>\n<meta property=\"og:image\" content=\"https:\/\/comport.es\/wp-content\/uploads\/2026\/04\/SALVAT_LOGISTICS_comport.jpg\" \/>\n\t<meta property=\"og:image:width\" content=\"1300\" \/>\n\t<meta property=\"og:image:height\" content=\"722\" \/>\n\t<meta property=\"og:image:type\" content=\"image\/jpeg\" \/>\n<meta name=\"author\" content=\"admincomport\" \/>\n<meta name=\"twitter:card\" content=\"summary_large_image\" \/>\n<meta name=\"twitter:label1\" content=\"Escrito por\" \/>\n\t<meta name=\"twitter:data1\" content=\"admincomport\" \/>\n\t<meta name=\"twitter:label2\" content=\"Tiempo de lectura\" \/>\n\t<meta name=\"twitter:data2\" content=\"1 minuto\" \/>\n<script type=\"application\/ld+json\" class=\"yoast-schema-graph\">{\"@context\":\"https:\\\/\\\/schema.org\",\"@graph\":[{\"@type\":\"Article\",\"@id\":\"https:\\\/\\\/comport.es\\\/index.php\\\/transitarios\\\/salvat-logistica-s-a\\\/#article\",\"isPartOf\":{\"@id\":\"https:\\\/\\\/comport.es\\\/index.php\\\/transitarios\\\/salvat-logistica-s-a\\\/\"},\"author\":{\"name\":\"admincomport\",\"@id\":\"https:\\\/\\\/comport.es\\\/#\\\/schema\\\/person\\\/9277649f8e04dd48c3d73bbaf2c7bebc\"},\"headline\":\"SALVAT LOGISTICA S.A.\",\"datePublished\":\"2026-04-02T19:49:29+00:00\",\"mainEntityOfPage\":{\"@id\":\"https:\\\/\\\/comport.es\\\/index.php\\\/transitarios\\\/salvat-logistica-s-a\\\/\"},\"wordCount\":188,\"publisher\":{\"@id\":\"https:\\\/\\\/comport.es\\\/#organization\"},\"image\":{\"@id\":\"https:\\\/\\\/comport.es\\\/index.php\\\/transitarios\\\/salvat-logistica-s-a\\\/#primaryimage\"},\"thumbnailUrl\":\"https:\\\/\\\/comport.es\\\/wp-content\\\/uploads\\\/2026\\\/04\\\/SALVAT_LOGISTICS_comport.jpg\",\"articleSection\":[\"TRANSITARIOS Y REPRESENTANTES ADUANEROS\"],\"inLanguage\":\"es\"},{\"@type\":\"WebPage\",\"@id\":\"https:\\\/\\\/comport.es\\\/index.php\\\/transitarios\\\/salvat-logistica-s-a\\\/\",\"url\":\"https:\\\/\\\/comport.es\\\/index.php\\\/transitarios\\\/salvat-logistica-s-a\\\/\",\"name\":\"SALVAT LOGISTICA S.A. | COMPORT\",\"isPartOf\":{\"@id\":\"https:\\\/\\\/comport.es\\\/#website\"},\"primaryImageOfPage\":{\"@id\":\"https:\\\/\\\/comport.es\\\/index.php\\\/transitarios\\\/salvat-logistica-s-a\\\/#primaryimage\"},\"image\":{\"@id\":\"https:\\\/\\\/comport.es\\\/index.php\\\/transitarios\\\/salvat-logistica-s-a\\\/#primaryimage\"},\"thumbnailUrl\":\"https:\\\/\\\/comport.es\\\/wp-content\\\/uploads\\\/2026\\\/04\\\/SALVAT_LOGISTICS_comport.jpg\",\"datePublished\":\"2026-04-02T19:49:29+00:00\",\"breadcrumb\":{\"@id\":\"https:\\\/\\\/comport.es\\\/index.php\\\/transitarios\\\/salvat-logistica-s-a\\\/#breadcrumb\"},\"inLanguage\":\"es\",\"potentialAction\":[{\"@type\":\"ReadAction\",\"target\":[\"https:\\\/\\\/comport.es\\\/index.php\\\/transitarios\\\/salvat-logistica-s-a\\\/\"]}]},{\"@type\":\"ImageObject\",\"inLanguage\":\"es\",\"@id\":\"https:\\\/\\\/comport.es\\\/index.php\\\/transitarios\\\/salvat-logistica-s-a\\\/#primaryimage\",\"url\":\"https:\\\/\\\/comport.es\\\/wp-content\\\/uploads\\\/2026\\\/04\\\/SALVAT_LOGISTICS_comport.jpg\",\"contentUrl\":\"https:\\\/\\\/comport.es\\\/wp-content\\\/uploads\\\/2026\\\/04\\\/SALVAT_LOGISTICS_comport.jpg\",\"width\":1300,\"height\":722},{\"@type\":\"BreadcrumbList\",\"@id\":\"https:\\\/\\\/comport.es\\\/index.php\\\/transitarios\\\/salvat-logistica-s-a\\\/#breadcrumb\",\"itemListElement\":[{\"@type\":\"ListItem\",\"position\":1,\"name\":\"Portada\",\"item\":\"https:\\\/\\\/comport.es\\\/\"},{\"@type\":\"ListItem\",\"position\":2,\"name\":\"SALVAT LOGISTICA S.A.\"}]},{\"@type\":\"WebSite\",\"@id\":\"https:\\\/\\\/comport.es\\\/#website\",\"url\":\"https:\\\/\\\/comport.es\\\/\",\"name\":\"COMPORT\",\"description\":\"Port Community of Algeciras Bay\",\"publisher\":{\"@id\":\"https:\\\/\\\/comport.es\\\/#organization\"},\"potentialAction\":[{\"@type\":\"SearchAction\",\"target\":{\"@type\":\"EntryPoint\",\"urlTemplate\":\"https:\\\/\\\/comport.es\\\/?s={search_term_string}\"},\"query-input\":{\"@type\":\"PropertyValueSpecification\",\"valueRequired\":true,\"valueName\":\"search_term_string\"}}],\"inLanguage\":\"es\"},{\"@type\":\"Organization\",\"@id\":\"https:\\\/\\\/comport.es\\\/#organization\",\"name\":\"ALGECIRAS PORT COMMUNITY - COMPORT\",\"url\":\"https:\\\/\\\/comport.es\\\/\",\"logo\":{\"@type\":\"ImageObject\",\"inLanguage\":\"es\",\"@id\":\"https:\\\/\\\/comport.es\\\/#\\\/schema\\\/logo\\\/image\\\/\",\"url\":\"https:\\\/\\\/comport.es\\\/wp-content\\\/uploads\\\/2020\\\/10\\\/logo_comport_20m.png\",\"contentUrl\":\"https:\\\/\\\/comport.es\\\/wp-content\\\/uploads\\\/2020\\\/10\\\/logo_comport_20m.png\",\"width\":600,\"height\":170,\"caption\":\"ALGECIRAS PORT COMMUNITY - COMPORT\"},\"image\":{\"@id\":\"https:\\\/\\\/comport.es\\\/#\\\/schema\\\/logo\\\/image\\\/\"}},{\"@type\":\"Person\",\"@id\":\"https:\\\/\\\/comport.es\\\/#\\\/schema\\\/person\\\/9277649f8e04dd48c3d73bbaf2c7bebc\",\"name\":\"admincomport\"}]}<\/script>\n<!-- \/ Yoast SEO plugin. -->","yoast_head_json":{"title":"SALVAT LOGISTICA S.A. | COMPORT","robots":{"index":"noindex","follow":"follow"},"og_locale":"es_ES","og_type":"article","og_title":"SALVAT LOGISTICA S.A. | COMPORT","og_description":"Con m\u00e1s de 60 a\u00f1os de experiencia, Salvat Log\u00edstica ha evolucionado desde sus inicios como agencia de aduanas fundada por Jos\u00e9 Salvat Soler hasta convertirse en una de las principales empresas log\u00edsticas de capital 100% nacional. Un crecimiento impulsado por la calidad, la innovaci\u00f3n y [&hellip;]","og_url":"https:\/\/comport.es\/index.php\/transitarios\/salvat-logistica-s-a\/","og_site_name":"COMPORT","article_published_time":"2026-04-02T19:49:29+00:00","og_image":[{"width":1300,"height":722,"url":"https:\/\/comport.es\/wp-content\/uploads\/2026\/04\/SALVAT_LOGISTICS_comport.jpg","type":"image\/jpeg"}],"author":"admincomport","twitter_card":"summary_large_image","twitter_misc":{"Escrito por":"admincomport","Tiempo de lectura":"1 minuto"},"schema":{"@context":"https:\/\/schema.org","@graph":[{"@type":"Article","@id":"https:\/\/comport.es\/index.php\/transitarios\/salvat-logistica-s-a\/#article","isPartOf":{"@id":"https:\/\/comport.es\/index.php\/transitarios\/salvat-logistica-s-a\/"},"author":{"name":"admincomport","@id":"https:\/\/comport.es\/#\/schema\/person\/9277649f8e04dd48c3d73bbaf2c7bebc"},"headline":"SALVAT LOGISTICA S.A.","datePublished":"2026-04-02T19:49:29+00:00","mainEntityOfPage":{"@id":"https:\/\/comport.es\/index.php\/transitarios\/salvat-logistica-s-a\/"},"wordCount":188,"publisher":{"@id":"https:\/\/comport.es\/#organization"},"image":{"@id":"https:\/\/comport.es\/index.php\/transitarios\/salvat-logistica-s-a\/#primaryimage"},"thumbnailUrl":"https:\/\/comport.es\/wp-content\/uploads\/2026\/04\/SALVAT_LOGISTICS_comport.jpg","articleSection":["TRANSITARIOS Y REPRESENTANTES ADUANEROS"],"inLanguage":"es"},{"@type":"WebPage","@id":"https:\/\/comport.es\/index.php\/transitarios\/salvat-logistica-s-a\/","url":"https:\/\/comport.es\/index.php\/transitarios\/salvat-logistica-s-a\/","name":"SALVAT LOGISTICA S.A. | COMPORT","isPartOf":{"@id":"https:\/\/comport.es\/#website"},"primaryImageOfPage":{"@id":"https:\/\/comport.es\/index.php\/transitarios\/salvat-logistica-s-a\/#primaryimage"},"image":{"@id":"https:\/\/comport.es\/index.php\/transitarios\/salvat-logistica-s-a\/#primaryimage"},"thumbnailUrl":"https:\/\/comport.es\/wp-content\/uploads\/2026\/04\/SALVAT_LOGISTICS_comport.jpg","datePublished":"2026-04-02T19:49:29+00:00","breadcrumb":{"@id":"https:\/\/comport.es\/index.php\/transitarios\/salvat-logistica-s-a\/#breadcrumb"},"inLanguage":"es","potentialAction":[{"@type":"ReadAction","target":["https:\/\/comport.es\/index.php\/transitarios\/salvat-logistica-s-a\/"]}]},{"@type":"ImageObject","inLanguage":"es","@id":"https:\/\/comport.es\/index.php\/transitarios\/salvat-logistica-s-a\/#primaryimage","url":"https:\/\/comport.es\/wp-content\/uploads\/2026\/04\/SALVAT_LOGISTICS_comport.jpg","contentUrl":"https:\/\/comport.es\/wp-content\/uploads\/2026\/04\/SALVAT_LOGISTICS_comport.jpg","width":1300,"height":722},{"@type":"BreadcrumbList","@id":"https:\/\/comport.es\/index.php\/transitarios\/salvat-logistica-s-a\/#breadcrumb","itemListElement":[{"@type":"ListItem","position":1,"name":"Portada","item":"https:\/\/comport.es\/"},{"@type":"ListItem","position":2,"name":"SALVAT LOGISTICA S.A."}]},{"@type":"WebSite","@id":"https:\/\/comport.es\/#website","url":"https:\/\/comport.es\/","name":"COMPORT","description":"Port Community of Algeciras Bay","publisher":{"@id":"https:\/\/comport.es\/#organization"},"potentialAction":[{"@type":"SearchAction","target":{"@type":"EntryPoint","urlTemplate":"https:\/\/comport.es\/?s={search_term_string}"},"query-input":{"@type":"PropertyValueSpecification","valueRequired":true,"valueName":"search_term_string"}}],"inLanguage":"es"},{"@type":"Organization","@id":"https:\/\/comport.es\/#organization","name":"ALGECIRAS PORT COMMUNITY - COMPORT","url":"https:\/\/comport.es\/","logo":{"@type":"ImageObject","inLanguage":"es","@id":"https:\/\/comport.es\/#\/schema\/logo\/image\/","url":"https:\/\/comport.es\/wp-content\/uploads\/2020\/10\/logo_comport_20m.png","contentUrl":"https:\/\/comport.es\/wp-content\/uploads\/2020\/10\/logo_comport_20m.png","width":600,"height":170,"caption":"ALGECIRAS PORT COMMUNITY - COMPORT"},"image":{"@id":"https:\/\/comport.es\/#\/schema\/logo\/image\/"}},{"@type":"Person","@id":"https:\/\/comport.es\/#\/schema\/person\/9277649f8e04dd48c3d73bbaf2c7bebc","name":"admincomport"}]}},"_links":{"self":[{"href":"https:\/\/comport.es\/index.php\/wp-json\/wp\/v2\/posts\/8780","targetHints":{"allow":["GET"]}}],"collection":[{"href":"https:\/\/comport.es\/index.php\/wp-json\/wp\/v2\/posts"}],"about":[{"href":"https:\/\/comport.es\/index.php\/wp-json\/wp\/v2\/types\/post"}],"author":[{"embeddable":true,"href":"https:\/\/comport.es\/index.php\/wp-json\/wp\/v2\/users\/1"}],"replies":[{"embeddable":true,"href":"https:\/\/comport.es\/index.php\/wp-json\/wp\/v2\/comments?post=8780"}],"version-history":[{"count":1,"href":"https:\/\/comport.es\/index.php\/wp-json\/wp\/v2\/posts\/8780\/revisions"}],"predecessor-version":[{"id":8782,"href":"https:\/\/comport.es\/index.php\/wp-json\/wp\/v2\/posts\/8780\/revisions\/8782"}],"wp:featuredmedia":[{"embeddable":true,"href":"https:\/\/comport.es\/index.php\/wp-json\/wp\/v2\/media\/8781"}],"wp:attachment":[{"href":"https:\/\/comport.es\/index.php\/wp-json\/wp\/v2\/media?parent=8780"}],"wp:term":[{"taxonomy":"category","embeddable":true,"href":"https:\/\/comport.es\/index.php\/wp-json\/wp\/v2\/categories?post=8780"},{"taxonomy":"post_tag","embeddable":true,"href":"https:\/\/comport.es\/index.php\/wp-json\/wp\/v2\/tags?post=8780"}],"curies":[{"name":"wp","href":"https:\/\/api.w.org\/{rel}","templated":true}]}}