{"id":8751,"date":"2026-02-06T08:57:59","date_gmt":"2026-02-06T08:57:59","guid":{"rendered":"https:\/\/comport.es\/?p=8751"},"modified":"2026-02-06T08:57:59","modified_gmt":"2026-02-06T08:57:59","slug":"el-puerto-de-algeciras-presenta-en-fruit-logistica-su-proyecto-de-interoperabilidad-digital-con-centroamerica","status":"publish","type":"post","link":"https:\/\/comport.es\/index.php\/noticias\/el-puerto-de-algeciras-presenta-en-fruit-logistica-su-proyecto-de-interoperabilidad-digital-con-centroamerica\/","title":{"rendered":"El Puerto de Algeciras presenta en Fruit Log\u00edstica su proyecto de interoperabilidad digital con Centroam\u00e9rica"},"content":{"rendered":"<p style=\"text-align: justify;\"><span style=\"color: #000000;\"><strong><span style=\"font-size: 18pt;\">La iniciativa pionera permitir\u00e1 el intercambio electr\u00f3nico de certificados sanitarios y documentos aduaneros con Costa Rica<\/span><\/strong><\/span><\/p>\n<p style=\"text-align: justify;\">\n<p style=\"text-align: justify;\"><span style=\"color: #000000;\"><strong>El Puerto de Algeciras<\/strong> inicia su calendario de ferias de 2026 con su participaci\u00f3n en Fruit Log\u00edstica, el certamen de referencia mundial para el sector de productos frescos que se celebra en Berl\u00edn del 4 al 6 de febrero. La Autoridad Portuaria acude a la cita alemana junto a una nutrida delegaci\u00f3n de empresas de la comunidad portuaria que tendr\u00e1 su punto de encuentro en el stand de los puertos espa\u00f1oles. Adem\u00e1s del organismo portuario, estar\u00e1n presentes Bernardina Aduanas y Transportes, Bernardino Abad, Algetransit, Leoprolex, OperReefer, Raminatrans, Share Logistics, Transbull, Transportes Bolipesk, Tiba y UCC Logistics Spain.<\/span><\/p>\n<p style=\"text-align: justify;\"><span style=\"color: #000000;\">El Proyecto de Interoperabilidad Digital entre la Plataforma Digital de Comercio Centroamericana y el Port Community System del <strong>Puerto de Algeciras<\/strong> constituye la iniciativa principal que la d\u00e1rsena del Estrecho presenta este a\u00f1o en Fruit Log\u00edstica. Este proyecto pionero, desarrollado junto a Costa Rica, la Uni\u00f3n Europea y la Secretar\u00eda de Integraci\u00f3n Econ\u00f3mica Centroamericana, tiene como objetivo facilitar el intercambio comercial birregional de productos frescos entre Espa\u00f1a y Centroam\u00e9rica.<\/span><\/p>\n<p style=\"text-align: justify;\"><span style=\"color: #000000;\">La plataforma permitir\u00e1 el intercambio digital de certificados sanitarios y documentos aduaneros entre ambas regiones, adelantando el proceso de evaluaci\u00f3n documental de la inspecci\u00f3n de mercanc\u00edas. Esta digitalizaci\u00f3n reducir\u00e1 los tiempos de espera y aumentar\u00e1 la fiabilidad y eficiencia en el proceso de entrada de mercanc\u00eda a la Uni\u00f3n Europea a trav\u00e9s del <strong>Puerto de Algeciras<\/strong>. El proyecto se enmarca en la estrategia Global Gateway de la UE, cuyo objetivo es promover infraestructuras sostenibles, digitales y confiables en Am\u00e9rica Latina y el Caribe.<\/span><\/p>\n<p style=\"text-align: justify;\"><span style=\"color: #000000;\">Desde 2020, Costa Rica es el primer socio comercial para tr\u00e1ficos refrigerados del<strong> Puerto de Algeciras<\/strong>, principalmente para productos como pi\u00f1a, banana o yuca que anteriormente llegaban a la Pen\u00ednsula a trav\u00e9s de otras d\u00e1rsenas europeas. Antes de viajar a Berl\u00edn, una delegaci\u00f3n empresarial e institucional de Costa Rica, encabezada por responsables de la C\u00e1mara de Exportadores y la Promotora de Comercio Exterior, visit\u00f3 el Puerto de Algeciras para profundizar en los nuevos requisitos que recoge la normativa fitosanitaria comunitaria.<\/span><\/p>\n<p style=\"text-align: justify;\"><span style=\"color: #000000;\">Estos requisitos afectan especialmente a la yuca costarricense, tanto fresca como congelada, un producto cuyo consumo est\u00e1 creciendo en Europa. La parafina habitualmente utilizada para recubrir el tub\u00e9rculo ha sido sustituida para el producto exportado a Europa por otras ceras naturales que cumplen con el correspondiente reglamento comunitario.<\/span><\/p>\n<p style=\"text-align: justify;\"><span style=\"color: #000000;\">En cuanto a inversiones en infraestructura, el Puesto de Control Fronterizo del Puerto de Algeciras contin\u00faa siendo objeto de mejoras. Este a\u00f1o comenzar\u00e1n las obras de ampliaci\u00f3n por valor de 17 millones de euros, que multiplicar\u00e1n la zona destinada a inspecci\u00f3n vegetal. Estas instalaciones, que fueron objeto de la implementaci\u00f3n de un nuevo modelo de funcionamiento en octubre de 2024 por parte de la Administraci\u00f3n, han dejado atr\u00e1s los embotellamientos que caracterizaban su operativa anterior.<\/span><\/p>\n<p style=\"text-align: justify;\"><span style=\"color: #000000;\"><strong>El Puerto de Algeciras<\/strong> ofrece una amplia gama de soluciones para posicionar en el mercado por v\u00eda mar\u00edtima la producci\u00f3n agr\u00edcola, tanto de importaci\u00f3n como de exportaci\u00f3n. La d\u00e1rsena conecta de forma directa con 200 puertos sin necesidad de transbordos, lo que permite a los operadores beneficiarse de tiempos de tr\u00e1nsito competitivos para el comercio de productos frescos.<\/span><\/p>\n<p style=\"text-align: justify;\">\n<p style=\"text-align: justify;\"><span style=\"color: #000000;\"><strong>FUENTE:<\/strong> EL ESTRECHO DIGITAL<\/span><\/p>\n","protected":false},"excerpt":{"rendered":"<p>La iniciativa pionera permitir\u00e1 el intercambio electr\u00f3nico de certificados sanitarios y documentos aduaneros con Costa Rica El Puerto de Algeciras inicia su calendario de ferias de 2026 con su participaci\u00f3n en Fruit Log\u00edstica, el certamen de referencia mundial para el sector de productos frescos que [&hellip;]<\/p>\n","protected":false},"author":1,"featured_media":8752,"comment_status":"closed","ping_status":"closed","sticky":false,"template":"","format":"standard","meta":{"footnotes":""},"categories":[921],"tags":[],"class_list":["post-8751","post","type-post","status-publish","format-standard","has-post-thumbnail","hentry","category-noticias"],"yoast_head":"<!-- This site is optimized with the Yoast SEO plugin v27.4 - https:\/\/yoast.com\/product\/yoast-seo-wordpress\/ -->\n<title>El Puerto de Algeciras presenta en Fruit Log\u00edstica su proyecto de interoperabilidad digital con Centroam\u00e9rica | COMPORT<\/title>\n<meta name=\"robots\" content=\"noindex, follow\" \/>\n<meta property=\"og:locale\" content=\"es_ES\" \/>\n<meta property=\"og:type\" content=\"article\" \/>\n<meta property=\"og:title\" content=\"El Puerto de Algeciras presenta en Fruit Log\u00edstica su proyecto de interoperabilidad digital con Centroam\u00e9rica | COMPORT\" \/>\n<meta property=\"og:description\" content=\"La iniciativa pionera permitir\u00e1 el intercambio electr\u00f3nico de certificados sanitarios y documentos aduaneros con Costa Rica El Puerto de Algeciras inicia su calendario de ferias de 2026 con su participaci\u00f3n en Fruit Log\u00edstica, el certamen de referencia mundial para el sector de productos frescos que [&hellip;]\" \/>\n<meta property=\"og:url\" content=\"https:\/\/comport.es\/index.php\/noticias\/el-puerto-de-algeciras-presenta-en-fruit-logistica-su-proyecto-de-interoperabilidad-digital-con-centroamerica\/\" \/>\n<meta property=\"og:site_name\" content=\"COMPORT\" \/>\n<meta property=\"article:published_time\" content=\"2026-02-06T08:57:59+00:00\" \/>\n<meta property=\"og:image\" content=\"https:\/\/comport.es\/wp-content\/uploads\/2026\/02\/FRUIT_LOGISTICA_COMPORT.jpg\" \/>\n\t<meta property=\"og:image:width\" content=\"1300\" \/>\n\t<meta property=\"og:image:height\" content=\"722\" \/>\n\t<meta property=\"og:image:type\" content=\"image\/jpeg\" \/>\n<meta name=\"author\" content=\"admincomport\" \/>\n<meta name=\"twitter:card\" content=\"summary_large_image\" \/>\n<meta name=\"twitter:label1\" content=\"Escrito por\" \/>\n\t<meta name=\"twitter:data1\" content=\"admincomport\" \/>\n\t<meta name=\"twitter:label2\" content=\"Tiempo de lectura\" \/>\n\t<meta name=\"twitter:data2\" content=\"3 minutos\" \/>\n<script type=\"application\/ld+json\" class=\"yoast-schema-graph\">{\"@context\":\"https:\\\/\\\/schema.org\",\"@graph\":[{\"@type\":\"Article\",\"@id\":\"https:\\\/\\\/comport.es\\\/index.php\\\/noticias\\\/el-puerto-de-algeciras-presenta-en-fruit-logistica-su-proyecto-de-interoperabilidad-digital-con-centroamerica\\\/#article\",\"isPartOf\":{\"@id\":\"https:\\\/\\\/comport.es\\\/index.php\\\/noticias\\\/el-puerto-de-algeciras-presenta-en-fruit-logistica-su-proyecto-de-interoperabilidad-digital-con-centroamerica\\\/\"},\"author\":{\"name\":\"admincomport\",\"@id\":\"https:\\\/\\\/comport.es\\\/#\\\/schema\\\/person\\\/9277649f8e04dd48c3d73bbaf2c7bebc\"},\"headline\":\"El Puerto de Algeciras presenta en Fruit Log\u00edstica su proyecto de interoperabilidad digital con Centroam\u00e9rica\",\"datePublished\":\"2026-02-06T08:57:59+00:00\",\"mainEntityOfPage\":{\"@id\":\"https:\\\/\\\/comport.es\\\/index.php\\\/noticias\\\/el-puerto-de-algeciras-presenta-en-fruit-logistica-su-proyecto-de-interoperabilidad-digital-con-centroamerica\\\/\"},\"wordCount\":591,\"publisher\":{\"@id\":\"https:\\\/\\\/comport.es\\\/#organization\"},\"image\":{\"@id\":\"https:\\\/\\\/comport.es\\\/index.php\\\/noticias\\\/el-puerto-de-algeciras-presenta-en-fruit-logistica-su-proyecto-de-interoperabilidad-digital-con-centroamerica\\\/#primaryimage\"},\"thumbnailUrl\":\"https:\\\/\\\/comport.es\\\/wp-content\\\/uploads\\\/2026\\\/02\\\/FRUIT_LOGISTICA_COMPORT.jpg\",\"articleSection\":[\"Noticias\"],\"inLanguage\":\"es\"},{\"@type\":\"WebPage\",\"@id\":\"https:\\\/\\\/comport.es\\\/index.php\\\/noticias\\\/el-puerto-de-algeciras-presenta-en-fruit-logistica-su-proyecto-de-interoperabilidad-digital-con-centroamerica\\\/\",\"url\":\"https:\\\/\\\/comport.es\\\/index.php\\\/noticias\\\/el-puerto-de-algeciras-presenta-en-fruit-logistica-su-proyecto-de-interoperabilidad-digital-con-centroamerica\\\/\",\"name\":\"El Puerto de Algeciras presenta en Fruit Log\u00edstica su proyecto de interoperabilidad digital con Centroam\u00e9rica | COMPORT\",\"isPartOf\":{\"@id\":\"https:\\\/\\\/comport.es\\\/#website\"},\"primaryImageOfPage\":{\"@id\":\"https:\\\/\\\/comport.es\\\/index.php\\\/noticias\\\/el-puerto-de-algeciras-presenta-en-fruit-logistica-su-proyecto-de-interoperabilidad-digital-con-centroamerica\\\/#primaryimage\"},\"image\":{\"@id\":\"https:\\\/\\\/comport.es\\\/index.php\\\/noticias\\\/el-puerto-de-algeciras-presenta-en-fruit-logistica-su-proyecto-de-interoperabilidad-digital-con-centroamerica\\\/#primaryimage\"},\"thumbnailUrl\":\"https:\\\/\\\/comport.es\\\/wp-content\\\/uploads\\\/2026\\\/02\\\/FRUIT_LOGISTICA_COMPORT.jpg\",\"datePublished\":\"2026-02-06T08:57:59+00:00\",\"breadcrumb\":{\"@id\":\"https:\\\/\\\/comport.es\\\/index.php\\\/noticias\\\/el-puerto-de-algeciras-presenta-en-fruit-logistica-su-proyecto-de-interoperabilidad-digital-con-centroamerica\\\/#breadcrumb\"},\"inLanguage\":\"es\",\"potentialAction\":[{\"@type\":\"ReadAction\",\"target\":[\"https:\\\/\\\/comport.es\\\/index.php\\\/noticias\\\/el-puerto-de-algeciras-presenta-en-fruit-logistica-su-proyecto-de-interoperabilidad-digital-con-centroamerica\\\/\"]}]},{\"@type\":\"ImageObject\",\"inLanguage\":\"es\",\"@id\":\"https:\\\/\\\/comport.es\\\/index.php\\\/noticias\\\/el-puerto-de-algeciras-presenta-en-fruit-logistica-su-proyecto-de-interoperabilidad-digital-con-centroamerica\\\/#primaryimage\",\"url\":\"https:\\\/\\\/comport.es\\\/wp-content\\\/uploads\\\/2026\\\/02\\\/FRUIT_LOGISTICA_COMPORT.jpg\",\"contentUrl\":\"https:\\\/\\\/comport.es\\\/wp-content\\\/uploads\\\/2026\\\/02\\\/FRUIT_LOGISTICA_COMPORT.jpg\",\"width\":1300,\"height\":722},{\"@type\":\"BreadcrumbList\",\"@id\":\"https:\\\/\\\/comport.es\\\/index.php\\\/noticias\\\/el-puerto-de-algeciras-presenta-en-fruit-logistica-su-proyecto-de-interoperabilidad-digital-con-centroamerica\\\/#breadcrumb\",\"itemListElement\":[{\"@type\":\"ListItem\",\"position\":1,\"name\":\"Portada\",\"item\":\"https:\\\/\\\/comport.es\\\/\"},{\"@type\":\"ListItem\",\"position\":2,\"name\":\"El Puerto de Algeciras presenta en Fruit Log\u00edstica su proyecto de interoperabilidad digital con Centroam\u00e9rica\"}]},{\"@type\":\"WebSite\",\"@id\":\"https:\\\/\\\/comport.es\\\/#website\",\"url\":\"https:\\\/\\\/comport.es\\\/\",\"name\":\"COMPORT\",\"description\":\"Port Community of Algeciras Bay\",\"publisher\":{\"@id\":\"https:\\\/\\\/comport.es\\\/#organization\"},\"potentialAction\":[{\"@type\":\"SearchAction\",\"target\":{\"@type\":\"EntryPoint\",\"urlTemplate\":\"https:\\\/\\\/comport.es\\\/?s={search_term_string}\"},\"query-input\":{\"@type\":\"PropertyValueSpecification\",\"valueRequired\":true,\"valueName\":\"search_term_string\"}}],\"inLanguage\":\"es\"},{\"@type\":\"Organization\",\"@id\":\"https:\\\/\\\/comport.es\\\/#organization\",\"name\":\"ALGECIRAS PORT COMMUNITY - COMPORT\",\"url\":\"https:\\\/\\\/comport.es\\\/\",\"logo\":{\"@type\":\"ImageObject\",\"inLanguage\":\"es\",\"@id\":\"https:\\\/\\\/comport.es\\\/#\\\/schema\\\/logo\\\/image\\\/\",\"url\":\"https:\\\/\\\/comport.es\\\/wp-content\\\/uploads\\\/2020\\\/10\\\/logo_comport_20m.png\",\"contentUrl\":\"https:\\\/\\\/comport.es\\\/wp-content\\\/uploads\\\/2020\\\/10\\\/logo_comport_20m.png\",\"width\":600,\"height\":170,\"caption\":\"ALGECIRAS PORT COMMUNITY - COMPORT\"},\"image\":{\"@id\":\"https:\\\/\\\/comport.es\\\/#\\\/schema\\\/logo\\\/image\\\/\"}},{\"@type\":\"Person\",\"@id\":\"https:\\\/\\\/comport.es\\\/#\\\/schema\\\/person\\\/9277649f8e04dd48c3d73bbaf2c7bebc\",\"name\":\"admincomport\"}]}<\/script>\n<!-- \/ Yoast SEO plugin. -->","yoast_head_json":{"title":"El Puerto de Algeciras presenta en Fruit Log\u00edstica su proyecto de interoperabilidad digital con Centroam\u00e9rica | COMPORT","robots":{"index":"noindex","follow":"follow"},"og_locale":"es_ES","og_type":"article","og_title":"El Puerto de Algeciras presenta en Fruit Log\u00edstica su proyecto de interoperabilidad digital con Centroam\u00e9rica | COMPORT","og_description":"La iniciativa pionera permitir\u00e1 el intercambio electr\u00f3nico de certificados sanitarios y documentos aduaneros con Costa Rica El Puerto de Algeciras inicia su calendario de ferias de 2026 con su participaci\u00f3n en Fruit Log\u00edstica, el certamen de referencia mundial para el sector de productos frescos que [&hellip;]","og_url":"https:\/\/comport.es\/index.php\/noticias\/el-puerto-de-algeciras-presenta-en-fruit-logistica-su-proyecto-de-interoperabilidad-digital-con-centroamerica\/","og_site_name":"COMPORT","article_published_time":"2026-02-06T08:57:59+00:00","og_image":[{"width":1300,"height":722,"url":"https:\/\/comport.es\/wp-content\/uploads\/2026\/02\/FRUIT_LOGISTICA_COMPORT.jpg","type":"image\/jpeg"}],"author":"admincomport","twitter_card":"summary_large_image","twitter_misc":{"Escrito por":"admincomport","Tiempo de lectura":"3 minutos"},"schema":{"@context":"https:\/\/schema.org","@graph":[{"@type":"Article","@id":"https:\/\/comport.es\/index.php\/noticias\/el-puerto-de-algeciras-presenta-en-fruit-logistica-su-proyecto-de-interoperabilidad-digital-con-centroamerica\/#article","isPartOf":{"@id":"https:\/\/comport.es\/index.php\/noticias\/el-puerto-de-algeciras-presenta-en-fruit-logistica-su-proyecto-de-interoperabilidad-digital-con-centroamerica\/"},"author":{"name":"admincomport","@id":"https:\/\/comport.es\/#\/schema\/person\/9277649f8e04dd48c3d73bbaf2c7bebc"},"headline":"El Puerto de Algeciras presenta en Fruit Log\u00edstica su proyecto de interoperabilidad digital con Centroam\u00e9rica","datePublished":"2026-02-06T08:57:59+00:00","mainEntityOfPage":{"@id":"https:\/\/comport.es\/index.php\/noticias\/el-puerto-de-algeciras-presenta-en-fruit-logistica-su-proyecto-de-interoperabilidad-digital-con-centroamerica\/"},"wordCount":591,"publisher":{"@id":"https:\/\/comport.es\/#organization"},"image":{"@id":"https:\/\/comport.es\/index.php\/noticias\/el-puerto-de-algeciras-presenta-en-fruit-logistica-su-proyecto-de-interoperabilidad-digital-con-centroamerica\/#primaryimage"},"thumbnailUrl":"https:\/\/comport.es\/wp-content\/uploads\/2026\/02\/FRUIT_LOGISTICA_COMPORT.jpg","articleSection":["Noticias"],"inLanguage":"es"},{"@type":"WebPage","@id":"https:\/\/comport.es\/index.php\/noticias\/el-puerto-de-algeciras-presenta-en-fruit-logistica-su-proyecto-de-interoperabilidad-digital-con-centroamerica\/","url":"https:\/\/comport.es\/index.php\/noticias\/el-puerto-de-algeciras-presenta-en-fruit-logistica-su-proyecto-de-interoperabilidad-digital-con-centroamerica\/","name":"El Puerto de Algeciras presenta en Fruit Log\u00edstica su proyecto de interoperabilidad digital con Centroam\u00e9rica | COMPORT","isPartOf":{"@id":"https:\/\/comport.es\/#website"},"primaryImageOfPage":{"@id":"https:\/\/comport.es\/index.php\/noticias\/el-puerto-de-algeciras-presenta-en-fruit-logistica-su-proyecto-de-interoperabilidad-digital-con-centroamerica\/#primaryimage"},"image":{"@id":"https:\/\/comport.es\/index.php\/noticias\/el-puerto-de-algeciras-presenta-en-fruit-logistica-su-proyecto-de-interoperabilidad-digital-con-centroamerica\/#primaryimage"},"thumbnailUrl":"https:\/\/comport.es\/wp-content\/uploads\/2026\/02\/FRUIT_LOGISTICA_COMPORT.jpg","datePublished":"2026-02-06T08:57:59+00:00","breadcrumb":{"@id":"https:\/\/comport.es\/index.php\/noticias\/el-puerto-de-algeciras-presenta-en-fruit-logistica-su-proyecto-de-interoperabilidad-digital-con-centroamerica\/#breadcrumb"},"inLanguage":"es","potentialAction":[{"@type":"ReadAction","target":["https:\/\/comport.es\/index.php\/noticias\/el-puerto-de-algeciras-presenta-en-fruit-logistica-su-proyecto-de-interoperabilidad-digital-con-centroamerica\/"]}]},{"@type":"ImageObject","inLanguage":"es","@id":"https:\/\/comport.es\/index.php\/noticias\/el-puerto-de-algeciras-presenta-en-fruit-logistica-su-proyecto-de-interoperabilidad-digital-con-centroamerica\/#primaryimage","url":"https:\/\/comport.es\/wp-content\/uploads\/2026\/02\/FRUIT_LOGISTICA_COMPORT.jpg","contentUrl":"https:\/\/comport.es\/wp-content\/uploads\/2026\/02\/FRUIT_LOGISTICA_COMPORT.jpg","width":1300,"height":722},{"@type":"BreadcrumbList","@id":"https:\/\/comport.es\/index.php\/noticias\/el-puerto-de-algeciras-presenta-en-fruit-logistica-su-proyecto-de-interoperabilidad-digital-con-centroamerica\/#breadcrumb","itemListElement":[{"@type":"ListItem","position":1,"name":"Portada","item":"https:\/\/comport.es\/"},{"@type":"ListItem","position":2,"name":"El Puerto de Algeciras presenta en Fruit Log\u00edstica su proyecto de interoperabilidad digital con Centroam\u00e9rica"}]},{"@type":"WebSite","@id":"https:\/\/comport.es\/#website","url":"https:\/\/comport.es\/","name":"COMPORT","description":"Port Community of Algeciras Bay","publisher":{"@id":"https:\/\/comport.es\/#organization"},"potentialAction":[{"@type":"SearchAction","target":{"@type":"EntryPoint","urlTemplate":"https:\/\/comport.es\/?s={search_term_string}"},"query-input":{"@type":"PropertyValueSpecification","valueRequired":true,"valueName":"search_term_string"}}],"inLanguage":"es"},{"@type":"Organization","@id":"https:\/\/comport.es\/#organization","name":"ALGECIRAS PORT COMMUNITY - COMPORT","url":"https:\/\/comport.es\/","logo":{"@type":"ImageObject","inLanguage":"es","@id":"https:\/\/comport.es\/#\/schema\/logo\/image\/","url":"https:\/\/comport.es\/wp-content\/uploads\/2020\/10\/logo_comport_20m.png","contentUrl":"https:\/\/comport.es\/wp-content\/uploads\/2020\/10\/logo_comport_20m.png","width":600,"height":170,"caption":"ALGECIRAS PORT COMMUNITY - COMPORT"},"image":{"@id":"https:\/\/comport.es\/#\/schema\/logo\/image\/"}},{"@type":"Person","@id":"https:\/\/comport.es\/#\/schema\/person\/9277649f8e04dd48c3d73bbaf2c7bebc","name":"admincomport"}]}},"_links":{"self":[{"href":"https:\/\/comport.es\/index.php\/wp-json\/wp\/v2\/posts\/8751","targetHints":{"allow":["GET"]}}],"collection":[{"href":"https:\/\/comport.es\/index.php\/wp-json\/wp\/v2\/posts"}],"about":[{"href":"https:\/\/comport.es\/index.php\/wp-json\/wp\/v2\/types\/post"}],"author":[{"embeddable":true,"href":"https:\/\/comport.es\/index.php\/wp-json\/wp\/v2\/users\/1"}],"replies":[{"embeddable":true,"href":"https:\/\/comport.es\/index.php\/wp-json\/wp\/v2\/comments?post=8751"}],"version-history":[{"count":1,"href":"https:\/\/comport.es\/index.php\/wp-json\/wp\/v2\/posts\/8751\/revisions"}],"predecessor-version":[{"id":8753,"href":"https:\/\/comport.es\/index.php\/wp-json\/wp\/v2\/posts\/8751\/revisions\/8753"}],"wp:featuredmedia":[{"embeddable":true,"href":"https:\/\/comport.es\/index.php\/wp-json\/wp\/v2\/media\/8752"}],"wp:attachment":[{"href":"https:\/\/comport.es\/index.php\/wp-json\/wp\/v2\/media?parent=8751"}],"wp:term":[{"taxonomy":"category","embeddable":true,"href":"https:\/\/comport.es\/index.php\/wp-json\/wp\/v2\/categories?post=8751"},{"taxonomy":"post_tag","embeddable":true,"href":"https:\/\/comport.es\/index.php\/wp-json\/wp\/v2\/tags?post=8751"}],"curies":[{"name":"wp","href":"https:\/\/api.w.org\/{rel}","templated":true}]}}