{"id":8744,"date":"2025-12-18T18:12:54","date_gmt":"2025-12-18T18:12:54","guid":{"rendered":"https:\/\/comport.es\/?p=8744"},"modified":"2026-01-26T19:08:54","modified_gmt":"2026-01-26T19:08:54","slug":"comport-distingue-a-juan-flores-roman-por-su-trayectoria-de-mas-de-40-anos-en-el-sector-de-servicios-al-buque-en-algeciras","status":"publish","type":"post","link":"https:\/\/comport.es\/index.php\/noticias\/comport-distingue-a-juan-flores-roman-por-su-trayectoria-de-mas-de-40-anos-en-el-sector-de-servicios-al-buque-en-algeciras\/","title":{"rendered":"COMPORT distingue a Juan Flores Rom\u00e1n por su trayectoria de m\u00e1s de 40 a\u00f1os en el sector de servicios al buque en Algeciras"},"content":{"rendered":"<p style=\"text-align: justify;\"><span style=\"font-size: 18pt;\"><strong><span style=\"color: #000000;\">La Comunidad Portuaria present\u00f3 en su reuni\u00f3n anual el programa comercial conjunto con la Autoridad Portuaria para 2026 y los avances del Puerto Seco de Antequera<\/span><\/strong><\/span><\/p>\n<p style=\"text-align: justify;\"><span style=\"color: #000000;\">La Asociaci\u00f3n Comunidad Portuaria de la Bah\u00eda de Algeciras (<strong>COMPORT<\/strong>) ha entregado su galard\u00f3n anual a Juan Flores Rom\u00e1n en reconocimiento a su trayectoria profesional de m\u00e1s de cuatro d\u00e9cadas en <strong>el Puerto Bah\u00eda de Algeciras<\/strong>. La distinci\u00f3n, otorgada por votaci\u00f3n entre los socios de la asociaci\u00f3n, se formaliz\u00f3 durante la reuni\u00f3n anual celebrada en las instalaciones de la C\u00e1mara de Comercio del Campo de Gibraltar.<\/span><\/p>\n<p style=\"text-align: justify;\"><span style=\"color: #000000;\">El homenajeado inici\u00f3 su carrera en <strong>el Puerto de Algeciras<\/strong> como radiotelefonista con los pr\u00e1cticos, posici\u00f3n a la que accedi\u00f3 por su dominio del ingl\u00e9s. Posteriormente desarroll\u00f3 su actividad en el \u00e1mbito de la consignaci\u00f3n de buques, primero en Hermo Ib\u00e9rica y despu\u00e9s en Barwil, donde ejerci\u00f3 la direcci\u00f3n de la agencia durante cerca de veinte a\u00f1os. En 2005 fund\u00f3 ASG Shipping (Algeciras Strait of Gibraltar Shipping), empresa de consignaci\u00f3n y servicios mar\u00edtimos que ha consolidado durante las dos \u00faltimas d\u00e9cadas y donde ha concluido su recorrido profesional.<\/span><\/p>\n<p style=\"text-align: justify;\"><span style=\"color: #000000;\">El presidente de <strong>COMPORT<\/strong>, Jos\u00e9 Manuel Tejedor, reconoci\u00f3 el compromiso del galardonado con la asociaci\u00f3n desde sus inicios, donde ha ejercido como miembro activo de la junta directiva. Manuel Piedra, tambi\u00e9n integrante de la junta directiva, subray\u00f3 su labor en la defensa de los intereses del sector mar\u00edtimo portuario y su participaci\u00f3n en acciones comerciales de promoci\u00f3n del<strong> Puerto de Algeciras<\/strong> durante m\u00e1s de 25 a\u00f1os.<\/span><\/p>\n<p style=\"text-align: justify;\"><span style=\"color: #000000;\">Por su parte, el presidente de la Autoridad Portuaria de la Bah\u00eda de Algeciras, Gerardo Landaluce, traslad\u00f3 su felicitaci\u00f3n a Flores Rom\u00e1n y reconoci\u00f3 su contribuci\u00f3n a la proyecci\u00f3n del puerto y del sector de servicios al buque.<\/span><\/p>\n<p style=\"text-align: justify;\"><span style=\"color: #000000;\">Durante la reuni\u00f3n, Tejedor y el vicepresidente de log\u00edstica, Manuel C\u00f3zar, presentaron un balance de las acciones comerciales desarrolladas por COMPORT en 2025. Nicol\u00e1s Mart\u00ednez, jefe de \u00e1rea de Desarrollo de Negocio y Marketing de la APBA, y Javier L\u00f3pez, jefe del departamento comercial del organismo portuario, expusieron el programa comercial acordado entre ambas entidades para 2026, orientado a la consolidaci\u00f3n de mercados existentes y la identificaci\u00f3n de nuevas oportunidades de negocio.<\/span><\/p>\n<p style=\"text-align: justify;\"><span style=\"color: #000000;\">Las empresas de la Comunidad Portuaria asistieron adem\u00e1s a una presentaci\u00f3n sobre el Puerto Seco de Antequera a cargo de Maite Palomino, directora de Desarrollo de IDEC Group Spain, que abord\u00f3 los avances del proyecto y las oportunidades del nodo log\u00edstico para operaciones de almacenamiento y distribuci\u00f3n de mercanc\u00edas.<\/span><\/p>\n<p style=\"text-align: justify;\"><span style=\"color: #000000;\">El acto concluy\u00f3 con el c\u00f3ctel de Navidad de la Comunidad Portuaria, patrocinado por Unicaja Banco.<\/span><\/p>\n<p style=\"text-align: justify;\"><span style=\"color: #000000;\"><strong>FUENTE:<\/strong> EL ESTRECHO DIGITAL<\/span><\/p>\n","protected":false},"excerpt":{"rendered":"<p>La Comunidad Portuaria present\u00f3 en su reuni\u00f3n anual el programa comercial conjunto con la Autoridad Portuaria para 2026 y los avances del Puerto Seco de Antequera La Asociaci\u00f3n Comunidad Portuaria de la Bah\u00eda de Algeciras (COMPORT) ha entregado su galard\u00f3n anual a Juan Flores Rom\u00e1n [&hellip;]<\/p>\n","protected":false},"author":1,"featured_media":8745,"comment_status":"closed","ping_status":"closed","sticky":false,"template":"","format":"standard","meta":{"footnotes":""},"categories":[921],"tags":[],"class_list":["post-8744","post","type-post","status-publish","format-standard","has-post-thumbnail","hentry","category-noticias"],"yoast_head":"<!-- This site is optimized with the Yoast SEO plugin v27.4 - https:\/\/yoast.com\/product\/yoast-seo-wordpress\/ -->\n<title>COMPORT distingue a Juan Flores Rom\u00e1n por su trayectoria de m\u00e1s de 40 a\u00f1os en el sector de servicios al buque en Algeciras | COMPORT<\/title>\n<meta name=\"robots\" content=\"noindex, follow\" \/>\n<meta property=\"og:locale\" content=\"es_ES\" \/>\n<meta property=\"og:type\" content=\"article\" \/>\n<meta property=\"og:title\" content=\"COMPORT distingue a Juan Flores Rom\u00e1n por su trayectoria de m\u00e1s de 40 a\u00f1os en el sector de servicios al buque en Algeciras | COMPORT\" \/>\n<meta property=\"og:description\" content=\"La Comunidad Portuaria present\u00f3 en su reuni\u00f3n anual el programa comercial conjunto con la Autoridad Portuaria para 2026 y los avances del Puerto Seco de Antequera La Asociaci\u00f3n Comunidad Portuaria de la Bah\u00eda de Algeciras (COMPORT) ha entregado su galard\u00f3n anual a Juan Flores Rom\u00e1n [&hellip;]\" \/>\n<meta property=\"og:url\" content=\"https:\/\/comport.es\/index.php\/noticias\/comport-distingue-a-juan-flores-roman-por-su-trayectoria-de-mas-de-40-anos-en-el-sector-de-servicios-al-buque-en-algeciras\/\" \/>\n<meta property=\"og:site_name\" content=\"COMPORT\" \/>\n<meta property=\"article:published_time\" content=\"2025-12-18T18:12:54+00:00\" \/>\n<meta property=\"article:modified_time\" content=\"2026-01-26T19:08:54+00:00\" \/>\n<meta property=\"og:image\" content=\"https:\/\/comport.es\/wp-content\/uploads\/2026\/01\/JUAN_FLORES_COMPORT.jpg\" \/>\n\t<meta property=\"og:image:width\" content=\"1300\" \/>\n\t<meta property=\"og:image:height\" content=\"722\" \/>\n\t<meta property=\"og:image:type\" content=\"image\/jpeg\" \/>\n<meta name=\"author\" content=\"admincomport\" \/>\n<meta name=\"twitter:card\" content=\"summary_large_image\" \/>\n<meta name=\"twitter:label1\" content=\"Escrito por\" \/>\n\t<meta name=\"twitter:data1\" content=\"admincomport\" \/>\n\t<meta name=\"twitter:label2\" content=\"Tiempo de lectura\" \/>\n\t<meta name=\"twitter:data2\" content=\"3 minutos\" \/>\n<script type=\"application\/ld+json\" class=\"yoast-schema-graph\">{\"@context\":\"https:\\\/\\\/schema.org\",\"@graph\":[{\"@type\":\"Article\",\"@id\":\"https:\\\/\\\/comport.es\\\/index.php\\\/noticias\\\/comport-distingue-a-juan-flores-roman-por-su-trayectoria-de-mas-de-40-anos-en-el-sector-de-servicios-al-buque-en-algeciras\\\/#article\",\"isPartOf\":{\"@id\":\"https:\\\/\\\/comport.es\\\/index.php\\\/noticias\\\/comport-distingue-a-juan-flores-roman-por-su-trayectoria-de-mas-de-40-anos-en-el-sector-de-servicios-al-buque-en-algeciras\\\/\"},\"author\":{\"name\":\"admincomport\",\"@id\":\"https:\\\/\\\/comport.es\\\/#\\\/schema\\\/person\\\/9277649f8e04dd48c3d73bbaf2c7bebc\"},\"headline\":\"COMPORT distingue a Juan Flores Rom\u00e1n por su trayectoria de m\u00e1s de 40 a\u00f1os en el sector de servicios al buque en Algeciras\",\"datePublished\":\"2025-12-18T18:12:54+00:00\",\"dateModified\":\"2026-01-26T19:08:54+00:00\",\"mainEntityOfPage\":{\"@id\":\"https:\\\/\\\/comport.es\\\/index.php\\\/noticias\\\/comport-distingue-a-juan-flores-roman-por-su-trayectoria-de-mas-de-40-anos-en-el-sector-de-servicios-al-buque-en-algeciras\\\/\"},\"wordCount\":495,\"publisher\":{\"@id\":\"https:\\\/\\\/comport.es\\\/#organization\"},\"image\":{\"@id\":\"https:\\\/\\\/comport.es\\\/index.php\\\/noticias\\\/comport-distingue-a-juan-flores-roman-por-su-trayectoria-de-mas-de-40-anos-en-el-sector-de-servicios-al-buque-en-algeciras\\\/#primaryimage\"},\"thumbnailUrl\":\"https:\\\/\\\/comport.es\\\/wp-content\\\/uploads\\\/2026\\\/01\\\/JUAN_FLORES_COMPORT.jpg\",\"articleSection\":[\"Noticias\"],\"inLanguage\":\"es\"},{\"@type\":\"WebPage\",\"@id\":\"https:\\\/\\\/comport.es\\\/index.php\\\/noticias\\\/comport-distingue-a-juan-flores-roman-por-su-trayectoria-de-mas-de-40-anos-en-el-sector-de-servicios-al-buque-en-algeciras\\\/\",\"url\":\"https:\\\/\\\/comport.es\\\/index.php\\\/noticias\\\/comport-distingue-a-juan-flores-roman-por-su-trayectoria-de-mas-de-40-anos-en-el-sector-de-servicios-al-buque-en-algeciras\\\/\",\"name\":\"COMPORT distingue a Juan Flores Rom\u00e1n por su trayectoria de m\u00e1s de 40 a\u00f1os en el sector de servicios al buque en Algeciras | COMPORT\",\"isPartOf\":{\"@id\":\"https:\\\/\\\/comport.es\\\/#website\"},\"primaryImageOfPage\":{\"@id\":\"https:\\\/\\\/comport.es\\\/index.php\\\/noticias\\\/comport-distingue-a-juan-flores-roman-por-su-trayectoria-de-mas-de-40-anos-en-el-sector-de-servicios-al-buque-en-algeciras\\\/#primaryimage\"},\"image\":{\"@id\":\"https:\\\/\\\/comport.es\\\/index.php\\\/noticias\\\/comport-distingue-a-juan-flores-roman-por-su-trayectoria-de-mas-de-40-anos-en-el-sector-de-servicios-al-buque-en-algeciras\\\/#primaryimage\"},\"thumbnailUrl\":\"https:\\\/\\\/comport.es\\\/wp-content\\\/uploads\\\/2026\\\/01\\\/JUAN_FLORES_COMPORT.jpg\",\"datePublished\":\"2025-12-18T18:12:54+00:00\",\"dateModified\":\"2026-01-26T19:08:54+00:00\",\"breadcrumb\":{\"@id\":\"https:\\\/\\\/comport.es\\\/index.php\\\/noticias\\\/comport-distingue-a-juan-flores-roman-por-su-trayectoria-de-mas-de-40-anos-en-el-sector-de-servicios-al-buque-en-algeciras\\\/#breadcrumb\"},\"inLanguage\":\"es\",\"potentialAction\":[{\"@type\":\"ReadAction\",\"target\":[\"https:\\\/\\\/comport.es\\\/index.php\\\/noticias\\\/comport-distingue-a-juan-flores-roman-por-su-trayectoria-de-mas-de-40-anos-en-el-sector-de-servicios-al-buque-en-algeciras\\\/\"]}]},{\"@type\":\"ImageObject\",\"inLanguage\":\"es\",\"@id\":\"https:\\\/\\\/comport.es\\\/index.php\\\/noticias\\\/comport-distingue-a-juan-flores-roman-por-su-trayectoria-de-mas-de-40-anos-en-el-sector-de-servicios-al-buque-en-algeciras\\\/#primaryimage\",\"url\":\"https:\\\/\\\/comport.es\\\/wp-content\\\/uploads\\\/2026\\\/01\\\/JUAN_FLORES_COMPORT.jpg\",\"contentUrl\":\"https:\\\/\\\/comport.es\\\/wp-content\\\/uploads\\\/2026\\\/01\\\/JUAN_FLORES_COMPORT.jpg\",\"width\":1300,\"height\":722},{\"@type\":\"BreadcrumbList\",\"@id\":\"https:\\\/\\\/comport.es\\\/index.php\\\/noticias\\\/comport-distingue-a-juan-flores-roman-por-su-trayectoria-de-mas-de-40-anos-en-el-sector-de-servicios-al-buque-en-algeciras\\\/#breadcrumb\",\"itemListElement\":[{\"@type\":\"ListItem\",\"position\":1,\"name\":\"Portada\",\"item\":\"https:\\\/\\\/comport.es\\\/\"},{\"@type\":\"ListItem\",\"position\":2,\"name\":\"COMPORT distingue a Juan Flores Rom\u00e1n por su trayectoria de m\u00e1s de 40 a\u00f1os en el sector de servicios al buque en Algeciras\"}]},{\"@type\":\"WebSite\",\"@id\":\"https:\\\/\\\/comport.es\\\/#website\",\"url\":\"https:\\\/\\\/comport.es\\\/\",\"name\":\"COMPORT\",\"description\":\"Port Community of Algeciras Bay\",\"publisher\":{\"@id\":\"https:\\\/\\\/comport.es\\\/#organization\"},\"potentialAction\":[{\"@type\":\"SearchAction\",\"target\":{\"@type\":\"EntryPoint\",\"urlTemplate\":\"https:\\\/\\\/comport.es\\\/?s={search_term_string}\"},\"query-input\":{\"@type\":\"PropertyValueSpecification\",\"valueRequired\":true,\"valueName\":\"search_term_string\"}}],\"inLanguage\":\"es\"},{\"@type\":\"Organization\",\"@id\":\"https:\\\/\\\/comport.es\\\/#organization\",\"name\":\"ALGECIRAS PORT COMMUNITY - COMPORT\",\"url\":\"https:\\\/\\\/comport.es\\\/\",\"logo\":{\"@type\":\"ImageObject\",\"inLanguage\":\"es\",\"@id\":\"https:\\\/\\\/comport.es\\\/#\\\/schema\\\/logo\\\/image\\\/\",\"url\":\"https:\\\/\\\/comport.es\\\/wp-content\\\/uploads\\\/2020\\\/10\\\/logo_comport_20m.png\",\"contentUrl\":\"https:\\\/\\\/comport.es\\\/wp-content\\\/uploads\\\/2020\\\/10\\\/logo_comport_20m.png\",\"width\":600,\"height\":170,\"caption\":\"ALGECIRAS PORT COMMUNITY - COMPORT\"},\"image\":{\"@id\":\"https:\\\/\\\/comport.es\\\/#\\\/schema\\\/logo\\\/image\\\/\"}},{\"@type\":\"Person\",\"@id\":\"https:\\\/\\\/comport.es\\\/#\\\/schema\\\/person\\\/9277649f8e04dd48c3d73bbaf2c7bebc\",\"name\":\"admincomport\"}]}<\/script>\n<!-- \/ Yoast SEO plugin. -->","yoast_head_json":{"title":"COMPORT distingue a Juan Flores Rom\u00e1n por su trayectoria de m\u00e1s de 40 a\u00f1os en el sector de servicios al buque en Algeciras | COMPORT","robots":{"index":"noindex","follow":"follow"},"og_locale":"es_ES","og_type":"article","og_title":"COMPORT distingue a Juan Flores Rom\u00e1n por su trayectoria de m\u00e1s de 40 a\u00f1os en el sector de servicios al buque en Algeciras | COMPORT","og_description":"La Comunidad Portuaria present\u00f3 en su reuni\u00f3n anual el programa comercial conjunto con la Autoridad Portuaria para 2026 y los avances del Puerto Seco de Antequera La Asociaci\u00f3n Comunidad Portuaria de la Bah\u00eda de Algeciras (COMPORT) ha entregado su galard\u00f3n anual a Juan Flores Rom\u00e1n [&hellip;]","og_url":"https:\/\/comport.es\/index.php\/noticias\/comport-distingue-a-juan-flores-roman-por-su-trayectoria-de-mas-de-40-anos-en-el-sector-de-servicios-al-buque-en-algeciras\/","og_site_name":"COMPORT","article_published_time":"2025-12-18T18:12:54+00:00","article_modified_time":"2026-01-26T19:08:54+00:00","og_image":[{"width":1300,"height":722,"url":"https:\/\/comport.es\/wp-content\/uploads\/2026\/01\/JUAN_FLORES_COMPORT.jpg","type":"image\/jpeg"}],"author":"admincomport","twitter_card":"summary_large_image","twitter_misc":{"Escrito por":"admincomport","Tiempo de lectura":"3 minutos"},"schema":{"@context":"https:\/\/schema.org","@graph":[{"@type":"Article","@id":"https:\/\/comport.es\/index.php\/noticias\/comport-distingue-a-juan-flores-roman-por-su-trayectoria-de-mas-de-40-anos-en-el-sector-de-servicios-al-buque-en-algeciras\/#article","isPartOf":{"@id":"https:\/\/comport.es\/index.php\/noticias\/comport-distingue-a-juan-flores-roman-por-su-trayectoria-de-mas-de-40-anos-en-el-sector-de-servicios-al-buque-en-algeciras\/"},"author":{"name":"admincomport","@id":"https:\/\/comport.es\/#\/schema\/person\/9277649f8e04dd48c3d73bbaf2c7bebc"},"headline":"COMPORT distingue a Juan Flores Rom\u00e1n por su trayectoria de m\u00e1s de 40 a\u00f1os en el sector de servicios al buque en Algeciras","datePublished":"2025-12-18T18:12:54+00:00","dateModified":"2026-01-26T19:08:54+00:00","mainEntityOfPage":{"@id":"https:\/\/comport.es\/index.php\/noticias\/comport-distingue-a-juan-flores-roman-por-su-trayectoria-de-mas-de-40-anos-en-el-sector-de-servicios-al-buque-en-algeciras\/"},"wordCount":495,"publisher":{"@id":"https:\/\/comport.es\/#organization"},"image":{"@id":"https:\/\/comport.es\/index.php\/noticias\/comport-distingue-a-juan-flores-roman-por-su-trayectoria-de-mas-de-40-anos-en-el-sector-de-servicios-al-buque-en-algeciras\/#primaryimage"},"thumbnailUrl":"https:\/\/comport.es\/wp-content\/uploads\/2026\/01\/JUAN_FLORES_COMPORT.jpg","articleSection":["Noticias"],"inLanguage":"es"},{"@type":"WebPage","@id":"https:\/\/comport.es\/index.php\/noticias\/comport-distingue-a-juan-flores-roman-por-su-trayectoria-de-mas-de-40-anos-en-el-sector-de-servicios-al-buque-en-algeciras\/","url":"https:\/\/comport.es\/index.php\/noticias\/comport-distingue-a-juan-flores-roman-por-su-trayectoria-de-mas-de-40-anos-en-el-sector-de-servicios-al-buque-en-algeciras\/","name":"COMPORT distingue a Juan Flores Rom\u00e1n por su trayectoria de m\u00e1s de 40 a\u00f1os en el sector de servicios al buque en Algeciras | COMPORT","isPartOf":{"@id":"https:\/\/comport.es\/#website"},"primaryImageOfPage":{"@id":"https:\/\/comport.es\/index.php\/noticias\/comport-distingue-a-juan-flores-roman-por-su-trayectoria-de-mas-de-40-anos-en-el-sector-de-servicios-al-buque-en-algeciras\/#primaryimage"},"image":{"@id":"https:\/\/comport.es\/index.php\/noticias\/comport-distingue-a-juan-flores-roman-por-su-trayectoria-de-mas-de-40-anos-en-el-sector-de-servicios-al-buque-en-algeciras\/#primaryimage"},"thumbnailUrl":"https:\/\/comport.es\/wp-content\/uploads\/2026\/01\/JUAN_FLORES_COMPORT.jpg","datePublished":"2025-12-18T18:12:54+00:00","dateModified":"2026-01-26T19:08:54+00:00","breadcrumb":{"@id":"https:\/\/comport.es\/index.php\/noticias\/comport-distingue-a-juan-flores-roman-por-su-trayectoria-de-mas-de-40-anos-en-el-sector-de-servicios-al-buque-en-algeciras\/#breadcrumb"},"inLanguage":"es","potentialAction":[{"@type":"ReadAction","target":["https:\/\/comport.es\/index.php\/noticias\/comport-distingue-a-juan-flores-roman-por-su-trayectoria-de-mas-de-40-anos-en-el-sector-de-servicios-al-buque-en-algeciras\/"]}]},{"@type":"ImageObject","inLanguage":"es","@id":"https:\/\/comport.es\/index.php\/noticias\/comport-distingue-a-juan-flores-roman-por-su-trayectoria-de-mas-de-40-anos-en-el-sector-de-servicios-al-buque-en-algeciras\/#primaryimage","url":"https:\/\/comport.es\/wp-content\/uploads\/2026\/01\/JUAN_FLORES_COMPORT.jpg","contentUrl":"https:\/\/comport.es\/wp-content\/uploads\/2026\/01\/JUAN_FLORES_COMPORT.jpg","width":1300,"height":722},{"@type":"BreadcrumbList","@id":"https:\/\/comport.es\/index.php\/noticias\/comport-distingue-a-juan-flores-roman-por-su-trayectoria-de-mas-de-40-anos-en-el-sector-de-servicios-al-buque-en-algeciras\/#breadcrumb","itemListElement":[{"@type":"ListItem","position":1,"name":"Portada","item":"https:\/\/comport.es\/"},{"@type":"ListItem","position":2,"name":"COMPORT distingue a Juan Flores Rom\u00e1n por su trayectoria de m\u00e1s de 40 a\u00f1os en el sector de servicios al buque en Algeciras"}]},{"@type":"WebSite","@id":"https:\/\/comport.es\/#website","url":"https:\/\/comport.es\/","name":"COMPORT","description":"Port Community of Algeciras Bay","publisher":{"@id":"https:\/\/comport.es\/#organization"},"potentialAction":[{"@type":"SearchAction","target":{"@type":"EntryPoint","urlTemplate":"https:\/\/comport.es\/?s={search_term_string}"},"query-input":{"@type":"PropertyValueSpecification","valueRequired":true,"valueName":"search_term_string"}}],"inLanguage":"es"},{"@type":"Organization","@id":"https:\/\/comport.es\/#organization","name":"ALGECIRAS PORT COMMUNITY - COMPORT","url":"https:\/\/comport.es\/","logo":{"@type":"ImageObject","inLanguage":"es","@id":"https:\/\/comport.es\/#\/schema\/logo\/image\/","url":"https:\/\/comport.es\/wp-content\/uploads\/2020\/10\/logo_comport_20m.png","contentUrl":"https:\/\/comport.es\/wp-content\/uploads\/2020\/10\/logo_comport_20m.png","width":600,"height":170,"caption":"ALGECIRAS PORT COMMUNITY - COMPORT"},"image":{"@id":"https:\/\/comport.es\/#\/schema\/logo\/image\/"}},{"@type":"Person","@id":"https:\/\/comport.es\/#\/schema\/person\/9277649f8e04dd48c3d73bbaf2c7bebc","name":"admincomport"}]}},"_links":{"self":[{"href":"https:\/\/comport.es\/index.php\/wp-json\/wp\/v2\/posts\/8744","targetHints":{"allow":["GET"]}}],"collection":[{"href":"https:\/\/comport.es\/index.php\/wp-json\/wp\/v2\/posts"}],"about":[{"href":"https:\/\/comport.es\/index.php\/wp-json\/wp\/v2\/types\/post"}],"author":[{"embeddable":true,"href":"https:\/\/comport.es\/index.php\/wp-json\/wp\/v2\/users\/1"}],"replies":[{"embeddable":true,"href":"https:\/\/comport.es\/index.php\/wp-json\/wp\/v2\/comments?post=8744"}],"version-history":[{"count":1,"href":"https:\/\/comport.es\/index.php\/wp-json\/wp\/v2\/posts\/8744\/revisions"}],"predecessor-version":[{"id":8746,"href":"https:\/\/comport.es\/index.php\/wp-json\/wp\/v2\/posts\/8744\/revisions\/8746"}],"wp:featuredmedia":[{"embeddable":true,"href":"https:\/\/comport.es\/index.php\/wp-json\/wp\/v2\/media\/8745"}],"wp:attachment":[{"href":"https:\/\/comport.es\/index.php\/wp-json\/wp\/v2\/media?parent=8744"}],"wp:term":[{"taxonomy":"category","embeddable":true,"href":"https:\/\/comport.es\/index.php\/wp-json\/wp\/v2\/categories?post=8744"},{"taxonomy":"post_tag","embeddable":true,"href":"https:\/\/comport.es\/index.php\/wp-json\/wp\/v2\/tags?post=8744"}],"curies":[{"name":"wp","href":"https:\/\/api.w.org\/{rel}","templated":true}]}}