{"id":8700,"date":"2025-11-11T09:14:05","date_gmt":"2025-11-11T09:14:05","guid":{"rendered":"https:\/\/comport.es\/?p=8700"},"modified":"2025-11-11T09:14:05","modified_gmt":"2025-11-11T09:14:05","slug":"una-delegacion-de-la-embajada-de-filipinas-en-espana-visita-el-puerto-de-algeciras-para-estrechar-lazos-comerciales","status":"publish","type":"post","link":"https:\/\/comport.es\/index.php\/noticias\/una-delegacion-de-la-embajada-de-filipinas-en-espana-visita-el-puerto-de-algeciras-para-estrechar-lazos-comerciales\/","title":{"rendered":"Una delegaci\u00f3n de la Embajada de Filipinas en Espa\u00f1a visita el Puerto de Algeciras para estrechar lazos comerciales"},"content":{"rendered":"<p style=\"text-align: justify;\"><strong><span style=\"color: #000000; font-size: 18pt;\">El Puerto de Algeciras se consolida como segundo socio asi\u00e1tico de Filipinas en Espa\u00f1a, con un crecimiento del 27 % en los intercambios comerciales en 2025<\/span><\/strong><\/p>\n<p style=\"text-align: justify;\">\n<p style=\"text-align: justify;\"><span style=\"color: #000000;\">Una delegaci\u00f3n de la Embajada de Filipinas en Espa\u00f1a ha realizado este lunes una visita institucional al <strong>Puerto de Algeciras<\/strong>, en el marco de una agenda de trabajo centrada en el an\u00e1lisis de las relaciones comerciales bilaterales y el potencial log\u00edstico del enclave andaluz como puerta de entrada de mercanc\u00edas asi\u00e1ticas a Europa.<\/span><\/p>\n<p style=\"text-align: justify;\"><span style=\"color: #000000;\">El grupo ha estado encabezado por el c\u00f3nsul general, Mark Francis Hamoy, acompa\u00f1ado por la consejera comercial, Althea Karen Antonio, y el consejero agregado, Carlos J. Barcelon. La comitiva ha sido recibida en la sede de la <strong>Autoridad Portuaria de la Bah\u00eda de Algeciras (APBA)<\/strong> por su presidente, Gerardo Landaluce; el presidente de la<strong> Comunidad Portuaria de Algeciras (COMPORT)<\/strong>, Jos\u00e9 Manuel Tejedor, y la jefa de desarrollo de mercados en Asia de Andaluc\u00eda Trade, Paola Castro. Esta \u00faltima instituci\u00f3n, dependiente de la Junta de Andaluc\u00eda, ha sido la encargada de organizar la visita.<\/span><\/p>\n<p style=\"text-align: justify;\"><span style=\"color: #000000;\">Durante el encuentro celebrado en la sede de la <strong>APBA<\/strong>, los representantes de ambas delegaciones han abordado la evoluci\u00f3n de las relaciones comerciales entre Filipinas y el Puerto de Algeciras, que han experimentado un notable crecimiento en el presente ejercicio. Seg\u00fan los datos facilitados por la autoridad portuaria, los tr\u00e1ficos entre ambos territorios han aumentado un 27 % en lo que va de a\u00f1o, posicionando a Filipinas como el segundo mercado asi\u00e1tico del puerto andaluz, solo por detr\u00e1s de China.<\/span><\/p>\n<p style=\"text-align: justify;\"><span style=\"color: #000000;\">Entre las principales mercanc\u00edas que Filipinas exporta a trav\u00e9s de Algeciras se encuentran componentes para la industria de la automoci\u00f3n y manufacturas de pl\u00e1stico, que se distribuyen desde el Estrecho al resto del continente europeo. En sentido inverso, desde Espa\u00f1a se env\u00edan a Filipinas productos como brandy de Jerez, aceite de oliva y carne de porcino, generando una balanza comercial favorable para el mercado espa\u00f1ol.<\/span><\/p>\n<p style=\"text-align: justify;\"><span style=\"color: #000000;\">Pese a estos resultados, desde la <strong>Comunidad Portuaria<\/strong> se considera que existe un amplio margen de crecimiento. En este sentido, Jos\u00e9 Manuel Tejedor ha subrayado la importancia de mejorar la conectividad mar\u00edtima directa entre Algeciras y Filipinas, que en la actualidad se realiza mediante cuatro servicios mar\u00edtimos regulares con tiempos de tr\u00e1nsito a partir de los 34 d\u00edas, operando a trav\u00e9s de los hubs de Singapur o Kaohsiung (Taiw\u00e1n).<\/span><\/p>\n<p style=\"text-align: justify;\"><span style=\"color: #000000;\">La visita institucional se enmarca en la estrategia de internacionalizaci\u00f3n que desarrolla el<strong> Puerto de Algeciras<\/strong>, en colaboraci\u00f3n con Andaluc\u00eda Trade, orientada al fortalecimiento de v\u00ednculos log\u00edsticos y comerciales con mercados estrat\u00e9gicos de Asia. Esta agenda de trabajo tuvo su primer precedente en la misi\u00f3n comercial que representantes del puerto realizaron a Filipinas en 2022, desde la que se han mantenido contactos continuados con el tejido empresarial e institucional filipino. Entre ellos, cabe mencionar la participaci\u00f3n del enclave andaluz en el XI Foro Empresarial Hispano-Filipino celebrado en Madrid.<\/span><\/p>\n<p style=\"text-align: justify;\"><span style=\"color: #000000;\">La delegaci\u00f3n filipina ha concluido su visita con un recorrido t\u00e9cnico por las principales instalaciones del puerto, donde ha podido conocer de primera mano la operativa de una de las mayores plataformas portuarias del Mediterr\u00e1neo, as\u00ed como sus capacidades para el tr\u00e1fico de contenedores, mercanc\u00eda general y servicios log\u00edsticos avanzados orientados a mercados intercontinentales.<\/span><\/p>\n<p style=\"text-align: justify;\">\n<p style=\"text-align: justify;\"><span style=\"color: #000000;\"><strong>FUENTE:<\/strong> EL ESTRECHO DIGITAL<\/span><\/p>\n","protected":false},"excerpt":{"rendered":"<p>El Puerto de Algeciras se consolida como segundo socio asi\u00e1tico de Filipinas en Espa\u00f1a, con un crecimiento del 27 % en los intercambios comerciales en 2025 Una delegaci\u00f3n de la Embajada de Filipinas en Espa\u00f1a ha realizado este lunes una visita institucional al Puerto de [&hellip;]<\/p>\n","protected":false},"author":1,"featured_media":8701,"comment_status":"closed","ping_status":"closed","sticky":false,"template":"","format":"standard","meta":{"footnotes":""},"categories":[921],"tags":[],"class_list":["post-8700","post","type-post","status-publish","format-standard","has-post-thumbnail","hentry","category-noticias"],"yoast_head":"<!-- This site is optimized with the Yoast SEO plugin v27.4 - https:\/\/yoast.com\/product\/yoast-seo-wordpress\/ -->\n<title>Una delegaci\u00f3n de la Embajada de Filipinas en Espa\u00f1a visita el Puerto de Algeciras para estrechar lazos comerciales | COMPORT<\/title>\n<meta name=\"robots\" content=\"noindex, follow\" \/>\n<meta property=\"og:locale\" content=\"es_ES\" \/>\n<meta property=\"og:type\" content=\"article\" \/>\n<meta property=\"og:title\" content=\"Una delegaci\u00f3n de la Embajada de Filipinas en Espa\u00f1a visita el Puerto de Algeciras para estrechar lazos comerciales | COMPORT\" \/>\n<meta property=\"og:description\" content=\"El Puerto de Algeciras se consolida como segundo socio asi\u00e1tico de Filipinas en Espa\u00f1a, con un crecimiento del 27 % en los intercambios comerciales en 2025 Una delegaci\u00f3n de la Embajada de Filipinas en Espa\u00f1a ha realizado este lunes una visita institucional al Puerto de [&hellip;]\" \/>\n<meta property=\"og:url\" content=\"https:\/\/comport.es\/index.php\/noticias\/una-delegacion-de-la-embajada-de-filipinas-en-espana-visita-el-puerto-de-algeciras-para-estrechar-lazos-comerciales\/\" \/>\n<meta property=\"og:site_name\" content=\"COMPORT\" \/>\n<meta property=\"article:published_time\" content=\"2025-11-11T09:14:05+00:00\" \/>\n<meta property=\"og:image\" content=\"https:\/\/comport.es\/wp-content\/uploads\/2025\/11\/FILIPINAS_VISITA-2025.jpg\" \/>\n\t<meta property=\"og:image:width\" content=\"1300\" \/>\n\t<meta property=\"og:image:height\" content=\"722\" \/>\n\t<meta property=\"og:image:type\" content=\"image\/jpeg\" \/>\n<meta name=\"author\" content=\"admincomport\" \/>\n<meta name=\"twitter:card\" content=\"summary_large_image\" \/>\n<meta name=\"twitter:label1\" content=\"Escrito por\" \/>\n\t<meta name=\"twitter:data1\" content=\"admincomport\" \/>\n\t<meta name=\"twitter:label2\" content=\"Tiempo de lectura\" \/>\n\t<meta name=\"twitter:data2\" content=\"3 minutos\" \/>\n<script type=\"application\/ld+json\" class=\"yoast-schema-graph\">{\"@context\":\"https:\\\/\\\/schema.org\",\"@graph\":[{\"@type\":\"Article\",\"@id\":\"https:\\\/\\\/comport.es\\\/index.php\\\/noticias\\\/una-delegacion-de-la-embajada-de-filipinas-en-espana-visita-el-puerto-de-algeciras-para-estrechar-lazos-comerciales\\\/#article\",\"isPartOf\":{\"@id\":\"https:\\\/\\\/comport.es\\\/index.php\\\/noticias\\\/una-delegacion-de-la-embajada-de-filipinas-en-espana-visita-el-puerto-de-algeciras-para-estrechar-lazos-comerciales\\\/\"},\"author\":{\"name\":\"admincomport\",\"@id\":\"https:\\\/\\\/comport.es\\\/#\\\/schema\\\/person\\\/9277649f8e04dd48c3d73bbaf2c7bebc\"},\"headline\":\"Una delegaci\u00f3n de la Embajada de Filipinas en Espa\u00f1a visita el Puerto de Algeciras para estrechar lazos comerciales\",\"datePublished\":\"2025-11-11T09:14:05+00:00\",\"mainEntityOfPage\":{\"@id\":\"https:\\\/\\\/comport.es\\\/index.php\\\/noticias\\\/una-delegacion-de-la-embajada-de-filipinas-en-espana-visita-el-puerto-de-algeciras-para-estrechar-lazos-comerciales\\\/\"},\"wordCount\":592,\"publisher\":{\"@id\":\"https:\\\/\\\/comport.es\\\/#organization\"},\"image\":{\"@id\":\"https:\\\/\\\/comport.es\\\/index.php\\\/noticias\\\/una-delegacion-de-la-embajada-de-filipinas-en-espana-visita-el-puerto-de-algeciras-para-estrechar-lazos-comerciales\\\/#primaryimage\"},\"thumbnailUrl\":\"https:\\\/\\\/comport.es\\\/wp-content\\\/uploads\\\/2025\\\/11\\\/FILIPINAS_VISITA-2025.jpg\",\"articleSection\":[\"Noticias\"],\"inLanguage\":\"es\"},{\"@type\":\"WebPage\",\"@id\":\"https:\\\/\\\/comport.es\\\/index.php\\\/noticias\\\/una-delegacion-de-la-embajada-de-filipinas-en-espana-visita-el-puerto-de-algeciras-para-estrechar-lazos-comerciales\\\/\",\"url\":\"https:\\\/\\\/comport.es\\\/index.php\\\/noticias\\\/una-delegacion-de-la-embajada-de-filipinas-en-espana-visita-el-puerto-de-algeciras-para-estrechar-lazos-comerciales\\\/\",\"name\":\"Una delegaci\u00f3n de la Embajada de Filipinas en Espa\u00f1a visita el Puerto de Algeciras para estrechar lazos comerciales | COMPORT\",\"isPartOf\":{\"@id\":\"https:\\\/\\\/comport.es\\\/#website\"},\"primaryImageOfPage\":{\"@id\":\"https:\\\/\\\/comport.es\\\/index.php\\\/noticias\\\/una-delegacion-de-la-embajada-de-filipinas-en-espana-visita-el-puerto-de-algeciras-para-estrechar-lazos-comerciales\\\/#primaryimage\"},\"image\":{\"@id\":\"https:\\\/\\\/comport.es\\\/index.php\\\/noticias\\\/una-delegacion-de-la-embajada-de-filipinas-en-espana-visita-el-puerto-de-algeciras-para-estrechar-lazos-comerciales\\\/#primaryimage\"},\"thumbnailUrl\":\"https:\\\/\\\/comport.es\\\/wp-content\\\/uploads\\\/2025\\\/11\\\/FILIPINAS_VISITA-2025.jpg\",\"datePublished\":\"2025-11-11T09:14:05+00:00\",\"breadcrumb\":{\"@id\":\"https:\\\/\\\/comport.es\\\/index.php\\\/noticias\\\/una-delegacion-de-la-embajada-de-filipinas-en-espana-visita-el-puerto-de-algeciras-para-estrechar-lazos-comerciales\\\/#breadcrumb\"},\"inLanguage\":\"es\",\"potentialAction\":[{\"@type\":\"ReadAction\",\"target\":[\"https:\\\/\\\/comport.es\\\/index.php\\\/noticias\\\/una-delegacion-de-la-embajada-de-filipinas-en-espana-visita-el-puerto-de-algeciras-para-estrechar-lazos-comerciales\\\/\"]}]},{\"@type\":\"ImageObject\",\"inLanguage\":\"es\",\"@id\":\"https:\\\/\\\/comport.es\\\/index.php\\\/noticias\\\/una-delegacion-de-la-embajada-de-filipinas-en-espana-visita-el-puerto-de-algeciras-para-estrechar-lazos-comerciales\\\/#primaryimage\",\"url\":\"https:\\\/\\\/comport.es\\\/wp-content\\\/uploads\\\/2025\\\/11\\\/FILIPINAS_VISITA-2025.jpg\",\"contentUrl\":\"https:\\\/\\\/comport.es\\\/wp-content\\\/uploads\\\/2025\\\/11\\\/FILIPINAS_VISITA-2025.jpg\",\"width\":1300,\"height\":722},{\"@type\":\"BreadcrumbList\",\"@id\":\"https:\\\/\\\/comport.es\\\/index.php\\\/noticias\\\/una-delegacion-de-la-embajada-de-filipinas-en-espana-visita-el-puerto-de-algeciras-para-estrechar-lazos-comerciales\\\/#breadcrumb\",\"itemListElement\":[{\"@type\":\"ListItem\",\"position\":1,\"name\":\"Portada\",\"item\":\"https:\\\/\\\/comport.es\\\/\"},{\"@type\":\"ListItem\",\"position\":2,\"name\":\"Una delegaci\u00f3n de la Embajada de Filipinas en Espa\u00f1a visita el Puerto de Algeciras para estrechar lazos comerciales\"}]},{\"@type\":\"WebSite\",\"@id\":\"https:\\\/\\\/comport.es\\\/#website\",\"url\":\"https:\\\/\\\/comport.es\\\/\",\"name\":\"COMPORT\",\"description\":\"Port Community of Algeciras Bay\",\"publisher\":{\"@id\":\"https:\\\/\\\/comport.es\\\/#organization\"},\"potentialAction\":[{\"@type\":\"SearchAction\",\"target\":{\"@type\":\"EntryPoint\",\"urlTemplate\":\"https:\\\/\\\/comport.es\\\/?s={search_term_string}\"},\"query-input\":{\"@type\":\"PropertyValueSpecification\",\"valueRequired\":true,\"valueName\":\"search_term_string\"}}],\"inLanguage\":\"es\"},{\"@type\":\"Organization\",\"@id\":\"https:\\\/\\\/comport.es\\\/#organization\",\"name\":\"ALGECIRAS PORT COMMUNITY - COMPORT\",\"url\":\"https:\\\/\\\/comport.es\\\/\",\"logo\":{\"@type\":\"ImageObject\",\"inLanguage\":\"es\",\"@id\":\"https:\\\/\\\/comport.es\\\/#\\\/schema\\\/logo\\\/image\\\/\",\"url\":\"https:\\\/\\\/comport.es\\\/wp-content\\\/uploads\\\/2020\\\/10\\\/logo_comport_20m.png\",\"contentUrl\":\"https:\\\/\\\/comport.es\\\/wp-content\\\/uploads\\\/2020\\\/10\\\/logo_comport_20m.png\",\"width\":600,\"height\":170,\"caption\":\"ALGECIRAS PORT COMMUNITY - COMPORT\"},\"image\":{\"@id\":\"https:\\\/\\\/comport.es\\\/#\\\/schema\\\/logo\\\/image\\\/\"}},{\"@type\":\"Person\",\"@id\":\"https:\\\/\\\/comport.es\\\/#\\\/schema\\\/person\\\/9277649f8e04dd48c3d73bbaf2c7bebc\",\"name\":\"admincomport\"}]}<\/script>\n<!-- \/ Yoast SEO plugin. -->","yoast_head_json":{"title":"Una delegaci\u00f3n de la Embajada de Filipinas en Espa\u00f1a visita el Puerto de Algeciras para estrechar lazos comerciales | COMPORT","robots":{"index":"noindex","follow":"follow"},"og_locale":"es_ES","og_type":"article","og_title":"Una delegaci\u00f3n de la Embajada de Filipinas en Espa\u00f1a visita el Puerto de Algeciras para estrechar lazos comerciales | COMPORT","og_description":"El Puerto de Algeciras se consolida como segundo socio asi\u00e1tico de Filipinas en Espa\u00f1a, con un crecimiento del 27 % en los intercambios comerciales en 2025 Una delegaci\u00f3n de la Embajada de Filipinas en Espa\u00f1a ha realizado este lunes una visita institucional al Puerto de [&hellip;]","og_url":"https:\/\/comport.es\/index.php\/noticias\/una-delegacion-de-la-embajada-de-filipinas-en-espana-visita-el-puerto-de-algeciras-para-estrechar-lazos-comerciales\/","og_site_name":"COMPORT","article_published_time":"2025-11-11T09:14:05+00:00","og_image":[{"width":1300,"height":722,"url":"https:\/\/comport.es\/wp-content\/uploads\/2025\/11\/FILIPINAS_VISITA-2025.jpg","type":"image\/jpeg"}],"author":"admincomport","twitter_card":"summary_large_image","twitter_misc":{"Escrito por":"admincomport","Tiempo de lectura":"3 minutos"},"schema":{"@context":"https:\/\/schema.org","@graph":[{"@type":"Article","@id":"https:\/\/comport.es\/index.php\/noticias\/una-delegacion-de-la-embajada-de-filipinas-en-espana-visita-el-puerto-de-algeciras-para-estrechar-lazos-comerciales\/#article","isPartOf":{"@id":"https:\/\/comport.es\/index.php\/noticias\/una-delegacion-de-la-embajada-de-filipinas-en-espana-visita-el-puerto-de-algeciras-para-estrechar-lazos-comerciales\/"},"author":{"name":"admincomport","@id":"https:\/\/comport.es\/#\/schema\/person\/9277649f8e04dd48c3d73bbaf2c7bebc"},"headline":"Una delegaci\u00f3n de la Embajada de Filipinas en Espa\u00f1a visita el Puerto de Algeciras para estrechar lazos comerciales","datePublished":"2025-11-11T09:14:05+00:00","mainEntityOfPage":{"@id":"https:\/\/comport.es\/index.php\/noticias\/una-delegacion-de-la-embajada-de-filipinas-en-espana-visita-el-puerto-de-algeciras-para-estrechar-lazos-comerciales\/"},"wordCount":592,"publisher":{"@id":"https:\/\/comport.es\/#organization"},"image":{"@id":"https:\/\/comport.es\/index.php\/noticias\/una-delegacion-de-la-embajada-de-filipinas-en-espana-visita-el-puerto-de-algeciras-para-estrechar-lazos-comerciales\/#primaryimage"},"thumbnailUrl":"https:\/\/comport.es\/wp-content\/uploads\/2025\/11\/FILIPINAS_VISITA-2025.jpg","articleSection":["Noticias"],"inLanguage":"es"},{"@type":"WebPage","@id":"https:\/\/comport.es\/index.php\/noticias\/una-delegacion-de-la-embajada-de-filipinas-en-espana-visita-el-puerto-de-algeciras-para-estrechar-lazos-comerciales\/","url":"https:\/\/comport.es\/index.php\/noticias\/una-delegacion-de-la-embajada-de-filipinas-en-espana-visita-el-puerto-de-algeciras-para-estrechar-lazos-comerciales\/","name":"Una delegaci\u00f3n de la Embajada de Filipinas en Espa\u00f1a visita el Puerto de Algeciras para estrechar lazos comerciales | COMPORT","isPartOf":{"@id":"https:\/\/comport.es\/#website"},"primaryImageOfPage":{"@id":"https:\/\/comport.es\/index.php\/noticias\/una-delegacion-de-la-embajada-de-filipinas-en-espana-visita-el-puerto-de-algeciras-para-estrechar-lazos-comerciales\/#primaryimage"},"image":{"@id":"https:\/\/comport.es\/index.php\/noticias\/una-delegacion-de-la-embajada-de-filipinas-en-espana-visita-el-puerto-de-algeciras-para-estrechar-lazos-comerciales\/#primaryimage"},"thumbnailUrl":"https:\/\/comport.es\/wp-content\/uploads\/2025\/11\/FILIPINAS_VISITA-2025.jpg","datePublished":"2025-11-11T09:14:05+00:00","breadcrumb":{"@id":"https:\/\/comport.es\/index.php\/noticias\/una-delegacion-de-la-embajada-de-filipinas-en-espana-visita-el-puerto-de-algeciras-para-estrechar-lazos-comerciales\/#breadcrumb"},"inLanguage":"es","potentialAction":[{"@type":"ReadAction","target":["https:\/\/comport.es\/index.php\/noticias\/una-delegacion-de-la-embajada-de-filipinas-en-espana-visita-el-puerto-de-algeciras-para-estrechar-lazos-comerciales\/"]}]},{"@type":"ImageObject","inLanguage":"es","@id":"https:\/\/comport.es\/index.php\/noticias\/una-delegacion-de-la-embajada-de-filipinas-en-espana-visita-el-puerto-de-algeciras-para-estrechar-lazos-comerciales\/#primaryimage","url":"https:\/\/comport.es\/wp-content\/uploads\/2025\/11\/FILIPINAS_VISITA-2025.jpg","contentUrl":"https:\/\/comport.es\/wp-content\/uploads\/2025\/11\/FILIPINAS_VISITA-2025.jpg","width":1300,"height":722},{"@type":"BreadcrumbList","@id":"https:\/\/comport.es\/index.php\/noticias\/una-delegacion-de-la-embajada-de-filipinas-en-espana-visita-el-puerto-de-algeciras-para-estrechar-lazos-comerciales\/#breadcrumb","itemListElement":[{"@type":"ListItem","position":1,"name":"Portada","item":"https:\/\/comport.es\/"},{"@type":"ListItem","position":2,"name":"Una delegaci\u00f3n de la Embajada de Filipinas en Espa\u00f1a visita el Puerto de Algeciras para estrechar lazos comerciales"}]},{"@type":"WebSite","@id":"https:\/\/comport.es\/#website","url":"https:\/\/comport.es\/","name":"COMPORT","description":"Port Community of Algeciras Bay","publisher":{"@id":"https:\/\/comport.es\/#organization"},"potentialAction":[{"@type":"SearchAction","target":{"@type":"EntryPoint","urlTemplate":"https:\/\/comport.es\/?s={search_term_string}"},"query-input":{"@type":"PropertyValueSpecification","valueRequired":true,"valueName":"search_term_string"}}],"inLanguage":"es"},{"@type":"Organization","@id":"https:\/\/comport.es\/#organization","name":"ALGECIRAS PORT COMMUNITY - COMPORT","url":"https:\/\/comport.es\/","logo":{"@type":"ImageObject","inLanguage":"es","@id":"https:\/\/comport.es\/#\/schema\/logo\/image\/","url":"https:\/\/comport.es\/wp-content\/uploads\/2020\/10\/logo_comport_20m.png","contentUrl":"https:\/\/comport.es\/wp-content\/uploads\/2020\/10\/logo_comport_20m.png","width":600,"height":170,"caption":"ALGECIRAS PORT COMMUNITY - COMPORT"},"image":{"@id":"https:\/\/comport.es\/#\/schema\/logo\/image\/"}},{"@type":"Person","@id":"https:\/\/comport.es\/#\/schema\/person\/9277649f8e04dd48c3d73bbaf2c7bebc","name":"admincomport"}]}},"_links":{"self":[{"href":"https:\/\/comport.es\/index.php\/wp-json\/wp\/v2\/posts\/8700","targetHints":{"allow":["GET"]}}],"collection":[{"href":"https:\/\/comport.es\/index.php\/wp-json\/wp\/v2\/posts"}],"about":[{"href":"https:\/\/comport.es\/index.php\/wp-json\/wp\/v2\/types\/post"}],"author":[{"embeddable":true,"href":"https:\/\/comport.es\/index.php\/wp-json\/wp\/v2\/users\/1"}],"replies":[{"embeddable":true,"href":"https:\/\/comport.es\/index.php\/wp-json\/wp\/v2\/comments?post=8700"}],"version-history":[{"count":1,"href":"https:\/\/comport.es\/index.php\/wp-json\/wp\/v2\/posts\/8700\/revisions"}],"predecessor-version":[{"id":8702,"href":"https:\/\/comport.es\/index.php\/wp-json\/wp\/v2\/posts\/8700\/revisions\/8702"}],"wp:featuredmedia":[{"embeddable":true,"href":"https:\/\/comport.es\/index.php\/wp-json\/wp\/v2\/media\/8701"}],"wp:attachment":[{"href":"https:\/\/comport.es\/index.php\/wp-json\/wp\/v2\/media?parent=8700"}],"wp:term":[{"taxonomy":"category","embeddable":true,"href":"https:\/\/comport.es\/index.php\/wp-json\/wp\/v2\/categories?post=8700"},{"taxonomy":"post_tag","embeddable":true,"href":"https:\/\/comport.es\/index.php\/wp-json\/wp\/v2\/tags?post=8700"}],"curies":[{"name":"wp","href":"https:\/\/api.w.org\/{rel}","templated":true}]}}