{"id":8696,"date":"2025-11-07T10:57:55","date_gmt":"2025-11-07T10:57:55","guid":{"rendered":"https:\/\/comport.es\/?p=8696"},"modified":"2025-11-07T11:04:16","modified_gmt":"2025-11-07T11:04:16","slug":"el-puerto-de-algeciras-mejora-su-conectividad-con-colombia-con-la-entrada-en-servicio-del-puerto-de-antioquia","status":"publish","type":"post","link":"https:\/\/comport.es\/index.php\/noticias\/el-puerto-de-algeciras-mejora-su-conectividad-con-colombia-con-la-entrada-en-servicio-del-puerto-de-antioquia\/","title":{"rendered":"El Puerto de Algeciras mejora su conectividad con Colombia con la entrada en servicio del puerto de Antioqu\u00eda"},"content":{"rendered":"<p style=\"text-align: justify;\"><span style=\"font-size: 18pt;\"><strong><span style=\"color: #000000;\">La nueva terminal colombiana de Antioqu\u00eda reducir\u00e1 a 11 d\u00edas el tr\u00e1nsito mar\u00edtimo hacia Algeciras, clave para la log\u00edstica del aguacate Hass<\/span><\/strong><\/span><\/p>\n<p style=\"text-align: justify;\"><span style=\"color: #000000;\">Una delegaci\u00f3n institucional y empresarial del <strong>Puerto de Algeciras<\/strong> participa esta semana en la feria Territorio Aguacate, celebrada en Medell\u00edn (Colombia), un evento de referencia para la agroindustria latinoamericana centrada en la variedad de aguacate Hass. El encuentro re\u00fane a productores, exportadores, comercializadores, inversores y otros agentes clave del sector.<\/span><\/p>\n<p style=\"text-align: justify;\"><span style=\"color: #000000;\"><strong>La Autoridad Portuaria de la Bah\u00eda de Algeciras (APBA)<\/strong> cuenta con un espacio expositivo propio dentro del recinto ferial, en una edici\u00f3n que aborda tres ejes tem\u00e1ticos principales: la calidad del producto, la sostenibilidad y productividad de los cultivos, y el comercio exterior con vistas a la apertura de nuevos mercados internacionales.<\/span><\/p>\n<p style=\"text-align: justify;\"><span style=\"color: #000000;\">La delegaci\u00f3n desplazada hasta Colombia est\u00e1 formada por responsables de la <strong>APBA<\/strong>, as\u00ed como por representantes de cinco empresas integradas en la <strong>Comunidad Portuaria de Algeciras<\/strong>: Agropeco, especializada en soluciones para el transporte de productos perecederos; Algetransit, operador log\u00edstico con amplia experiencia en el sector hortofrut\u00edcola; Mafret de seguros, dedicada a la gesti\u00f3n de riesgos log\u00edsticos; Share Logistics, proveedor de servicios de transporte y aduanas; y UCC Iberia, compa\u00f1\u00eda centrada en el comercio internacional de productos frescos. La misi\u00f3n comercial cuenta con el respaldo institucional de la <strong>C\u00e1mara de Comercio del Campo de Gibraltar<\/strong>.<\/span><\/p>\n<p style=\"text-align: justify;\"><span style=\"color: #000000;\">Colombia se consolida como uno de los principales pa\u00edses exportadores de aguacate Hass hacia Europa. En este contexto, el Puerto de Algeciras desempe\u00f1a un papel relevante como punto de entrada del producto en el continente, especialmente durante los meses en los que no hay producci\u00f3n peninsular. Seg\u00fan datos de la <strong>APBA<\/strong>, en lo que va de a\u00f1o las importaciones procedentes de Colombia han aumentado un 18 % a trav\u00e9s del puerto gaditano.<\/span><\/p>\n<p style=\"text-align: justify;\"><span style=\"color: #000000;\">Uno de los anuncios m\u00e1s significativos de esta edici\u00f3n ha sido la pr\u00f3xima entrada en operaciones del puerto colombiano de Antioqu\u00eda, prevista para el mes de diciembre. Ginna Alexandra Castro, vicepresidenta comercial del nuevo enclave, ha confirmado que la infraestructura ha requerido una inversi\u00f3n superior a los 700 millones de d\u00f3lares y permitir\u00e1 reducir el tiempo de tr\u00e1nsito mar\u00edtimo entre Colombia y Algeciras a tan solo 11 d\u00edas. Esta reducci\u00f3n resulta determinante para la log\u00edstica de productos altamente perecederos como el aguacate.<\/span><\/p>\n<p style=\"text-align: justify;\"><span style=\"color: #000000;\">En los \u00faltimos a\u00f1os, el <strong>Puerto de Algeciras<\/strong> ha establecido una colaboraci\u00f3n estrecha con productores y exportadores colombianos para garantizar la trazabilidad y calidad de la fruta desde su origen hasta el consumidor final europeo. Esta labor se apoya en el uso de contenedores refrigerados equipados con sistemas de control atmosf\u00e9rico, que permiten mantener condiciones \u00f3ptimas durante la traves\u00eda. Adem\u00e1s, el enclave dispone de una infraestructura espec\u00edfica para productos perecederos, que incluye puntos de inspecci\u00f3n fronteriza, servicios aduaneros integrados y una red de conexiones mar\u00edtimas con los principales puertos del norte y centro de Europa.<\/span><\/p>\n<p style=\"text-align: justify;\"><span style=\"color: #000000;\">La especializaci\u00f3n del <strong>Puerto de Algeciras<\/strong> en log\u00edstica hortofrut\u00edcola ha experimentado un crecimiento sostenido en la \u00faltima d\u00e9cada. En 2023, por primera vez, se superaron las 200.000 toneladas de aguacates gestionadas entre operaciones de importaci\u00f3n y exportaci\u00f3n, cifra que refleja la consolidaci\u00f3n de esta l\u00ednea de negocio y la capacidad del puerto para atender la creciente demanda europea, que supera el mill\u00f3n de toneladas anuales de esta fruta.<\/span><\/p>\n<p style=\"text-align: justify;\"><span style=\"color: #000000;\">La inauguraci\u00f3n del puerto de Antioqu\u00eda supone un refuerzo a las conexiones mar\u00edtimas entre Colombia y Europa, lo que podr\u00eda traducirse en una mayor frecuencia de servicios y una mejor competitividad del producto en el mercado internacional. El acortamiento del tr\u00e1nsito hasta los 11 d\u00edas incrementa las garant\u00edas log\u00edsticas y reduce riesgos asociados a la manipulaci\u00f3n de productos frescos.<\/span><\/p>\n<p style=\"text-align: justify;\"><span style=\"color: #000000;\">La presencia de la comunidad portuaria algecire\u00f1a en Territorio Aguacate permite estrechar la cooperaci\u00f3n con los actores del sector agroexportador colombiano y detectar nuevas oportunidades de colaboraci\u00f3n. El certamen ofrece un entorno propicio para conocer los desaf\u00edos del sector, compartir experiencias operativas y explorar posibles mejoras en la cadena log\u00edstica, desde el campo hasta el destino final.<\/span><\/p>\n<p style=\"text-align: justify;\"><span style=\"color: #000000;\">En esta edici\u00f3n, Territorio Aguacate ha reunido a un amplio espectro de profesionales vinculados al aguacate Hass, abordando cuestiones t\u00e9cnicas sobre calidad, pr\u00e1cticas sostenibles y tendencias del comercio internacional. La feria se consolida como una plataforma de contacto directo entre Am\u00e9rica Latina y los mercados de destino, donde enclaves log\u00edsticos como el <strong>Puerto de Algeciras<\/strong> tienen un papel cada vez m\u00e1s relevante.<\/span><\/p>\n<p style=\"text-align: justify;\"><span style=\"color: #000000;\"><strong>FUENTE:<\/strong> EL ESTRECHO DIGITAL<\/span><\/p>\n","protected":false},"excerpt":{"rendered":"<p>La nueva terminal colombiana de Antioqu\u00eda reducir\u00e1 a 11 d\u00edas el tr\u00e1nsito mar\u00edtimo hacia Algeciras, clave para la log\u00edstica del aguacate Hass Una delegaci\u00f3n institucional y empresarial del Puerto de Algeciras participa esta semana en la feria Territorio Aguacate, celebrada en Medell\u00edn (Colombia), un evento [&hellip;]<\/p>\n","protected":false},"author":1,"featured_media":8697,"comment_status":"closed","ping_status":"closed","sticky":false,"template":"","format":"standard","meta":{"footnotes":""},"categories":[921],"tags":[],"class_list":["post-8696","post","type-post","status-publish","format-standard","has-post-thumbnail","hentry","category-noticias"],"yoast_head":"<!-- This site is optimized with the Yoast SEO plugin v27.4 - https:\/\/yoast.com\/product\/yoast-seo-wordpress\/ -->\n<title>El Puerto de Algeciras mejora su conectividad con Colombia con la entrada en servicio del puerto de Antioqu\u00eda | COMPORT<\/title>\n<meta name=\"robots\" content=\"noindex, follow\" \/>\n<meta property=\"og:locale\" content=\"es_ES\" \/>\n<meta property=\"og:type\" content=\"article\" \/>\n<meta property=\"og:title\" content=\"El Puerto de Algeciras mejora su conectividad con Colombia con la entrada en servicio del puerto de Antioqu\u00eda | COMPORT\" \/>\n<meta property=\"og:description\" content=\"La nueva terminal colombiana de Antioqu\u00eda reducir\u00e1 a 11 d\u00edas el tr\u00e1nsito mar\u00edtimo hacia Algeciras, clave para la log\u00edstica del aguacate Hass Una delegaci\u00f3n institucional y empresarial del Puerto de Algeciras participa esta semana en la feria Territorio Aguacate, celebrada en Medell\u00edn (Colombia), un evento [&hellip;]\" \/>\n<meta property=\"og:url\" content=\"https:\/\/comport.es\/index.php\/noticias\/el-puerto-de-algeciras-mejora-su-conectividad-con-colombia-con-la-entrada-en-servicio-del-puerto-de-antioquia\/\" \/>\n<meta property=\"og:site_name\" content=\"COMPORT\" \/>\n<meta property=\"article:published_time\" content=\"2025-11-07T10:57:55+00:00\" \/>\n<meta property=\"article:modified_time\" content=\"2025-11-07T11:04:16+00:00\" \/>\n<meta property=\"og:image\" content=\"https:\/\/comport.es\/wp-content\/uploads\/2025\/11\/COLOMBIA_2025.jpg\" \/>\n\t<meta property=\"og:image:width\" content=\"1300\" \/>\n\t<meta property=\"og:image:height\" content=\"722\" \/>\n\t<meta property=\"og:image:type\" content=\"image\/jpeg\" \/>\n<meta name=\"author\" content=\"admincomport\" \/>\n<meta name=\"twitter:card\" content=\"summary_large_image\" \/>\n<meta name=\"twitter:label1\" content=\"Escrito por\" \/>\n\t<meta name=\"twitter:data1\" content=\"admincomport\" \/>\n\t<meta name=\"twitter:label2\" content=\"Tiempo de lectura\" \/>\n\t<meta name=\"twitter:data2\" content=\"4 minutos\" \/>\n<script type=\"application\/ld+json\" class=\"yoast-schema-graph\">{\"@context\":\"https:\\\/\\\/schema.org\",\"@graph\":[{\"@type\":\"Article\",\"@id\":\"https:\\\/\\\/comport.es\\\/index.php\\\/noticias\\\/el-puerto-de-algeciras-mejora-su-conectividad-con-colombia-con-la-entrada-en-servicio-del-puerto-de-antioquia\\\/#article\",\"isPartOf\":{\"@id\":\"https:\\\/\\\/comport.es\\\/index.php\\\/noticias\\\/el-puerto-de-algeciras-mejora-su-conectividad-con-colombia-con-la-entrada-en-servicio-del-puerto-de-antioquia\\\/\"},\"author\":{\"name\":\"admincomport\",\"@id\":\"https:\\\/\\\/comport.es\\\/#\\\/schema\\\/person\\\/9277649f8e04dd48c3d73bbaf2c7bebc\"},\"headline\":\"El Puerto de Algeciras mejora su conectividad con Colombia con la entrada en servicio del puerto de Antioqu\u00eda\",\"datePublished\":\"2025-11-07T10:57:55+00:00\",\"dateModified\":\"2025-11-07T11:04:16+00:00\",\"mainEntityOfPage\":{\"@id\":\"https:\\\/\\\/comport.es\\\/index.php\\\/noticias\\\/el-puerto-de-algeciras-mejora-su-conectividad-con-colombia-con-la-entrada-en-servicio-del-puerto-de-antioquia\\\/\"},\"wordCount\":801,\"publisher\":{\"@id\":\"https:\\\/\\\/comport.es\\\/#organization\"},\"image\":{\"@id\":\"https:\\\/\\\/comport.es\\\/index.php\\\/noticias\\\/el-puerto-de-algeciras-mejora-su-conectividad-con-colombia-con-la-entrada-en-servicio-del-puerto-de-antioquia\\\/#primaryimage\"},\"thumbnailUrl\":\"https:\\\/\\\/comport.es\\\/wp-content\\\/uploads\\\/2025\\\/11\\\/COLOMBIA_2025.jpg\",\"articleSection\":[\"Noticias\"],\"inLanguage\":\"es\"},{\"@type\":\"WebPage\",\"@id\":\"https:\\\/\\\/comport.es\\\/index.php\\\/noticias\\\/el-puerto-de-algeciras-mejora-su-conectividad-con-colombia-con-la-entrada-en-servicio-del-puerto-de-antioquia\\\/\",\"url\":\"https:\\\/\\\/comport.es\\\/index.php\\\/noticias\\\/el-puerto-de-algeciras-mejora-su-conectividad-con-colombia-con-la-entrada-en-servicio-del-puerto-de-antioquia\\\/\",\"name\":\"El Puerto de Algeciras mejora su conectividad con Colombia con la entrada en servicio del puerto de Antioqu\u00eda | COMPORT\",\"isPartOf\":{\"@id\":\"https:\\\/\\\/comport.es\\\/#website\"},\"primaryImageOfPage\":{\"@id\":\"https:\\\/\\\/comport.es\\\/index.php\\\/noticias\\\/el-puerto-de-algeciras-mejora-su-conectividad-con-colombia-con-la-entrada-en-servicio-del-puerto-de-antioquia\\\/#primaryimage\"},\"image\":{\"@id\":\"https:\\\/\\\/comport.es\\\/index.php\\\/noticias\\\/el-puerto-de-algeciras-mejora-su-conectividad-con-colombia-con-la-entrada-en-servicio-del-puerto-de-antioquia\\\/#primaryimage\"},\"thumbnailUrl\":\"https:\\\/\\\/comport.es\\\/wp-content\\\/uploads\\\/2025\\\/11\\\/COLOMBIA_2025.jpg\",\"datePublished\":\"2025-11-07T10:57:55+00:00\",\"dateModified\":\"2025-11-07T11:04:16+00:00\",\"breadcrumb\":{\"@id\":\"https:\\\/\\\/comport.es\\\/index.php\\\/noticias\\\/el-puerto-de-algeciras-mejora-su-conectividad-con-colombia-con-la-entrada-en-servicio-del-puerto-de-antioquia\\\/#breadcrumb\"},\"inLanguage\":\"es\",\"potentialAction\":[{\"@type\":\"ReadAction\",\"target\":[\"https:\\\/\\\/comport.es\\\/index.php\\\/noticias\\\/el-puerto-de-algeciras-mejora-su-conectividad-con-colombia-con-la-entrada-en-servicio-del-puerto-de-antioquia\\\/\"]}]},{\"@type\":\"ImageObject\",\"inLanguage\":\"es\",\"@id\":\"https:\\\/\\\/comport.es\\\/index.php\\\/noticias\\\/el-puerto-de-algeciras-mejora-su-conectividad-con-colombia-con-la-entrada-en-servicio-del-puerto-de-antioquia\\\/#primaryimage\",\"url\":\"https:\\\/\\\/comport.es\\\/wp-content\\\/uploads\\\/2025\\\/11\\\/COLOMBIA_2025.jpg\",\"contentUrl\":\"https:\\\/\\\/comport.es\\\/wp-content\\\/uploads\\\/2025\\\/11\\\/COLOMBIA_2025.jpg\",\"width\":1300,\"height\":722},{\"@type\":\"BreadcrumbList\",\"@id\":\"https:\\\/\\\/comport.es\\\/index.php\\\/noticias\\\/el-puerto-de-algeciras-mejora-su-conectividad-con-colombia-con-la-entrada-en-servicio-del-puerto-de-antioquia\\\/#breadcrumb\",\"itemListElement\":[{\"@type\":\"ListItem\",\"position\":1,\"name\":\"Portada\",\"item\":\"https:\\\/\\\/comport.es\\\/\"},{\"@type\":\"ListItem\",\"position\":2,\"name\":\"El Puerto de Algeciras mejora su conectividad con Colombia con la entrada en servicio del puerto de Antioqu\u00eda\"}]},{\"@type\":\"WebSite\",\"@id\":\"https:\\\/\\\/comport.es\\\/#website\",\"url\":\"https:\\\/\\\/comport.es\\\/\",\"name\":\"COMPORT\",\"description\":\"Port Community of Algeciras Bay\",\"publisher\":{\"@id\":\"https:\\\/\\\/comport.es\\\/#organization\"},\"potentialAction\":[{\"@type\":\"SearchAction\",\"target\":{\"@type\":\"EntryPoint\",\"urlTemplate\":\"https:\\\/\\\/comport.es\\\/?s={search_term_string}\"},\"query-input\":{\"@type\":\"PropertyValueSpecification\",\"valueRequired\":true,\"valueName\":\"search_term_string\"}}],\"inLanguage\":\"es\"},{\"@type\":\"Organization\",\"@id\":\"https:\\\/\\\/comport.es\\\/#organization\",\"name\":\"ALGECIRAS PORT COMMUNITY - COMPORT\",\"url\":\"https:\\\/\\\/comport.es\\\/\",\"logo\":{\"@type\":\"ImageObject\",\"inLanguage\":\"es\",\"@id\":\"https:\\\/\\\/comport.es\\\/#\\\/schema\\\/logo\\\/image\\\/\",\"url\":\"https:\\\/\\\/comport.es\\\/wp-content\\\/uploads\\\/2020\\\/10\\\/logo_comport_20m.png\",\"contentUrl\":\"https:\\\/\\\/comport.es\\\/wp-content\\\/uploads\\\/2020\\\/10\\\/logo_comport_20m.png\",\"width\":600,\"height\":170,\"caption\":\"ALGECIRAS PORT COMMUNITY - COMPORT\"},\"image\":{\"@id\":\"https:\\\/\\\/comport.es\\\/#\\\/schema\\\/logo\\\/image\\\/\"}},{\"@type\":\"Person\",\"@id\":\"https:\\\/\\\/comport.es\\\/#\\\/schema\\\/person\\\/9277649f8e04dd48c3d73bbaf2c7bebc\",\"name\":\"admincomport\"}]}<\/script>\n<!-- \/ Yoast SEO plugin. -->","yoast_head_json":{"title":"El Puerto de Algeciras mejora su conectividad con Colombia con la entrada en servicio del puerto de Antioqu\u00eda | COMPORT","robots":{"index":"noindex","follow":"follow"},"og_locale":"es_ES","og_type":"article","og_title":"El Puerto de Algeciras mejora su conectividad con Colombia con la entrada en servicio del puerto de Antioqu\u00eda | COMPORT","og_description":"La nueva terminal colombiana de Antioqu\u00eda reducir\u00e1 a 11 d\u00edas el tr\u00e1nsito mar\u00edtimo hacia Algeciras, clave para la log\u00edstica del aguacate Hass Una delegaci\u00f3n institucional y empresarial del Puerto de Algeciras participa esta semana en la feria Territorio Aguacate, celebrada en Medell\u00edn (Colombia), un evento [&hellip;]","og_url":"https:\/\/comport.es\/index.php\/noticias\/el-puerto-de-algeciras-mejora-su-conectividad-con-colombia-con-la-entrada-en-servicio-del-puerto-de-antioquia\/","og_site_name":"COMPORT","article_published_time":"2025-11-07T10:57:55+00:00","article_modified_time":"2025-11-07T11:04:16+00:00","og_image":[{"width":1300,"height":722,"url":"https:\/\/comport.es\/wp-content\/uploads\/2025\/11\/COLOMBIA_2025.jpg","type":"image\/jpeg"}],"author":"admincomport","twitter_card":"summary_large_image","twitter_misc":{"Escrito por":"admincomport","Tiempo de lectura":"4 minutos"},"schema":{"@context":"https:\/\/schema.org","@graph":[{"@type":"Article","@id":"https:\/\/comport.es\/index.php\/noticias\/el-puerto-de-algeciras-mejora-su-conectividad-con-colombia-con-la-entrada-en-servicio-del-puerto-de-antioquia\/#article","isPartOf":{"@id":"https:\/\/comport.es\/index.php\/noticias\/el-puerto-de-algeciras-mejora-su-conectividad-con-colombia-con-la-entrada-en-servicio-del-puerto-de-antioquia\/"},"author":{"name":"admincomport","@id":"https:\/\/comport.es\/#\/schema\/person\/9277649f8e04dd48c3d73bbaf2c7bebc"},"headline":"El Puerto de Algeciras mejora su conectividad con Colombia con la entrada en servicio del puerto de Antioqu\u00eda","datePublished":"2025-11-07T10:57:55+00:00","dateModified":"2025-11-07T11:04:16+00:00","mainEntityOfPage":{"@id":"https:\/\/comport.es\/index.php\/noticias\/el-puerto-de-algeciras-mejora-su-conectividad-con-colombia-con-la-entrada-en-servicio-del-puerto-de-antioquia\/"},"wordCount":801,"publisher":{"@id":"https:\/\/comport.es\/#organization"},"image":{"@id":"https:\/\/comport.es\/index.php\/noticias\/el-puerto-de-algeciras-mejora-su-conectividad-con-colombia-con-la-entrada-en-servicio-del-puerto-de-antioquia\/#primaryimage"},"thumbnailUrl":"https:\/\/comport.es\/wp-content\/uploads\/2025\/11\/COLOMBIA_2025.jpg","articleSection":["Noticias"],"inLanguage":"es"},{"@type":"WebPage","@id":"https:\/\/comport.es\/index.php\/noticias\/el-puerto-de-algeciras-mejora-su-conectividad-con-colombia-con-la-entrada-en-servicio-del-puerto-de-antioquia\/","url":"https:\/\/comport.es\/index.php\/noticias\/el-puerto-de-algeciras-mejora-su-conectividad-con-colombia-con-la-entrada-en-servicio-del-puerto-de-antioquia\/","name":"El Puerto de Algeciras mejora su conectividad con Colombia con la entrada en servicio del puerto de Antioqu\u00eda | COMPORT","isPartOf":{"@id":"https:\/\/comport.es\/#website"},"primaryImageOfPage":{"@id":"https:\/\/comport.es\/index.php\/noticias\/el-puerto-de-algeciras-mejora-su-conectividad-con-colombia-con-la-entrada-en-servicio-del-puerto-de-antioquia\/#primaryimage"},"image":{"@id":"https:\/\/comport.es\/index.php\/noticias\/el-puerto-de-algeciras-mejora-su-conectividad-con-colombia-con-la-entrada-en-servicio-del-puerto-de-antioquia\/#primaryimage"},"thumbnailUrl":"https:\/\/comport.es\/wp-content\/uploads\/2025\/11\/COLOMBIA_2025.jpg","datePublished":"2025-11-07T10:57:55+00:00","dateModified":"2025-11-07T11:04:16+00:00","breadcrumb":{"@id":"https:\/\/comport.es\/index.php\/noticias\/el-puerto-de-algeciras-mejora-su-conectividad-con-colombia-con-la-entrada-en-servicio-del-puerto-de-antioquia\/#breadcrumb"},"inLanguage":"es","potentialAction":[{"@type":"ReadAction","target":["https:\/\/comport.es\/index.php\/noticias\/el-puerto-de-algeciras-mejora-su-conectividad-con-colombia-con-la-entrada-en-servicio-del-puerto-de-antioquia\/"]}]},{"@type":"ImageObject","inLanguage":"es","@id":"https:\/\/comport.es\/index.php\/noticias\/el-puerto-de-algeciras-mejora-su-conectividad-con-colombia-con-la-entrada-en-servicio-del-puerto-de-antioquia\/#primaryimage","url":"https:\/\/comport.es\/wp-content\/uploads\/2025\/11\/COLOMBIA_2025.jpg","contentUrl":"https:\/\/comport.es\/wp-content\/uploads\/2025\/11\/COLOMBIA_2025.jpg","width":1300,"height":722},{"@type":"BreadcrumbList","@id":"https:\/\/comport.es\/index.php\/noticias\/el-puerto-de-algeciras-mejora-su-conectividad-con-colombia-con-la-entrada-en-servicio-del-puerto-de-antioquia\/#breadcrumb","itemListElement":[{"@type":"ListItem","position":1,"name":"Portada","item":"https:\/\/comport.es\/"},{"@type":"ListItem","position":2,"name":"El Puerto de Algeciras mejora su conectividad con Colombia con la entrada en servicio del puerto de Antioqu\u00eda"}]},{"@type":"WebSite","@id":"https:\/\/comport.es\/#website","url":"https:\/\/comport.es\/","name":"COMPORT","description":"Port Community of Algeciras Bay","publisher":{"@id":"https:\/\/comport.es\/#organization"},"potentialAction":[{"@type":"SearchAction","target":{"@type":"EntryPoint","urlTemplate":"https:\/\/comport.es\/?s={search_term_string}"},"query-input":{"@type":"PropertyValueSpecification","valueRequired":true,"valueName":"search_term_string"}}],"inLanguage":"es"},{"@type":"Organization","@id":"https:\/\/comport.es\/#organization","name":"ALGECIRAS PORT COMMUNITY - COMPORT","url":"https:\/\/comport.es\/","logo":{"@type":"ImageObject","inLanguage":"es","@id":"https:\/\/comport.es\/#\/schema\/logo\/image\/","url":"https:\/\/comport.es\/wp-content\/uploads\/2020\/10\/logo_comport_20m.png","contentUrl":"https:\/\/comport.es\/wp-content\/uploads\/2020\/10\/logo_comport_20m.png","width":600,"height":170,"caption":"ALGECIRAS PORT COMMUNITY - COMPORT"},"image":{"@id":"https:\/\/comport.es\/#\/schema\/logo\/image\/"}},{"@type":"Person","@id":"https:\/\/comport.es\/#\/schema\/person\/9277649f8e04dd48c3d73bbaf2c7bebc","name":"admincomport"}]}},"_links":{"self":[{"href":"https:\/\/comport.es\/index.php\/wp-json\/wp\/v2\/posts\/8696","targetHints":{"allow":["GET"]}}],"collection":[{"href":"https:\/\/comport.es\/index.php\/wp-json\/wp\/v2\/posts"}],"about":[{"href":"https:\/\/comport.es\/index.php\/wp-json\/wp\/v2\/types\/post"}],"author":[{"embeddable":true,"href":"https:\/\/comport.es\/index.php\/wp-json\/wp\/v2\/users\/1"}],"replies":[{"embeddable":true,"href":"https:\/\/comport.es\/index.php\/wp-json\/wp\/v2\/comments?post=8696"}],"version-history":[{"count":2,"href":"https:\/\/comport.es\/index.php\/wp-json\/wp\/v2\/posts\/8696\/revisions"}],"predecessor-version":[{"id":8699,"href":"https:\/\/comport.es\/index.php\/wp-json\/wp\/v2\/posts\/8696\/revisions\/8699"}],"wp:featuredmedia":[{"embeddable":true,"href":"https:\/\/comport.es\/index.php\/wp-json\/wp\/v2\/media\/8697"}],"wp:attachment":[{"href":"https:\/\/comport.es\/index.php\/wp-json\/wp\/v2\/media?parent=8696"}],"wp:term":[{"taxonomy":"category","embeddable":true,"href":"https:\/\/comport.es\/index.php\/wp-json\/wp\/v2\/categories?post=8696"},{"taxonomy":"post_tag","embeddable":true,"href":"https:\/\/comport.es\/index.php\/wp-json\/wp\/v2\/tags?post=8696"}],"curies":[{"name":"wp","href":"https:\/\/api.w.org\/{rel}","templated":true}]}}