{"id":8524,"date":"2025-06-20T09:44:48","date_gmt":"2025-06-20T09:44:48","guid":{"rendered":"https:\/\/comport.es\/?p=8524"},"modified":"2025-06-20T09:44:48","modified_gmt":"2025-06-20T09:44:48","slug":"comport-analiza-su-estrategia-de-internacionalizacion-y-sostenibilidad-en-la-asamblea-general-ordinaria","status":"publish","type":"post","link":"https:\/\/comport.es\/index.php\/noticias\/comport-analiza-su-estrategia-de-internacionalizacion-y-sostenibilidad-en-la-asamblea-general-ordinaria\/","title":{"rendered":"Comport analiza su estrategia de internacionalizaci\u00f3n y sostenibilidad en la Asamblea General Ordinaria"},"content":{"rendered":"<p style=\"text-align: justify;\"><span style=\"font-size: 18pt;\"><strong><span style=\"color: #000000;\">La asociaci\u00f3n ha abordado los retos de la descarbonizaci\u00f3n portuaria y ha repasado las acciones comerciales desarrolladas en Asia junto a la APBA<\/span><\/strong><\/span><\/p>\n<p style=\"text-align: justify;\">\n<p style=\"text-align: justify;\"><span style=\"color: #000000;\">La Asociaci\u00f3n de <strong>la Comunidad Portuaria Bah\u00eda de Algeciras (Comport)<\/strong>, de la que forma parte El Estrecho Digital, ha celebrado este mi\u00e9rcoles su Asamblea General Ordinaria, una cita anual que ha reunido a representantes institucionales y empresariales para revisar el estado de las acciones desarrolladas durante el \u00faltimo ejercicio y presentar las l\u00edneas de trabajo para los pr\u00f3ximos meses. El encuentro ha finalizado con una intervenci\u00f3n de Carlos Giner, CCO Descarbonization &amp; Strategic Partnerships de Moeve, quien ha compartido una ponencia centrada en los desaf\u00edos que enfrenta el sistema portuario en el proceso de descarbonizaci\u00f3n.<\/span><\/p>\n<p style=\"text-align: justify;\"><span style=\"color: #000000;\">Giner ha repasado algunas de las soluciones y proyectos sostenibles que <strong>Moeve<\/strong> ya ha puesto en marcha, adaptados a las particularidades del sector log\u00edstico-portuario. Ha explicado que el objetivo de estas iniciativas es acelerar la transici\u00f3n energ\u00e9tica y ha se\u00f1alado que este proceso requiere del compromiso de todos los actores que forman parte de la cadena de valor. En su intervenci\u00f3n, tambi\u00e9n ha valorado la Estrategia Verde del <strong>Puerto Bah\u00eda de Algeciras<\/strong>, como referencia en el \u00e1mbito de la sostenibilidad aplicada al entorno portuario.<\/span><\/p>\n<p style=\"text-align: justify;\"><span style=\"color: #000000;\">Durante la Asamblea, Jos\u00e9 Manuel Tejedor, presidente de <strong>Comport<\/strong>, ha transmitido el compromiso de la asociaci\u00f3n con la transformaci\u00f3n energ\u00e9tica, en l\u00ednea con los objetivos del sistema portuario estatal. Tejedor ha recordado la labor conjunta que se desarrolla con la Autoridad Portuaria de la Bah\u00eda de Algeciras (<strong>APBA<\/strong>) a trav\u00e9s del calendario comercial acordado entre ambas entidades, que recoge distintas actuaciones orientadas a la promoci\u00f3n internacional del puerto y su comunidad empresarial. En este contexto, ha subrayado la profesionalidad y la participaci\u00f3n activa de las empresas que integran <strong>Comport<\/strong>, cuyo n\u00famero <strong>ha superado recientemente los 160 socios<\/strong>, tras las \u00faltimas incorporaciones. Seg\u00fan ha indicado, esta evoluci\u00f3n es reflejo de un proceso de consolidaci\u00f3n que se inici\u00f3 hace m\u00e1s de 25 a\u00f1os.<\/span><\/p>\n<p style=\"text-align: justify;\">\n<p style=\"text-align: justify;\"><strong><span style=\"color: #000000; font-size: 14pt;\">Comport supera los 160 socios y aprueba su hoja de ruta para 2025<\/span><\/strong><\/p>\n<p style=\"text-align: justify;\">\n<p style=\"text-align: justify;\"><span style=\"color: #000000;\">A la sesi\u00f3n tambi\u00e9n ha asistido Gerardo Landaluce, presidente de la <strong>APBA<\/strong>, quien ha ofrecido un balance de la actividad comercial desarrollada en Asia en los \u00faltimos meses. Landaluce ha informado sobre las reuniones de trabajo mantenidas en Se\u00fal y sobre la reciente misi\u00f3n comercial multisectorial a China, que tuvo lugar el pasado mes de mayo. Esta misi\u00f3n incluy\u00f3 actividades en ciudades como Pek\u00edn, Ningbo y Shangh\u00e1i, y cont\u00f3 con la participaci\u00f3n de varias empresas de la Comunidad Portuaria, adem\u00e1s del respaldo institucional de la C\u00e1mara de Comercio del Campo de Gibraltar.<\/span><\/p>\n<p style=\"text-align: justify;\"><span style=\"color: #000000;\">En su intervenci\u00f3n, Landaluce ha valorado el trabajo conjunto que se mantiene con <strong>Comport<\/strong> para seguir generando oportunidades de negocio en nuevos mercados y consolidar el posicionamiento internacional del Puerto Bah\u00eda de Algeciras. A continuaci\u00f3n, Nicol\u00e1s Mart\u00ednez y Javier L\u00f3pez, jefe del \u00c1rea de Desarrollo de Negocio y Marketing, y jefe del Departamento Comercial de la <strong>APBA<\/strong>, respectivamente, han presentado el plan de acci\u00f3n previsto para el segundo semestre del a\u00f1o. Entre las iniciativas destacadas, han anunciado la organizaci\u00f3n de una presentaci\u00f3n comercial en Singapur, enfocada en los servicios al buque, con el objetivo de ampliar la visibilidad del puerto en el sudeste asi\u00e1tico.<\/span><\/p>\n<p style=\"text-align: justify;\"><span style=\"color: #000000;\">El encuentro tambi\u00e9n ha servido para hacer balance de las acciones desarrolladas durante el \u00faltimo a\u00f1o. Entre ellas, se ha repasado la participaci\u00f3n de <strong>Comport<\/strong> y sus empresas asociadas en ferias y encuentros profesionales, tanto nacionales como internacionales, en sectores vinculados a la log\u00edstica y los servicios al buque. Muchas de estas actividades han contado con el apoyo del programa PYME Global de la C\u00e1mara de Comercio del Campo de Gibraltar.<\/span><\/p>\n<p style=\"text-align: justify;\"><span style=\"color: #000000;\">Por \u00faltimo, la Asamblea ha aprobado los estados financieros correspondientes al ejercicio 2024, los presupuestos y cuotas para el a\u00f1o en curso, as\u00ed como la incorporaci\u00f3n de nuevos socios a la entidad.<\/span><\/p>\n<p style=\"text-align: justify;\">\n<p style=\"text-align: justify;\"><span style=\"color: #000000;\"><strong>FUENTE:<\/strong> EL ESTRECHO DIGITAL<\/span><\/p>\n","protected":false},"excerpt":{"rendered":"<p>La asociaci\u00f3n ha abordado los retos de la descarbonizaci\u00f3n portuaria y ha repasado las acciones comerciales desarrolladas en Asia junto a la APBA La Asociaci\u00f3n de la Comunidad Portuaria Bah\u00eda de Algeciras (Comport), de la que forma parte El Estrecho Digital, ha celebrado este mi\u00e9rcoles [&hellip;]<\/p>\n","protected":false},"author":1,"featured_media":8525,"comment_status":"closed","ping_status":"closed","sticky":false,"template":"","format":"standard","meta":{"footnotes":""},"categories":[921],"tags":[],"class_list":["post-8524","post","type-post","status-publish","format-standard","has-post-thumbnail","hentry","category-noticias"],"yoast_head":"<!-- This site is optimized with the Yoast SEO plugin v27.4 - https:\/\/yoast.com\/product\/yoast-seo-wordpress\/ -->\n<title>Comport analiza su estrategia de internacionalizaci\u00f3n y sostenibilidad en la Asamblea General Ordinaria | COMPORT<\/title>\n<meta name=\"robots\" content=\"noindex, follow\" \/>\n<meta property=\"og:locale\" content=\"es_ES\" \/>\n<meta property=\"og:type\" content=\"article\" \/>\n<meta property=\"og:title\" content=\"Comport analiza su estrategia de internacionalizaci\u00f3n y sostenibilidad en la Asamblea General Ordinaria | COMPORT\" \/>\n<meta property=\"og:description\" content=\"La asociaci\u00f3n ha abordado los retos de la descarbonizaci\u00f3n portuaria y ha repasado las acciones comerciales desarrolladas en Asia junto a la APBA La Asociaci\u00f3n de la Comunidad Portuaria Bah\u00eda de Algeciras (Comport), de la que forma parte El Estrecho Digital, ha celebrado este mi\u00e9rcoles [&hellip;]\" \/>\n<meta property=\"og:url\" content=\"https:\/\/comport.es\/index.php\/noticias\/comport-analiza-su-estrategia-de-internacionalizacion-y-sostenibilidad-en-la-asamblea-general-ordinaria\/\" \/>\n<meta property=\"og:site_name\" content=\"COMPORT\" \/>\n<meta property=\"article:published_time\" content=\"2025-06-20T09:44:48+00:00\" \/>\n<meta property=\"og:image\" content=\"https:\/\/comport.es\/wp-content\/uploads\/2025\/06\/ASAMBLEA-2025.jpg\" \/>\n\t<meta property=\"og:image:width\" content=\"1300\" \/>\n\t<meta property=\"og:image:height\" content=\"722\" \/>\n\t<meta property=\"og:image:type\" content=\"image\/jpeg\" \/>\n<meta name=\"author\" content=\"admincomport\" \/>\n<meta name=\"twitter:card\" content=\"summary_large_image\" \/>\n<meta name=\"twitter:label1\" content=\"Escrito por\" \/>\n\t<meta name=\"twitter:data1\" content=\"admincomport\" \/>\n\t<meta name=\"twitter:label2\" content=\"Tiempo de lectura\" \/>\n\t<meta name=\"twitter:data2\" content=\"3 minutos\" \/>\n<script type=\"application\/ld+json\" class=\"yoast-schema-graph\">{\"@context\":\"https:\\\/\\\/schema.org\",\"@graph\":[{\"@type\":\"Article\",\"@id\":\"https:\\\/\\\/comport.es\\\/index.php\\\/noticias\\\/comport-analiza-su-estrategia-de-internacionalizacion-y-sostenibilidad-en-la-asamblea-general-ordinaria\\\/#article\",\"isPartOf\":{\"@id\":\"https:\\\/\\\/comport.es\\\/index.php\\\/noticias\\\/comport-analiza-su-estrategia-de-internacionalizacion-y-sostenibilidad-en-la-asamblea-general-ordinaria\\\/\"},\"author\":{\"name\":\"admincomport\",\"@id\":\"https:\\\/\\\/comport.es\\\/#\\\/schema\\\/person\\\/9277649f8e04dd48c3d73bbaf2c7bebc\"},\"headline\":\"Comport analiza su estrategia de internacionalizaci\u00f3n y sostenibilidad en la Asamblea General Ordinaria\",\"datePublished\":\"2025-06-20T09:44:48+00:00\",\"mainEntityOfPage\":{\"@id\":\"https:\\\/\\\/comport.es\\\/index.php\\\/noticias\\\/comport-analiza-su-estrategia-de-internacionalizacion-y-sostenibilidad-en-la-asamblea-general-ordinaria\\\/\"},\"wordCount\":707,\"publisher\":{\"@id\":\"https:\\\/\\\/comport.es\\\/#organization\"},\"image\":{\"@id\":\"https:\\\/\\\/comport.es\\\/index.php\\\/noticias\\\/comport-analiza-su-estrategia-de-internacionalizacion-y-sostenibilidad-en-la-asamblea-general-ordinaria\\\/#primaryimage\"},\"thumbnailUrl\":\"https:\\\/\\\/comport.es\\\/wp-content\\\/uploads\\\/2025\\\/06\\\/ASAMBLEA-2025.jpg\",\"articleSection\":[\"Noticias\"],\"inLanguage\":\"es\"},{\"@type\":\"WebPage\",\"@id\":\"https:\\\/\\\/comport.es\\\/index.php\\\/noticias\\\/comport-analiza-su-estrategia-de-internacionalizacion-y-sostenibilidad-en-la-asamblea-general-ordinaria\\\/\",\"url\":\"https:\\\/\\\/comport.es\\\/index.php\\\/noticias\\\/comport-analiza-su-estrategia-de-internacionalizacion-y-sostenibilidad-en-la-asamblea-general-ordinaria\\\/\",\"name\":\"Comport analiza su estrategia de internacionalizaci\u00f3n y sostenibilidad en la Asamblea General Ordinaria | COMPORT\",\"isPartOf\":{\"@id\":\"https:\\\/\\\/comport.es\\\/#website\"},\"primaryImageOfPage\":{\"@id\":\"https:\\\/\\\/comport.es\\\/index.php\\\/noticias\\\/comport-analiza-su-estrategia-de-internacionalizacion-y-sostenibilidad-en-la-asamblea-general-ordinaria\\\/#primaryimage\"},\"image\":{\"@id\":\"https:\\\/\\\/comport.es\\\/index.php\\\/noticias\\\/comport-analiza-su-estrategia-de-internacionalizacion-y-sostenibilidad-en-la-asamblea-general-ordinaria\\\/#primaryimage\"},\"thumbnailUrl\":\"https:\\\/\\\/comport.es\\\/wp-content\\\/uploads\\\/2025\\\/06\\\/ASAMBLEA-2025.jpg\",\"datePublished\":\"2025-06-20T09:44:48+00:00\",\"breadcrumb\":{\"@id\":\"https:\\\/\\\/comport.es\\\/index.php\\\/noticias\\\/comport-analiza-su-estrategia-de-internacionalizacion-y-sostenibilidad-en-la-asamblea-general-ordinaria\\\/#breadcrumb\"},\"inLanguage\":\"es\",\"potentialAction\":[{\"@type\":\"ReadAction\",\"target\":[\"https:\\\/\\\/comport.es\\\/index.php\\\/noticias\\\/comport-analiza-su-estrategia-de-internacionalizacion-y-sostenibilidad-en-la-asamblea-general-ordinaria\\\/\"]}]},{\"@type\":\"ImageObject\",\"inLanguage\":\"es\",\"@id\":\"https:\\\/\\\/comport.es\\\/index.php\\\/noticias\\\/comport-analiza-su-estrategia-de-internacionalizacion-y-sostenibilidad-en-la-asamblea-general-ordinaria\\\/#primaryimage\",\"url\":\"https:\\\/\\\/comport.es\\\/wp-content\\\/uploads\\\/2025\\\/06\\\/ASAMBLEA-2025.jpg\",\"contentUrl\":\"https:\\\/\\\/comport.es\\\/wp-content\\\/uploads\\\/2025\\\/06\\\/ASAMBLEA-2025.jpg\",\"width\":1300,\"height\":722},{\"@type\":\"BreadcrumbList\",\"@id\":\"https:\\\/\\\/comport.es\\\/index.php\\\/noticias\\\/comport-analiza-su-estrategia-de-internacionalizacion-y-sostenibilidad-en-la-asamblea-general-ordinaria\\\/#breadcrumb\",\"itemListElement\":[{\"@type\":\"ListItem\",\"position\":1,\"name\":\"Portada\",\"item\":\"https:\\\/\\\/comport.es\\\/\"},{\"@type\":\"ListItem\",\"position\":2,\"name\":\"Comport analiza su estrategia de internacionalizaci\u00f3n y sostenibilidad en la Asamblea General Ordinaria\"}]},{\"@type\":\"WebSite\",\"@id\":\"https:\\\/\\\/comport.es\\\/#website\",\"url\":\"https:\\\/\\\/comport.es\\\/\",\"name\":\"COMPORT\",\"description\":\"Port Community of Algeciras Bay\",\"publisher\":{\"@id\":\"https:\\\/\\\/comport.es\\\/#organization\"},\"potentialAction\":[{\"@type\":\"SearchAction\",\"target\":{\"@type\":\"EntryPoint\",\"urlTemplate\":\"https:\\\/\\\/comport.es\\\/?s={search_term_string}\"},\"query-input\":{\"@type\":\"PropertyValueSpecification\",\"valueRequired\":true,\"valueName\":\"search_term_string\"}}],\"inLanguage\":\"es\"},{\"@type\":\"Organization\",\"@id\":\"https:\\\/\\\/comport.es\\\/#organization\",\"name\":\"ALGECIRAS PORT COMMUNITY - COMPORT\",\"url\":\"https:\\\/\\\/comport.es\\\/\",\"logo\":{\"@type\":\"ImageObject\",\"inLanguage\":\"es\",\"@id\":\"https:\\\/\\\/comport.es\\\/#\\\/schema\\\/logo\\\/image\\\/\",\"url\":\"https:\\\/\\\/comport.es\\\/wp-content\\\/uploads\\\/2020\\\/10\\\/logo_comport_20m.png\",\"contentUrl\":\"https:\\\/\\\/comport.es\\\/wp-content\\\/uploads\\\/2020\\\/10\\\/logo_comport_20m.png\",\"width\":600,\"height\":170,\"caption\":\"ALGECIRAS PORT COMMUNITY - COMPORT\"},\"image\":{\"@id\":\"https:\\\/\\\/comport.es\\\/#\\\/schema\\\/logo\\\/image\\\/\"}},{\"@type\":\"Person\",\"@id\":\"https:\\\/\\\/comport.es\\\/#\\\/schema\\\/person\\\/9277649f8e04dd48c3d73bbaf2c7bebc\",\"name\":\"admincomport\"}]}<\/script>\n<!-- \/ Yoast SEO plugin. -->","yoast_head_json":{"title":"Comport analiza su estrategia de internacionalizaci\u00f3n y sostenibilidad en la Asamblea General Ordinaria | COMPORT","robots":{"index":"noindex","follow":"follow"},"og_locale":"es_ES","og_type":"article","og_title":"Comport analiza su estrategia de internacionalizaci\u00f3n y sostenibilidad en la Asamblea General Ordinaria | COMPORT","og_description":"La asociaci\u00f3n ha abordado los retos de la descarbonizaci\u00f3n portuaria y ha repasado las acciones comerciales desarrolladas en Asia junto a la APBA La Asociaci\u00f3n de la Comunidad Portuaria Bah\u00eda de Algeciras (Comport), de la que forma parte El Estrecho Digital, ha celebrado este mi\u00e9rcoles [&hellip;]","og_url":"https:\/\/comport.es\/index.php\/noticias\/comport-analiza-su-estrategia-de-internacionalizacion-y-sostenibilidad-en-la-asamblea-general-ordinaria\/","og_site_name":"COMPORT","article_published_time":"2025-06-20T09:44:48+00:00","og_image":[{"width":1300,"height":722,"url":"https:\/\/comport.es\/wp-content\/uploads\/2025\/06\/ASAMBLEA-2025.jpg","type":"image\/jpeg"}],"author":"admincomport","twitter_card":"summary_large_image","twitter_misc":{"Escrito por":"admincomport","Tiempo de lectura":"3 minutos"},"schema":{"@context":"https:\/\/schema.org","@graph":[{"@type":"Article","@id":"https:\/\/comport.es\/index.php\/noticias\/comport-analiza-su-estrategia-de-internacionalizacion-y-sostenibilidad-en-la-asamblea-general-ordinaria\/#article","isPartOf":{"@id":"https:\/\/comport.es\/index.php\/noticias\/comport-analiza-su-estrategia-de-internacionalizacion-y-sostenibilidad-en-la-asamblea-general-ordinaria\/"},"author":{"name":"admincomport","@id":"https:\/\/comport.es\/#\/schema\/person\/9277649f8e04dd48c3d73bbaf2c7bebc"},"headline":"Comport analiza su estrategia de internacionalizaci\u00f3n y sostenibilidad en la Asamblea General Ordinaria","datePublished":"2025-06-20T09:44:48+00:00","mainEntityOfPage":{"@id":"https:\/\/comport.es\/index.php\/noticias\/comport-analiza-su-estrategia-de-internacionalizacion-y-sostenibilidad-en-la-asamblea-general-ordinaria\/"},"wordCount":707,"publisher":{"@id":"https:\/\/comport.es\/#organization"},"image":{"@id":"https:\/\/comport.es\/index.php\/noticias\/comport-analiza-su-estrategia-de-internacionalizacion-y-sostenibilidad-en-la-asamblea-general-ordinaria\/#primaryimage"},"thumbnailUrl":"https:\/\/comport.es\/wp-content\/uploads\/2025\/06\/ASAMBLEA-2025.jpg","articleSection":["Noticias"],"inLanguage":"es"},{"@type":"WebPage","@id":"https:\/\/comport.es\/index.php\/noticias\/comport-analiza-su-estrategia-de-internacionalizacion-y-sostenibilidad-en-la-asamblea-general-ordinaria\/","url":"https:\/\/comport.es\/index.php\/noticias\/comport-analiza-su-estrategia-de-internacionalizacion-y-sostenibilidad-en-la-asamblea-general-ordinaria\/","name":"Comport analiza su estrategia de internacionalizaci\u00f3n y sostenibilidad en la Asamblea General Ordinaria | COMPORT","isPartOf":{"@id":"https:\/\/comport.es\/#website"},"primaryImageOfPage":{"@id":"https:\/\/comport.es\/index.php\/noticias\/comport-analiza-su-estrategia-de-internacionalizacion-y-sostenibilidad-en-la-asamblea-general-ordinaria\/#primaryimage"},"image":{"@id":"https:\/\/comport.es\/index.php\/noticias\/comport-analiza-su-estrategia-de-internacionalizacion-y-sostenibilidad-en-la-asamblea-general-ordinaria\/#primaryimage"},"thumbnailUrl":"https:\/\/comport.es\/wp-content\/uploads\/2025\/06\/ASAMBLEA-2025.jpg","datePublished":"2025-06-20T09:44:48+00:00","breadcrumb":{"@id":"https:\/\/comport.es\/index.php\/noticias\/comport-analiza-su-estrategia-de-internacionalizacion-y-sostenibilidad-en-la-asamblea-general-ordinaria\/#breadcrumb"},"inLanguage":"es","potentialAction":[{"@type":"ReadAction","target":["https:\/\/comport.es\/index.php\/noticias\/comport-analiza-su-estrategia-de-internacionalizacion-y-sostenibilidad-en-la-asamblea-general-ordinaria\/"]}]},{"@type":"ImageObject","inLanguage":"es","@id":"https:\/\/comport.es\/index.php\/noticias\/comport-analiza-su-estrategia-de-internacionalizacion-y-sostenibilidad-en-la-asamblea-general-ordinaria\/#primaryimage","url":"https:\/\/comport.es\/wp-content\/uploads\/2025\/06\/ASAMBLEA-2025.jpg","contentUrl":"https:\/\/comport.es\/wp-content\/uploads\/2025\/06\/ASAMBLEA-2025.jpg","width":1300,"height":722},{"@type":"BreadcrumbList","@id":"https:\/\/comport.es\/index.php\/noticias\/comport-analiza-su-estrategia-de-internacionalizacion-y-sostenibilidad-en-la-asamblea-general-ordinaria\/#breadcrumb","itemListElement":[{"@type":"ListItem","position":1,"name":"Portada","item":"https:\/\/comport.es\/"},{"@type":"ListItem","position":2,"name":"Comport analiza su estrategia de internacionalizaci\u00f3n y sostenibilidad en la Asamblea General Ordinaria"}]},{"@type":"WebSite","@id":"https:\/\/comport.es\/#website","url":"https:\/\/comport.es\/","name":"COMPORT","description":"Port Community of Algeciras Bay","publisher":{"@id":"https:\/\/comport.es\/#organization"},"potentialAction":[{"@type":"SearchAction","target":{"@type":"EntryPoint","urlTemplate":"https:\/\/comport.es\/?s={search_term_string}"},"query-input":{"@type":"PropertyValueSpecification","valueRequired":true,"valueName":"search_term_string"}}],"inLanguage":"es"},{"@type":"Organization","@id":"https:\/\/comport.es\/#organization","name":"ALGECIRAS PORT COMMUNITY - COMPORT","url":"https:\/\/comport.es\/","logo":{"@type":"ImageObject","inLanguage":"es","@id":"https:\/\/comport.es\/#\/schema\/logo\/image\/","url":"https:\/\/comport.es\/wp-content\/uploads\/2020\/10\/logo_comport_20m.png","contentUrl":"https:\/\/comport.es\/wp-content\/uploads\/2020\/10\/logo_comport_20m.png","width":600,"height":170,"caption":"ALGECIRAS PORT COMMUNITY - COMPORT"},"image":{"@id":"https:\/\/comport.es\/#\/schema\/logo\/image\/"}},{"@type":"Person","@id":"https:\/\/comport.es\/#\/schema\/person\/9277649f8e04dd48c3d73bbaf2c7bebc","name":"admincomport"}]}},"_links":{"self":[{"href":"https:\/\/comport.es\/index.php\/wp-json\/wp\/v2\/posts\/8524","targetHints":{"allow":["GET"]}}],"collection":[{"href":"https:\/\/comport.es\/index.php\/wp-json\/wp\/v2\/posts"}],"about":[{"href":"https:\/\/comport.es\/index.php\/wp-json\/wp\/v2\/types\/post"}],"author":[{"embeddable":true,"href":"https:\/\/comport.es\/index.php\/wp-json\/wp\/v2\/users\/1"}],"replies":[{"embeddable":true,"href":"https:\/\/comport.es\/index.php\/wp-json\/wp\/v2\/comments?post=8524"}],"version-history":[{"count":1,"href":"https:\/\/comport.es\/index.php\/wp-json\/wp\/v2\/posts\/8524\/revisions"}],"predecessor-version":[{"id":8526,"href":"https:\/\/comport.es\/index.php\/wp-json\/wp\/v2\/posts\/8524\/revisions\/8526"}],"wp:featuredmedia":[{"embeddable":true,"href":"https:\/\/comport.es\/index.php\/wp-json\/wp\/v2\/media\/8525"}],"wp:attachment":[{"href":"https:\/\/comport.es\/index.php\/wp-json\/wp\/v2\/media?parent=8524"}],"wp:term":[{"taxonomy":"category","embeddable":true,"href":"https:\/\/comport.es\/index.php\/wp-json\/wp\/v2\/categories?post=8524"},{"taxonomy":"post_tag","embeddable":true,"href":"https:\/\/comport.es\/index.php\/wp-json\/wp\/v2\/tags?post=8524"}],"curies":[{"name":"wp","href":"https:\/\/api.w.org\/{rel}","templated":true}]}}