{"id":8485,"date":"2025-05-15T08:02:03","date_gmt":"2025-05-15T08:02:03","guid":{"rendered":"https:\/\/comport.es\/?p=8485"},"modified":"2025-05-15T08:02:03","modified_gmt":"2025-05-15T08:02:03","slug":"la-comunidad-portuaria-de-algeciras-promociona-su-potencial-en-la-feria-breakbulk","status":"publish","type":"post","link":"https:\/\/comport.es\/index.php\/noticias\/la-comunidad-portuaria-de-algeciras-promociona-su-potencial-en-la-feria-breakbulk\/","title":{"rendered":"La comunidad portuaria de Algeciras promociona su potencial en la feria Breakbulk"},"content":{"rendered":"<p style=\"text-align: justify;\"><span style=\"font-size: 18pt;\"><strong><span style=\"color: #000000;\">En R\u00f3terdam el Puerto de Algeciras cuenta con un espacio en el stand Ports of Spain<\/span><\/strong><\/span><\/p>\n<p style=\"text-align: justify;\">\n<p style=\"text-align: justify;\"><span style=\"color: #000000;\">Una comitiva de la<strong> Autoridad Portuaria de la Bah\u00eda de Algeciras<\/strong> est\u00e1 participando en la<strong> Feria BREAKBULK Europe<\/strong> que se celebra en R\u00f3terdam . Se trata de la cita de las cargas especiales hasta la que adem\u00e1s de la Autoridad Portuaria, se ha desplazado una importante delegaci\u00f3n de responsables de empresas algecire\u00f1as de la Comunidad Portuaria como P\u00e9rez y C\u00eda, Total Logistic, Cadiship, Total Engineering; Next Maritime; Bernardino Abad; Incargo Andalucia, Lemmas Shipping, Carmar Maritime, Gibunco, Scamp Marine y Transbull, que adem\u00e1s cuentan en su desplazamiento con el respaldo financiero del Programa PYME Global cofinanciado por fondos Feder de la Uni\u00f3n Europea y la Diputaci\u00f3n<\/span><\/p>\n<p style=\"text-align: justify;\"><span style=\"color: #000000;\">En R\u00f3terdam el <strong>Puerto de Algeciras<\/strong> cuenta con un espacio en el <strong>stand Ports of Spain 1A21-B20<\/strong> donde muestra todas las posibilidades para mover mercanc\u00eda sobredimensionada o carga de proyecto, es decir, piezas especiales o de gran envergadura como el material de los parques e\u00f3licos, entre otros tr\u00e1ficos. Precisamente el pasado invierno el Puerto de Algeciras acog\u00eda la operativa log\u00edstica asociada al Proyecto Tahivilla por el que Acciona Energ\u00eda est\u00e1 repotenciando el<strong> Parque E\u00f3lico Tahivilla<\/strong> con aerogeneradores m\u00e1s modernos, potentes y eficientes para maximizar el aprovechamiento de los vientos de Levante y Poniente que soplan en el Estrecho de Gibraltar. Hasta el momento ha sido la mayor operaci\u00f3n log\u00edstica de componentes para energ\u00eda e\u00f3lica manipulada en <strong>el Puerto de Algeciras.<\/strong><\/span><\/p>\n<p style=\"text-align: justify;\"><span style=\"color: #000000;\"><strong>FUENTE:<\/strong> ANDALUC\u00cdA INFORMACI\u00d3N<\/span><\/p>\n","protected":false},"excerpt":{"rendered":"<p>En R\u00f3terdam el Puerto de Algeciras cuenta con un espacio en el stand Ports of Spain Una comitiva de la Autoridad Portuaria de la Bah\u00eda de Algeciras est\u00e1 participando en la Feria BREAKBULK Europe que se celebra en R\u00f3terdam . Se trata de la cita [&hellip;]<\/p>\n","protected":false},"author":1,"featured_media":8486,"comment_status":"closed","ping_status":"closed","sticky":false,"template":"","format":"standard","meta":{"footnotes":""},"categories":[921],"tags":[],"class_list":["post-8485","post","type-post","status-publish","format-standard","has-post-thumbnail","hentry","category-noticias"],"yoast_head":"<!-- This site is optimized with the Yoast SEO plugin v27.4 - https:\/\/yoast.com\/product\/yoast-seo-wordpress\/ -->\n<title>La comunidad portuaria de Algeciras promociona su potencial en la feria Breakbulk | COMPORT<\/title>\n<meta name=\"robots\" content=\"noindex, follow\" \/>\n<meta property=\"og:locale\" content=\"es_ES\" \/>\n<meta property=\"og:type\" content=\"article\" \/>\n<meta property=\"og:title\" content=\"La comunidad portuaria de Algeciras promociona su potencial en la feria Breakbulk | COMPORT\" \/>\n<meta property=\"og:description\" content=\"En R\u00f3terdam el Puerto de Algeciras cuenta con un espacio en el stand Ports of Spain Una comitiva de la Autoridad Portuaria de la Bah\u00eda de Algeciras est\u00e1 participando en la Feria BREAKBULK Europe que se celebra en R\u00f3terdam . Se trata de la cita [&hellip;]\" \/>\n<meta property=\"og:url\" content=\"https:\/\/comport.es\/index.php\/noticias\/la-comunidad-portuaria-de-algeciras-promociona-su-potencial-en-la-feria-breakbulk\/\" \/>\n<meta property=\"og:site_name\" content=\"COMPORT\" \/>\n<meta property=\"article:published_time\" content=\"2025-05-15T08:02:03+00:00\" \/>\n<meta property=\"og:image\" content=\"https:\/\/comport.es\/wp-content\/uploads\/2025\/05\/BREAKBULK-2025.jpg\" \/>\n\t<meta property=\"og:image:width\" content=\"1300\" \/>\n\t<meta property=\"og:image:height\" content=\"722\" \/>\n\t<meta property=\"og:image:type\" content=\"image\/jpeg\" \/>\n<meta name=\"author\" content=\"admincomport\" \/>\n<meta name=\"twitter:card\" content=\"summary_large_image\" \/>\n<meta name=\"twitter:label1\" content=\"Escrito por\" \/>\n\t<meta name=\"twitter:data1\" content=\"admincomport\" \/>\n\t<meta name=\"twitter:label2\" content=\"Tiempo de lectura\" \/>\n\t<meta name=\"twitter:data2\" content=\"2 minutos\" \/>\n<script type=\"application\/ld+json\" class=\"yoast-schema-graph\">{\"@context\":\"https:\\\/\\\/schema.org\",\"@graph\":[{\"@type\":\"Article\",\"@id\":\"https:\\\/\\\/comport.es\\\/index.php\\\/noticias\\\/la-comunidad-portuaria-de-algeciras-promociona-su-potencial-en-la-feria-breakbulk\\\/#article\",\"isPartOf\":{\"@id\":\"https:\\\/\\\/comport.es\\\/index.php\\\/noticias\\\/la-comunidad-portuaria-de-algeciras-promociona-su-potencial-en-la-feria-breakbulk\\\/\"},\"author\":{\"name\":\"admincomport\",\"@id\":\"https:\\\/\\\/comport.es\\\/#\\\/schema\\\/person\\\/9277649f8e04dd48c3d73bbaf2c7bebc\"},\"headline\":\"La comunidad portuaria de Algeciras promociona su potencial en la feria Breakbulk\",\"datePublished\":\"2025-05-15T08:02:03+00:00\",\"mainEntityOfPage\":{\"@id\":\"https:\\\/\\\/comport.es\\\/index.php\\\/noticias\\\/la-comunidad-portuaria-de-algeciras-promociona-su-potencial-en-la-feria-breakbulk\\\/\"},\"wordCount\":282,\"publisher\":{\"@id\":\"https:\\\/\\\/comport.es\\\/#organization\"},\"image\":{\"@id\":\"https:\\\/\\\/comport.es\\\/index.php\\\/noticias\\\/la-comunidad-portuaria-de-algeciras-promociona-su-potencial-en-la-feria-breakbulk\\\/#primaryimage\"},\"thumbnailUrl\":\"https:\\\/\\\/comport.es\\\/wp-content\\\/uploads\\\/2025\\\/05\\\/BREAKBULK-2025.jpg\",\"articleSection\":[\"Noticias\"],\"inLanguage\":\"es\"},{\"@type\":\"WebPage\",\"@id\":\"https:\\\/\\\/comport.es\\\/index.php\\\/noticias\\\/la-comunidad-portuaria-de-algeciras-promociona-su-potencial-en-la-feria-breakbulk\\\/\",\"url\":\"https:\\\/\\\/comport.es\\\/index.php\\\/noticias\\\/la-comunidad-portuaria-de-algeciras-promociona-su-potencial-en-la-feria-breakbulk\\\/\",\"name\":\"La comunidad portuaria de Algeciras promociona su potencial en la feria Breakbulk | COMPORT\",\"isPartOf\":{\"@id\":\"https:\\\/\\\/comport.es\\\/#website\"},\"primaryImageOfPage\":{\"@id\":\"https:\\\/\\\/comport.es\\\/index.php\\\/noticias\\\/la-comunidad-portuaria-de-algeciras-promociona-su-potencial-en-la-feria-breakbulk\\\/#primaryimage\"},\"image\":{\"@id\":\"https:\\\/\\\/comport.es\\\/index.php\\\/noticias\\\/la-comunidad-portuaria-de-algeciras-promociona-su-potencial-en-la-feria-breakbulk\\\/#primaryimage\"},\"thumbnailUrl\":\"https:\\\/\\\/comport.es\\\/wp-content\\\/uploads\\\/2025\\\/05\\\/BREAKBULK-2025.jpg\",\"datePublished\":\"2025-05-15T08:02:03+00:00\",\"breadcrumb\":{\"@id\":\"https:\\\/\\\/comport.es\\\/index.php\\\/noticias\\\/la-comunidad-portuaria-de-algeciras-promociona-su-potencial-en-la-feria-breakbulk\\\/#breadcrumb\"},\"inLanguage\":\"es\",\"potentialAction\":[{\"@type\":\"ReadAction\",\"target\":[\"https:\\\/\\\/comport.es\\\/index.php\\\/noticias\\\/la-comunidad-portuaria-de-algeciras-promociona-su-potencial-en-la-feria-breakbulk\\\/\"]}]},{\"@type\":\"ImageObject\",\"inLanguage\":\"es\",\"@id\":\"https:\\\/\\\/comport.es\\\/index.php\\\/noticias\\\/la-comunidad-portuaria-de-algeciras-promociona-su-potencial-en-la-feria-breakbulk\\\/#primaryimage\",\"url\":\"https:\\\/\\\/comport.es\\\/wp-content\\\/uploads\\\/2025\\\/05\\\/BREAKBULK-2025.jpg\",\"contentUrl\":\"https:\\\/\\\/comport.es\\\/wp-content\\\/uploads\\\/2025\\\/05\\\/BREAKBULK-2025.jpg\",\"width\":1300,\"height\":722},{\"@type\":\"BreadcrumbList\",\"@id\":\"https:\\\/\\\/comport.es\\\/index.php\\\/noticias\\\/la-comunidad-portuaria-de-algeciras-promociona-su-potencial-en-la-feria-breakbulk\\\/#breadcrumb\",\"itemListElement\":[{\"@type\":\"ListItem\",\"position\":1,\"name\":\"Portada\",\"item\":\"https:\\\/\\\/comport.es\\\/\"},{\"@type\":\"ListItem\",\"position\":2,\"name\":\"La comunidad portuaria de Algeciras promociona su potencial en la feria Breakbulk\"}]},{\"@type\":\"WebSite\",\"@id\":\"https:\\\/\\\/comport.es\\\/#website\",\"url\":\"https:\\\/\\\/comport.es\\\/\",\"name\":\"COMPORT\",\"description\":\"Port Community of Algeciras Bay\",\"publisher\":{\"@id\":\"https:\\\/\\\/comport.es\\\/#organization\"},\"potentialAction\":[{\"@type\":\"SearchAction\",\"target\":{\"@type\":\"EntryPoint\",\"urlTemplate\":\"https:\\\/\\\/comport.es\\\/?s={search_term_string}\"},\"query-input\":{\"@type\":\"PropertyValueSpecification\",\"valueRequired\":true,\"valueName\":\"search_term_string\"}}],\"inLanguage\":\"es\"},{\"@type\":\"Organization\",\"@id\":\"https:\\\/\\\/comport.es\\\/#organization\",\"name\":\"ALGECIRAS PORT COMMUNITY - COMPORT\",\"url\":\"https:\\\/\\\/comport.es\\\/\",\"logo\":{\"@type\":\"ImageObject\",\"inLanguage\":\"es\",\"@id\":\"https:\\\/\\\/comport.es\\\/#\\\/schema\\\/logo\\\/image\\\/\",\"url\":\"https:\\\/\\\/comport.es\\\/wp-content\\\/uploads\\\/2020\\\/10\\\/logo_comport_20m.png\",\"contentUrl\":\"https:\\\/\\\/comport.es\\\/wp-content\\\/uploads\\\/2020\\\/10\\\/logo_comport_20m.png\",\"width\":600,\"height\":170,\"caption\":\"ALGECIRAS PORT COMMUNITY - COMPORT\"},\"image\":{\"@id\":\"https:\\\/\\\/comport.es\\\/#\\\/schema\\\/logo\\\/image\\\/\"}},{\"@type\":\"Person\",\"@id\":\"https:\\\/\\\/comport.es\\\/#\\\/schema\\\/person\\\/9277649f8e04dd48c3d73bbaf2c7bebc\",\"name\":\"admincomport\"}]}<\/script>\n<!-- \/ Yoast SEO plugin. -->","yoast_head_json":{"title":"La comunidad portuaria de Algeciras promociona su potencial en la feria Breakbulk | COMPORT","robots":{"index":"noindex","follow":"follow"},"og_locale":"es_ES","og_type":"article","og_title":"La comunidad portuaria de Algeciras promociona su potencial en la feria Breakbulk | COMPORT","og_description":"En R\u00f3terdam el Puerto de Algeciras cuenta con un espacio en el stand Ports of Spain Una comitiva de la Autoridad Portuaria de la Bah\u00eda de Algeciras est\u00e1 participando en la Feria BREAKBULK Europe que se celebra en R\u00f3terdam . Se trata de la cita [&hellip;]","og_url":"https:\/\/comport.es\/index.php\/noticias\/la-comunidad-portuaria-de-algeciras-promociona-su-potencial-en-la-feria-breakbulk\/","og_site_name":"COMPORT","article_published_time":"2025-05-15T08:02:03+00:00","og_image":[{"width":1300,"height":722,"url":"https:\/\/comport.es\/wp-content\/uploads\/2025\/05\/BREAKBULK-2025.jpg","type":"image\/jpeg"}],"author":"admincomport","twitter_card":"summary_large_image","twitter_misc":{"Escrito por":"admincomport","Tiempo de lectura":"2 minutos"},"schema":{"@context":"https:\/\/schema.org","@graph":[{"@type":"Article","@id":"https:\/\/comport.es\/index.php\/noticias\/la-comunidad-portuaria-de-algeciras-promociona-su-potencial-en-la-feria-breakbulk\/#article","isPartOf":{"@id":"https:\/\/comport.es\/index.php\/noticias\/la-comunidad-portuaria-de-algeciras-promociona-su-potencial-en-la-feria-breakbulk\/"},"author":{"name":"admincomport","@id":"https:\/\/comport.es\/#\/schema\/person\/9277649f8e04dd48c3d73bbaf2c7bebc"},"headline":"La comunidad portuaria de Algeciras promociona su potencial en la feria Breakbulk","datePublished":"2025-05-15T08:02:03+00:00","mainEntityOfPage":{"@id":"https:\/\/comport.es\/index.php\/noticias\/la-comunidad-portuaria-de-algeciras-promociona-su-potencial-en-la-feria-breakbulk\/"},"wordCount":282,"publisher":{"@id":"https:\/\/comport.es\/#organization"},"image":{"@id":"https:\/\/comport.es\/index.php\/noticias\/la-comunidad-portuaria-de-algeciras-promociona-su-potencial-en-la-feria-breakbulk\/#primaryimage"},"thumbnailUrl":"https:\/\/comport.es\/wp-content\/uploads\/2025\/05\/BREAKBULK-2025.jpg","articleSection":["Noticias"],"inLanguage":"es"},{"@type":"WebPage","@id":"https:\/\/comport.es\/index.php\/noticias\/la-comunidad-portuaria-de-algeciras-promociona-su-potencial-en-la-feria-breakbulk\/","url":"https:\/\/comport.es\/index.php\/noticias\/la-comunidad-portuaria-de-algeciras-promociona-su-potencial-en-la-feria-breakbulk\/","name":"La comunidad portuaria de Algeciras promociona su potencial en la feria Breakbulk | COMPORT","isPartOf":{"@id":"https:\/\/comport.es\/#website"},"primaryImageOfPage":{"@id":"https:\/\/comport.es\/index.php\/noticias\/la-comunidad-portuaria-de-algeciras-promociona-su-potencial-en-la-feria-breakbulk\/#primaryimage"},"image":{"@id":"https:\/\/comport.es\/index.php\/noticias\/la-comunidad-portuaria-de-algeciras-promociona-su-potencial-en-la-feria-breakbulk\/#primaryimage"},"thumbnailUrl":"https:\/\/comport.es\/wp-content\/uploads\/2025\/05\/BREAKBULK-2025.jpg","datePublished":"2025-05-15T08:02:03+00:00","breadcrumb":{"@id":"https:\/\/comport.es\/index.php\/noticias\/la-comunidad-portuaria-de-algeciras-promociona-su-potencial-en-la-feria-breakbulk\/#breadcrumb"},"inLanguage":"es","potentialAction":[{"@type":"ReadAction","target":["https:\/\/comport.es\/index.php\/noticias\/la-comunidad-portuaria-de-algeciras-promociona-su-potencial-en-la-feria-breakbulk\/"]}]},{"@type":"ImageObject","inLanguage":"es","@id":"https:\/\/comport.es\/index.php\/noticias\/la-comunidad-portuaria-de-algeciras-promociona-su-potencial-en-la-feria-breakbulk\/#primaryimage","url":"https:\/\/comport.es\/wp-content\/uploads\/2025\/05\/BREAKBULK-2025.jpg","contentUrl":"https:\/\/comport.es\/wp-content\/uploads\/2025\/05\/BREAKBULK-2025.jpg","width":1300,"height":722},{"@type":"BreadcrumbList","@id":"https:\/\/comport.es\/index.php\/noticias\/la-comunidad-portuaria-de-algeciras-promociona-su-potencial-en-la-feria-breakbulk\/#breadcrumb","itemListElement":[{"@type":"ListItem","position":1,"name":"Portada","item":"https:\/\/comport.es\/"},{"@type":"ListItem","position":2,"name":"La comunidad portuaria de Algeciras promociona su potencial en la feria Breakbulk"}]},{"@type":"WebSite","@id":"https:\/\/comport.es\/#website","url":"https:\/\/comport.es\/","name":"COMPORT","description":"Port Community of Algeciras Bay","publisher":{"@id":"https:\/\/comport.es\/#organization"},"potentialAction":[{"@type":"SearchAction","target":{"@type":"EntryPoint","urlTemplate":"https:\/\/comport.es\/?s={search_term_string}"},"query-input":{"@type":"PropertyValueSpecification","valueRequired":true,"valueName":"search_term_string"}}],"inLanguage":"es"},{"@type":"Organization","@id":"https:\/\/comport.es\/#organization","name":"ALGECIRAS PORT COMMUNITY - COMPORT","url":"https:\/\/comport.es\/","logo":{"@type":"ImageObject","inLanguage":"es","@id":"https:\/\/comport.es\/#\/schema\/logo\/image\/","url":"https:\/\/comport.es\/wp-content\/uploads\/2020\/10\/logo_comport_20m.png","contentUrl":"https:\/\/comport.es\/wp-content\/uploads\/2020\/10\/logo_comport_20m.png","width":600,"height":170,"caption":"ALGECIRAS PORT COMMUNITY - COMPORT"},"image":{"@id":"https:\/\/comport.es\/#\/schema\/logo\/image\/"}},{"@type":"Person","@id":"https:\/\/comport.es\/#\/schema\/person\/9277649f8e04dd48c3d73bbaf2c7bebc","name":"admincomport"}]}},"_links":{"self":[{"href":"https:\/\/comport.es\/index.php\/wp-json\/wp\/v2\/posts\/8485","targetHints":{"allow":["GET"]}}],"collection":[{"href":"https:\/\/comport.es\/index.php\/wp-json\/wp\/v2\/posts"}],"about":[{"href":"https:\/\/comport.es\/index.php\/wp-json\/wp\/v2\/types\/post"}],"author":[{"embeddable":true,"href":"https:\/\/comport.es\/index.php\/wp-json\/wp\/v2\/users\/1"}],"replies":[{"embeddable":true,"href":"https:\/\/comport.es\/index.php\/wp-json\/wp\/v2\/comments?post=8485"}],"version-history":[{"count":1,"href":"https:\/\/comport.es\/index.php\/wp-json\/wp\/v2\/posts\/8485\/revisions"}],"predecessor-version":[{"id":8487,"href":"https:\/\/comport.es\/index.php\/wp-json\/wp\/v2\/posts\/8485\/revisions\/8487"}],"wp:featuredmedia":[{"embeddable":true,"href":"https:\/\/comport.es\/index.php\/wp-json\/wp\/v2\/media\/8486"}],"wp:attachment":[{"href":"https:\/\/comport.es\/index.php\/wp-json\/wp\/v2\/media?parent=8485"}],"wp:term":[{"taxonomy":"category","embeddable":true,"href":"https:\/\/comport.es\/index.php\/wp-json\/wp\/v2\/categories?post=8485"},{"taxonomy":"post_tag","embeddable":true,"href":"https:\/\/comport.es\/index.php\/wp-json\/wp\/v2\/tags?post=8485"}],"curies":[{"name":"wp","href":"https:\/\/api.w.org\/{rel}","templated":true}]}}