{"id":8428,"date":"2025-02-25T09:02:22","date_gmt":"2025-02-25T09:02:22","guid":{"rendered":"https:\/\/comport.es\/?p=8428"},"modified":"2025-02-26T09:05:32","modified_gmt":"2025-02-26T09:05:32","slug":"el-puerto-de-algeciras-participa-en-la-international-energy-week-de-londres","status":"publish","type":"post","link":"https:\/\/comport.es\/index.php\/noticias\/el-puerto-de-algeciras-participa-en-la-international-energy-week-de-londres\/","title":{"rendered":"El Puerto de Algeciras participa en la International Energy Week de Londres"},"content":{"rendered":"<p style=\"text-align: justify;\"><strong><span style=\"color: #000000; font-size: 18pt;\">La comunidad portuaria refuerza su presencia en el sector del bunkering y la descarbonizaci\u00f3n<\/span><\/strong><\/p>\n<p style=\"text-align: justify;\"><span style=\"color: #000000;\"><strong>La Autoridad Portuaria Bah\u00eda de Algeciras<\/strong> (<strong>APBA<\/strong>)<strong> y la Comunidad Portuaria del Puerto de Algecira<\/strong>s han participado esta semana en la International Energy Week (IEWeek), que se celebra en Londres del 25 al 27 de febrero. Organizado por la International Bunkering Industry Association (IBIA), este evento internacional re\u00fane a los principales actores del sector energ\u00e9tico marino para debatir sobre la transici\u00f3n hacia combustibles m\u00e1s sostenibles y el futuro del bunkering.<\/span><\/p>\n<p style=\"text-align: justify;\"><span style=\"color: #000000;\">En el encuentro, una amplia delegaci\u00f3n empresarial ha promocionado las ventajas del Puerto Bah\u00eda de Algeciras, tanto desde el punto de vista t\u00e9cnico-n\u00e1utico como comercial. Entre los temas abordados destacan la descarbonizaci\u00f3n del transporte mar\u00edtimo, la evoluci\u00f3n de la demanda de nuevos combustibles, la situaci\u00f3n en el Mar Rojo y las tecnolog\u00edas necesarias para alcanzar el objetivo de cero emisiones. En este contexto, el puerto ha puesto en valor la aplicaci\u00f3n de la innovaci\u00f3n y la tecnolog\u00eda en la optimizaci\u00f3n de sus operaciones de suministro en los fondeaderos gestionados por la <strong>APBA<\/strong>.<\/span><\/p>\n<p style=\"text-align: justify;\"><span style=\"color: #000000;\">Adem\u00e1s de la Autoridad Portuaria y la Asociaci\u00f3n Comport, han asistido a la cita representantes de A. P\u00e9rez y C\u00eda, Bacomar Logistic, EVOS, MH Bland, Moeve y Peninsula. Asimismo, el Puerto de Algeciras ha contado con el respaldo del presidente del Consejo de la Organizaci\u00f3n Mar\u00edtima Internacional (OMI), V\u00edctor Jim\u00e9nez.<\/span><\/p>\n<p style=\"text-align: justify;\"><span style=\"color: #000000;\">El <strong>Puerto de Algeciras ha cerrado 2024 como l\u00edder en el suministro de combustible<\/strong> a buques dentro del sistema portuario nacional, con un volumen superior a los 3,2 millones de toneladas. Seg\u00fan un estudio de impacto econ\u00f3mico realizado por la Universidad de C\u00e1diz para la APBA, el sector de Servicios al Buque emplea en la actualidad a m\u00e1s de 1.200 trabajadores.<\/span><\/p>\n<p style=\"text-align: justify;\">\n<p style=\"text-align: justify;\"><span style=\"color: #000000;\"><strong>FUENTE:<\/strong> EL ESTRECHO DIGITAL<\/span><\/p>\n<p>&nbsp;<\/p>\n","protected":false},"excerpt":{"rendered":"<p>La comunidad portuaria refuerza su presencia en el sector del bunkering y la descarbonizaci\u00f3n La Autoridad Portuaria Bah\u00eda de Algeciras (APBA) y la Comunidad Portuaria del Puerto de Algeciras han participado esta semana en la International Energy Week (IEWeek), que se celebra en Londres del [&hellip;]<\/p>\n","protected":false},"author":1,"featured_media":8429,"comment_status":"closed","ping_status":"closed","sticky":false,"template":"","format":"standard","meta":{"footnotes":""},"categories":[921],"tags":[],"class_list":["post-8428","post","type-post","status-publish","format-standard","has-post-thumbnail","hentry","category-noticias"],"yoast_head":"<!-- This site is optimized with the Yoast SEO plugin v27.4 - https:\/\/yoast.com\/product\/yoast-seo-wordpress\/ -->\n<title>El Puerto de Algeciras participa en la International Energy Week de Londres | COMPORT<\/title>\n<meta name=\"robots\" content=\"noindex, follow\" \/>\n<meta property=\"og:locale\" content=\"es_ES\" \/>\n<meta property=\"og:type\" content=\"article\" \/>\n<meta property=\"og:title\" content=\"El Puerto de Algeciras participa en la International Energy Week de Londres | COMPORT\" \/>\n<meta property=\"og:description\" content=\"La comunidad portuaria refuerza su presencia en el sector del bunkering y la descarbonizaci\u00f3n La Autoridad Portuaria Bah\u00eda de Algeciras (APBA) y la Comunidad Portuaria del Puerto de Algeciras han participado esta semana en la International Energy Week (IEWeek), que se celebra en Londres del [&hellip;]\" \/>\n<meta property=\"og:url\" content=\"https:\/\/comport.es\/index.php\/noticias\/el-puerto-de-algeciras-participa-en-la-international-energy-week-de-londres\/\" \/>\n<meta property=\"og:site_name\" content=\"COMPORT\" \/>\n<meta property=\"article:published_time\" content=\"2025-02-25T09:02:22+00:00\" \/>\n<meta property=\"article:modified_time\" content=\"2025-02-26T09:05:32+00:00\" \/>\n<meta property=\"og:image\" content=\"https:\/\/comport.es\/wp-content\/uploads\/2025\/02\/IBIA_2025.jpg\" \/>\n\t<meta property=\"og:image:width\" content=\"1300\" \/>\n\t<meta property=\"og:image:height\" content=\"722\" \/>\n\t<meta property=\"og:image:type\" content=\"image\/jpeg\" \/>\n<meta name=\"author\" content=\"admincomport\" \/>\n<meta name=\"twitter:card\" content=\"summary_large_image\" \/>\n<meta name=\"twitter:label1\" content=\"Escrito por\" \/>\n\t<meta name=\"twitter:data1\" content=\"admincomport\" \/>\n\t<meta name=\"twitter:label2\" content=\"Tiempo de lectura\" \/>\n\t<meta name=\"twitter:data2\" content=\"2 minutos\" \/>\n<script type=\"application\/ld+json\" class=\"yoast-schema-graph\">{\"@context\":\"https:\\\/\\\/schema.org\",\"@graph\":[{\"@type\":\"Article\",\"@id\":\"https:\\\/\\\/comport.es\\\/index.php\\\/noticias\\\/el-puerto-de-algeciras-participa-en-la-international-energy-week-de-londres\\\/#article\",\"isPartOf\":{\"@id\":\"https:\\\/\\\/comport.es\\\/index.php\\\/noticias\\\/el-puerto-de-algeciras-participa-en-la-international-energy-week-de-londres\\\/\"},\"author\":{\"name\":\"admincomport\",\"@id\":\"https:\\\/\\\/comport.es\\\/#\\\/schema\\\/person\\\/9277649f8e04dd48c3d73bbaf2c7bebc\"},\"headline\":\"El Puerto de Algeciras participa en la International Energy Week de Londres\",\"datePublished\":\"2025-02-25T09:02:22+00:00\",\"dateModified\":\"2025-02-26T09:05:32+00:00\",\"mainEntityOfPage\":{\"@id\":\"https:\\\/\\\/comport.es\\\/index.php\\\/noticias\\\/el-puerto-de-algeciras-participa-en-la-international-energy-week-de-londres\\\/\"},\"wordCount\":331,\"publisher\":{\"@id\":\"https:\\\/\\\/comport.es\\\/#organization\"},\"image\":{\"@id\":\"https:\\\/\\\/comport.es\\\/index.php\\\/noticias\\\/el-puerto-de-algeciras-participa-en-la-international-energy-week-de-londres\\\/#primaryimage\"},\"thumbnailUrl\":\"https:\\\/\\\/comport.es\\\/wp-content\\\/uploads\\\/2025\\\/02\\\/IBIA_2025.jpg\",\"articleSection\":[\"Noticias\"],\"inLanguage\":\"es\"},{\"@type\":\"WebPage\",\"@id\":\"https:\\\/\\\/comport.es\\\/index.php\\\/noticias\\\/el-puerto-de-algeciras-participa-en-la-international-energy-week-de-londres\\\/\",\"url\":\"https:\\\/\\\/comport.es\\\/index.php\\\/noticias\\\/el-puerto-de-algeciras-participa-en-la-international-energy-week-de-londres\\\/\",\"name\":\"El Puerto de Algeciras participa en la International Energy Week de Londres | COMPORT\",\"isPartOf\":{\"@id\":\"https:\\\/\\\/comport.es\\\/#website\"},\"primaryImageOfPage\":{\"@id\":\"https:\\\/\\\/comport.es\\\/index.php\\\/noticias\\\/el-puerto-de-algeciras-participa-en-la-international-energy-week-de-londres\\\/#primaryimage\"},\"image\":{\"@id\":\"https:\\\/\\\/comport.es\\\/index.php\\\/noticias\\\/el-puerto-de-algeciras-participa-en-la-international-energy-week-de-londres\\\/#primaryimage\"},\"thumbnailUrl\":\"https:\\\/\\\/comport.es\\\/wp-content\\\/uploads\\\/2025\\\/02\\\/IBIA_2025.jpg\",\"datePublished\":\"2025-02-25T09:02:22+00:00\",\"dateModified\":\"2025-02-26T09:05:32+00:00\",\"breadcrumb\":{\"@id\":\"https:\\\/\\\/comport.es\\\/index.php\\\/noticias\\\/el-puerto-de-algeciras-participa-en-la-international-energy-week-de-londres\\\/#breadcrumb\"},\"inLanguage\":\"es\",\"potentialAction\":[{\"@type\":\"ReadAction\",\"target\":[\"https:\\\/\\\/comport.es\\\/index.php\\\/noticias\\\/el-puerto-de-algeciras-participa-en-la-international-energy-week-de-londres\\\/\"]}]},{\"@type\":\"ImageObject\",\"inLanguage\":\"es\",\"@id\":\"https:\\\/\\\/comport.es\\\/index.php\\\/noticias\\\/el-puerto-de-algeciras-participa-en-la-international-energy-week-de-londres\\\/#primaryimage\",\"url\":\"https:\\\/\\\/comport.es\\\/wp-content\\\/uploads\\\/2025\\\/02\\\/IBIA_2025.jpg\",\"contentUrl\":\"https:\\\/\\\/comport.es\\\/wp-content\\\/uploads\\\/2025\\\/02\\\/IBIA_2025.jpg\",\"width\":1300,\"height\":722},{\"@type\":\"BreadcrumbList\",\"@id\":\"https:\\\/\\\/comport.es\\\/index.php\\\/noticias\\\/el-puerto-de-algeciras-participa-en-la-international-energy-week-de-londres\\\/#breadcrumb\",\"itemListElement\":[{\"@type\":\"ListItem\",\"position\":1,\"name\":\"Portada\",\"item\":\"https:\\\/\\\/comport.es\\\/\"},{\"@type\":\"ListItem\",\"position\":2,\"name\":\"El Puerto de Algeciras participa en la International Energy Week de Londres\"}]},{\"@type\":\"WebSite\",\"@id\":\"https:\\\/\\\/comport.es\\\/#website\",\"url\":\"https:\\\/\\\/comport.es\\\/\",\"name\":\"COMPORT\",\"description\":\"Port Community of Algeciras Bay\",\"publisher\":{\"@id\":\"https:\\\/\\\/comport.es\\\/#organization\"},\"potentialAction\":[{\"@type\":\"SearchAction\",\"target\":{\"@type\":\"EntryPoint\",\"urlTemplate\":\"https:\\\/\\\/comport.es\\\/?s={search_term_string}\"},\"query-input\":{\"@type\":\"PropertyValueSpecification\",\"valueRequired\":true,\"valueName\":\"search_term_string\"}}],\"inLanguage\":\"es\"},{\"@type\":\"Organization\",\"@id\":\"https:\\\/\\\/comport.es\\\/#organization\",\"name\":\"ALGECIRAS PORT COMMUNITY - COMPORT\",\"url\":\"https:\\\/\\\/comport.es\\\/\",\"logo\":{\"@type\":\"ImageObject\",\"inLanguage\":\"es\",\"@id\":\"https:\\\/\\\/comport.es\\\/#\\\/schema\\\/logo\\\/image\\\/\",\"url\":\"https:\\\/\\\/comport.es\\\/wp-content\\\/uploads\\\/2020\\\/10\\\/logo_comport_20m.png\",\"contentUrl\":\"https:\\\/\\\/comport.es\\\/wp-content\\\/uploads\\\/2020\\\/10\\\/logo_comport_20m.png\",\"width\":600,\"height\":170,\"caption\":\"ALGECIRAS PORT COMMUNITY - COMPORT\"},\"image\":{\"@id\":\"https:\\\/\\\/comport.es\\\/#\\\/schema\\\/logo\\\/image\\\/\"}},{\"@type\":\"Person\",\"@id\":\"https:\\\/\\\/comport.es\\\/#\\\/schema\\\/person\\\/9277649f8e04dd48c3d73bbaf2c7bebc\",\"name\":\"admincomport\"}]}<\/script>\n<!-- \/ Yoast SEO plugin. -->","yoast_head_json":{"title":"El Puerto de Algeciras participa en la International Energy Week de Londres | COMPORT","robots":{"index":"noindex","follow":"follow"},"og_locale":"es_ES","og_type":"article","og_title":"El Puerto de Algeciras participa en la International Energy Week de Londres | COMPORT","og_description":"La comunidad portuaria refuerza su presencia en el sector del bunkering y la descarbonizaci\u00f3n La Autoridad Portuaria Bah\u00eda de Algeciras (APBA) y la Comunidad Portuaria del Puerto de Algeciras han participado esta semana en la International Energy Week (IEWeek), que se celebra en Londres del [&hellip;]","og_url":"https:\/\/comport.es\/index.php\/noticias\/el-puerto-de-algeciras-participa-en-la-international-energy-week-de-londres\/","og_site_name":"COMPORT","article_published_time":"2025-02-25T09:02:22+00:00","article_modified_time":"2025-02-26T09:05:32+00:00","og_image":[{"width":1300,"height":722,"url":"https:\/\/comport.es\/wp-content\/uploads\/2025\/02\/IBIA_2025.jpg","type":"image\/jpeg"}],"author":"admincomport","twitter_card":"summary_large_image","twitter_misc":{"Escrito por":"admincomport","Tiempo de lectura":"2 minutos"},"schema":{"@context":"https:\/\/schema.org","@graph":[{"@type":"Article","@id":"https:\/\/comport.es\/index.php\/noticias\/el-puerto-de-algeciras-participa-en-la-international-energy-week-de-londres\/#article","isPartOf":{"@id":"https:\/\/comport.es\/index.php\/noticias\/el-puerto-de-algeciras-participa-en-la-international-energy-week-de-londres\/"},"author":{"name":"admincomport","@id":"https:\/\/comport.es\/#\/schema\/person\/9277649f8e04dd48c3d73bbaf2c7bebc"},"headline":"El Puerto de Algeciras participa en la International Energy Week de Londres","datePublished":"2025-02-25T09:02:22+00:00","dateModified":"2025-02-26T09:05:32+00:00","mainEntityOfPage":{"@id":"https:\/\/comport.es\/index.php\/noticias\/el-puerto-de-algeciras-participa-en-la-international-energy-week-de-londres\/"},"wordCount":331,"publisher":{"@id":"https:\/\/comport.es\/#organization"},"image":{"@id":"https:\/\/comport.es\/index.php\/noticias\/el-puerto-de-algeciras-participa-en-la-international-energy-week-de-londres\/#primaryimage"},"thumbnailUrl":"https:\/\/comport.es\/wp-content\/uploads\/2025\/02\/IBIA_2025.jpg","articleSection":["Noticias"],"inLanguage":"es"},{"@type":"WebPage","@id":"https:\/\/comport.es\/index.php\/noticias\/el-puerto-de-algeciras-participa-en-la-international-energy-week-de-londres\/","url":"https:\/\/comport.es\/index.php\/noticias\/el-puerto-de-algeciras-participa-en-la-international-energy-week-de-londres\/","name":"El Puerto de Algeciras participa en la International Energy Week de Londres | COMPORT","isPartOf":{"@id":"https:\/\/comport.es\/#website"},"primaryImageOfPage":{"@id":"https:\/\/comport.es\/index.php\/noticias\/el-puerto-de-algeciras-participa-en-la-international-energy-week-de-londres\/#primaryimage"},"image":{"@id":"https:\/\/comport.es\/index.php\/noticias\/el-puerto-de-algeciras-participa-en-la-international-energy-week-de-londres\/#primaryimage"},"thumbnailUrl":"https:\/\/comport.es\/wp-content\/uploads\/2025\/02\/IBIA_2025.jpg","datePublished":"2025-02-25T09:02:22+00:00","dateModified":"2025-02-26T09:05:32+00:00","breadcrumb":{"@id":"https:\/\/comport.es\/index.php\/noticias\/el-puerto-de-algeciras-participa-en-la-international-energy-week-de-londres\/#breadcrumb"},"inLanguage":"es","potentialAction":[{"@type":"ReadAction","target":["https:\/\/comport.es\/index.php\/noticias\/el-puerto-de-algeciras-participa-en-la-international-energy-week-de-londres\/"]}]},{"@type":"ImageObject","inLanguage":"es","@id":"https:\/\/comport.es\/index.php\/noticias\/el-puerto-de-algeciras-participa-en-la-international-energy-week-de-londres\/#primaryimage","url":"https:\/\/comport.es\/wp-content\/uploads\/2025\/02\/IBIA_2025.jpg","contentUrl":"https:\/\/comport.es\/wp-content\/uploads\/2025\/02\/IBIA_2025.jpg","width":1300,"height":722},{"@type":"BreadcrumbList","@id":"https:\/\/comport.es\/index.php\/noticias\/el-puerto-de-algeciras-participa-en-la-international-energy-week-de-londres\/#breadcrumb","itemListElement":[{"@type":"ListItem","position":1,"name":"Portada","item":"https:\/\/comport.es\/"},{"@type":"ListItem","position":2,"name":"El Puerto de Algeciras participa en la International Energy Week de Londres"}]},{"@type":"WebSite","@id":"https:\/\/comport.es\/#website","url":"https:\/\/comport.es\/","name":"COMPORT","description":"Port Community of Algeciras Bay","publisher":{"@id":"https:\/\/comport.es\/#organization"},"potentialAction":[{"@type":"SearchAction","target":{"@type":"EntryPoint","urlTemplate":"https:\/\/comport.es\/?s={search_term_string}"},"query-input":{"@type":"PropertyValueSpecification","valueRequired":true,"valueName":"search_term_string"}}],"inLanguage":"es"},{"@type":"Organization","@id":"https:\/\/comport.es\/#organization","name":"ALGECIRAS PORT COMMUNITY - COMPORT","url":"https:\/\/comport.es\/","logo":{"@type":"ImageObject","inLanguage":"es","@id":"https:\/\/comport.es\/#\/schema\/logo\/image\/","url":"https:\/\/comport.es\/wp-content\/uploads\/2020\/10\/logo_comport_20m.png","contentUrl":"https:\/\/comport.es\/wp-content\/uploads\/2020\/10\/logo_comport_20m.png","width":600,"height":170,"caption":"ALGECIRAS PORT COMMUNITY - COMPORT"},"image":{"@id":"https:\/\/comport.es\/#\/schema\/logo\/image\/"}},{"@type":"Person","@id":"https:\/\/comport.es\/#\/schema\/person\/9277649f8e04dd48c3d73bbaf2c7bebc","name":"admincomport"}]}},"_links":{"self":[{"href":"https:\/\/comport.es\/index.php\/wp-json\/wp\/v2\/posts\/8428","targetHints":{"allow":["GET"]}}],"collection":[{"href":"https:\/\/comport.es\/index.php\/wp-json\/wp\/v2\/posts"}],"about":[{"href":"https:\/\/comport.es\/index.php\/wp-json\/wp\/v2\/types\/post"}],"author":[{"embeddable":true,"href":"https:\/\/comport.es\/index.php\/wp-json\/wp\/v2\/users\/1"}],"replies":[{"embeddable":true,"href":"https:\/\/comport.es\/index.php\/wp-json\/wp\/v2\/comments?post=8428"}],"version-history":[{"count":1,"href":"https:\/\/comport.es\/index.php\/wp-json\/wp\/v2\/posts\/8428\/revisions"}],"predecessor-version":[{"id":8430,"href":"https:\/\/comport.es\/index.php\/wp-json\/wp\/v2\/posts\/8428\/revisions\/8430"}],"wp:featuredmedia":[{"embeddable":true,"href":"https:\/\/comport.es\/index.php\/wp-json\/wp\/v2\/media\/8429"}],"wp:attachment":[{"href":"https:\/\/comport.es\/index.php\/wp-json\/wp\/v2\/media?parent=8428"}],"wp:term":[{"taxonomy":"category","embeddable":true,"href":"https:\/\/comport.es\/index.php\/wp-json\/wp\/v2\/categories?post=8428"},{"taxonomy":"post_tag","embeddable":true,"href":"https:\/\/comport.es\/index.php\/wp-json\/wp\/v2\/tags?post=8428"}],"curies":[{"name":"wp","href":"https:\/\/api.w.org\/{rel}","templated":true}]}}