{"id":8398,"date":"2025-01-10T10:53:26","date_gmt":"2025-01-10T10:53:26","guid":{"rendered":"https:\/\/comport.es\/?p=8398"},"modified":"2025-02-26T09:08:30","modified_gmt":"2025-02-26T09:08:30","slug":"share-logistics-spain-s-l-u","status":"publish","type":"post","link":"https:\/\/comport.es\/index.php\/transitarios\/share-logistics-spain-s-l-u\/","title":{"rendered":"SHARE LOGISTICS SPAIN S.L.U."},"content":{"rendered":"<p style=\"text-align: justify;\"><span style=\"color: #000000;\"><strong>Share Logistics Spain<\/strong>\u00a0es una empresa dedicada al transporte internacional de mercanc\u00edas especializada en carga a\u00e9rea, mar\u00edtima y terrestre; Con un completo servicio en gesti\u00f3n aduanera, almacenaje, log\u00edstica y una alta preparaci\u00f3n\u00a0en cargas frigor\u00edficas, perecederas, peligrosas y de dimensiones especiales.<\/span><\/p>\n<h3 style=\"text-align: justify;\"><span style=\"color: #000000;\"><strong>Datos de contacto<\/strong><\/span><\/h3>\n<p style=\"text-align: justify;\"><span style=\"color: #000000;\"><strong>DOMICILIO: <\/strong>ZAL Bah\u00eda de Algeciras Edificio El Fresno A204- 11370-Los Barrios.<\/span><\/p>\n<p style=\"text-align: justify;\"><span style=\"color: #000000;\"><strong>TEL: +<\/strong>34 609 289 040<\/span><\/p>\n<p style=\"text-align: justify;\"><span style=\"color: #000000;\"><strong>EMAIL:\u00a0<\/strong> <a href=\"mailto:algeciras@sharelogistics.com\">algeciras@sharelogistics.com<\/a><\/span><\/p>\n<p style=\"text-align: justify;\"><span style=\"color: #000000;\"><strong>WEB:\u00a0<\/strong> <a href=\"https:\/\/www.sharelogistics.com\/\" target=\"_blank\" rel=\"noopener\">www.sharelogistics.com\u00a0<\/a><\/span><\/p>\n<hr \/>\n<p><iframe loading=\"lazy\" style=\"border: 0;\" src=\"https:\/\/www.google.com\/maps\/embed?pb=!1m17!1m12!1m3!1d973.974240270468!2d-5.492398500900465!3d36.18503115953793!2m3!1f0!2f0!3f0!3m2!1i1024!2i768!4f13.1!3m2!1m1!2zMzbCsDExJzA2LjIiTiA1wrAyOSczMy4yIlc!5e1!3m2!1ses!2ses!4v1736506127145!5m2!1ses!2ses\" width=\"100%\" height=\"350\" allowfullscreen=\"allowfullscreen\"><\/iframe><\/p>\n","protected":false},"excerpt":{"rendered":"<p>Share Logistics Spain\u00a0es una empresa dedicada al transporte internacional de mercanc\u00edas especializada en carga a\u00e9rea, mar\u00edtima y terrestre; Con un completo servicio en gesti\u00f3n aduanera, almacenaje, log\u00edstica y una alta preparaci\u00f3n\u00a0en cargas frigor\u00edficas, perecederas, peligrosas y de dimensiones especiales. Datos de contacto DOMICILIO: ZAL Bah\u00eda [&hellip;]<\/p>\n","protected":false},"author":1,"featured_media":8397,"comment_status":"closed","ping_status":"closed","sticky":false,"template":"","format":"standard","meta":{"footnotes":""},"categories":[907],"tags":[],"class_list":["post-8398","post","type-post","status-publish","format-standard","has-post-thumbnail","hentry","category-transitarios"],"yoast_head":"<!-- This site is optimized with the Yoast SEO plugin v27.4 - https:\/\/yoast.com\/product\/yoast-seo-wordpress\/ -->\n<title>SHARE LOGISTICS SPAIN S.L.U. | COMPORT<\/title>\n<meta name=\"robots\" content=\"noindex, follow\" \/>\n<meta property=\"og:locale\" content=\"es_ES\" \/>\n<meta property=\"og:type\" content=\"article\" \/>\n<meta property=\"og:title\" content=\"SHARE LOGISTICS SPAIN S.L.U. | COMPORT\" \/>\n<meta property=\"og:description\" content=\"Share Logistics Spain\u00a0es una empresa dedicada al transporte internacional de mercanc\u00edas especializada en carga a\u00e9rea, mar\u00edtima y terrestre; Con un completo servicio en gesti\u00f3n aduanera, almacenaje, log\u00edstica y una alta preparaci\u00f3n\u00a0en cargas frigor\u00edficas, perecederas, peligrosas y de dimensiones especiales. Datos de contacto DOMICILIO: ZAL Bah\u00eda [&hellip;]\" \/>\n<meta property=\"og:url\" content=\"https:\/\/comport.es\/index.php\/transitarios\/share-logistics-spain-s-l-u\/\" \/>\n<meta property=\"og:site_name\" content=\"COMPORT\" \/>\n<meta property=\"article:published_time\" content=\"2025-01-10T10:53:26+00:00\" \/>\n<meta property=\"article:modified_time\" content=\"2025-02-26T09:08:30+00:00\" \/>\n<meta property=\"og:image\" content=\"https:\/\/comport.es\/wp-content\/uploads\/2025\/01\/SHARE_LOGISTICS_COMPORT.jpg\" \/>\n\t<meta property=\"og:image:width\" content=\"1300\" \/>\n\t<meta property=\"og:image:height\" content=\"722\" \/>\n\t<meta property=\"og:image:type\" content=\"image\/jpeg\" \/>\n<meta name=\"author\" content=\"admincomport\" \/>\n<meta name=\"twitter:card\" content=\"summary_large_image\" \/>\n<meta name=\"twitter:label1\" content=\"Escrito por\" \/>\n\t<meta name=\"twitter:data1\" content=\"admincomport\" \/>\n\t<meta name=\"twitter:label2\" content=\"Tiempo de lectura\" \/>\n\t<meta name=\"twitter:data2\" content=\"1 minuto\" \/>\n<script type=\"application\/ld+json\" class=\"yoast-schema-graph\">{\"@context\":\"https:\\\/\\\/schema.org\",\"@graph\":[{\"@type\":\"Article\",\"@id\":\"https:\\\/\\\/comport.es\\\/index.php\\\/transitarios\\\/share-logistics-spain-s-l-u\\\/#article\",\"isPartOf\":{\"@id\":\"https:\\\/\\\/comport.es\\\/index.php\\\/transitarios\\\/share-logistics-spain-s-l-u\\\/\"},\"author\":{\"name\":\"admincomport\",\"@id\":\"https:\\\/\\\/comport.es\\\/#\\\/schema\\\/person\\\/9277649f8e04dd48c3d73bbaf2c7bebc\"},\"headline\":\"SHARE LOGISTICS SPAIN S.L.U.\",\"datePublished\":\"2025-01-10T10:53:26+00:00\",\"dateModified\":\"2025-02-26T09:08:30+00:00\",\"mainEntityOfPage\":{\"@id\":\"https:\\\/\\\/comport.es\\\/index.php\\\/transitarios\\\/share-logistics-spain-s-l-u\\\/\"},\"wordCount\":79,\"publisher\":{\"@id\":\"https:\\\/\\\/comport.es\\\/#organization\"},\"image\":{\"@id\":\"https:\\\/\\\/comport.es\\\/index.php\\\/transitarios\\\/share-logistics-spain-s-l-u\\\/#primaryimage\"},\"thumbnailUrl\":\"https:\\\/\\\/comport.es\\\/wp-content\\\/uploads\\\/2025\\\/01\\\/SHARE_LOGISTICS_COMPORT.jpg\",\"articleSection\":[\"TRANSITARIOS Y REPRESENTANTES ADUANEROS\"],\"inLanguage\":\"es\"},{\"@type\":\"WebPage\",\"@id\":\"https:\\\/\\\/comport.es\\\/index.php\\\/transitarios\\\/share-logistics-spain-s-l-u\\\/\",\"url\":\"https:\\\/\\\/comport.es\\\/index.php\\\/transitarios\\\/share-logistics-spain-s-l-u\\\/\",\"name\":\"SHARE LOGISTICS SPAIN S.L.U. | COMPORT\",\"isPartOf\":{\"@id\":\"https:\\\/\\\/comport.es\\\/#website\"},\"primaryImageOfPage\":{\"@id\":\"https:\\\/\\\/comport.es\\\/index.php\\\/transitarios\\\/share-logistics-spain-s-l-u\\\/#primaryimage\"},\"image\":{\"@id\":\"https:\\\/\\\/comport.es\\\/index.php\\\/transitarios\\\/share-logistics-spain-s-l-u\\\/#primaryimage\"},\"thumbnailUrl\":\"https:\\\/\\\/comport.es\\\/wp-content\\\/uploads\\\/2025\\\/01\\\/SHARE_LOGISTICS_COMPORT.jpg\",\"datePublished\":\"2025-01-10T10:53:26+00:00\",\"dateModified\":\"2025-02-26T09:08:30+00:00\",\"breadcrumb\":{\"@id\":\"https:\\\/\\\/comport.es\\\/index.php\\\/transitarios\\\/share-logistics-spain-s-l-u\\\/#breadcrumb\"},\"inLanguage\":\"es\",\"potentialAction\":[{\"@type\":\"ReadAction\",\"target\":[\"https:\\\/\\\/comport.es\\\/index.php\\\/transitarios\\\/share-logistics-spain-s-l-u\\\/\"]}]},{\"@type\":\"ImageObject\",\"inLanguage\":\"es\",\"@id\":\"https:\\\/\\\/comport.es\\\/index.php\\\/transitarios\\\/share-logistics-spain-s-l-u\\\/#primaryimage\",\"url\":\"https:\\\/\\\/comport.es\\\/wp-content\\\/uploads\\\/2025\\\/01\\\/SHARE_LOGISTICS_COMPORT.jpg\",\"contentUrl\":\"https:\\\/\\\/comport.es\\\/wp-content\\\/uploads\\\/2025\\\/01\\\/SHARE_LOGISTICS_COMPORT.jpg\",\"width\":1300,\"height\":722},{\"@type\":\"BreadcrumbList\",\"@id\":\"https:\\\/\\\/comport.es\\\/index.php\\\/transitarios\\\/share-logistics-spain-s-l-u\\\/#breadcrumb\",\"itemListElement\":[{\"@type\":\"ListItem\",\"position\":1,\"name\":\"Portada\",\"item\":\"https:\\\/\\\/comport.es\\\/\"},{\"@type\":\"ListItem\",\"position\":2,\"name\":\"SHARE LOGISTICS SPAIN S.L.U.\"}]},{\"@type\":\"WebSite\",\"@id\":\"https:\\\/\\\/comport.es\\\/#website\",\"url\":\"https:\\\/\\\/comport.es\\\/\",\"name\":\"COMPORT\",\"description\":\"Port Community of Algeciras Bay\",\"publisher\":{\"@id\":\"https:\\\/\\\/comport.es\\\/#organization\"},\"potentialAction\":[{\"@type\":\"SearchAction\",\"target\":{\"@type\":\"EntryPoint\",\"urlTemplate\":\"https:\\\/\\\/comport.es\\\/?s={search_term_string}\"},\"query-input\":{\"@type\":\"PropertyValueSpecification\",\"valueRequired\":true,\"valueName\":\"search_term_string\"}}],\"inLanguage\":\"es\"},{\"@type\":\"Organization\",\"@id\":\"https:\\\/\\\/comport.es\\\/#organization\",\"name\":\"ALGECIRAS PORT COMMUNITY - COMPORT\",\"url\":\"https:\\\/\\\/comport.es\\\/\",\"logo\":{\"@type\":\"ImageObject\",\"inLanguage\":\"es\",\"@id\":\"https:\\\/\\\/comport.es\\\/#\\\/schema\\\/logo\\\/image\\\/\",\"url\":\"https:\\\/\\\/comport.es\\\/wp-content\\\/uploads\\\/2020\\\/10\\\/logo_comport_20m.png\",\"contentUrl\":\"https:\\\/\\\/comport.es\\\/wp-content\\\/uploads\\\/2020\\\/10\\\/logo_comport_20m.png\",\"width\":600,\"height\":170,\"caption\":\"ALGECIRAS PORT COMMUNITY - COMPORT\"},\"image\":{\"@id\":\"https:\\\/\\\/comport.es\\\/#\\\/schema\\\/logo\\\/image\\\/\"}},{\"@type\":\"Person\",\"@id\":\"https:\\\/\\\/comport.es\\\/#\\\/schema\\\/person\\\/9277649f8e04dd48c3d73bbaf2c7bebc\",\"name\":\"admincomport\"}]}<\/script>\n<!-- \/ Yoast SEO plugin. -->","yoast_head_json":{"title":"SHARE LOGISTICS SPAIN S.L.U. | COMPORT","robots":{"index":"noindex","follow":"follow"},"og_locale":"es_ES","og_type":"article","og_title":"SHARE LOGISTICS SPAIN S.L.U. | COMPORT","og_description":"Share Logistics Spain\u00a0es una empresa dedicada al transporte internacional de mercanc\u00edas especializada en carga a\u00e9rea, mar\u00edtima y terrestre; Con un completo servicio en gesti\u00f3n aduanera, almacenaje, log\u00edstica y una alta preparaci\u00f3n\u00a0en cargas frigor\u00edficas, perecederas, peligrosas y de dimensiones especiales. Datos de contacto DOMICILIO: ZAL Bah\u00eda [&hellip;]","og_url":"https:\/\/comport.es\/index.php\/transitarios\/share-logistics-spain-s-l-u\/","og_site_name":"COMPORT","article_published_time":"2025-01-10T10:53:26+00:00","article_modified_time":"2025-02-26T09:08:30+00:00","og_image":[{"width":1300,"height":722,"url":"https:\/\/comport.es\/wp-content\/uploads\/2025\/01\/SHARE_LOGISTICS_COMPORT.jpg","type":"image\/jpeg"}],"author":"admincomport","twitter_card":"summary_large_image","twitter_misc":{"Escrito por":"admincomport","Tiempo de lectura":"1 minuto"},"schema":{"@context":"https:\/\/schema.org","@graph":[{"@type":"Article","@id":"https:\/\/comport.es\/index.php\/transitarios\/share-logistics-spain-s-l-u\/#article","isPartOf":{"@id":"https:\/\/comport.es\/index.php\/transitarios\/share-logistics-spain-s-l-u\/"},"author":{"name":"admincomport","@id":"https:\/\/comport.es\/#\/schema\/person\/9277649f8e04dd48c3d73bbaf2c7bebc"},"headline":"SHARE LOGISTICS SPAIN S.L.U.","datePublished":"2025-01-10T10:53:26+00:00","dateModified":"2025-02-26T09:08:30+00:00","mainEntityOfPage":{"@id":"https:\/\/comport.es\/index.php\/transitarios\/share-logistics-spain-s-l-u\/"},"wordCount":79,"publisher":{"@id":"https:\/\/comport.es\/#organization"},"image":{"@id":"https:\/\/comport.es\/index.php\/transitarios\/share-logistics-spain-s-l-u\/#primaryimage"},"thumbnailUrl":"https:\/\/comport.es\/wp-content\/uploads\/2025\/01\/SHARE_LOGISTICS_COMPORT.jpg","articleSection":["TRANSITARIOS Y REPRESENTANTES ADUANEROS"],"inLanguage":"es"},{"@type":"WebPage","@id":"https:\/\/comport.es\/index.php\/transitarios\/share-logistics-spain-s-l-u\/","url":"https:\/\/comport.es\/index.php\/transitarios\/share-logistics-spain-s-l-u\/","name":"SHARE LOGISTICS SPAIN S.L.U. | COMPORT","isPartOf":{"@id":"https:\/\/comport.es\/#website"},"primaryImageOfPage":{"@id":"https:\/\/comport.es\/index.php\/transitarios\/share-logistics-spain-s-l-u\/#primaryimage"},"image":{"@id":"https:\/\/comport.es\/index.php\/transitarios\/share-logistics-spain-s-l-u\/#primaryimage"},"thumbnailUrl":"https:\/\/comport.es\/wp-content\/uploads\/2025\/01\/SHARE_LOGISTICS_COMPORT.jpg","datePublished":"2025-01-10T10:53:26+00:00","dateModified":"2025-02-26T09:08:30+00:00","breadcrumb":{"@id":"https:\/\/comport.es\/index.php\/transitarios\/share-logistics-spain-s-l-u\/#breadcrumb"},"inLanguage":"es","potentialAction":[{"@type":"ReadAction","target":["https:\/\/comport.es\/index.php\/transitarios\/share-logistics-spain-s-l-u\/"]}]},{"@type":"ImageObject","inLanguage":"es","@id":"https:\/\/comport.es\/index.php\/transitarios\/share-logistics-spain-s-l-u\/#primaryimage","url":"https:\/\/comport.es\/wp-content\/uploads\/2025\/01\/SHARE_LOGISTICS_COMPORT.jpg","contentUrl":"https:\/\/comport.es\/wp-content\/uploads\/2025\/01\/SHARE_LOGISTICS_COMPORT.jpg","width":1300,"height":722},{"@type":"BreadcrumbList","@id":"https:\/\/comport.es\/index.php\/transitarios\/share-logistics-spain-s-l-u\/#breadcrumb","itemListElement":[{"@type":"ListItem","position":1,"name":"Portada","item":"https:\/\/comport.es\/"},{"@type":"ListItem","position":2,"name":"SHARE LOGISTICS SPAIN S.L.U."}]},{"@type":"WebSite","@id":"https:\/\/comport.es\/#website","url":"https:\/\/comport.es\/","name":"COMPORT","description":"Port Community of Algeciras Bay","publisher":{"@id":"https:\/\/comport.es\/#organization"},"potentialAction":[{"@type":"SearchAction","target":{"@type":"EntryPoint","urlTemplate":"https:\/\/comport.es\/?s={search_term_string}"},"query-input":{"@type":"PropertyValueSpecification","valueRequired":true,"valueName":"search_term_string"}}],"inLanguage":"es"},{"@type":"Organization","@id":"https:\/\/comport.es\/#organization","name":"ALGECIRAS PORT COMMUNITY - COMPORT","url":"https:\/\/comport.es\/","logo":{"@type":"ImageObject","inLanguage":"es","@id":"https:\/\/comport.es\/#\/schema\/logo\/image\/","url":"https:\/\/comport.es\/wp-content\/uploads\/2020\/10\/logo_comport_20m.png","contentUrl":"https:\/\/comport.es\/wp-content\/uploads\/2020\/10\/logo_comport_20m.png","width":600,"height":170,"caption":"ALGECIRAS PORT COMMUNITY - COMPORT"},"image":{"@id":"https:\/\/comport.es\/#\/schema\/logo\/image\/"}},{"@type":"Person","@id":"https:\/\/comport.es\/#\/schema\/person\/9277649f8e04dd48c3d73bbaf2c7bebc","name":"admincomport"}]}},"_links":{"self":[{"href":"https:\/\/comport.es\/index.php\/wp-json\/wp\/v2\/posts\/8398","targetHints":{"allow":["GET"]}}],"collection":[{"href":"https:\/\/comport.es\/index.php\/wp-json\/wp\/v2\/posts"}],"about":[{"href":"https:\/\/comport.es\/index.php\/wp-json\/wp\/v2\/types\/post"}],"author":[{"embeddable":true,"href":"https:\/\/comport.es\/index.php\/wp-json\/wp\/v2\/users\/1"}],"replies":[{"embeddable":true,"href":"https:\/\/comport.es\/index.php\/wp-json\/wp\/v2\/comments?post=8398"}],"version-history":[{"count":3,"href":"https:\/\/comport.es\/index.php\/wp-json\/wp\/v2\/posts\/8398\/revisions"}],"predecessor-version":[{"id":8432,"href":"https:\/\/comport.es\/index.php\/wp-json\/wp\/v2\/posts\/8398\/revisions\/8432"}],"wp:featuredmedia":[{"embeddable":true,"href":"https:\/\/comport.es\/index.php\/wp-json\/wp\/v2\/media\/8397"}],"wp:attachment":[{"href":"https:\/\/comport.es\/index.php\/wp-json\/wp\/v2\/media?parent=8398"}],"wp:term":[{"taxonomy":"category","embeddable":true,"href":"https:\/\/comport.es\/index.php\/wp-json\/wp\/v2\/categories?post=8398"},{"taxonomy":"post_tag","embeddable":true,"href":"https:\/\/comport.es\/index.php\/wp-json\/wp\/v2\/tags?post=8398"}],"curies":[{"name":"wp","href":"https:\/\/api.w.org\/{rel}","templated":true}]}}