{"id":8388,"date":"2024-12-20T11:05:05","date_gmt":"2024-12-20T11:05:05","guid":{"rendered":"https:\/\/comport.es\/?p=8388"},"modified":"2024-12-23T11:10:32","modified_gmt":"2024-12-23T11:10:32","slug":"comport-reconoce-la-trayectoria-de-luis-ramos-alfonso","status":"publish","type":"post","link":"https:\/\/comport.es\/index.php\/noticias\/comport-reconoce-la-trayectoria-de-luis-ramos-alfonso\/","title":{"rendered":"COMPORT reconoce la trayectoria de Luis Ramos Alfonso"},"content":{"rendered":"<p style=\"text-align: justify;\"><span style=\"font-size: 18pt; color: #000000;\"><strong>En el transcurso de la reuni\u00f3n, Nicol\u00e1s Mart\u00ednez, jefe de \u00e1rea de Desarrollo de Negocio y Marketing de la Autoridad Portuaria de la Bah\u00eda de Algeciras, ha expuesto el programa comercial acordado entre COMPORT y la APBA para 2025.<\/strong><\/span><\/p>\n<p style=\"text-align: justify;\"><span style=\"color: #000000;\">La Asociaci\u00f3n Comunidad Portuaria de la Bah\u00eda de Algeciras (<strong>COMPORT<\/strong>) ha celebrado su reuni\u00f3n anual en la sede de la C\u00e1mara de Comercio, donde ha distinguido a Luis Ramos Alfonso con un galard\u00f3n en reconocimiento a su destacada trayectoria profesional y su contribuci\u00f3n al Puerto Bah\u00eda de Algeciras y a la Comunidad Portuaria.<\/span><\/p>\n<p style=\"text-align: justify;\"><span style=\"color: #000000;\">El acto ha reunido a una amplia representaci\u00f3n de empresarios y autoridades del sector, quienes han acompa\u00f1ado al homenajeado, un profesional del \u00e1mbito log\u00edstico y aduanero con una dilatada experiencia. Ramos Alfonso, nieto e hijo de agentes de aduanas, inici\u00f3 su carrera en la agencia familiar Adolfo Ramos, y desde entonces ha ocupado posiciones clave en empresas del sector como Europamar, Algeciras Log\u00edstica y Mar\u00edtima del Estrecho. Su trayectoria profesional culmin\u00f3 como director de operaciones aduaneras y consejero delegado de Partida Logistics.<\/span><\/p>\n<p style=\"text-align: justify;\"><span style=\"color: #000000;\">Adem\u00e1s, ha desempe\u00f1ado un papel relevante como presidente del Colegio de Agentes de Aduanas de Algeciras y miembro activo de la junta directiva de <strong>COMPORT<\/strong> durante m\u00e1s de una d\u00e9cada. Durante la ceremonia, Jos\u00e9 Manuel Tejedor, presidente de <strong>COMPORT<\/strong>, ha valorado el bagaje t\u00e9cnico del galardonado en el \u00e1mbito aduanero y su constante dedicaci\u00f3n al desarrollo operativo y la promoci\u00f3n del Puerto de Algeciras. El presidente de la Autoridad Portuaria de la Bah\u00eda de Algeciras (<strong>APBA<\/strong>), Gerardo Landaluce, tambi\u00e9n ha expresado su reconocimiento a la labor y profesionalidad de Luis Ramos Alfonso, subrayando su contribuci\u00f3n al crecimiento y desarrollo del enclave portuario.<\/span><\/p>\n<p style=\"text-align: justify;\"><span style=\"font-size: 14pt; color: #000000;\"><strong>Presentaci\u00f3n del programa comercial y los proyectos para 2025<\/strong><\/span><br \/>\n<span style=\"color: #000000;\">En el transcurso de la reuni\u00f3n, Nicol\u00e1s Mart\u00ednez, jefe de \u00e1rea de Desarrollo de Negocio y Marketing de la Autoridad Portuaria de la Bah\u00eda de Algeciras, ha expuesto el programa comercial acordado entre <strong>COMPORT<\/strong> y la <strong>APBA<\/strong> para 2025. Este plan permitir\u00e1 a las empresas de la Comunidad Portuaria participar en ferias y acciones comerciales estrat\u00e9gicas, orientadas a fortalecer las relaciones comerciales y explorar nuevas oportunidades de negocio en el \u00e1mbito log\u00edstico-portuario.<\/span><\/p>\n<p style=\"text-align: justify;\"><span style=\"color: #000000;\">Asimismo, se ha presentado un balance de las actividades comerciales desarrolladas durante 2024, destacando la importancia de la cooperaci\u00f3n entre la <strong>APBA<\/strong> y <strong>COMPORT<\/strong> para la internacionalizaci\u00f3n de la Comunidad Portuaria.<\/span><\/p>\n<p style=\"text-align: justify;\"><span style=\"font-size: 14pt; color: #000000;\"><strong>Impulso al proyecto Nexomar para la internacionalizaci\u00f3n de la log\u00edstica<\/strong><\/span><br \/>\n<span style=\"color: #000000;\">Durante el acto, Carlos Fenoy, presidente de la C\u00e1mara de Comercio, ha dado a conocer las pr\u00f3ximas acciones a desarrollar en el marco del proyecto Nexomar. Este proyecto, cofinanciado por la Uni\u00f3n Europea a trav\u00e9s del Programa de Cooperaci\u00f3n Interreg VI-A Espa\u00f1a \u2013 Portugal (POCTEP) 2021-2027, tiene como objetivo impulsar la actividad log\u00edstica mar\u00edtima, promoviendo la internacionalizaci\u00f3n de las empresas y aumentando su presencia en mercados exteriores.<\/span><\/p>\n<p style=\"text-align: justify;\"><span style=\"color: #000000;\">Fenoy ha detallado las oportunidades que Nexomar ofrecer\u00e1 a las empresas portuarias, especialmente en la mejora de la competitividad y la apertura de nuevos mercados. Este proyecto busca fortalecer la posici\u00f3n del <strong>Puerto de Algeciras<\/strong> como referente en la log\u00edstica internacional.<\/span><\/p>\n<p style=\"text-align: justify;\"><span style=\"font-size: 14pt; color: #000000;\"><strong>Proyecto de GNL para la descarbonizaci\u00f3n del sector mar\u00edtimo<\/strong><\/span><br \/>\n<span style=\"color: #000000;\">Otro de los temas destacados ha sido la presentaci\u00f3n, a cargo de \u00c1lvaro Castilla, responsable comercial del proyecto de Endesa en Los Barrios, para la construcci\u00f3n de una instalaci\u00f3n de almacenamiento y suministro de Gas Natural Licuado (GNL) para buques. Esta iniciativa permitir\u00e1 al Puerto de Algeciras avanzar en la descarbonizaci\u00f3n del transporte mar\u00edtimo, aline\u00e1ndose con los objetivos de sostenibilidad medioambiental del sector.<\/span><\/p>\n<p style=\"text-align: justify;\"><span style=\"color: #000000;\">El proyecto de GNL, que se enmarca en la estrategia de transici\u00f3n energ\u00e9tica y reducci\u00f3n de emisiones, ofrecer\u00e1 una alternativa m\u00e1s limpia para la propulsi\u00f3n de buques, favoreciendo la adopci\u00f3n de combustibles menos contaminantes.<\/span><\/p>\n<p>&nbsp;<\/p>\n<p><span style=\"color: #000000;\"><strong>FUENTE:<\/strong> EL ESTRECHO DIGITAL<\/span><\/p>\n","protected":false},"excerpt":{"rendered":"<p>En el transcurso de la reuni\u00f3n, Nicol\u00e1s Mart\u00ednez, jefe de \u00e1rea de Desarrollo de Negocio y Marketing de la Autoridad Portuaria de la Bah\u00eda de Algeciras, ha expuesto el programa comercial acordado entre COMPORT y la APBA para 2025. La Asociaci\u00f3n Comunidad Portuaria de la [&hellip;]<\/p>\n","protected":false},"author":1,"featured_media":8389,"comment_status":"closed","ping_status":"closed","sticky":false,"template":"","format":"standard","meta":{"footnotes":""},"categories":[921],"tags":[],"class_list":["post-8388","post","type-post","status-publish","format-standard","has-post-thumbnail","hentry","category-noticias"],"yoast_head":"<!-- This site is optimized with the Yoast SEO plugin v27.4 - https:\/\/yoast.com\/product\/yoast-seo-wordpress\/ -->\n<title>COMPORT reconoce la trayectoria de Luis Ramos Alfonso | COMPORT<\/title>\n<meta name=\"robots\" content=\"noindex, follow\" \/>\n<meta property=\"og:locale\" content=\"es_ES\" \/>\n<meta property=\"og:type\" content=\"article\" \/>\n<meta property=\"og:title\" content=\"COMPORT reconoce la trayectoria de Luis Ramos Alfonso | COMPORT\" \/>\n<meta property=\"og:description\" content=\"En el transcurso de la reuni\u00f3n, Nicol\u00e1s Mart\u00ednez, jefe de \u00e1rea de Desarrollo de Negocio y Marketing de la Autoridad Portuaria de la Bah\u00eda de Algeciras, ha expuesto el programa comercial acordado entre COMPORT y la APBA para 2025. La Asociaci\u00f3n Comunidad Portuaria de la [&hellip;]\" \/>\n<meta property=\"og:url\" content=\"https:\/\/comport.es\/index.php\/noticias\/comport-reconoce-la-trayectoria-de-luis-ramos-alfonso\/\" \/>\n<meta property=\"og:site_name\" content=\"COMPORT\" \/>\n<meta property=\"article:published_time\" content=\"2024-12-20T11:05:05+00:00\" \/>\n<meta property=\"article:modified_time\" content=\"2024-12-23T11:10:32+00:00\" \/>\n<meta property=\"og:image\" content=\"https:\/\/comport.es\/wp-content\/uploads\/2024\/12\/galardon_24.jpg\" \/>\n\t<meta property=\"og:image:width\" content=\"1300\" \/>\n\t<meta property=\"og:image:height\" content=\"722\" \/>\n\t<meta property=\"og:image:type\" content=\"image\/jpeg\" \/>\n<meta name=\"author\" content=\"admincomport\" \/>\n<meta name=\"twitter:card\" content=\"summary_large_image\" \/>\n<meta name=\"twitter:label1\" content=\"Escrito por\" \/>\n\t<meta name=\"twitter:data1\" content=\"admincomport\" \/>\n\t<meta name=\"twitter:label2\" content=\"Tiempo de lectura\" \/>\n\t<meta name=\"twitter:data2\" content=\"3 minutos\" \/>\n<script type=\"application\/ld+json\" class=\"yoast-schema-graph\">{\"@context\":\"https:\\\/\\\/schema.org\",\"@graph\":[{\"@type\":\"Article\",\"@id\":\"https:\\\/\\\/comport.es\\\/index.php\\\/noticias\\\/comport-reconoce-la-trayectoria-de-luis-ramos-alfonso\\\/#article\",\"isPartOf\":{\"@id\":\"https:\\\/\\\/comport.es\\\/index.php\\\/noticias\\\/comport-reconoce-la-trayectoria-de-luis-ramos-alfonso\\\/\"},\"author\":{\"name\":\"admincomport\",\"@id\":\"https:\\\/\\\/comport.es\\\/#\\\/schema\\\/person\\\/9277649f8e04dd48c3d73bbaf2c7bebc\"},\"headline\":\"COMPORT reconoce la trayectoria de Luis Ramos Alfonso\",\"datePublished\":\"2024-12-20T11:05:05+00:00\",\"dateModified\":\"2024-12-23T11:10:32+00:00\",\"mainEntityOfPage\":{\"@id\":\"https:\\\/\\\/comport.es\\\/index.php\\\/noticias\\\/comport-reconoce-la-trayectoria-de-luis-ramos-alfonso\\\/\"},\"wordCount\":682,\"publisher\":{\"@id\":\"https:\\\/\\\/comport.es\\\/#organization\"},\"image\":{\"@id\":\"https:\\\/\\\/comport.es\\\/index.php\\\/noticias\\\/comport-reconoce-la-trayectoria-de-luis-ramos-alfonso\\\/#primaryimage\"},\"thumbnailUrl\":\"https:\\\/\\\/comport.es\\\/wp-content\\\/uploads\\\/2024\\\/12\\\/galardon_24.jpg\",\"articleSection\":[\"Noticias\"],\"inLanguage\":\"es\"},{\"@type\":\"WebPage\",\"@id\":\"https:\\\/\\\/comport.es\\\/index.php\\\/noticias\\\/comport-reconoce-la-trayectoria-de-luis-ramos-alfonso\\\/\",\"url\":\"https:\\\/\\\/comport.es\\\/index.php\\\/noticias\\\/comport-reconoce-la-trayectoria-de-luis-ramos-alfonso\\\/\",\"name\":\"COMPORT reconoce la trayectoria de Luis Ramos Alfonso | COMPORT\",\"isPartOf\":{\"@id\":\"https:\\\/\\\/comport.es\\\/#website\"},\"primaryImageOfPage\":{\"@id\":\"https:\\\/\\\/comport.es\\\/index.php\\\/noticias\\\/comport-reconoce-la-trayectoria-de-luis-ramos-alfonso\\\/#primaryimage\"},\"image\":{\"@id\":\"https:\\\/\\\/comport.es\\\/index.php\\\/noticias\\\/comport-reconoce-la-trayectoria-de-luis-ramos-alfonso\\\/#primaryimage\"},\"thumbnailUrl\":\"https:\\\/\\\/comport.es\\\/wp-content\\\/uploads\\\/2024\\\/12\\\/galardon_24.jpg\",\"datePublished\":\"2024-12-20T11:05:05+00:00\",\"dateModified\":\"2024-12-23T11:10:32+00:00\",\"breadcrumb\":{\"@id\":\"https:\\\/\\\/comport.es\\\/index.php\\\/noticias\\\/comport-reconoce-la-trayectoria-de-luis-ramos-alfonso\\\/#breadcrumb\"},\"inLanguage\":\"es\",\"potentialAction\":[{\"@type\":\"ReadAction\",\"target\":[\"https:\\\/\\\/comport.es\\\/index.php\\\/noticias\\\/comport-reconoce-la-trayectoria-de-luis-ramos-alfonso\\\/\"]}]},{\"@type\":\"ImageObject\",\"inLanguage\":\"es\",\"@id\":\"https:\\\/\\\/comport.es\\\/index.php\\\/noticias\\\/comport-reconoce-la-trayectoria-de-luis-ramos-alfonso\\\/#primaryimage\",\"url\":\"https:\\\/\\\/comport.es\\\/wp-content\\\/uploads\\\/2024\\\/12\\\/galardon_24.jpg\",\"contentUrl\":\"https:\\\/\\\/comport.es\\\/wp-content\\\/uploads\\\/2024\\\/12\\\/galardon_24.jpg\",\"width\":1300,\"height\":722},{\"@type\":\"BreadcrumbList\",\"@id\":\"https:\\\/\\\/comport.es\\\/index.php\\\/noticias\\\/comport-reconoce-la-trayectoria-de-luis-ramos-alfonso\\\/#breadcrumb\",\"itemListElement\":[{\"@type\":\"ListItem\",\"position\":1,\"name\":\"Portada\",\"item\":\"https:\\\/\\\/comport.es\\\/\"},{\"@type\":\"ListItem\",\"position\":2,\"name\":\"COMPORT reconoce la trayectoria de Luis Ramos Alfonso\"}]},{\"@type\":\"WebSite\",\"@id\":\"https:\\\/\\\/comport.es\\\/#website\",\"url\":\"https:\\\/\\\/comport.es\\\/\",\"name\":\"COMPORT\",\"description\":\"Port Community of Algeciras Bay\",\"publisher\":{\"@id\":\"https:\\\/\\\/comport.es\\\/#organization\"},\"potentialAction\":[{\"@type\":\"SearchAction\",\"target\":{\"@type\":\"EntryPoint\",\"urlTemplate\":\"https:\\\/\\\/comport.es\\\/?s={search_term_string}\"},\"query-input\":{\"@type\":\"PropertyValueSpecification\",\"valueRequired\":true,\"valueName\":\"search_term_string\"}}],\"inLanguage\":\"es\"},{\"@type\":\"Organization\",\"@id\":\"https:\\\/\\\/comport.es\\\/#organization\",\"name\":\"ALGECIRAS PORT COMMUNITY - COMPORT\",\"url\":\"https:\\\/\\\/comport.es\\\/\",\"logo\":{\"@type\":\"ImageObject\",\"inLanguage\":\"es\",\"@id\":\"https:\\\/\\\/comport.es\\\/#\\\/schema\\\/logo\\\/image\\\/\",\"url\":\"https:\\\/\\\/comport.es\\\/wp-content\\\/uploads\\\/2020\\\/10\\\/logo_comport_20m.png\",\"contentUrl\":\"https:\\\/\\\/comport.es\\\/wp-content\\\/uploads\\\/2020\\\/10\\\/logo_comport_20m.png\",\"width\":600,\"height\":170,\"caption\":\"ALGECIRAS PORT COMMUNITY - COMPORT\"},\"image\":{\"@id\":\"https:\\\/\\\/comport.es\\\/#\\\/schema\\\/logo\\\/image\\\/\"}},{\"@type\":\"Person\",\"@id\":\"https:\\\/\\\/comport.es\\\/#\\\/schema\\\/person\\\/9277649f8e04dd48c3d73bbaf2c7bebc\",\"name\":\"admincomport\"}]}<\/script>\n<!-- \/ Yoast SEO plugin. -->","yoast_head_json":{"title":"COMPORT reconoce la trayectoria de Luis Ramos Alfonso | COMPORT","robots":{"index":"noindex","follow":"follow"},"og_locale":"es_ES","og_type":"article","og_title":"COMPORT reconoce la trayectoria de Luis Ramos Alfonso | COMPORT","og_description":"En el transcurso de la reuni\u00f3n, Nicol\u00e1s Mart\u00ednez, jefe de \u00e1rea de Desarrollo de Negocio y Marketing de la Autoridad Portuaria de la Bah\u00eda de Algeciras, ha expuesto el programa comercial acordado entre COMPORT y la APBA para 2025. La Asociaci\u00f3n Comunidad Portuaria de la [&hellip;]","og_url":"https:\/\/comport.es\/index.php\/noticias\/comport-reconoce-la-trayectoria-de-luis-ramos-alfonso\/","og_site_name":"COMPORT","article_published_time":"2024-12-20T11:05:05+00:00","article_modified_time":"2024-12-23T11:10:32+00:00","og_image":[{"width":1300,"height":722,"url":"https:\/\/comport.es\/wp-content\/uploads\/2024\/12\/galardon_24.jpg","type":"image\/jpeg"}],"author":"admincomport","twitter_card":"summary_large_image","twitter_misc":{"Escrito por":"admincomport","Tiempo de lectura":"3 minutos"},"schema":{"@context":"https:\/\/schema.org","@graph":[{"@type":"Article","@id":"https:\/\/comport.es\/index.php\/noticias\/comport-reconoce-la-trayectoria-de-luis-ramos-alfonso\/#article","isPartOf":{"@id":"https:\/\/comport.es\/index.php\/noticias\/comport-reconoce-la-trayectoria-de-luis-ramos-alfonso\/"},"author":{"name":"admincomport","@id":"https:\/\/comport.es\/#\/schema\/person\/9277649f8e04dd48c3d73bbaf2c7bebc"},"headline":"COMPORT reconoce la trayectoria de Luis Ramos Alfonso","datePublished":"2024-12-20T11:05:05+00:00","dateModified":"2024-12-23T11:10:32+00:00","mainEntityOfPage":{"@id":"https:\/\/comport.es\/index.php\/noticias\/comport-reconoce-la-trayectoria-de-luis-ramos-alfonso\/"},"wordCount":682,"publisher":{"@id":"https:\/\/comport.es\/#organization"},"image":{"@id":"https:\/\/comport.es\/index.php\/noticias\/comport-reconoce-la-trayectoria-de-luis-ramos-alfonso\/#primaryimage"},"thumbnailUrl":"https:\/\/comport.es\/wp-content\/uploads\/2024\/12\/galardon_24.jpg","articleSection":["Noticias"],"inLanguage":"es"},{"@type":"WebPage","@id":"https:\/\/comport.es\/index.php\/noticias\/comport-reconoce-la-trayectoria-de-luis-ramos-alfonso\/","url":"https:\/\/comport.es\/index.php\/noticias\/comport-reconoce-la-trayectoria-de-luis-ramos-alfonso\/","name":"COMPORT reconoce la trayectoria de Luis Ramos Alfonso | COMPORT","isPartOf":{"@id":"https:\/\/comport.es\/#website"},"primaryImageOfPage":{"@id":"https:\/\/comport.es\/index.php\/noticias\/comport-reconoce-la-trayectoria-de-luis-ramos-alfonso\/#primaryimage"},"image":{"@id":"https:\/\/comport.es\/index.php\/noticias\/comport-reconoce-la-trayectoria-de-luis-ramos-alfonso\/#primaryimage"},"thumbnailUrl":"https:\/\/comport.es\/wp-content\/uploads\/2024\/12\/galardon_24.jpg","datePublished":"2024-12-20T11:05:05+00:00","dateModified":"2024-12-23T11:10:32+00:00","breadcrumb":{"@id":"https:\/\/comport.es\/index.php\/noticias\/comport-reconoce-la-trayectoria-de-luis-ramos-alfonso\/#breadcrumb"},"inLanguage":"es","potentialAction":[{"@type":"ReadAction","target":["https:\/\/comport.es\/index.php\/noticias\/comport-reconoce-la-trayectoria-de-luis-ramos-alfonso\/"]}]},{"@type":"ImageObject","inLanguage":"es","@id":"https:\/\/comport.es\/index.php\/noticias\/comport-reconoce-la-trayectoria-de-luis-ramos-alfonso\/#primaryimage","url":"https:\/\/comport.es\/wp-content\/uploads\/2024\/12\/galardon_24.jpg","contentUrl":"https:\/\/comport.es\/wp-content\/uploads\/2024\/12\/galardon_24.jpg","width":1300,"height":722},{"@type":"BreadcrumbList","@id":"https:\/\/comport.es\/index.php\/noticias\/comport-reconoce-la-trayectoria-de-luis-ramos-alfonso\/#breadcrumb","itemListElement":[{"@type":"ListItem","position":1,"name":"Portada","item":"https:\/\/comport.es\/"},{"@type":"ListItem","position":2,"name":"COMPORT reconoce la trayectoria de Luis Ramos Alfonso"}]},{"@type":"WebSite","@id":"https:\/\/comport.es\/#website","url":"https:\/\/comport.es\/","name":"COMPORT","description":"Port Community of Algeciras Bay","publisher":{"@id":"https:\/\/comport.es\/#organization"},"potentialAction":[{"@type":"SearchAction","target":{"@type":"EntryPoint","urlTemplate":"https:\/\/comport.es\/?s={search_term_string}"},"query-input":{"@type":"PropertyValueSpecification","valueRequired":true,"valueName":"search_term_string"}}],"inLanguage":"es"},{"@type":"Organization","@id":"https:\/\/comport.es\/#organization","name":"ALGECIRAS PORT COMMUNITY - COMPORT","url":"https:\/\/comport.es\/","logo":{"@type":"ImageObject","inLanguage":"es","@id":"https:\/\/comport.es\/#\/schema\/logo\/image\/","url":"https:\/\/comport.es\/wp-content\/uploads\/2020\/10\/logo_comport_20m.png","contentUrl":"https:\/\/comport.es\/wp-content\/uploads\/2020\/10\/logo_comport_20m.png","width":600,"height":170,"caption":"ALGECIRAS PORT COMMUNITY - COMPORT"},"image":{"@id":"https:\/\/comport.es\/#\/schema\/logo\/image\/"}},{"@type":"Person","@id":"https:\/\/comport.es\/#\/schema\/person\/9277649f8e04dd48c3d73bbaf2c7bebc","name":"admincomport"}]}},"_links":{"self":[{"href":"https:\/\/comport.es\/index.php\/wp-json\/wp\/v2\/posts\/8388","targetHints":{"allow":["GET"]}}],"collection":[{"href":"https:\/\/comport.es\/index.php\/wp-json\/wp\/v2\/posts"}],"about":[{"href":"https:\/\/comport.es\/index.php\/wp-json\/wp\/v2\/types\/post"}],"author":[{"embeddable":true,"href":"https:\/\/comport.es\/index.php\/wp-json\/wp\/v2\/users\/1"}],"replies":[{"embeddable":true,"href":"https:\/\/comport.es\/index.php\/wp-json\/wp\/v2\/comments?post=8388"}],"version-history":[{"count":3,"href":"https:\/\/comport.es\/index.php\/wp-json\/wp\/v2\/posts\/8388\/revisions"}],"predecessor-version":[{"id":8392,"href":"https:\/\/comport.es\/index.php\/wp-json\/wp\/v2\/posts\/8388\/revisions\/8392"}],"wp:featuredmedia":[{"embeddable":true,"href":"https:\/\/comport.es\/index.php\/wp-json\/wp\/v2\/media\/8389"}],"wp:attachment":[{"href":"https:\/\/comport.es\/index.php\/wp-json\/wp\/v2\/media?parent=8388"}],"wp:term":[{"taxonomy":"category","embeddable":true,"href":"https:\/\/comport.es\/index.php\/wp-json\/wp\/v2\/categories?post=8388"},{"taxonomy":"post_tag","embeddable":true,"href":"https:\/\/comport.es\/index.php\/wp-json\/wp\/v2\/tags?post=8388"}],"curies":[{"name":"wp","href":"https:\/\/api.w.org\/{rel}","templated":true}]}}