{"id":8377,"date":"2024-11-15T14:06:45","date_gmt":"2024-11-15T14:06:45","guid":{"rendered":"https:\/\/comport.es\/?p=8377"},"modified":"2024-11-15T14:06:45","modified_gmt":"2024-11-15T14:06:45","slug":"puerto-de-algeciras-y-comunidad-portuaria-culminan-su-primera-mision-comercial-a-filipinas-con-un-evento-en-manila","status":"publish","type":"post","link":"https:\/\/comport.es\/index.php\/noticias\/puerto-de-algeciras-y-comunidad-portuaria-culminan-su-primera-mision-comercial-a-filipinas-con-un-evento-en-manila\/","title":{"rendered":"Puerto de Algeciras y Comunidad Portuaria culminan su primera Misi\u00f3n Comercial a Filipinas con un evento en Manila"},"content":{"rendered":"<p style=\"text-align: justify;\"><span style=\"font-size: 18pt;\"><strong><span style=\"color: #000000;\">Networking y alianzas estrat\u00e9gicas marcan la visita de la delegaci\u00f3n algecire\u00f1a al pa\u00eds asi\u00e1tico<\/span><\/strong><\/span><\/p>\n<p style=\"text-align: justify;\">\n<p style=\"text-align: justify;\"><span style=\"color: #000000;\">El<strong> Puerto de Algeciras<\/strong> ha concluido su primera Misi\u00f3n Comercial a Filipinas con un evento celebrado anoche en la residencia del embajador de Espa\u00f1a en Manila, Miguel Utray. La jornada ha reunido a una destacada representaci\u00f3n de empresas del sector mar\u00edtimo portuario filipino, reforzando las relaciones bilaterales en un pa\u00eds clave para la industria mar\u00edtima global, que aporta m\u00e1s del 10% de las tripulaciones de buques mercantes en el mundo.<\/span><\/p>\n<p style=\"text-align: justify;\"><span style=\"color: #000000;\">El encuentro, caracterizado por el networking y el intercambio de experiencias, ha puesto en valor la posici\u00f3n estrat\u00e9gica del puerto del Estrecho, un referente en las principales rutas mar\u00edtimas internacionales y en las operaciones de relevos y cambios de tripulaci\u00f3n. Este evento ha sentado las bases para futuros proyectos y colaboraciones entre ambos sectores.<\/span><\/p>\n<p style=\"text-align: justify;\"><span style=\"color: #000000;\">Antes de la recepci\u00f3n oficial, la delegaci\u00f3n del<strong> Puerto de Algeciras<\/strong>, liderada por representantes institucionales y empresariales, ha mantenido un encuentro de trabajo con Silvia Torices, Consejera Econ\u00f3mica y Comercial de la Embajada de Espa\u00f1a, y con responsables de la C\u00e1mara de Comercio de Espa\u00f1a en Filipinas. Durante la reuni\u00f3n, se ha profundizado en las oportunidades comerciales en un pa\u00eds que, aunque a\u00fan negocia su Tratado de Libre Comercio con la Uni\u00f3n Europea, mantiene fuertes lazos bilaterales con Espa\u00f1a, especialmente en el \u00e1mbito cultural.<\/span><\/p>\n<p style=\"text-align: justify;\"><span style=\"color: #000000;\">La delegaci\u00f3n desplazada a Filipinas ha contado con la participaci\u00f3n de Jos\u00e9 Manuel Tejedor, presidente de la Comunidad Portuaria; Carlos Fenoy, presidente de la C\u00e1mara de Comercio, y Javier L\u00f3pez, jefe del Departamento Comercial de la Autoridad Portuaria de Algeciras. Adem\u00e1s, han asistido responsables de empresas como Perez y C\u00eda, BMT Repairs, Bufete D\u00edaz y Asociados, Crosscomar, Elcome Europe, Incargo Andaluc\u00eda Sur, Next Maritime, Peninsula Petroleum, Sandvik Marine Electronics, Scamp Marine, SeaPoole Marine Services y Zener Marine Elevator.<\/span><\/p>\n<p style=\"text-align: justify;\"><span style=\"color: #000000;\">Esta misi\u00f3n comercial ha sido posible gracias al respaldo de los fondos gestionados por la C\u00e1mara de Comercio del Campo de Gibraltar, cofinanciados por el Fondo Europeo de Desarrollo Regional (FEDER) 2021-2027, y el \u00c1rea de Planificaci\u00f3n, Coordinaci\u00f3n y Desarrollo Estrat\u00e9gico de la Diputaci\u00f3n Provincial de C\u00e1diz. Asimismo, ha contado con el apoyo log\u00edstico del personal de la Embajada de Espa\u00f1a en Filipinas y del ICEX.<\/span><\/p>\n<p style=\"text-align: justify;\">\n<p style=\"text-align: justify;\"><span style=\"color: #000000;\"><strong>FUENTE:<\/strong> EL ESTRECHO DIGITAL<\/span><\/p>\n","protected":false},"excerpt":{"rendered":"<p>Networking y alianzas estrat\u00e9gicas marcan la visita de la delegaci\u00f3n algecire\u00f1a al pa\u00eds asi\u00e1tico El Puerto de Algeciras ha concluido su primera Misi\u00f3n Comercial a Filipinas con un evento celebrado anoche en la residencia del embajador de Espa\u00f1a en Manila, Miguel Utray. La jornada ha [&hellip;]<\/p>\n","protected":false},"author":1,"featured_media":8378,"comment_status":"closed","ping_status":"closed","sticky":false,"template":"","format":"standard","meta":{"footnotes":""},"categories":[921],"tags":[],"class_list":["post-8377","post","type-post","status-publish","format-standard","has-post-thumbnail","hentry","category-noticias"],"yoast_head":"<!-- This site is optimized with the Yoast SEO plugin v27.4 - https:\/\/yoast.com\/product\/yoast-seo-wordpress\/ -->\n<title>Puerto de Algeciras y Comunidad Portuaria culminan su primera Misi\u00f3n Comercial a Filipinas con un evento en Manila | COMPORT<\/title>\n<meta name=\"robots\" content=\"noindex, follow\" \/>\n<meta property=\"og:locale\" content=\"es_ES\" \/>\n<meta property=\"og:type\" content=\"article\" \/>\n<meta property=\"og:title\" content=\"Puerto de Algeciras y Comunidad Portuaria culminan su primera Misi\u00f3n Comercial a Filipinas con un evento en Manila | COMPORT\" \/>\n<meta property=\"og:description\" content=\"Networking y alianzas estrat\u00e9gicas marcan la visita de la delegaci\u00f3n algecire\u00f1a al pa\u00eds asi\u00e1tico El Puerto de Algeciras ha concluido su primera Misi\u00f3n Comercial a Filipinas con un evento celebrado anoche en la residencia del embajador de Espa\u00f1a en Manila, Miguel Utray. La jornada ha [&hellip;]\" \/>\n<meta property=\"og:url\" content=\"https:\/\/comport.es\/index.php\/noticias\/puerto-de-algeciras-y-comunidad-portuaria-culminan-su-primera-mision-comercial-a-filipinas-con-un-evento-en-manila\/\" \/>\n<meta property=\"og:site_name\" content=\"COMPORT\" \/>\n<meta property=\"article:published_time\" content=\"2024-11-15T14:06:45+00:00\" \/>\n<meta property=\"og:image\" content=\"https:\/\/comport.es\/wp-content\/uploads\/2024\/11\/MANILA-COMPORT_V2.jpg\" \/>\n\t<meta property=\"og:image:width\" content=\"1300\" \/>\n\t<meta property=\"og:image:height\" content=\"722\" \/>\n\t<meta property=\"og:image:type\" content=\"image\/jpeg\" \/>\n<meta name=\"author\" content=\"admincomport\" \/>\n<meta name=\"twitter:card\" content=\"summary_large_image\" \/>\n<meta name=\"twitter:label1\" content=\"Escrito por\" \/>\n\t<meta name=\"twitter:data1\" content=\"admincomport\" \/>\n\t<meta name=\"twitter:label2\" content=\"Tiempo de lectura\" \/>\n\t<meta name=\"twitter:data2\" content=\"2 minutos\" \/>\n<script type=\"application\/ld+json\" class=\"yoast-schema-graph\">{\"@context\":\"https:\\\/\\\/schema.org\",\"@graph\":[{\"@type\":\"Article\",\"@id\":\"https:\\\/\\\/comport.es\\\/index.php\\\/noticias\\\/puerto-de-algeciras-y-comunidad-portuaria-culminan-su-primera-mision-comercial-a-filipinas-con-un-evento-en-manila\\\/#article\",\"isPartOf\":{\"@id\":\"https:\\\/\\\/comport.es\\\/index.php\\\/noticias\\\/puerto-de-algeciras-y-comunidad-portuaria-culminan-su-primera-mision-comercial-a-filipinas-con-un-evento-en-manila\\\/\"},\"author\":{\"name\":\"admincomport\",\"@id\":\"https:\\\/\\\/comport.es\\\/#\\\/schema\\\/person\\\/9277649f8e04dd48c3d73bbaf2c7bebc\"},\"headline\":\"Puerto de Algeciras y Comunidad Portuaria culminan su primera Misi\u00f3n Comercial a Filipinas con un evento en Manila\",\"datePublished\":\"2024-11-15T14:06:45+00:00\",\"mainEntityOfPage\":{\"@id\":\"https:\\\/\\\/comport.es\\\/index.php\\\/noticias\\\/puerto-de-algeciras-y-comunidad-portuaria-culminan-su-primera-mision-comercial-a-filipinas-con-un-evento-en-manila\\\/\"},\"wordCount\":432,\"publisher\":{\"@id\":\"https:\\\/\\\/comport.es\\\/#organization\"},\"image\":{\"@id\":\"https:\\\/\\\/comport.es\\\/index.php\\\/noticias\\\/puerto-de-algeciras-y-comunidad-portuaria-culminan-su-primera-mision-comercial-a-filipinas-con-un-evento-en-manila\\\/#primaryimage\"},\"thumbnailUrl\":\"https:\\\/\\\/comport.es\\\/wp-content\\\/uploads\\\/2024\\\/11\\\/MANILA-COMPORT_V2.jpg\",\"articleSection\":[\"Noticias\"],\"inLanguage\":\"es\"},{\"@type\":\"WebPage\",\"@id\":\"https:\\\/\\\/comport.es\\\/index.php\\\/noticias\\\/puerto-de-algeciras-y-comunidad-portuaria-culminan-su-primera-mision-comercial-a-filipinas-con-un-evento-en-manila\\\/\",\"url\":\"https:\\\/\\\/comport.es\\\/index.php\\\/noticias\\\/puerto-de-algeciras-y-comunidad-portuaria-culminan-su-primera-mision-comercial-a-filipinas-con-un-evento-en-manila\\\/\",\"name\":\"Puerto de Algeciras y Comunidad Portuaria culminan su primera Misi\u00f3n Comercial a Filipinas con un evento en Manila | COMPORT\",\"isPartOf\":{\"@id\":\"https:\\\/\\\/comport.es\\\/#website\"},\"primaryImageOfPage\":{\"@id\":\"https:\\\/\\\/comport.es\\\/index.php\\\/noticias\\\/puerto-de-algeciras-y-comunidad-portuaria-culminan-su-primera-mision-comercial-a-filipinas-con-un-evento-en-manila\\\/#primaryimage\"},\"image\":{\"@id\":\"https:\\\/\\\/comport.es\\\/index.php\\\/noticias\\\/puerto-de-algeciras-y-comunidad-portuaria-culminan-su-primera-mision-comercial-a-filipinas-con-un-evento-en-manila\\\/#primaryimage\"},\"thumbnailUrl\":\"https:\\\/\\\/comport.es\\\/wp-content\\\/uploads\\\/2024\\\/11\\\/MANILA-COMPORT_V2.jpg\",\"datePublished\":\"2024-11-15T14:06:45+00:00\",\"breadcrumb\":{\"@id\":\"https:\\\/\\\/comport.es\\\/index.php\\\/noticias\\\/puerto-de-algeciras-y-comunidad-portuaria-culminan-su-primera-mision-comercial-a-filipinas-con-un-evento-en-manila\\\/#breadcrumb\"},\"inLanguage\":\"es\",\"potentialAction\":[{\"@type\":\"ReadAction\",\"target\":[\"https:\\\/\\\/comport.es\\\/index.php\\\/noticias\\\/puerto-de-algeciras-y-comunidad-portuaria-culminan-su-primera-mision-comercial-a-filipinas-con-un-evento-en-manila\\\/\"]}]},{\"@type\":\"ImageObject\",\"inLanguage\":\"es\",\"@id\":\"https:\\\/\\\/comport.es\\\/index.php\\\/noticias\\\/puerto-de-algeciras-y-comunidad-portuaria-culminan-su-primera-mision-comercial-a-filipinas-con-un-evento-en-manila\\\/#primaryimage\",\"url\":\"https:\\\/\\\/comport.es\\\/wp-content\\\/uploads\\\/2024\\\/11\\\/MANILA-COMPORT_V2.jpg\",\"contentUrl\":\"https:\\\/\\\/comport.es\\\/wp-content\\\/uploads\\\/2024\\\/11\\\/MANILA-COMPORT_V2.jpg\",\"width\":1300,\"height\":722},{\"@type\":\"BreadcrumbList\",\"@id\":\"https:\\\/\\\/comport.es\\\/index.php\\\/noticias\\\/puerto-de-algeciras-y-comunidad-portuaria-culminan-su-primera-mision-comercial-a-filipinas-con-un-evento-en-manila\\\/#breadcrumb\",\"itemListElement\":[{\"@type\":\"ListItem\",\"position\":1,\"name\":\"Portada\",\"item\":\"https:\\\/\\\/comport.es\\\/\"},{\"@type\":\"ListItem\",\"position\":2,\"name\":\"Puerto de Algeciras y Comunidad Portuaria culminan su primera Misi\u00f3n Comercial a Filipinas con un evento en Manila\"}]},{\"@type\":\"WebSite\",\"@id\":\"https:\\\/\\\/comport.es\\\/#website\",\"url\":\"https:\\\/\\\/comport.es\\\/\",\"name\":\"COMPORT\",\"description\":\"Port Community of Algeciras Bay\",\"publisher\":{\"@id\":\"https:\\\/\\\/comport.es\\\/#organization\"},\"potentialAction\":[{\"@type\":\"SearchAction\",\"target\":{\"@type\":\"EntryPoint\",\"urlTemplate\":\"https:\\\/\\\/comport.es\\\/?s={search_term_string}\"},\"query-input\":{\"@type\":\"PropertyValueSpecification\",\"valueRequired\":true,\"valueName\":\"search_term_string\"}}],\"inLanguage\":\"es\"},{\"@type\":\"Organization\",\"@id\":\"https:\\\/\\\/comport.es\\\/#organization\",\"name\":\"ALGECIRAS PORT COMMUNITY - COMPORT\",\"url\":\"https:\\\/\\\/comport.es\\\/\",\"logo\":{\"@type\":\"ImageObject\",\"inLanguage\":\"es\",\"@id\":\"https:\\\/\\\/comport.es\\\/#\\\/schema\\\/logo\\\/image\\\/\",\"url\":\"https:\\\/\\\/comport.es\\\/wp-content\\\/uploads\\\/2020\\\/10\\\/logo_comport_20m.png\",\"contentUrl\":\"https:\\\/\\\/comport.es\\\/wp-content\\\/uploads\\\/2020\\\/10\\\/logo_comport_20m.png\",\"width\":600,\"height\":170,\"caption\":\"ALGECIRAS PORT COMMUNITY - COMPORT\"},\"image\":{\"@id\":\"https:\\\/\\\/comport.es\\\/#\\\/schema\\\/logo\\\/image\\\/\"}},{\"@type\":\"Person\",\"@id\":\"https:\\\/\\\/comport.es\\\/#\\\/schema\\\/person\\\/9277649f8e04dd48c3d73bbaf2c7bebc\",\"name\":\"admincomport\"}]}<\/script>\n<!-- \/ Yoast SEO plugin. -->","yoast_head_json":{"title":"Puerto de Algeciras y Comunidad Portuaria culminan su primera Misi\u00f3n Comercial a Filipinas con un evento en Manila | COMPORT","robots":{"index":"noindex","follow":"follow"},"og_locale":"es_ES","og_type":"article","og_title":"Puerto de Algeciras y Comunidad Portuaria culminan su primera Misi\u00f3n Comercial a Filipinas con un evento en Manila | COMPORT","og_description":"Networking y alianzas estrat\u00e9gicas marcan la visita de la delegaci\u00f3n algecire\u00f1a al pa\u00eds asi\u00e1tico El Puerto de Algeciras ha concluido su primera Misi\u00f3n Comercial a Filipinas con un evento celebrado anoche en la residencia del embajador de Espa\u00f1a en Manila, Miguel Utray. La jornada ha [&hellip;]","og_url":"https:\/\/comport.es\/index.php\/noticias\/puerto-de-algeciras-y-comunidad-portuaria-culminan-su-primera-mision-comercial-a-filipinas-con-un-evento-en-manila\/","og_site_name":"COMPORT","article_published_time":"2024-11-15T14:06:45+00:00","og_image":[{"width":1300,"height":722,"url":"https:\/\/comport.es\/wp-content\/uploads\/2024\/11\/MANILA-COMPORT_V2.jpg","type":"image\/jpeg"}],"author":"admincomport","twitter_card":"summary_large_image","twitter_misc":{"Escrito por":"admincomport","Tiempo de lectura":"2 minutos"},"schema":{"@context":"https:\/\/schema.org","@graph":[{"@type":"Article","@id":"https:\/\/comport.es\/index.php\/noticias\/puerto-de-algeciras-y-comunidad-portuaria-culminan-su-primera-mision-comercial-a-filipinas-con-un-evento-en-manila\/#article","isPartOf":{"@id":"https:\/\/comport.es\/index.php\/noticias\/puerto-de-algeciras-y-comunidad-portuaria-culminan-su-primera-mision-comercial-a-filipinas-con-un-evento-en-manila\/"},"author":{"name":"admincomport","@id":"https:\/\/comport.es\/#\/schema\/person\/9277649f8e04dd48c3d73bbaf2c7bebc"},"headline":"Puerto de Algeciras y Comunidad Portuaria culminan su primera Misi\u00f3n Comercial a Filipinas con un evento en Manila","datePublished":"2024-11-15T14:06:45+00:00","mainEntityOfPage":{"@id":"https:\/\/comport.es\/index.php\/noticias\/puerto-de-algeciras-y-comunidad-portuaria-culminan-su-primera-mision-comercial-a-filipinas-con-un-evento-en-manila\/"},"wordCount":432,"publisher":{"@id":"https:\/\/comport.es\/#organization"},"image":{"@id":"https:\/\/comport.es\/index.php\/noticias\/puerto-de-algeciras-y-comunidad-portuaria-culminan-su-primera-mision-comercial-a-filipinas-con-un-evento-en-manila\/#primaryimage"},"thumbnailUrl":"https:\/\/comport.es\/wp-content\/uploads\/2024\/11\/MANILA-COMPORT_V2.jpg","articleSection":["Noticias"],"inLanguage":"es"},{"@type":"WebPage","@id":"https:\/\/comport.es\/index.php\/noticias\/puerto-de-algeciras-y-comunidad-portuaria-culminan-su-primera-mision-comercial-a-filipinas-con-un-evento-en-manila\/","url":"https:\/\/comport.es\/index.php\/noticias\/puerto-de-algeciras-y-comunidad-portuaria-culminan-su-primera-mision-comercial-a-filipinas-con-un-evento-en-manila\/","name":"Puerto de Algeciras y Comunidad Portuaria culminan su primera Misi\u00f3n Comercial a Filipinas con un evento en Manila | COMPORT","isPartOf":{"@id":"https:\/\/comport.es\/#website"},"primaryImageOfPage":{"@id":"https:\/\/comport.es\/index.php\/noticias\/puerto-de-algeciras-y-comunidad-portuaria-culminan-su-primera-mision-comercial-a-filipinas-con-un-evento-en-manila\/#primaryimage"},"image":{"@id":"https:\/\/comport.es\/index.php\/noticias\/puerto-de-algeciras-y-comunidad-portuaria-culminan-su-primera-mision-comercial-a-filipinas-con-un-evento-en-manila\/#primaryimage"},"thumbnailUrl":"https:\/\/comport.es\/wp-content\/uploads\/2024\/11\/MANILA-COMPORT_V2.jpg","datePublished":"2024-11-15T14:06:45+00:00","breadcrumb":{"@id":"https:\/\/comport.es\/index.php\/noticias\/puerto-de-algeciras-y-comunidad-portuaria-culminan-su-primera-mision-comercial-a-filipinas-con-un-evento-en-manila\/#breadcrumb"},"inLanguage":"es","potentialAction":[{"@type":"ReadAction","target":["https:\/\/comport.es\/index.php\/noticias\/puerto-de-algeciras-y-comunidad-portuaria-culminan-su-primera-mision-comercial-a-filipinas-con-un-evento-en-manila\/"]}]},{"@type":"ImageObject","inLanguage":"es","@id":"https:\/\/comport.es\/index.php\/noticias\/puerto-de-algeciras-y-comunidad-portuaria-culminan-su-primera-mision-comercial-a-filipinas-con-un-evento-en-manila\/#primaryimage","url":"https:\/\/comport.es\/wp-content\/uploads\/2024\/11\/MANILA-COMPORT_V2.jpg","contentUrl":"https:\/\/comport.es\/wp-content\/uploads\/2024\/11\/MANILA-COMPORT_V2.jpg","width":1300,"height":722},{"@type":"BreadcrumbList","@id":"https:\/\/comport.es\/index.php\/noticias\/puerto-de-algeciras-y-comunidad-portuaria-culminan-su-primera-mision-comercial-a-filipinas-con-un-evento-en-manila\/#breadcrumb","itemListElement":[{"@type":"ListItem","position":1,"name":"Portada","item":"https:\/\/comport.es\/"},{"@type":"ListItem","position":2,"name":"Puerto de Algeciras y Comunidad Portuaria culminan su primera Misi\u00f3n Comercial a Filipinas con un evento en Manila"}]},{"@type":"WebSite","@id":"https:\/\/comport.es\/#website","url":"https:\/\/comport.es\/","name":"COMPORT","description":"Port Community of Algeciras Bay","publisher":{"@id":"https:\/\/comport.es\/#organization"},"potentialAction":[{"@type":"SearchAction","target":{"@type":"EntryPoint","urlTemplate":"https:\/\/comport.es\/?s={search_term_string}"},"query-input":{"@type":"PropertyValueSpecification","valueRequired":true,"valueName":"search_term_string"}}],"inLanguage":"es"},{"@type":"Organization","@id":"https:\/\/comport.es\/#organization","name":"ALGECIRAS PORT COMMUNITY - COMPORT","url":"https:\/\/comport.es\/","logo":{"@type":"ImageObject","inLanguage":"es","@id":"https:\/\/comport.es\/#\/schema\/logo\/image\/","url":"https:\/\/comport.es\/wp-content\/uploads\/2020\/10\/logo_comport_20m.png","contentUrl":"https:\/\/comport.es\/wp-content\/uploads\/2020\/10\/logo_comport_20m.png","width":600,"height":170,"caption":"ALGECIRAS PORT COMMUNITY - COMPORT"},"image":{"@id":"https:\/\/comport.es\/#\/schema\/logo\/image\/"}},{"@type":"Person","@id":"https:\/\/comport.es\/#\/schema\/person\/9277649f8e04dd48c3d73bbaf2c7bebc","name":"admincomport"}]}},"_links":{"self":[{"href":"https:\/\/comport.es\/index.php\/wp-json\/wp\/v2\/posts\/8377","targetHints":{"allow":["GET"]}}],"collection":[{"href":"https:\/\/comport.es\/index.php\/wp-json\/wp\/v2\/posts"}],"about":[{"href":"https:\/\/comport.es\/index.php\/wp-json\/wp\/v2\/types\/post"}],"author":[{"embeddable":true,"href":"https:\/\/comport.es\/index.php\/wp-json\/wp\/v2\/users\/1"}],"replies":[{"embeddable":true,"href":"https:\/\/comport.es\/index.php\/wp-json\/wp\/v2\/comments?post=8377"}],"version-history":[{"count":1,"href":"https:\/\/comport.es\/index.php\/wp-json\/wp\/v2\/posts\/8377\/revisions"}],"predecessor-version":[{"id":8379,"href":"https:\/\/comport.es\/index.php\/wp-json\/wp\/v2\/posts\/8377\/revisions\/8379"}],"wp:featuredmedia":[{"embeddable":true,"href":"https:\/\/comport.es\/index.php\/wp-json\/wp\/v2\/media\/8378"}],"wp:attachment":[{"href":"https:\/\/comport.es\/index.php\/wp-json\/wp\/v2\/media?parent=8377"}],"wp:term":[{"taxonomy":"category","embeddable":true,"href":"https:\/\/comport.es\/index.php\/wp-json\/wp\/v2\/categories?post=8377"},{"taxonomy":"post_tag","embeddable":true,"href":"https:\/\/comport.es\/index.php\/wp-json\/wp\/v2\/tags?post=8377"}],"curies":[{"name":"wp","href":"https:\/\/api.w.org\/{rel}","templated":true}]}}