{"id":8375,"date":"2024-11-13T11:26:39","date_gmt":"2024-11-13T11:26:39","guid":{"rendered":"https:\/\/comport.es\/?p=8375"},"modified":"2024-11-14T11:30:04","modified_gmt":"2024-11-14T11:30:04","slug":"la-delegacion-del-puerto-de-algeciras-visita-el-puerto-de-manila-en-el-marco-de-la-mision-comercial-en-filipinas","status":"publish","type":"post","link":"https:\/\/comport.es\/index.php\/noticias\/la-delegacion-del-puerto-de-algeciras-visita-el-puerto-de-manila-en-el-marco-de-la-mision-comercial-en-filipinas\/","title":{"rendered":"La delegaci\u00f3n del Puerto de Algeciras visita el Puerto de Manila en el marco de la misi\u00f3n comercial en Filipinas"},"content":{"rendered":"<p style=\"text-align: justify;\"><strong><span style=\"color: #000000; font-size: 18pt;\">La agenda de la Misi\u00f3n contin\u00faa ma\u00f1ana jueves con diversos encuentros profesionales y culminar\u00e1 con la presentaci\u00f3n del Puerto de Algeciras al sector mar\u00edtimo portuario de Filipinas en la Residencia del Embajador de Espa\u00f1a en la capital, Miguel Utray.<\/span><\/strong><\/p>\n<p style=\"text-align: justify;\"><span style=\"color: #000000;\">La delegaci\u00f3n institucional y empresarial del <strong>Puerto de Algeciras<\/strong> ha comenzado su Misi\u00f3n Comercial en Filipinas con una visita a la Autoridad Portuaria de Filipinas en Manila, seguida de un recorrido por las instalaciones de ICTSI, donde han podido conocer en profundidad la terminal de contenedores de la capital, entre otras infraestructuras clave del puerto filipino. Esta misi\u00f3n tiene como objetivo estrechar lazos y explorar oportunidades de colaboraci\u00f3n entre ambos puertos.<\/span><\/p>\n<p style=\"text-align: justify;\"><span style=\"color: #000000;\">Durante la jornada de ma\u00f1ana, la delegaci\u00f3n algecire\u00f1a continuar\u00e1 con una serie de encuentros profesionales que culminar\u00e1n en una presentaci\u00f3n formal del <strong>Puerto de Algeciras<\/strong> ante el sector mar\u00edtimo portuario filipino. Este evento se celebrar\u00e1 en la Residencia del Embajador de Espa\u00f1a en Filipinas, Miguel Utray, y contar\u00e1 con la participaci\u00f3n de diversas empresas algecire\u00f1as que expondr\u00e1n sus servicios especializados en el \u00e1mbito mar\u00edtimo-portuario. Entre los servicios que ofrecer\u00e1n se encuentran los de consignatarios, reparaciones navales y electr\u00f3nicas, provisiones, asesor\u00eda legal mar\u00edtima, servicios de buceo, gesti\u00f3n de residuos MARPOL y avituallamientos. La presentaci\u00f3n tambi\u00e9n abordar\u00e1 el papel de Algeciras como un hub energ\u00e9tico en el Estrecho de Gibraltar, con capacidad de suministro de combustibles bajos en azufre, biofueles y GNL, as\u00ed como su compromiso con la descarbonizaci\u00f3n a trav\u00e9s de iniciativas como el corredor del hidr\u00f3geno verde Algeciras-R\u00f3terdam y el Valle del Hidr\u00f3geno Verde de Moeve.<\/span><\/p>\n<p style=\"text-align: justify;\"><span style=\"color: #000000;\">Adem\u00e1s, el <strong>Puerto de Algeciras<\/strong> destacar\u00e1 su experiencia en la gesti\u00f3n de relevos de tripulaci\u00f3n, un aspecto de gran inter\u00e9s en Filipinas, pa\u00eds que provee aproximadamente al 10% de los marinos de la flota mundial. La experiencia algecire\u00f1a en este \u00e1mbito ser\u00e1 uno de los puntos de inter\u00e9s durante la misi\u00f3n, dada la relevancia de la mano de obra mar\u00edtima filipina en la industria internacional.<\/span><\/p>\n<p style=\"text-align: justify;\"><span style=\"color: #000000;\">La delegaci\u00f3n algecire\u00f1a est\u00e1 encabezada por Jos\u00e9 Manuel Tejedor, presidente de la Comunidad Portuaria; Carlos Fenoy, presidente de la C\u00e1mara de Comercio del Campo de Gibraltar, y Javier L\u00f3pez, jefe del Departamento Comercial de la Autoridad Portuaria de Algeciras. Junto a ellos, participan responsables de empresas destacadas del sector, entre las que se incluyen Perez y C\u00eda, BMT Repairs, Bufete D\u00edaz y Asociados, Crosscomar, Elcome Europe, Incargo Andaluc\u00eda Sur, Next Maritime, Peninsula Petroleum, Sandvik Marine Electronics, Scamp Marine, SeaPoole Marine Services y Zener Marine Elevator.<\/span><\/p>\n<p style=\"text-align: justify;\"><span style=\"color: #000000;\">Esta misi\u00f3n cuenta con el apoyo financiero de la C\u00e1mara de Comercio del Campo de Gibraltar, mediante fondos FEDER 2021-2027 de la Uni\u00f3n Europea, as\u00ed como del \u00c1rea de Planificaci\u00f3n, Coordinaci\u00f3n y Desarrollo Estrat\u00e9gico de la Diputaci\u00f3n Provincial. La Embajada de Espa\u00f1a en Filipinas y el ICEX brindan su apoyo log\u00edstico, lo que refuerza la coordinaci\u00f3n de esta iniciativa con el respaldo institucional de Espa\u00f1a en el pa\u00eds asi\u00e1tico.<\/span><\/p>\n<p>&nbsp;<\/p>\n<p style=\"text-align: justify;\"><span style=\"color: #000000;\"><strong>FUENTE:<\/strong> EL ESTRECHO DIGITAL<\/span><\/p>\n","protected":false},"excerpt":{"rendered":"<p>La agenda de la Misi\u00f3n contin\u00faa ma\u00f1ana jueves con diversos encuentros profesionales y culminar\u00e1 con la presentaci\u00f3n del Puerto de Algeciras al sector mar\u00edtimo portuario de Filipinas en la Residencia del Embajador de Espa\u00f1a en la capital, Miguel Utray. La delegaci\u00f3n institucional y empresarial del [&hellip;]<\/p>\n","protected":false},"author":1,"featured_media":8373,"comment_status":"closed","ping_status":"closed","sticky":false,"template":"","format":"standard","meta":{"footnotes":""},"categories":[921],"tags":[],"class_list":["post-8375","post","type-post","status-publish","format-standard","has-post-thumbnail","hentry","category-noticias"],"yoast_head":"<!-- This site is optimized with the Yoast SEO plugin v27.4 - https:\/\/yoast.com\/product\/yoast-seo-wordpress\/ -->\n<title>La delegaci\u00f3n del Puerto de Algeciras visita el Puerto de Manila en el marco de la misi\u00f3n comercial en Filipinas | COMPORT<\/title>\n<meta name=\"robots\" content=\"noindex, follow\" \/>\n<meta property=\"og:locale\" content=\"es_ES\" \/>\n<meta property=\"og:type\" content=\"article\" \/>\n<meta property=\"og:title\" content=\"La delegaci\u00f3n del Puerto de Algeciras visita el Puerto de Manila en el marco de la misi\u00f3n comercial en Filipinas | COMPORT\" \/>\n<meta property=\"og:description\" content=\"La agenda de la Misi\u00f3n contin\u00faa ma\u00f1ana jueves con diversos encuentros profesionales y culminar\u00e1 con la presentaci\u00f3n del Puerto de Algeciras al sector mar\u00edtimo portuario de Filipinas en la Residencia del Embajador de Espa\u00f1a en la capital, Miguel Utray. La delegaci\u00f3n institucional y empresarial del [&hellip;]\" \/>\n<meta property=\"og:url\" content=\"https:\/\/comport.es\/index.php\/noticias\/la-delegacion-del-puerto-de-algeciras-visita-el-puerto-de-manila-en-el-marco-de-la-mision-comercial-en-filipinas\/\" \/>\n<meta property=\"og:site_name\" content=\"COMPORT\" \/>\n<meta property=\"article:published_time\" content=\"2024-11-13T11:26:39+00:00\" \/>\n<meta property=\"article:modified_time\" content=\"2024-11-14T11:30:04+00:00\" \/>\n<meta property=\"og:image\" content=\"https:\/\/comport.es\/wp-content\/uploads\/2024\/11\/MANILA-COMPORT.jpg\" \/>\n\t<meta property=\"og:image:width\" content=\"1300\" \/>\n\t<meta property=\"og:image:height\" content=\"722\" \/>\n\t<meta property=\"og:image:type\" content=\"image\/jpeg\" \/>\n<meta name=\"author\" content=\"admincomport\" \/>\n<meta name=\"twitter:card\" content=\"summary_large_image\" \/>\n<meta name=\"twitter:label1\" content=\"Escrito por\" \/>\n\t<meta name=\"twitter:data1\" content=\"admincomport\" \/>\n\t<meta name=\"twitter:label2\" content=\"Tiempo de lectura\" \/>\n\t<meta name=\"twitter:data2\" content=\"3 minutos\" \/>\n<script type=\"application\/ld+json\" class=\"yoast-schema-graph\">{\"@context\":\"https:\\\/\\\/schema.org\",\"@graph\":[{\"@type\":\"Article\",\"@id\":\"https:\\\/\\\/comport.es\\\/index.php\\\/noticias\\\/la-delegacion-del-puerto-de-algeciras-visita-el-puerto-de-manila-en-el-marco-de-la-mision-comercial-en-filipinas\\\/#article\",\"isPartOf\":{\"@id\":\"https:\\\/\\\/comport.es\\\/index.php\\\/noticias\\\/la-delegacion-del-puerto-de-algeciras-visita-el-puerto-de-manila-en-el-marco-de-la-mision-comercial-en-filipinas\\\/\"},\"author\":{\"name\":\"admincomport\",\"@id\":\"https:\\\/\\\/comport.es\\\/#\\\/schema\\\/person\\\/9277649f8e04dd48c3d73bbaf2c7bebc\"},\"headline\":\"La delegaci\u00f3n del Puerto de Algeciras visita el Puerto de Manila en el marco de la misi\u00f3n comercial en Filipinas\",\"datePublished\":\"2024-11-13T11:26:39+00:00\",\"dateModified\":\"2024-11-14T11:30:04+00:00\",\"mainEntityOfPage\":{\"@id\":\"https:\\\/\\\/comport.es\\\/index.php\\\/noticias\\\/la-delegacion-del-puerto-de-algeciras-visita-el-puerto-de-manila-en-el-marco-de-la-mision-comercial-en-filipinas\\\/\"},\"wordCount\":564,\"publisher\":{\"@id\":\"https:\\\/\\\/comport.es\\\/#organization\"},\"image\":{\"@id\":\"https:\\\/\\\/comport.es\\\/index.php\\\/noticias\\\/la-delegacion-del-puerto-de-algeciras-visita-el-puerto-de-manila-en-el-marco-de-la-mision-comercial-en-filipinas\\\/#primaryimage\"},\"thumbnailUrl\":\"https:\\\/\\\/comport.es\\\/wp-content\\\/uploads\\\/2024\\\/11\\\/MANILA-COMPORT.jpg\",\"articleSection\":[\"Noticias\"],\"inLanguage\":\"es\"},{\"@type\":\"WebPage\",\"@id\":\"https:\\\/\\\/comport.es\\\/index.php\\\/noticias\\\/la-delegacion-del-puerto-de-algeciras-visita-el-puerto-de-manila-en-el-marco-de-la-mision-comercial-en-filipinas\\\/\",\"url\":\"https:\\\/\\\/comport.es\\\/index.php\\\/noticias\\\/la-delegacion-del-puerto-de-algeciras-visita-el-puerto-de-manila-en-el-marco-de-la-mision-comercial-en-filipinas\\\/\",\"name\":\"La delegaci\u00f3n del Puerto de Algeciras visita el Puerto de Manila en el marco de la misi\u00f3n comercial en Filipinas | COMPORT\",\"isPartOf\":{\"@id\":\"https:\\\/\\\/comport.es\\\/#website\"},\"primaryImageOfPage\":{\"@id\":\"https:\\\/\\\/comport.es\\\/index.php\\\/noticias\\\/la-delegacion-del-puerto-de-algeciras-visita-el-puerto-de-manila-en-el-marco-de-la-mision-comercial-en-filipinas\\\/#primaryimage\"},\"image\":{\"@id\":\"https:\\\/\\\/comport.es\\\/index.php\\\/noticias\\\/la-delegacion-del-puerto-de-algeciras-visita-el-puerto-de-manila-en-el-marco-de-la-mision-comercial-en-filipinas\\\/#primaryimage\"},\"thumbnailUrl\":\"https:\\\/\\\/comport.es\\\/wp-content\\\/uploads\\\/2024\\\/11\\\/MANILA-COMPORT.jpg\",\"datePublished\":\"2024-11-13T11:26:39+00:00\",\"dateModified\":\"2024-11-14T11:30:04+00:00\",\"breadcrumb\":{\"@id\":\"https:\\\/\\\/comport.es\\\/index.php\\\/noticias\\\/la-delegacion-del-puerto-de-algeciras-visita-el-puerto-de-manila-en-el-marco-de-la-mision-comercial-en-filipinas\\\/#breadcrumb\"},\"inLanguage\":\"es\",\"potentialAction\":[{\"@type\":\"ReadAction\",\"target\":[\"https:\\\/\\\/comport.es\\\/index.php\\\/noticias\\\/la-delegacion-del-puerto-de-algeciras-visita-el-puerto-de-manila-en-el-marco-de-la-mision-comercial-en-filipinas\\\/\"]}]},{\"@type\":\"ImageObject\",\"inLanguage\":\"es\",\"@id\":\"https:\\\/\\\/comport.es\\\/index.php\\\/noticias\\\/la-delegacion-del-puerto-de-algeciras-visita-el-puerto-de-manila-en-el-marco-de-la-mision-comercial-en-filipinas\\\/#primaryimage\",\"url\":\"https:\\\/\\\/comport.es\\\/wp-content\\\/uploads\\\/2024\\\/11\\\/MANILA-COMPORT.jpg\",\"contentUrl\":\"https:\\\/\\\/comport.es\\\/wp-content\\\/uploads\\\/2024\\\/11\\\/MANILA-COMPORT.jpg\",\"width\":1300,\"height\":722},{\"@type\":\"BreadcrumbList\",\"@id\":\"https:\\\/\\\/comport.es\\\/index.php\\\/noticias\\\/la-delegacion-del-puerto-de-algeciras-visita-el-puerto-de-manila-en-el-marco-de-la-mision-comercial-en-filipinas\\\/#breadcrumb\",\"itemListElement\":[{\"@type\":\"ListItem\",\"position\":1,\"name\":\"Portada\",\"item\":\"https:\\\/\\\/comport.es\\\/\"},{\"@type\":\"ListItem\",\"position\":2,\"name\":\"La delegaci\u00f3n del Puerto de Algeciras visita el Puerto de Manila en el marco de la misi\u00f3n comercial en Filipinas\"}]},{\"@type\":\"WebSite\",\"@id\":\"https:\\\/\\\/comport.es\\\/#website\",\"url\":\"https:\\\/\\\/comport.es\\\/\",\"name\":\"COMPORT\",\"description\":\"Port Community of Algeciras Bay\",\"publisher\":{\"@id\":\"https:\\\/\\\/comport.es\\\/#organization\"},\"potentialAction\":[{\"@type\":\"SearchAction\",\"target\":{\"@type\":\"EntryPoint\",\"urlTemplate\":\"https:\\\/\\\/comport.es\\\/?s={search_term_string}\"},\"query-input\":{\"@type\":\"PropertyValueSpecification\",\"valueRequired\":true,\"valueName\":\"search_term_string\"}}],\"inLanguage\":\"es\"},{\"@type\":\"Organization\",\"@id\":\"https:\\\/\\\/comport.es\\\/#organization\",\"name\":\"ALGECIRAS PORT COMMUNITY - COMPORT\",\"url\":\"https:\\\/\\\/comport.es\\\/\",\"logo\":{\"@type\":\"ImageObject\",\"inLanguage\":\"es\",\"@id\":\"https:\\\/\\\/comport.es\\\/#\\\/schema\\\/logo\\\/image\\\/\",\"url\":\"https:\\\/\\\/comport.es\\\/wp-content\\\/uploads\\\/2020\\\/10\\\/logo_comport_20m.png\",\"contentUrl\":\"https:\\\/\\\/comport.es\\\/wp-content\\\/uploads\\\/2020\\\/10\\\/logo_comport_20m.png\",\"width\":600,\"height\":170,\"caption\":\"ALGECIRAS PORT COMMUNITY - COMPORT\"},\"image\":{\"@id\":\"https:\\\/\\\/comport.es\\\/#\\\/schema\\\/logo\\\/image\\\/\"}},{\"@type\":\"Person\",\"@id\":\"https:\\\/\\\/comport.es\\\/#\\\/schema\\\/person\\\/9277649f8e04dd48c3d73bbaf2c7bebc\",\"name\":\"admincomport\"}]}<\/script>\n<!-- \/ Yoast SEO plugin. -->","yoast_head_json":{"title":"La delegaci\u00f3n del Puerto de Algeciras visita el Puerto de Manila en el marco de la misi\u00f3n comercial en Filipinas | COMPORT","robots":{"index":"noindex","follow":"follow"},"og_locale":"es_ES","og_type":"article","og_title":"La delegaci\u00f3n del Puerto de Algeciras visita el Puerto de Manila en el marco de la misi\u00f3n comercial en Filipinas | COMPORT","og_description":"La agenda de la Misi\u00f3n contin\u00faa ma\u00f1ana jueves con diversos encuentros profesionales y culminar\u00e1 con la presentaci\u00f3n del Puerto de Algeciras al sector mar\u00edtimo portuario de Filipinas en la Residencia del Embajador de Espa\u00f1a en la capital, Miguel Utray. La delegaci\u00f3n institucional y empresarial del [&hellip;]","og_url":"https:\/\/comport.es\/index.php\/noticias\/la-delegacion-del-puerto-de-algeciras-visita-el-puerto-de-manila-en-el-marco-de-la-mision-comercial-en-filipinas\/","og_site_name":"COMPORT","article_published_time":"2024-11-13T11:26:39+00:00","article_modified_time":"2024-11-14T11:30:04+00:00","og_image":[{"width":1300,"height":722,"url":"https:\/\/comport.es\/wp-content\/uploads\/2024\/11\/MANILA-COMPORT.jpg","type":"image\/jpeg"}],"author":"admincomport","twitter_card":"summary_large_image","twitter_misc":{"Escrito por":"admincomport","Tiempo de lectura":"3 minutos"},"schema":{"@context":"https:\/\/schema.org","@graph":[{"@type":"Article","@id":"https:\/\/comport.es\/index.php\/noticias\/la-delegacion-del-puerto-de-algeciras-visita-el-puerto-de-manila-en-el-marco-de-la-mision-comercial-en-filipinas\/#article","isPartOf":{"@id":"https:\/\/comport.es\/index.php\/noticias\/la-delegacion-del-puerto-de-algeciras-visita-el-puerto-de-manila-en-el-marco-de-la-mision-comercial-en-filipinas\/"},"author":{"name":"admincomport","@id":"https:\/\/comport.es\/#\/schema\/person\/9277649f8e04dd48c3d73bbaf2c7bebc"},"headline":"La delegaci\u00f3n del Puerto de Algeciras visita el Puerto de Manila en el marco de la misi\u00f3n comercial en Filipinas","datePublished":"2024-11-13T11:26:39+00:00","dateModified":"2024-11-14T11:30:04+00:00","mainEntityOfPage":{"@id":"https:\/\/comport.es\/index.php\/noticias\/la-delegacion-del-puerto-de-algeciras-visita-el-puerto-de-manila-en-el-marco-de-la-mision-comercial-en-filipinas\/"},"wordCount":564,"publisher":{"@id":"https:\/\/comport.es\/#organization"},"image":{"@id":"https:\/\/comport.es\/index.php\/noticias\/la-delegacion-del-puerto-de-algeciras-visita-el-puerto-de-manila-en-el-marco-de-la-mision-comercial-en-filipinas\/#primaryimage"},"thumbnailUrl":"https:\/\/comport.es\/wp-content\/uploads\/2024\/11\/MANILA-COMPORT.jpg","articleSection":["Noticias"],"inLanguage":"es"},{"@type":"WebPage","@id":"https:\/\/comport.es\/index.php\/noticias\/la-delegacion-del-puerto-de-algeciras-visita-el-puerto-de-manila-en-el-marco-de-la-mision-comercial-en-filipinas\/","url":"https:\/\/comport.es\/index.php\/noticias\/la-delegacion-del-puerto-de-algeciras-visita-el-puerto-de-manila-en-el-marco-de-la-mision-comercial-en-filipinas\/","name":"La delegaci\u00f3n del Puerto de Algeciras visita el Puerto de Manila en el marco de la misi\u00f3n comercial en Filipinas | COMPORT","isPartOf":{"@id":"https:\/\/comport.es\/#website"},"primaryImageOfPage":{"@id":"https:\/\/comport.es\/index.php\/noticias\/la-delegacion-del-puerto-de-algeciras-visita-el-puerto-de-manila-en-el-marco-de-la-mision-comercial-en-filipinas\/#primaryimage"},"image":{"@id":"https:\/\/comport.es\/index.php\/noticias\/la-delegacion-del-puerto-de-algeciras-visita-el-puerto-de-manila-en-el-marco-de-la-mision-comercial-en-filipinas\/#primaryimage"},"thumbnailUrl":"https:\/\/comport.es\/wp-content\/uploads\/2024\/11\/MANILA-COMPORT.jpg","datePublished":"2024-11-13T11:26:39+00:00","dateModified":"2024-11-14T11:30:04+00:00","breadcrumb":{"@id":"https:\/\/comport.es\/index.php\/noticias\/la-delegacion-del-puerto-de-algeciras-visita-el-puerto-de-manila-en-el-marco-de-la-mision-comercial-en-filipinas\/#breadcrumb"},"inLanguage":"es","potentialAction":[{"@type":"ReadAction","target":["https:\/\/comport.es\/index.php\/noticias\/la-delegacion-del-puerto-de-algeciras-visita-el-puerto-de-manila-en-el-marco-de-la-mision-comercial-en-filipinas\/"]}]},{"@type":"ImageObject","inLanguage":"es","@id":"https:\/\/comport.es\/index.php\/noticias\/la-delegacion-del-puerto-de-algeciras-visita-el-puerto-de-manila-en-el-marco-de-la-mision-comercial-en-filipinas\/#primaryimage","url":"https:\/\/comport.es\/wp-content\/uploads\/2024\/11\/MANILA-COMPORT.jpg","contentUrl":"https:\/\/comport.es\/wp-content\/uploads\/2024\/11\/MANILA-COMPORT.jpg","width":1300,"height":722},{"@type":"BreadcrumbList","@id":"https:\/\/comport.es\/index.php\/noticias\/la-delegacion-del-puerto-de-algeciras-visita-el-puerto-de-manila-en-el-marco-de-la-mision-comercial-en-filipinas\/#breadcrumb","itemListElement":[{"@type":"ListItem","position":1,"name":"Portada","item":"https:\/\/comport.es\/"},{"@type":"ListItem","position":2,"name":"La delegaci\u00f3n del Puerto de Algeciras visita el Puerto de Manila en el marco de la misi\u00f3n comercial en Filipinas"}]},{"@type":"WebSite","@id":"https:\/\/comport.es\/#website","url":"https:\/\/comport.es\/","name":"COMPORT","description":"Port Community of Algeciras Bay","publisher":{"@id":"https:\/\/comport.es\/#organization"},"potentialAction":[{"@type":"SearchAction","target":{"@type":"EntryPoint","urlTemplate":"https:\/\/comport.es\/?s={search_term_string}"},"query-input":{"@type":"PropertyValueSpecification","valueRequired":true,"valueName":"search_term_string"}}],"inLanguage":"es"},{"@type":"Organization","@id":"https:\/\/comport.es\/#organization","name":"ALGECIRAS PORT COMMUNITY - COMPORT","url":"https:\/\/comport.es\/","logo":{"@type":"ImageObject","inLanguage":"es","@id":"https:\/\/comport.es\/#\/schema\/logo\/image\/","url":"https:\/\/comport.es\/wp-content\/uploads\/2020\/10\/logo_comport_20m.png","contentUrl":"https:\/\/comport.es\/wp-content\/uploads\/2020\/10\/logo_comport_20m.png","width":600,"height":170,"caption":"ALGECIRAS PORT COMMUNITY - COMPORT"},"image":{"@id":"https:\/\/comport.es\/#\/schema\/logo\/image\/"}},{"@type":"Person","@id":"https:\/\/comport.es\/#\/schema\/person\/9277649f8e04dd48c3d73bbaf2c7bebc","name":"admincomport"}]}},"_links":{"self":[{"href":"https:\/\/comport.es\/index.php\/wp-json\/wp\/v2\/posts\/8375","targetHints":{"allow":["GET"]}}],"collection":[{"href":"https:\/\/comport.es\/index.php\/wp-json\/wp\/v2\/posts"}],"about":[{"href":"https:\/\/comport.es\/index.php\/wp-json\/wp\/v2\/types\/post"}],"author":[{"embeddable":true,"href":"https:\/\/comport.es\/index.php\/wp-json\/wp\/v2\/users\/1"}],"replies":[{"embeddable":true,"href":"https:\/\/comport.es\/index.php\/wp-json\/wp\/v2\/comments?post=8375"}],"version-history":[{"count":1,"href":"https:\/\/comport.es\/index.php\/wp-json\/wp\/v2\/posts\/8375\/revisions"}],"predecessor-version":[{"id":8376,"href":"https:\/\/comport.es\/index.php\/wp-json\/wp\/v2\/posts\/8375\/revisions\/8376"}],"wp:featuredmedia":[{"embeddable":true,"href":"https:\/\/comport.es\/index.php\/wp-json\/wp\/v2\/media\/8373"}],"wp:attachment":[{"href":"https:\/\/comport.es\/index.php\/wp-json\/wp\/v2\/media?parent=8375"}],"wp:term":[{"taxonomy":"category","embeddable":true,"href":"https:\/\/comport.es\/index.php\/wp-json\/wp\/v2\/categories?post=8375"},{"taxonomy":"post_tag","embeddable":true,"href":"https:\/\/comport.es\/index.php\/wp-json\/wp\/v2\/tags?post=8375"}],"curies":[{"name":"wp","href":"https:\/\/api.w.org\/{rel}","templated":true}]}}