{"id":8369,"date":"2024-10-31T11:21:22","date_gmt":"2024-10-31T11:21:22","guid":{"rendered":"https:\/\/comport.es\/?p=8369"},"modified":"2024-11-14T11:25:54","modified_gmt":"2024-11-14T11:25:54","slug":"jose-manuel-tejedor-reelegido-presidente-de-comport-2","status":"publish","type":"post","link":"https:\/\/comport.es\/index.php\/noticias\/jose-manuel-tejedor-reelegido-presidente-de-comport-2\/","title":{"rendered":"Jos\u00e9 Manuel Tejedor, reelegido presidente de COMPORT"},"content":{"rendered":"<p style=\"text-align: justify;\"><span style=\"color: #000000;\"><strong><span style=\"font-size: 18pt;\">El directivo continuar\u00e1 liderando la Comunidad Portuaria de la Bah\u00eda de Algeciras en su objetivo de fortalecer la competitividad y sostenibilidad del puerto<\/span><\/strong><\/span><\/p>\n<p style=\"text-align: justify;\"><span style=\"color: #000000;\">Jos\u00e9 Manuel Tejedor ha sido reelegido presidente de la Asociaci\u00f3n Comunidad Portuaria Bah\u00eda de Algeciras (<strong>COMPORT<\/strong>) en el transcurso de la Asamblea General Extraordinaria Electoral, que se ha celebrado en las instalaciones de la C\u00e1mara de Comercio del Campo de Gibraltar. La reelecci\u00f3n de Tejedor marca la culminaci\u00f3n del proceso electoral que se abri\u00f3 a inicios de octubre en la asociaci\u00f3n, y su equipo renovado asumir\u00e1 la gesti\u00f3n de la entidad para los pr\u00f3ximos cuatro a\u00f1os.<\/span><\/p>\n<p style=\"text-align: justify;\"><span style=\"color: #000000;\">Durante la Asamblea, Tejedor ha presentado a los nuevos integrantes de su equipo directivo, quienes ocupar\u00e1n posiciones clave. Las vicepresidencias han reca\u00eddo en Jos\u00e9 Antonio Fern\u00e1ndez, representando a la Asociaci\u00f3n de Empresas de Servicios de la Bah\u00eda de Algeciras (AESBA); Manuel C\u00f3zar, en nombre de la Asociaci\u00f3n de Transitarios Internacionales ATEIA OLTRA Bah\u00eda de Algeciras; y Carlos Fenoy, en representaci\u00f3n de la C\u00e1mara de Comercio del Campo de Gibraltar. Adem\u00e1s, el cargo de secretario ha sido asignado a Jaime de Castro, del despacho De Castro Gabinete de Castro, mientras que Javier Mart\u00ednez, de Total Logistics Services, ser\u00e1 el responsable de la tesorer\u00eda de <strong>COMPORT<\/strong>.<\/span><\/p>\n<p style=\"text-align: justify;\"><span style=\"color: #000000;\">La nueva Junta Directiva contar\u00e1 tambi\u00e9n con la participaci\u00f3n de varios vocales provenientes de destacadas empresas del sector mar\u00edtimo y portuario. Entre los miembros designados figuran Jes\u00fas Barba (Bayport), Berna Rey (Bernardina Aduanas y Transportes SL), Bernardino Copano (Bernardino Abad SL), Javier Larriba (BMT Repairs SL), Generoso T. Chaves (Corporaci\u00f3n Pr\u00e1cticos de Algeciras), Maribel P\u00e9rez (Evos Algeciras SAU), Paula Luiken (Gibunco Ship Agency SL), Juan Jos\u00e9 Baeza (Lemmas Shipping), Daniel M\u00e1rquez (Mertramar Algeciras SL), Antonio G\u00f3mez (Next Maritime SL), Salvador Dur\u00e1n (Remesa), Isabel Galiano (Tramarco SL), Manuel Piedra (Transpiedra), Maribel Grau (TTI Algeciras SAU), Sonia Maillo (UCC Logistics Spain SLU) y Francisco Montes (Zener Marine Elevator Services SL).<\/span><\/p>\n<p style=\"text-align: justify;\"><span style=\"color: #000000;\">En su discurso, Tejedor ha manifestado su agradecimiento a los integrantes de la asociaci\u00f3n por la confianza depositada en su liderazgo y ha expresado su entusiasmo por continuar al frente de <strong>COMPORT<\/strong>. Tambi\u00e9n ha reconocido el respaldo de la Autoridad Portuaria de la Bah\u00eda de Algeciras, la C\u00e1mara de Comercio y la Red Log\u00edstica de Andaluc\u00eda, actores que han apoyado la labor de la asociaci\u00f3n, que este a\u00f1o ha celebrado su 25 aniversario. Tejedor ha subrayado el esp\u00edritu de colaboraci\u00f3n que caracteriza a la comunidad portuaria y ha reafirmado su compromiso con el desarrollo y promoci\u00f3n del puerto y sus servicios.<\/span><\/p>\n<p style=\"text-align: justify;\"><span style=\"color: #000000;\">En lo que resta de 2024, <strong>COMPORT<\/strong> tiene previsto participar en diversas actividades de promoci\u00f3n comercial para impulsar la visibilidad internacional del<strong> Puerto Bah\u00eda de Algeciras<\/strong> y su comunidad. Entre las iniciativas programadas se encuentran misiones comerciales en Manila (Filipinas), Estambul (Turqu\u00eda) y Medell\u00edn (Colombia), orientadas a consolidar la posici\u00f3n del puerto en mercados estrat\u00e9gicos de inter\u00e9s para el sector mar\u00edtimo-portuario.<\/span><\/p>\n<p style=\"text-align: justify;\"><span style=\"color: #000000;\">El nuevo equipo directivo de <strong>COMPORT<\/strong> se reunir\u00e1 pr\u00f3ximamente para definir el calendario de actividades de 2025, en coordinaci\u00f3n con la<strong> Autoridad Portuaria de la Bah\u00eda de Algeciras<\/strong>. Dicho calendario ser\u00e1 presentado a los socios durante la reuni\u00f3n anual de diciembre<\/span><\/p>\n<p style=\"text-align: justify;\"><span style=\"color: #000000;\"><strong>FUENTE:<\/strong> EL ESTRECHO DIGITAL<\/span><\/p>\n","protected":false},"excerpt":{"rendered":"<p>El directivo continuar\u00e1 liderando la Comunidad Portuaria de la Bah\u00eda de Algeciras en su objetivo de fortalecer la competitividad y sostenibilidad del puerto Jos\u00e9 Manuel Tejedor ha sido reelegido presidente de la Asociaci\u00f3n Comunidad Portuaria Bah\u00eda de Algeciras (COMPORT) en el transcurso de la Asamblea [&hellip;]<\/p>\n","protected":false},"author":1,"featured_media":8370,"comment_status":"closed","ping_status":"closed","sticky":false,"template":"","format":"gallery","meta":{"footnotes":""},"categories":[921],"tags":[],"class_list":["post-8369","post","type-post","status-publish","format-gallery","has-post-thumbnail","hentry","category-noticias","post_format-post-format-gallery"],"yoast_head":"<!-- This site is optimized with the Yoast SEO plugin v27.4 - https:\/\/yoast.com\/product\/yoast-seo-wordpress\/ -->\n<title>Jos\u00e9 Manuel Tejedor, reelegido presidente de COMPORT | COMPORT<\/title>\n<meta name=\"robots\" content=\"noindex, follow\" \/>\n<meta property=\"og:locale\" content=\"es_ES\" \/>\n<meta property=\"og:type\" content=\"article\" \/>\n<meta property=\"og:title\" content=\"Jos\u00e9 Manuel Tejedor, reelegido presidente de COMPORT | COMPORT\" \/>\n<meta property=\"og:description\" content=\"El directivo continuar\u00e1 liderando la Comunidad Portuaria de la Bah\u00eda de Algeciras en su objetivo de fortalecer la competitividad y sostenibilidad del puerto Jos\u00e9 Manuel Tejedor ha sido reelegido presidente de la Asociaci\u00f3n Comunidad Portuaria Bah\u00eda de Algeciras (COMPORT) en el transcurso de la Asamblea [&hellip;]\" \/>\n<meta property=\"og:url\" content=\"https:\/\/comport.es\/index.php\/noticias\/jose-manuel-tejedor-reelegido-presidente-de-comport-2\/\" \/>\n<meta property=\"og:site_name\" content=\"COMPORT\" \/>\n<meta property=\"article:published_time\" content=\"2024-10-31T11:21:22+00:00\" \/>\n<meta property=\"article:modified_time\" content=\"2024-11-14T11:25:54+00:00\" \/>\n<meta property=\"og:image\" content=\"https:\/\/comport.es\/wp-content\/uploads\/2024\/11\/ELECCIONES-COMPORT.jpg\" \/>\n\t<meta property=\"og:image:width\" content=\"1300\" \/>\n\t<meta property=\"og:image:height\" content=\"722\" \/>\n\t<meta property=\"og:image:type\" content=\"image\/jpeg\" \/>\n<meta name=\"author\" content=\"admincomport\" \/>\n<meta name=\"twitter:card\" content=\"summary_large_image\" \/>\n<meta name=\"twitter:label1\" content=\"Escrito por\" \/>\n\t<meta name=\"twitter:data1\" content=\"admincomport\" \/>\n\t<meta name=\"twitter:label2\" content=\"Tiempo de lectura\" \/>\n\t<meta name=\"twitter:data2\" content=\"3 minutos\" \/>\n<script type=\"application\/ld+json\" class=\"yoast-schema-graph\">{\"@context\":\"https:\\\/\\\/schema.org\",\"@graph\":[{\"@type\":\"Article\",\"@id\":\"https:\\\/\\\/comport.es\\\/index.php\\\/noticias\\\/jose-manuel-tejedor-reelegido-presidente-de-comport-2\\\/#article\",\"isPartOf\":{\"@id\":\"https:\\\/\\\/comport.es\\\/index.php\\\/noticias\\\/jose-manuel-tejedor-reelegido-presidente-de-comport-2\\\/\"},\"author\":{\"name\":\"admincomport\",\"@id\":\"https:\\\/\\\/comport.es\\\/#\\\/schema\\\/person\\\/9277649f8e04dd48c3d73bbaf2c7bebc\"},\"headline\":\"Jos\u00e9 Manuel Tejedor, reelegido presidente de COMPORT\",\"datePublished\":\"2024-10-31T11:21:22+00:00\",\"dateModified\":\"2024-11-14T11:25:54+00:00\",\"mainEntityOfPage\":{\"@id\":\"https:\\\/\\\/comport.es\\\/index.php\\\/noticias\\\/jose-manuel-tejedor-reelegido-presidente-de-comport-2\\\/\"},\"wordCount\":578,\"publisher\":{\"@id\":\"https:\\\/\\\/comport.es\\\/#organization\"},\"image\":{\"@id\":\"https:\\\/\\\/comport.es\\\/index.php\\\/noticias\\\/jose-manuel-tejedor-reelegido-presidente-de-comport-2\\\/#primaryimage\"},\"thumbnailUrl\":\"https:\\\/\\\/comport.es\\\/wp-content\\\/uploads\\\/2024\\\/11\\\/ELECCIONES-COMPORT.jpg\",\"articleSection\":[\"Noticias\"],\"inLanguage\":\"es\"},{\"@type\":\"WebPage\",\"@id\":\"https:\\\/\\\/comport.es\\\/index.php\\\/noticias\\\/jose-manuel-tejedor-reelegido-presidente-de-comport-2\\\/\",\"url\":\"https:\\\/\\\/comport.es\\\/index.php\\\/noticias\\\/jose-manuel-tejedor-reelegido-presidente-de-comport-2\\\/\",\"name\":\"Jos\u00e9 Manuel Tejedor, reelegido presidente de COMPORT | COMPORT\",\"isPartOf\":{\"@id\":\"https:\\\/\\\/comport.es\\\/#website\"},\"primaryImageOfPage\":{\"@id\":\"https:\\\/\\\/comport.es\\\/index.php\\\/noticias\\\/jose-manuel-tejedor-reelegido-presidente-de-comport-2\\\/#primaryimage\"},\"image\":{\"@id\":\"https:\\\/\\\/comport.es\\\/index.php\\\/noticias\\\/jose-manuel-tejedor-reelegido-presidente-de-comport-2\\\/#primaryimage\"},\"thumbnailUrl\":\"https:\\\/\\\/comport.es\\\/wp-content\\\/uploads\\\/2024\\\/11\\\/ELECCIONES-COMPORT.jpg\",\"datePublished\":\"2024-10-31T11:21:22+00:00\",\"dateModified\":\"2024-11-14T11:25:54+00:00\",\"breadcrumb\":{\"@id\":\"https:\\\/\\\/comport.es\\\/index.php\\\/noticias\\\/jose-manuel-tejedor-reelegido-presidente-de-comport-2\\\/#breadcrumb\"},\"inLanguage\":\"es\",\"potentialAction\":[{\"@type\":\"ReadAction\",\"target\":[\"https:\\\/\\\/comport.es\\\/index.php\\\/noticias\\\/jose-manuel-tejedor-reelegido-presidente-de-comport-2\\\/\"]}]},{\"@type\":\"ImageObject\",\"inLanguage\":\"es\",\"@id\":\"https:\\\/\\\/comport.es\\\/index.php\\\/noticias\\\/jose-manuel-tejedor-reelegido-presidente-de-comport-2\\\/#primaryimage\",\"url\":\"https:\\\/\\\/comport.es\\\/wp-content\\\/uploads\\\/2024\\\/11\\\/ELECCIONES-COMPORT.jpg\",\"contentUrl\":\"https:\\\/\\\/comport.es\\\/wp-content\\\/uploads\\\/2024\\\/11\\\/ELECCIONES-COMPORT.jpg\",\"width\":1300,\"height\":722},{\"@type\":\"BreadcrumbList\",\"@id\":\"https:\\\/\\\/comport.es\\\/index.php\\\/noticias\\\/jose-manuel-tejedor-reelegido-presidente-de-comport-2\\\/#breadcrumb\",\"itemListElement\":[{\"@type\":\"ListItem\",\"position\":1,\"name\":\"Portada\",\"item\":\"https:\\\/\\\/comport.es\\\/\"},{\"@type\":\"ListItem\",\"position\":2,\"name\":\"Jos\u00e9 Manuel Tejedor, reelegido presidente de COMPORT\"}]},{\"@type\":\"WebSite\",\"@id\":\"https:\\\/\\\/comport.es\\\/#website\",\"url\":\"https:\\\/\\\/comport.es\\\/\",\"name\":\"COMPORT\",\"description\":\"Port Community of Algeciras Bay\",\"publisher\":{\"@id\":\"https:\\\/\\\/comport.es\\\/#organization\"},\"potentialAction\":[{\"@type\":\"SearchAction\",\"target\":{\"@type\":\"EntryPoint\",\"urlTemplate\":\"https:\\\/\\\/comport.es\\\/?s={search_term_string}\"},\"query-input\":{\"@type\":\"PropertyValueSpecification\",\"valueRequired\":true,\"valueName\":\"search_term_string\"}}],\"inLanguage\":\"es\"},{\"@type\":\"Organization\",\"@id\":\"https:\\\/\\\/comport.es\\\/#organization\",\"name\":\"ALGECIRAS PORT COMMUNITY - COMPORT\",\"url\":\"https:\\\/\\\/comport.es\\\/\",\"logo\":{\"@type\":\"ImageObject\",\"inLanguage\":\"es\",\"@id\":\"https:\\\/\\\/comport.es\\\/#\\\/schema\\\/logo\\\/image\\\/\",\"url\":\"https:\\\/\\\/comport.es\\\/wp-content\\\/uploads\\\/2020\\\/10\\\/logo_comport_20m.png\",\"contentUrl\":\"https:\\\/\\\/comport.es\\\/wp-content\\\/uploads\\\/2020\\\/10\\\/logo_comport_20m.png\",\"width\":600,\"height\":170,\"caption\":\"ALGECIRAS PORT COMMUNITY - COMPORT\"},\"image\":{\"@id\":\"https:\\\/\\\/comport.es\\\/#\\\/schema\\\/logo\\\/image\\\/\"}},{\"@type\":\"Person\",\"@id\":\"https:\\\/\\\/comport.es\\\/#\\\/schema\\\/person\\\/9277649f8e04dd48c3d73bbaf2c7bebc\",\"name\":\"admincomport\"}]}<\/script>\n<!-- \/ Yoast SEO plugin. -->","yoast_head_json":{"title":"Jos\u00e9 Manuel Tejedor, reelegido presidente de COMPORT | COMPORT","robots":{"index":"noindex","follow":"follow"},"og_locale":"es_ES","og_type":"article","og_title":"Jos\u00e9 Manuel Tejedor, reelegido presidente de COMPORT | COMPORT","og_description":"El directivo continuar\u00e1 liderando la Comunidad Portuaria de la Bah\u00eda de Algeciras en su objetivo de fortalecer la competitividad y sostenibilidad del puerto Jos\u00e9 Manuel Tejedor ha sido reelegido presidente de la Asociaci\u00f3n Comunidad Portuaria Bah\u00eda de Algeciras (COMPORT) en el transcurso de la Asamblea [&hellip;]","og_url":"https:\/\/comport.es\/index.php\/noticias\/jose-manuel-tejedor-reelegido-presidente-de-comport-2\/","og_site_name":"COMPORT","article_published_time":"2024-10-31T11:21:22+00:00","article_modified_time":"2024-11-14T11:25:54+00:00","og_image":[{"width":1300,"height":722,"url":"https:\/\/comport.es\/wp-content\/uploads\/2024\/11\/ELECCIONES-COMPORT.jpg","type":"image\/jpeg"}],"author":"admincomport","twitter_card":"summary_large_image","twitter_misc":{"Escrito por":"admincomport","Tiempo de lectura":"3 minutos"},"schema":{"@context":"https:\/\/schema.org","@graph":[{"@type":"Article","@id":"https:\/\/comport.es\/index.php\/noticias\/jose-manuel-tejedor-reelegido-presidente-de-comport-2\/#article","isPartOf":{"@id":"https:\/\/comport.es\/index.php\/noticias\/jose-manuel-tejedor-reelegido-presidente-de-comport-2\/"},"author":{"name":"admincomport","@id":"https:\/\/comport.es\/#\/schema\/person\/9277649f8e04dd48c3d73bbaf2c7bebc"},"headline":"Jos\u00e9 Manuel Tejedor, reelegido presidente de COMPORT","datePublished":"2024-10-31T11:21:22+00:00","dateModified":"2024-11-14T11:25:54+00:00","mainEntityOfPage":{"@id":"https:\/\/comport.es\/index.php\/noticias\/jose-manuel-tejedor-reelegido-presidente-de-comport-2\/"},"wordCount":578,"publisher":{"@id":"https:\/\/comport.es\/#organization"},"image":{"@id":"https:\/\/comport.es\/index.php\/noticias\/jose-manuel-tejedor-reelegido-presidente-de-comport-2\/#primaryimage"},"thumbnailUrl":"https:\/\/comport.es\/wp-content\/uploads\/2024\/11\/ELECCIONES-COMPORT.jpg","articleSection":["Noticias"],"inLanguage":"es"},{"@type":"WebPage","@id":"https:\/\/comport.es\/index.php\/noticias\/jose-manuel-tejedor-reelegido-presidente-de-comport-2\/","url":"https:\/\/comport.es\/index.php\/noticias\/jose-manuel-tejedor-reelegido-presidente-de-comport-2\/","name":"Jos\u00e9 Manuel Tejedor, reelegido presidente de COMPORT | COMPORT","isPartOf":{"@id":"https:\/\/comport.es\/#website"},"primaryImageOfPage":{"@id":"https:\/\/comport.es\/index.php\/noticias\/jose-manuel-tejedor-reelegido-presidente-de-comport-2\/#primaryimage"},"image":{"@id":"https:\/\/comport.es\/index.php\/noticias\/jose-manuel-tejedor-reelegido-presidente-de-comport-2\/#primaryimage"},"thumbnailUrl":"https:\/\/comport.es\/wp-content\/uploads\/2024\/11\/ELECCIONES-COMPORT.jpg","datePublished":"2024-10-31T11:21:22+00:00","dateModified":"2024-11-14T11:25:54+00:00","breadcrumb":{"@id":"https:\/\/comport.es\/index.php\/noticias\/jose-manuel-tejedor-reelegido-presidente-de-comport-2\/#breadcrumb"},"inLanguage":"es","potentialAction":[{"@type":"ReadAction","target":["https:\/\/comport.es\/index.php\/noticias\/jose-manuel-tejedor-reelegido-presidente-de-comport-2\/"]}]},{"@type":"ImageObject","inLanguage":"es","@id":"https:\/\/comport.es\/index.php\/noticias\/jose-manuel-tejedor-reelegido-presidente-de-comport-2\/#primaryimage","url":"https:\/\/comport.es\/wp-content\/uploads\/2024\/11\/ELECCIONES-COMPORT.jpg","contentUrl":"https:\/\/comport.es\/wp-content\/uploads\/2024\/11\/ELECCIONES-COMPORT.jpg","width":1300,"height":722},{"@type":"BreadcrumbList","@id":"https:\/\/comport.es\/index.php\/noticias\/jose-manuel-tejedor-reelegido-presidente-de-comport-2\/#breadcrumb","itemListElement":[{"@type":"ListItem","position":1,"name":"Portada","item":"https:\/\/comport.es\/"},{"@type":"ListItem","position":2,"name":"Jos\u00e9 Manuel Tejedor, reelegido presidente de COMPORT"}]},{"@type":"WebSite","@id":"https:\/\/comport.es\/#website","url":"https:\/\/comport.es\/","name":"COMPORT","description":"Port Community of Algeciras Bay","publisher":{"@id":"https:\/\/comport.es\/#organization"},"potentialAction":[{"@type":"SearchAction","target":{"@type":"EntryPoint","urlTemplate":"https:\/\/comport.es\/?s={search_term_string}"},"query-input":{"@type":"PropertyValueSpecification","valueRequired":true,"valueName":"search_term_string"}}],"inLanguage":"es"},{"@type":"Organization","@id":"https:\/\/comport.es\/#organization","name":"ALGECIRAS PORT COMMUNITY - COMPORT","url":"https:\/\/comport.es\/","logo":{"@type":"ImageObject","inLanguage":"es","@id":"https:\/\/comport.es\/#\/schema\/logo\/image\/","url":"https:\/\/comport.es\/wp-content\/uploads\/2020\/10\/logo_comport_20m.png","contentUrl":"https:\/\/comport.es\/wp-content\/uploads\/2020\/10\/logo_comport_20m.png","width":600,"height":170,"caption":"ALGECIRAS PORT COMMUNITY - COMPORT"},"image":{"@id":"https:\/\/comport.es\/#\/schema\/logo\/image\/"}},{"@type":"Person","@id":"https:\/\/comport.es\/#\/schema\/person\/9277649f8e04dd48c3d73bbaf2c7bebc","name":"admincomport"}]}},"_links":{"self":[{"href":"https:\/\/comport.es\/index.php\/wp-json\/wp\/v2\/posts\/8369","targetHints":{"allow":["GET"]}}],"collection":[{"href":"https:\/\/comport.es\/index.php\/wp-json\/wp\/v2\/posts"}],"about":[{"href":"https:\/\/comport.es\/index.php\/wp-json\/wp\/v2\/types\/post"}],"author":[{"embeddable":true,"href":"https:\/\/comport.es\/index.php\/wp-json\/wp\/v2\/users\/1"}],"replies":[{"embeddable":true,"href":"https:\/\/comport.es\/index.php\/wp-json\/wp\/v2\/comments?post=8369"}],"version-history":[{"count":1,"href":"https:\/\/comport.es\/index.php\/wp-json\/wp\/v2\/posts\/8369\/revisions"}],"predecessor-version":[{"id":8374,"href":"https:\/\/comport.es\/index.php\/wp-json\/wp\/v2\/posts\/8369\/revisions\/8374"}],"wp:featuredmedia":[{"embeddable":true,"href":"https:\/\/comport.es\/index.php\/wp-json\/wp\/v2\/media\/8370"}],"wp:attachment":[{"href":"https:\/\/comport.es\/index.php\/wp-json\/wp\/v2\/media?parent=8369"}],"wp:term":[{"taxonomy":"category","embeddable":true,"href":"https:\/\/comport.es\/index.php\/wp-json\/wp\/v2\/categories?post=8369"},{"taxonomy":"post_tag","embeddable":true,"href":"https:\/\/comport.es\/index.php\/wp-json\/wp\/v2\/tags?post=8369"}],"curies":[{"name":"wp","href":"https:\/\/api.w.org\/{rel}","templated":true}]}}