{"id":8359,"date":"2024-10-02T11:45:15","date_gmt":"2024-10-02T11:45:15","guid":{"rendered":"https:\/\/comport.es\/?p=8359"},"modified":"2024-10-02T11:45:15","modified_gmt":"2024-10-02T11:45:15","slug":"comport-inicia-el-proceso-electoral-para-renovar-su-presidencia-y-junta-directiva","status":"publish","type":"post","link":"https:\/\/comport.es\/index.php\/noticias\/comport-inicia-el-proceso-electoral-para-renovar-su-presidencia-y-junta-directiva\/","title":{"rendered":"COMPORT inicia el proceso electoral para renovar su presidencia y junta directiva"},"content":{"rendered":"<p style=\"text-align: justify;\"><strong><span style=\"color: #000000; font-size: 18pt;\">La Asamblea General Extraordinaria Electoral se celebrar\u00e1 el 31 de octubre en la C\u00e1mara de Comercio del Campo de Gibraltar<\/span><\/strong><\/p>\n<p style=\"text-align: justify;\">\n<p style=\"text-align: justify;\"><span style=\"color: #000000;\">La junta directiva de <strong>la Comunidad Portuaria de la Bah\u00eda de Algeciras (COMPORT)<\/strong>, presidida por Jos\u00e9 Manuel Tejedor, ha iniciado el proceso electoral para la elecci\u00f3n de un nuevo presidente y junta directiva, tras la reuni\u00f3n celebrada, en la sede de la C\u00e1mara de Comercio del Campo de Gibraltar. La convocatoria de elecciones responde a la finalizaci\u00f3n del mandato de los actuales dirigentes, conforme a lo estipulado en los estatutos de la asociaci\u00f3n.<\/span><\/p>\n<p style=\"text-align: justify;\"><span style=\"color: #000000;\">La Asamblea General Extraordinaria Electoral, en la que se elegir\u00e1 al nuevo equipo directivo de <strong>COMPORT<\/strong>, ha sido programada para el pr\u00f3ximo 31 de octubre. Esta reuni\u00f3n tendr\u00e1 lugar en las instalaciones de la C\u00e1mara de Comercio del Campo de Gibraltar, siguiendo el procedimiento establecido en los estatutos para la renovaci\u00f3n de los cargos.<\/span><\/p>\n<p style=\"text-align: justify;\"><span style=\"color: #000000;\"><strong>COMPORT<\/strong>, como entidad que agrupa a diversas empresas e instituciones relacionadas con la actividad portuaria en la Bah\u00eda de Algeciras, tiene un papel clave en la promoci\u00f3n y desarrollo del sector portuario de la regi\u00f3n. La elecci\u00f3n de un nuevo equipo directivo ser\u00e1 un momento importante para definir las l\u00edneas de actuaci\u00f3n de la asociaci\u00f3n en los pr\u00f3ximos a\u00f1os, en un contexto de crecimiento y desaf\u00edos para el <strong>puerto de Algeciras<\/strong> y su entorno.<\/span><\/p>\n<p style=\"text-align: justify;\"><span style=\"color: #000000;\">La actual junta directiva, encabezada por Tejedor, ha estado al frente de la asociaci\u00f3n durante el periodo fijado por los estatutos, y el proceso electoral permitir\u00e1 dar continuidad o renovar el liderazgo de la organizaci\u00f3n. Los resultados de esta asamblea determinar\u00e1n el futuro inmediato de <strong>COMPORT<\/strong>, que sigue siendo un actor relevante en el impulso de la competitividad y la colaboraci\u00f3n entre las empresas y entidades del \u00e1mbito portuario.<\/span><\/p>\n<p style=\"text-align: justify;\"><span style=\"color: #000000;\">Se espera que, en las pr\u00f3ximas semanas, se haga p\u00fablico el calendario detallado del proceso electoral, as\u00ed como las candidaturas que se presenten para optar a la presidencia y a los distintos puestos de la junta directiva de <strong>COMPORT<\/strong>.<\/span><\/p>\n<p style=\"text-align: justify;\">\n<p style=\"text-align: justify;\"><span style=\"color: #000000;\"><strong>FUENTE:<\/strong> EL ESTRECHO DIGITAL<\/span><\/p>\n","protected":false},"excerpt":{"rendered":"<p>La Asamblea General Extraordinaria Electoral se celebrar\u00e1 el 31 de octubre en la C\u00e1mara de Comercio del Campo de Gibraltar La junta directiva de la Comunidad Portuaria de la Bah\u00eda de Algeciras (COMPORT), presidida por Jos\u00e9 Manuel Tejedor, ha iniciado el proceso electoral para la [&hellip;]<\/p>\n","protected":false},"author":1,"featured_media":8360,"comment_status":"closed","ping_status":"closed","sticky":false,"template":"","format":"standard","meta":{"footnotes":""},"categories":[921],"tags":[],"class_list":["post-8359","post","type-post","status-publish","format-standard","has-post-thumbnail","hentry","category-noticias"],"yoast_head":"<!-- This site is optimized with the Yoast SEO plugin v27.4 - https:\/\/yoast.com\/product\/yoast-seo-wordpress\/ -->\n<title>COMPORT inicia el proceso electoral para renovar su presidencia y junta directiva | COMPORT<\/title>\n<meta name=\"robots\" content=\"noindex, follow\" \/>\n<meta property=\"og:locale\" content=\"es_ES\" \/>\n<meta property=\"og:type\" content=\"article\" \/>\n<meta property=\"og:title\" content=\"COMPORT inicia el proceso electoral para renovar su presidencia y junta directiva | COMPORT\" \/>\n<meta property=\"og:description\" content=\"La Asamblea General Extraordinaria Electoral se celebrar\u00e1 el 31 de octubre en la C\u00e1mara de Comercio del Campo de Gibraltar La junta directiva de la Comunidad Portuaria de la Bah\u00eda de Algeciras (COMPORT), presidida por Jos\u00e9 Manuel Tejedor, ha iniciado el proceso electoral para la [&hellip;]\" \/>\n<meta property=\"og:url\" content=\"https:\/\/comport.es\/index.php\/noticias\/comport-inicia-el-proceso-electoral-para-renovar-su-presidencia-y-junta-directiva\/\" \/>\n<meta property=\"og:site_name\" content=\"COMPORT\" \/>\n<meta property=\"article:published_time\" content=\"2024-10-02T11:45:15+00:00\" \/>\n<meta property=\"og:image\" content=\"https:\/\/comport.es\/wp-content\/uploads\/2024\/10\/COMPORT_JUNTA.jpg\" \/>\n\t<meta property=\"og:image:width\" content=\"1300\" \/>\n\t<meta property=\"og:image:height\" content=\"722\" \/>\n\t<meta property=\"og:image:type\" content=\"image\/jpeg\" \/>\n<meta name=\"author\" content=\"admincomport\" \/>\n<meta name=\"twitter:card\" content=\"summary_large_image\" \/>\n<meta name=\"twitter:label1\" content=\"Escrito por\" \/>\n\t<meta name=\"twitter:data1\" content=\"admincomport\" \/>\n\t<meta name=\"twitter:label2\" content=\"Tiempo de lectura\" \/>\n\t<meta name=\"twitter:data2\" content=\"2 minutos\" \/>\n<script type=\"application\/ld+json\" class=\"yoast-schema-graph\">{\"@context\":\"https:\\\/\\\/schema.org\",\"@graph\":[{\"@type\":\"Article\",\"@id\":\"https:\\\/\\\/comport.es\\\/index.php\\\/noticias\\\/comport-inicia-el-proceso-electoral-para-renovar-su-presidencia-y-junta-directiva\\\/#article\",\"isPartOf\":{\"@id\":\"https:\\\/\\\/comport.es\\\/index.php\\\/noticias\\\/comport-inicia-el-proceso-electoral-para-renovar-su-presidencia-y-junta-directiva\\\/\"},\"author\":{\"name\":\"admincomport\",\"@id\":\"https:\\\/\\\/comport.es\\\/#\\\/schema\\\/person\\\/9277649f8e04dd48c3d73bbaf2c7bebc\"},\"headline\":\"COMPORT inicia el proceso electoral para renovar su presidencia y junta directiva\",\"datePublished\":\"2024-10-02T11:45:15+00:00\",\"mainEntityOfPage\":{\"@id\":\"https:\\\/\\\/comport.es\\\/index.php\\\/noticias\\\/comport-inicia-el-proceso-electoral-para-renovar-su-presidencia-y-junta-directiva\\\/\"},\"wordCount\":370,\"publisher\":{\"@id\":\"https:\\\/\\\/comport.es\\\/#organization\"},\"image\":{\"@id\":\"https:\\\/\\\/comport.es\\\/index.php\\\/noticias\\\/comport-inicia-el-proceso-electoral-para-renovar-su-presidencia-y-junta-directiva\\\/#primaryimage\"},\"thumbnailUrl\":\"https:\\\/\\\/comport.es\\\/wp-content\\\/uploads\\\/2024\\\/10\\\/COMPORT_JUNTA.jpg\",\"articleSection\":[\"Noticias\"],\"inLanguage\":\"es\"},{\"@type\":\"WebPage\",\"@id\":\"https:\\\/\\\/comport.es\\\/index.php\\\/noticias\\\/comport-inicia-el-proceso-electoral-para-renovar-su-presidencia-y-junta-directiva\\\/\",\"url\":\"https:\\\/\\\/comport.es\\\/index.php\\\/noticias\\\/comport-inicia-el-proceso-electoral-para-renovar-su-presidencia-y-junta-directiva\\\/\",\"name\":\"COMPORT inicia el proceso electoral para renovar su presidencia y junta directiva | COMPORT\",\"isPartOf\":{\"@id\":\"https:\\\/\\\/comport.es\\\/#website\"},\"primaryImageOfPage\":{\"@id\":\"https:\\\/\\\/comport.es\\\/index.php\\\/noticias\\\/comport-inicia-el-proceso-electoral-para-renovar-su-presidencia-y-junta-directiva\\\/#primaryimage\"},\"image\":{\"@id\":\"https:\\\/\\\/comport.es\\\/index.php\\\/noticias\\\/comport-inicia-el-proceso-electoral-para-renovar-su-presidencia-y-junta-directiva\\\/#primaryimage\"},\"thumbnailUrl\":\"https:\\\/\\\/comport.es\\\/wp-content\\\/uploads\\\/2024\\\/10\\\/COMPORT_JUNTA.jpg\",\"datePublished\":\"2024-10-02T11:45:15+00:00\",\"breadcrumb\":{\"@id\":\"https:\\\/\\\/comport.es\\\/index.php\\\/noticias\\\/comport-inicia-el-proceso-electoral-para-renovar-su-presidencia-y-junta-directiva\\\/#breadcrumb\"},\"inLanguage\":\"es\",\"potentialAction\":[{\"@type\":\"ReadAction\",\"target\":[\"https:\\\/\\\/comport.es\\\/index.php\\\/noticias\\\/comport-inicia-el-proceso-electoral-para-renovar-su-presidencia-y-junta-directiva\\\/\"]}]},{\"@type\":\"ImageObject\",\"inLanguage\":\"es\",\"@id\":\"https:\\\/\\\/comport.es\\\/index.php\\\/noticias\\\/comport-inicia-el-proceso-electoral-para-renovar-su-presidencia-y-junta-directiva\\\/#primaryimage\",\"url\":\"https:\\\/\\\/comport.es\\\/wp-content\\\/uploads\\\/2024\\\/10\\\/COMPORT_JUNTA.jpg\",\"contentUrl\":\"https:\\\/\\\/comport.es\\\/wp-content\\\/uploads\\\/2024\\\/10\\\/COMPORT_JUNTA.jpg\",\"width\":1300,\"height\":722},{\"@type\":\"BreadcrumbList\",\"@id\":\"https:\\\/\\\/comport.es\\\/index.php\\\/noticias\\\/comport-inicia-el-proceso-electoral-para-renovar-su-presidencia-y-junta-directiva\\\/#breadcrumb\",\"itemListElement\":[{\"@type\":\"ListItem\",\"position\":1,\"name\":\"Portada\",\"item\":\"https:\\\/\\\/comport.es\\\/\"},{\"@type\":\"ListItem\",\"position\":2,\"name\":\"COMPORT inicia el proceso electoral para renovar su presidencia y junta directiva\"}]},{\"@type\":\"WebSite\",\"@id\":\"https:\\\/\\\/comport.es\\\/#website\",\"url\":\"https:\\\/\\\/comport.es\\\/\",\"name\":\"COMPORT\",\"description\":\"Port Community of Algeciras Bay\",\"publisher\":{\"@id\":\"https:\\\/\\\/comport.es\\\/#organization\"},\"potentialAction\":[{\"@type\":\"SearchAction\",\"target\":{\"@type\":\"EntryPoint\",\"urlTemplate\":\"https:\\\/\\\/comport.es\\\/?s={search_term_string}\"},\"query-input\":{\"@type\":\"PropertyValueSpecification\",\"valueRequired\":true,\"valueName\":\"search_term_string\"}}],\"inLanguage\":\"es\"},{\"@type\":\"Organization\",\"@id\":\"https:\\\/\\\/comport.es\\\/#organization\",\"name\":\"ALGECIRAS PORT COMMUNITY - COMPORT\",\"url\":\"https:\\\/\\\/comport.es\\\/\",\"logo\":{\"@type\":\"ImageObject\",\"inLanguage\":\"es\",\"@id\":\"https:\\\/\\\/comport.es\\\/#\\\/schema\\\/logo\\\/image\\\/\",\"url\":\"https:\\\/\\\/comport.es\\\/wp-content\\\/uploads\\\/2020\\\/10\\\/logo_comport_20m.png\",\"contentUrl\":\"https:\\\/\\\/comport.es\\\/wp-content\\\/uploads\\\/2020\\\/10\\\/logo_comport_20m.png\",\"width\":600,\"height\":170,\"caption\":\"ALGECIRAS PORT COMMUNITY - COMPORT\"},\"image\":{\"@id\":\"https:\\\/\\\/comport.es\\\/#\\\/schema\\\/logo\\\/image\\\/\"}},{\"@type\":\"Person\",\"@id\":\"https:\\\/\\\/comport.es\\\/#\\\/schema\\\/person\\\/9277649f8e04dd48c3d73bbaf2c7bebc\",\"name\":\"admincomport\"}]}<\/script>\n<!-- \/ Yoast SEO plugin. -->","yoast_head_json":{"title":"COMPORT inicia el proceso electoral para renovar su presidencia y junta directiva | COMPORT","robots":{"index":"noindex","follow":"follow"},"og_locale":"es_ES","og_type":"article","og_title":"COMPORT inicia el proceso electoral para renovar su presidencia y junta directiva | COMPORT","og_description":"La Asamblea General Extraordinaria Electoral se celebrar\u00e1 el 31 de octubre en la C\u00e1mara de Comercio del Campo de Gibraltar La junta directiva de la Comunidad Portuaria de la Bah\u00eda de Algeciras (COMPORT), presidida por Jos\u00e9 Manuel Tejedor, ha iniciado el proceso electoral para la [&hellip;]","og_url":"https:\/\/comport.es\/index.php\/noticias\/comport-inicia-el-proceso-electoral-para-renovar-su-presidencia-y-junta-directiva\/","og_site_name":"COMPORT","article_published_time":"2024-10-02T11:45:15+00:00","og_image":[{"width":1300,"height":722,"url":"https:\/\/comport.es\/wp-content\/uploads\/2024\/10\/COMPORT_JUNTA.jpg","type":"image\/jpeg"}],"author":"admincomport","twitter_card":"summary_large_image","twitter_misc":{"Escrito por":"admincomport","Tiempo de lectura":"2 minutos"},"schema":{"@context":"https:\/\/schema.org","@graph":[{"@type":"Article","@id":"https:\/\/comport.es\/index.php\/noticias\/comport-inicia-el-proceso-electoral-para-renovar-su-presidencia-y-junta-directiva\/#article","isPartOf":{"@id":"https:\/\/comport.es\/index.php\/noticias\/comport-inicia-el-proceso-electoral-para-renovar-su-presidencia-y-junta-directiva\/"},"author":{"name":"admincomport","@id":"https:\/\/comport.es\/#\/schema\/person\/9277649f8e04dd48c3d73bbaf2c7bebc"},"headline":"COMPORT inicia el proceso electoral para renovar su presidencia y junta directiva","datePublished":"2024-10-02T11:45:15+00:00","mainEntityOfPage":{"@id":"https:\/\/comport.es\/index.php\/noticias\/comport-inicia-el-proceso-electoral-para-renovar-su-presidencia-y-junta-directiva\/"},"wordCount":370,"publisher":{"@id":"https:\/\/comport.es\/#organization"},"image":{"@id":"https:\/\/comport.es\/index.php\/noticias\/comport-inicia-el-proceso-electoral-para-renovar-su-presidencia-y-junta-directiva\/#primaryimage"},"thumbnailUrl":"https:\/\/comport.es\/wp-content\/uploads\/2024\/10\/COMPORT_JUNTA.jpg","articleSection":["Noticias"],"inLanguage":"es"},{"@type":"WebPage","@id":"https:\/\/comport.es\/index.php\/noticias\/comport-inicia-el-proceso-electoral-para-renovar-su-presidencia-y-junta-directiva\/","url":"https:\/\/comport.es\/index.php\/noticias\/comport-inicia-el-proceso-electoral-para-renovar-su-presidencia-y-junta-directiva\/","name":"COMPORT inicia el proceso electoral para renovar su presidencia y junta directiva | COMPORT","isPartOf":{"@id":"https:\/\/comport.es\/#website"},"primaryImageOfPage":{"@id":"https:\/\/comport.es\/index.php\/noticias\/comport-inicia-el-proceso-electoral-para-renovar-su-presidencia-y-junta-directiva\/#primaryimage"},"image":{"@id":"https:\/\/comport.es\/index.php\/noticias\/comport-inicia-el-proceso-electoral-para-renovar-su-presidencia-y-junta-directiva\/#primaryimage"},"thumbnailUrl":"https:\/\/comport.es\/wp-content\/uploads\/2024\/10\/COMPORT_JUNTA.jpg","datePublished":"2024-10-02T11:45:15+00:00","breadcrumb":{"@id":"https:\/\/comport.es\/index.php\/noticias\/comport-inicia-el-proceso-electoral-para-renovar-su-presidencia-y-junta-directiva\/#breadcrumb"},"inLanguage":"es","potentialAction":[{"@type":"ReadAction","target":["https:\/\/comport.es\/index.php\/noticias\/comport-inicia-el-proceso-electoral-para-renovar-su-presidencia-y-junta-directiva\/"]}]},{"@type":"ImageObject","inLanguage":"es","@id":"https:\/\/comport.es\/index.php\/noticias\/comport-inicia-el-proceso-electoral-para-renovar-su-presidencia-y-junta-directiva\/#primaryimage","url":"https:\/\/comport.es\/wp-content\/uploads\/2024\/10\/COMPORT_JUNTA.jpg","contentUrl":"https:\/\/comport.es\/wp-content\/uploads\/2024\/10\/COMPORT_JUNTA.jpg","width":1300,"height":722},{"@type":"BreadcrumbList","@id":"https:\/\/comport.es\/index.php\/noticias\/comport-inicia-el-proceso-electoral-para-renovar-su-presidencia-y-junta-directiva\/#breadcrumb","itemListElement":[{"@type":"ListItem","position":1,"name":"Portada","item":"https:\/\/comport.es\/"},{"@type":"ListItem","position":2,"name":"COMPORT inicia el proceso electoral para renovar su presidencia y junta directiva"}]},{"@type":"WebSite","@id":"https:\/\/comport.es\/#website","url":"https:\/\/comport.es\/","name":"COMPORT","description":"Port Community of Algeciras Bay","publisher":{"@id":"https:\/\/comport.es\/#organization"},"potentialAction":[{"@type":"SearchAction","target":{"@type":"EntryPoint","urlTemplate":"https:\/\/comport.es\/?s={search_term_string}"},"query-input":{"@type":"PropertyValueSpecification","valueRequired":true,"valueName":"search_term_string"}}],"inLanguage":"es"},{"@type":"Organization","@id":"https:\/\/comport.es\/#organization","name":"ALGECIRAS PORT COMMUNITY - COMPORT","url":"https:\/\/comport.es\/","logo":{"@type":"ImageObject","inLanguage":"es","@id":"https:\/\/comport.es\/#\/schema\/logo\/image\/","url":"https:\/\/comport.es\/wp-content\/uploads\/2020\/10\/logo_comport_20m.png","contentUrl":"https:\/\/comport.es\/wp-content\/uploads\/2020\/10\/logo_comport_20m.png","width":600,"height":170,"caption":"ALGECIRAS PORT COMMUNITY - COMPORT"},"image":{"@id":"https:\/\/comport.es\/#\/schema\/logo\/image\/"}},{"@type":"Person","@id":"https:\/\/comport.es\/#\/schema\/person\/9277649f8e04dd48c3d73bbaf2c7bebc","name":"admincomport"}]}},"_links":{"self":[{"href":"https:\/\/comport.es\/index.php\/wp-json\/wp\/v2\/posts\/8359","targetHints":{"allow":["GET"]}}],"collection":[{"href":"https:\/\/comport.es\/index.php\/wp-json\/wp\/v2\/posts"}],"about":[{"href":"https:\/\/comport.es\/index.php\/wp-json\/wp\/v2\/types\/post"}],"author":[{"embeddable":true,"href":"https:\/\/comport.es\/index.php\/wp-json\/wp\/v2\/users\/1"}],"replies":[{"embeddable":true,"href":"https:\/\/comport.es\/index.php\/wp-json\/wp\/v2\/comments?post=8359"}],"version-history":[{"count":1,"href":"https:\/\/comport.es\/index.php\/wp-json\/wp\/v2\/posts\/8359\/revisions"}],"predecessor-version":[{"id":8361,"href":"https:\/\/comport.es\/index.php\/wp-json\/wp\/v2\/posts\/8359\/revisions\/8361"}],"wp:featuredmedia":[{"embeddable":true,"href":"https:\/\/comport.es\/index.php\/wp-json\/wp\/v2\/media\/8360"}],"wp:attachment":[{"href":"https:\/\/comport.es\/index.php\/wp-json\/wp\/v2\/media?parent=8359"}],"wp:term":[{"taxonomy":"category","embeddable":true,"href":"https:\/\/comport.es\/index.php\/wp-json\/wp\/v2\/categories?post=8359"},{"taxonomy":"post_tag","embeddable":true,"href":"https:\/\/comport.es\/index.php\/wp-json\/wp\/v2\/tags?post=8359"}],"curies":[{"name":"wp","href":"https:\/\/api.w.org\/{rel}","templated":true}]}}