{"id":8349,"date":"2024-09-05T07:54:34","date_gmt":"2024-09-05T07:54:34","guid":{"rendered":"https:\/\/comport.es\/?p=8349"},"modified":"2024-09-09T10:42:18","modified_gmt":"2024-09-09T10:42:18","slug":"el-puerto-de-algeciras-participa-en-la-feria-smm-hamburgo-junto-a-28-empresas-e-instituciones-de-su-comunidad-portuaria","status":"publish","type":"post","link":"https:\/\/comport.es\/index.php\/noticias\/el-puerto-de-algeciras-participa-en-la-feria-smm-hamburgo-junto-a-28-empresas-e-instituciones-de-su-comunidad-portuaria\/","title":{"rendered":"El Puerto de Algeciras participa en la Feria SMM Hamburgo junto a 28 empresas e instituciones de su comunidad portuaria"},"content":{"rendered":"<p style=\"text-align: justify;\"><span style=\"font-size: 18pt;\"><strong><span style=\"color: #000000;\">El stand de la APBA ha recibido la visita de la Oficina Econ\u00f3mica y Comercial de Espa\u00f1a en Berl\u00edn<\/span><\/strong><\/span><\/p>\n<p style=\"text-align: justify;\"><span style=\"color: #000000;\">Una delegaci\u00f3n del <strong>Puerto de Algeciras<\/strong>, compuesta por 28 empresas e instituciones de la<strong> Comunidad Portuaria<\/strong>, se ha desplazado esta semana a Hamburgo para participar en la <strong>Feria SMM<\/strong>, uno de los eventos m\u00e1s importantes del sector mar\u00edtimo a nivel mundial. Durante los primeros d\u00edas de la feria, el stand de la Autoridad Portuaria de Algeciras (APBA) ha recibido la visita de Pilar Mu\u00f1oz Juncosa, consejera de la Oficina Econ\u00f3mica y Comercial de Espa\u00f1a en Berl\u00edn, junto a su equipo.<\/span><\/p>\n<p style=\"text-align: justify;\"><span style=\"color: #000000;\"><strong>El Puerto de Algeciras<\/strong> ha aprovechado este encuentro para mostrar su amplia oferta de servicios portuarios, destacando su ubicaci\u00f3n estrat\u00e9gica en el Estrecho de Gibraltar y su capacidad para atender a todo tipo de buques. La feria, que marca el inicio del nuevo curso para el sector, es una oportunidad clave para el puerto algecire\u00f1o de afianzar su presencia en el mercado internacional y fortalecer relaciones comerciales con empresas y operadores del sector mar\u00edtimo.<\/span><\/p>\n<p style=\"text-align: justify;\"><span style=\"color: #000000;\">En la tarde de ayer, el stand del<strong> Puerto de Algeciras<\/strong> acogi\u00f3 una tradicional copa de vino para amigos y clientes, un evento que permiti\u00f3 estrechar lazos con representantes de la industria y reforzar el compromiso de<strong> la comunidad portuaria de Algeciras<\/strong> con la innovaci\u00f3n y el crecimiento sostenible.<\/span><\/p>\n<p style=\"text-align: justify;\"><span style=\"color: #000000;\">La Feria SMM de Hamburgo, que se celebra del 3 al 6 de septiembre, re\u00fane a los principales actores del sector mar\u00edtimo global, convirti\u00e9ndose en un escaparate clave para exponer avances en tecnolog\u00eda, sostenibilidad y servicios mar\u00edtimos, \u00e1reas en las que el<strong> Puerto de Algeciras<\/strong> sigue desempe\u00f1ando un papel relevante.<\/span><\/p>\n<p style=\"text-align: justify;\"><span style=\"color: #000000;\"><strong>FUENTE:<\/strong> EL ESTRECHO DIGITAL<\/span><\/p>\n","protected":false},"excerpt":{"rendered":"<p>El stand de la APBA ha recibido la visita de la Oficina Econ\u00f3mica y Comercial de Espa\u00f1a en Berl\u00edn Una delegaci\u00f3n del Puerto de Algeciras, compuesta por 28 empresas e instituciones de la Comunidad Portuaria, se ha desplazado esta semana a Hamburgo para participar en [&hellip;]<\/p>\n","protected":false},"author":1,"featured_media":8352,"comment_status":"closed","ping_status":"closed","sticky":false,"template":"","format":"standard","meta":{"footnotes":""},"categories":[921],"tags":[],"class_list":["post-8349","post","type-post","status-publish","format-standard","has-post-thumbnail","hentry","category-noticias"],"yoast_head":"<!-- This site is optimized with the Yoast SEO plugin v27.4 - https:\/\/yoast.com\/product\/yoast-seo-wordpress\/ -->\n<title>El Puerto de Algeciras participa en la Feria SMM Hamburgo junto a 28 empresas e instituciones de su comunidad portuaria | COMPORT<\/title>\n<meta name=\"robots\" content=\"noindex, follow\" \/>\n<meta property=\"og:locale\" content=\"es_ES\" \/>\n<meta property=\"og:type\" content=\"article\" \/>\n<meta property=\"og:title\" content=\"El Puerto de Algeciras participa en la Feria SMM Hamburgo junto a 28 empresas e instituciones de su comunidad portuaria | COMPORT\" \/>\n<meta property=\"og:description\" content=\"El stand de la APBA ha recibido la visita de la Oficina Econ\u00f3mica y Comercial de Espa\u00f1a en Berl\u00edn Una delegaci\u00f3n del Puerto de Algeciras, compuesta por 28 empresas e instituciones de la Comunidad Portuaria, se ha desplazado esta semana a Hamburgo para participar en [&hellip;]\" \/>\n<meta property=\"og:url\" content=\"https:\/\/comport.es\/index.php\/noticias\/el-puerto-de-algeciras-participa-en-la-feria-smm-hamburgo-junto-a-28-empresas-e-instituciones-de-su-comunidad-portuaria\/\" \/>\n<meta property=\"og:site_name\" content=\"COMPORT\" \/>\n<meta property=\"article:published_time\" content=\"2024-09-05T07:54:34+00:00\" \/>\n<meta property=\"article:modified_time\" content=\"2024-09-09T10:42:18+00:00\" \/>\n<meta property=\"og:image\" content=\"https:\/\/comport.es\/wp-content\/uploads\/2024\/09\/SMM_24b.jpg\" \/>\n\t<meta property=\"og:image:width\" content=\"1300\" \/>\n\t<meta property=\"og:image:height\" content=\"722\" \/>\n\t<meta property=\"og:image:type\" content=\"image\/jpeg\" \/>\n<meta name=\"author\" content=\"admincomport\" \/>\n<meta name=\"twitter:card\" content=\"summary_large_image\" \/>\n<meta name=\"twitter:label1\" content=\"Escrito por\" \/>\n\t<meta name=\"twitter:data1\" content=\"admincomport\" \/>\n\t<meta name=\"twitter:label2\" content=\"Tiempo de lectura\" \/>\n\t<meta name=\"twitter:data2\" content=\"2 minutos\" \/>\n<script type=\"application\/ld+json\" class=\"yoast-schema-graph\">{\"@context\":\"https:\\\/\\\/schema.org\",\"@graph\":[{\"@type\":\"Article\",\"@id\":\"https:\\\/\\\/comport.es\\\/index.php\\\/noticias\\\/el-puerto-de-algeciras-participa-en-la-feria-smm-hamburgo-junto-a-28-empresas-e-instituciones-de-su-comunidad-portuaria\\\/#article\",\"isPartOf\":{\"@id\":\"https:\\\/\\\/comport.es\\\/index.php\\\/noticias\\\/el-puerto-de-algeciras-participa-en-la-feria-smm-hamburgo-junto-a-28-empresas-e-instituciones-de-su-comunidad-portuaria\\\/\"},\"author\":{\"name\":\"admincomport\",\"@id\":\"https:\\\/\\\/comport.es\\\/#\\\/schema\\\/person\\\/9277649f8e04dd48c3d73bbaf2c7bebc\"},\"headline\":\"El Puerto de Algeciras participa en la Feria SMM Hamburgo junto a 28 empresas e instituciones de su comunidad portuaria\",\"datePublished\":\"2024-09-05T07:54:34+00:00\",\"dateModified\":\"2024-09-09T10:42:18+00:00\",\"mainEntityOfPage\":{\"@id\":\"https:\\\/\\\/comport.es\\\/index.php\\\/noticias\\\/el-puerto-de-algeciras-participa-en-la-feria-smm-hamburgo-junto-a-28-empresas-e-instituciones-de-su-comunidad-portuaria\\\/\"},\"wordCount\":314,\"publisher\":{\"@id\":\"https:\\\/\\\/comport.es\\\/#organization\"},\"image\":{\"@id\":\"https:\\\/\\\/comport.es\\\/index.php\\\/noticias\\\/el-puerto-de-algeciras-participa-en-la-feria-smm-hamburgo-junto-a-28-empresas-e-instituciones-de-su-comunidad-portuaria\\\/#primaryimage\"},\"thumbnailUrl\":\"https:\\\/\\\/comport.es\\\/wp-content\\\/uploads\\\/2024\\\/09\\\/SMM_24b.jpg\",\"articleSection\":[\"Noticias\"],\"inLanguage\":\"es\"},{\"@type\":\"WebPage\",\"@id\":\"https:\\\/\\\/comport.es\\\/index.php\\\/noticias\\\/el-puerto-de-algeciras-participa-en-la-feria-smm-hamburgo-junto-a-28-empresas-e-instituciones-de-su-comunidad-portuaria\\\/\",\"url\":\"https:\\\/\\\/comport.es\\\/index.php\\\/noticias\\\/el-puerto-de-algeciras-participa-en-la-feria-smm-hamburgo-junto-a-28-empresas-e-instituciones-de-su-comunidad-portuaria\\\/\",\"name\":\"El Puerto de Algeciras participa en la Feria SMM Hamburgo junto a 28 empresas e instituciones de su comunidad portuaria | COMPORT\",\"isPartOf\":{\"@id\":\"https:\\\/\\\/comport.es\\\/#website\"},\"primaryImageOfPage\":{\"@id\":\"https:\\\/\\\/comport.es\\\/index.php\\\/noticias\\\/el-puerto-de-algeciras-participa-en-la-feria-smm-hamburgo-junto-a-28-empresas-e-instituciones-de-su-comunidad-portuaria\\\/#primaryimage\"},\"image\":{\"@id\":\"https:\\\/\\\/comport.es\\\/index.php\\\/noticias\\\/el-puerto-de-algeciras-participa-en-la-feria-smm-hamburgo-junto-a-28-empresas-e-instituciones-de-su-comunidad-portuaria\\\/#primaryimage\"},\"thumbnailUrl\":\"https:\\\/\\\/comport.es\\\/wp-content\\\/uploads\\\/2024\\\/09\\\/SMM_24b.jpg\",\"datePublished\":\"2024-09-05T07:54:34+00:00\",\"dateModified\":\"2024-09-09T10:42:18+00:00\",\"breadcrumb\":{\"@id\":\"https:\\\/\\\/comport.es\\\/index.php\\\/noticias\\\/el-puerto-de-algeciras-participa-en-la-feria-smm-hamburgo-junto-a-28-empresas-e-instituciones-de-su-comunidad-portuaria\\\/#breadcrumb\"},\"inLanguage\":\"es\",\"potentialAction\":[{\"@type\":\"ReadAction\",\"target\":[\"https:\\\/\\\/comport.es\\\/index.php\\\/noticias\\\/el-puerto-de-algeciras-participa-en-la-feria-smm-hamburgo-junto-a-28-empresas-e-instituciones-de-su-comunidad-portuaria\\\/\"]}]},{\"@type\":\"ImageObject\",\"inLanguage\":\"es\",\"@id\":\"https:\\\/\\\/comport.es\\\/index.php\\\/noticias\\\/el-puerto-de-algeciras-participa-en-la-feria-smm-hamburgo-junto-a-28-empresas-e-instituciones-de-su-comunidad-portuaria\\\/#primaryimage\",\"url\":\"https:\\\/\\\/comport.es\\\/wp-content\\\/uploads\\\/2024\\\/09\\\/SMM_24b.jpg\",\"contentUrl\":\"https:\\\/\\\/comport.es\\\/wp-content\\\/uploads\\\/2024\\\/09\\\/SMM_24b.jpg\",\"width\":1300,\"height\":722},{\"@type\":\"BreadcrumbList\",\"@id\":\"https:\\\/\\\/comport.es\\\/index.php\\\/noticias\\\/el-puerto-de-algeciras-participa-en-la-feria-smm-hamburgo-junto-a-28-empresas-e-instituciones-de-su-comunidad-portuaria\\\/#breadcrumb\",\"itemListElement\":[{\"@type\":\"ListItem\",\"position\":1,\"name\":\"Portada\",\"item\":\"https:\\\/\\\/comport.es\\\/\"},{\"@type\":\"ListItem\",\"position\":2,\"name\":\"El Puerto de Algeciras participa en la Feria SMM Hamburgo junto a 28 empresas e instituciones de su comunidad portuaria\"}]},{\"@type\":\"WebSite\",\"@id\":\"https:\\\/\\\/comport.es\\\/#website\",\"url\":\"https:\\\/\\\/comport.es\\\/\",\"name\":\"COMPORT\",\"description\":\"Port Community of Algeciras Bay\",\"publisher\":{\"@id\":\"https:\\\/\\\/comport.es\\\/#organization\"},\"potentialAction\":[{\"@type\":\"SearchAction\",\"target\":{\"@type\":\"EntryPoint\",\"urlTemplate\":\"https:\\\/\\\/comport.es\\\/?s={search_term_string}\"},\"query-input\":{\"@type\":\"PropertyValueSpecification\",\"valueRequired\":true,\"valueName\":\"search_term_string\"}}],\"inLanguage\":\"es\"},{\"@type\":\"Organization\",\"@id\":\"https:\\\/\\\/comport.es\\\/#organization\",\"name\":\"ALGECIRAS PORT COMMUNITY - COMPORT\",\"url\":\"https:\\\/\\\/comport.es\\\/\",\"logo\":{\"@type\":\"ImageObject\",\"inLanguage\":\"es\",\"@id\":\"https:\\\/\\\/comport.es\\\/#\\\/schema\\\/logo\\\/image\\\/\",\"url\":\"https:\\\/\\\/comport.es\\\/wp-content\\\/uploads\\\/2020\\\/10\\\/logo_comport_20m.png\",\"contentUrl\":\"https:\\\/\\\/comport.es\\\/wp-content\\\/uploads\\\/2020\\\/10\\\/logo_comport_20m.png\",\"width\":600,\"height\":170,\"caption\":\"ALGECIRAS PORT COMMUNITY - COMPORT\"},\"image\":{\"@id\":\"https:\\\/\\\/comport.es\\\/#\\\/schema\\\/logo\\\/image\\\/\"}},{\"@type\":\"Person\",\"@id\":\"https:\\\/\\\/comport.es\\\/#\\\/schema\\\/person\\\/9277649f8e04dd48c3d73bbaf2c7bebc\",\"name\":\"admincomport\"}]}<\/script>\n<!-- \/ Yoast SEO plugin. -->","yoast_head_json":{"title":"El Puerto de Algeciras participa en la Feria SMM Hamburgo junto a 28 empresas e instituciones de su comunidad portuaria | COMPORT","robots":{"index":"noindex","follow":"follow"},"og_locale":"es_ES","og_type":"article","og_title":"El Puerto de Algeciras participa en la Feria SMM Hamburgo junto a 28 empresas e instituciones de su comunidad portuaria | COMPORT","og_description":"El stand de la APBA ha recibido la visita de la Oficina Econ\u00f3mica y Comercial de Espa\u00f1a en Berl\u00edn Una delegaci\u00f3n del Puerto de Algeciras, compuesta por 28 empresas e instituciones de la Comunidad Portuaria, se ha desplazado esta semana a Hamburgo para participar en [&hellip;]","og_url":"https:\/\/comport.es\/index.php\/noticias\/el-puerto-de-algeciras-participa-en-la-feria-smm-hamburgo-junto-a-28-empresas-e-instituciones-de-su-comunidad-portuaria\/","og_site_name":"COMPORT","article_published_time":"2024-09-05T07:54:34+00:00","article_modified_time":"2024-09-09T10:42:18+00:00","og_image":[{"width":1300,"height":722,"url":"https:\/\/comport.es\/wp-content\/uploads\/2024\/09\/SMM_24b.jpg","type":"image\/jpeg"}],"author":"admincomport","twitter_card":"summary_large_image","twitter_misc":{"Escrito por":"admincomport","Tiempo de lectura":"2 minutos"},"schema":{"@context":"https:\/\/schema.org","@graph":[{"@type":"Article","@id":"https:\/\/comport.es\/index.php\/noticias\/el-puerto-de-algeciras-participa-en-la-feria-smm-hamburgo-junto-a-28-empresas-e-instituciones-de-su-comunidad-portuaria\/#article","isPartOf":{"@id":"https:\/\/comport.es\/index.php\/noticias\/el-puerto-de-algeciras-participa-en-la-feria-smm-hamburgo-junto-a-28-empresas-e-instituciones-de-su-comunidad-portuaria\/"},"author":{"name":"admincomport","@id":"https:\/\/comport.es\/#\/schema\/person\/9277649f8e04dd48c3d73bbaf2c7bebc"},"headline":"El Puerto de Algeciras participa en la Feria SMM Hamburgo junto a 28 empresas e instituciones de su comunidad portuaria","datePublished":"2024-09-05T07:54:34+00:00","dateModified":"2024-09-09T10:42:18+00:00","mainEntityOfPage":{"@id":"https:\/\/comport.es\/index.php\/noticias\/el-puerto-de-algeciras-participa-en-la-feria-smm-hamburgo-junto-a-28-empresas-e-instituciones-de-su-comunidad-portuaria\/"},"wordCount":314,"publisher":{"@id":"https:\/\/comport.es\/#organization"},"image":{"@id":"https:\/\/comport.es\/index.php\/noticias\/el-puerto-de-algeciras-participa-en-la-feria-smm-hamburgo-junto-a-28-empresas-e-instituciones-de-su-comunidad-portuaria\/#primaryimage"},"thumbnailUrl":"https:\/\/comport.es\/wp-content\/uploads\/2024\/09\/SMM_24b.jpg","articleSection":["Noticias"],"inLanguage":"es"},{"@type":"WebPage","@id":"https:\/\/comport.es\/index.php\/noticias\/el-puerto-de-algeciras-participa-en-la-feria-smm-hamburgo-junto-a-28-empresas-e-instituciones-de-su-comunidad-portuaria\/","url":"https:\/\/comport.es\/index.php\/noticias\/el-puerto-de-algeciras-participa-en-la-feria-smm-hamburgo-junto-a-28-empresas-e-instituciones-de-su-comunidad-portuaria\/","name":"El Puerto de Algeciras participa en la Feria SMM Hamburgo junto a 28 empresas e instituciones de su comunidad portuaria | COMPORT","isPartOf":{"@id":"https:\/\/comport.es\/#website"},"primaryImageOfPage":{"@id":"https:\/\/comport.es\/index.php\/noticias\/el-puerto-de-algeciras-participa-en-la-feria-smm-hamburgo-junto-a-28-empresas-e-instituciones-de-su-comunidad-portuaria\/#primaryimage"},"image":{"@id":"https:\/\/comport.es\/index.php\/noticias\/el-puerto-de-algeciras-participa-en-la-feria-smm-hamburgo-junto-a-28-empresas-e-instituciones-de-su-comunidad-portuaria\/#primaryimage"},"thumbnailUrl":"https:\/\/comport.es\/wp-content\/uploads\/2024\/09\/SMM_24b.jpg","datePublished":"2024-09-05T07:54:34+00:00","dateModified":"2024-09-09T10:42:18+00:00","breadcrumb":{"@id":"https:\/\/comport.es\/index.php\/noticias\/el-puerto-de-algeciras-participa-en-la-feria-smm-hamburgo-junto-a-28-empresas-e-instituciones-de-su-comunidad-portuaria\/#breadcrumb"},"inLanguage":"es","potentialAction":[{"@type":"ReadAction","target":["https:\/\/comport.es\/index.php\/noticias\/el-puerto-de-algeciras-participa-en-la-feria-smm-hamburgo-junto-a-28-empresas-e-instituciones-de-su-comunidad-portuaria\/"]}]},{"@type":"ImageObject","inLanguage":"es","@id":"https:\/\/comport.es\/index.php\/noticias\/el-puerto-de-algeciras-participa-en-la-feria-smm-hamburgo-junto-a-28-empresas-e-instituciones-de-su-comunidad-portuaria\/#primaryimage","url":"https:\/\/comport.es\/wp-content\/uploads\/2024\/09\/SMM_24b.jpg","contentUrl":"https:\/\/comport.es\/wp-content\/uploads\/2024\/09\/SMM_24b.jpg","width":1300,"height":722},{"@type":"BreadcrumbList","@id":"https:\/\/comport.es\/index.php\/noticias\/el-puerto-de-algeciras-participa-en-la-feria-smm-hamburgo-junto-a-28-empresas-e-instituciones-de-su-comunidad-portuaria\/#breadcrumb","itemListElement":[{"@type":"ListItem","position":1,"name":"Portada","item":"https:\/\/comport.es\/"},{"@type":"ListItem","position":2,"name":"El Puerto de Algeciras participa en la Feria SMM Hamburgo junto a 28 empresas e instituciones de su comunidad portuaria"}]},{"@type":"WebSite","@id":"https:\/\/comport.es\/#website","url":"https:\/\/comport.es\/","name":"COMPORT","description":"Port Community of Algeciras Bay","publisher":{"@id":"https:\/\/comport.es\/#organization"},"potentialAction":[{"@type":"SearchAction","target":{"@type":"EntryPoint","urlTemplate":"https:\/\/comport.es\/?s={search_term_string}"},"query-input":{"@type":"PropertyValueSpecification","valueRequired":true,"valueName":"search_term_string"}}],"inLanguage":"es"},{"@type":"Organization","@id":"https:\/\/comport.es\/#organization","name":"ALGECIRAS PORT COMMUNITY - COMPORT","url":"https:\/\/comport.es\/","logo":{"@type":"ImageObject","inLanguage":"es","@id":"https:\/\/comport.es\/#\/schema\/logo\/image\/","url":"https:\/\/comport.es\/wp-content\/uploads\/2020\/10\/logo_comport_20m.png","contentUrl":"https:\/\/comport.es\/wp-content\/uploads\/2020\/10\/logo_comport_20m.png","width":600,"height":170,"caption":"ALGECIRAS PORT COMMUNITY - COMPORT"},"image":{"@id":"https:\/\/comport.es\/#\/schema\/logo\/image\/"}},{"@type":"Person","@id":"https:\/\/comport.es\/#\/schema\/person\/9277649f8e04dd48c3d73bbaf2c7bebc","name":"admincomport"}]}},"_links":{"self":[{"href":"https:\/\/comport.es\/index.php\/wp-json\/wp\/v2\/posts\/8349","targetHints":{"allow":["GET"]}}],"collection":[{"href":"https:\/\/comport.es\/index.php\/wp-json\/wp\/v2\/posts"}],"about":[{"href":"https:\/\/comport.es\/index.php\/wp-json\/wp\/v2\/types\/post"}],"author":[{"embeddable":true,"href":"https:\/\/comport.es\/index.php\/wp-json\/wp\/v2\/users\/1"}],"replies":[{"embeddable":true,"href":"https:\/\/comport.es\/index.php\/wp-json\/wp\/v2\/comments?post=8349"}],"version-history":[{"count":2,"href":"https:\/\/comport.es\/index.php\/wp-json\/wp\/v2\/posts\/8349\/revisions"}],"predecessor-version":[{"id":8353,"href":"https:\/\/comport.es\/index.php\/wp-json\/wp\/v2\/posts\/8349\/revisions\/8353"}],"wp:featuredmedia":[{"embeddable":true,"href":"https:\/\/comport.es\/index.php\/wp-json\/wp\/v2\/media\/8352"}],"wp:attachment":[{"href":"https:\/\/comport.es\/index.php\/wp-json\/wp\/v2\/media?parent=8349"}],"wp:term":[{"taxonomy":"category","embeddable":true,"href":"https:\/\/comport.es\/index.php\/wp-json\/wp\/v2\/categories?post=8349"},{"taxonomy":"post_tag","embeddable":true,"href":"https:\/\/comport.es\/index.php\/wp-json\/wp\/v2\/tags?post=8349"}],"curies":[{"name":"wp","href":"https:\/\/api.w.org\/{rel}","templated":true}]}}