{"id":8323,"date":"2024-07-10T09:46:53","date_gmt":"2024-07-10T09:46:53","guid":{"rendered":"https:\/\/comport.es\/?p=8323"},"modified":"2024-07-10T09:47:22","modified_gmt":"2024-07-10T09:47:22","slug":"consorcio-de-zona-franca-de-cadiz-2","status":"publish","type":"post","link":"https:\/\/comport.es\/index.php\/en\/public-entities\/consorcio-de-zona-franca-de-cadiz-2\/","title":{"rendered":"CONSORCIO DE ZONA FRANCA DE CADIZ"},"content":{"rendered":"<p style=\"text-align: justify;\"><span style=\"color: #000000;\">Gesti\u00f3n de dos Recintos Fiscales en la provincia de C\u00e1diz con m\u00e1s de 600.000 m2 donde se aplica un r\u00e9gimen aduanero especial, como la exenci\u00f3n de derechos arancelarios para las mercanc\u00edas extranjeras.<\/span><\/p>\n<h3 style=\"text-align: justify;\"><span style=\"color: #000000;\"><strong>Contact<\/strong><\/span><\/h3>\n<p style=\"text-align: justify;\"><span style=\"color: #000000;\"><strong>ADDRESS: <\/strong>RFBA \u00c1rea Log\u00edstica el Fresno Sur. 11370. Los Barrios.<\/span><\/p>\n<p style=\"text-align: justify;\"><span style=\"color: #000000;\"><strong>TEL: +<\/strong>34 956 290 606 \/ 07<br \/>\n<\/span><\/p>\n<p style=\"text-align: justify;\"><span style=\"color: #000000;\"><strong>EMAIL:\u00a0<\/strong> <a href=\"mailto:comercial@zonafrancacadiz.com\">comercial@zonafrancacadiz.com<\/a><\/span><\/p>\n<p style=\"text-align: justify;\"><span style=\"color: #000000;\"><strong>WEB: <\/strong><a href=\"https:\/\/www.zonafrancacadiz.com\/\" target=\"_blank\" rel=\"noopener\">www.zonafrancacadiz.com<\/a><\/span><\/p>\n<hr \/>\n<p><iframe loading=\"lazy\" style=\"border: 0;\" src=\"https:\/\/www.google.com\/maps\/embed?pb=!1m18!1m12!1m3!1d1117.0479015403648!2d-5.459162219475594!3d36.1687193622587!2m3!1f0!2f0!3f0!3m2!1i1024!2i768!4f13.1!3m3!1m2!1s0xd0ceb6d1e425ea7%3A0x5bb353902e15f4d8!2s%C3%81rea%20Log%C3%ADstica%20Bah%C3%ADa%20de%20Algeciras.%20Sector%20El%20Fresno.%20Red%20Log%C3%ADstica%20de%20Andaluc%C3%ADa.!5e0!3m2!1ses!2ses!4v1720604655989!5m2!1ses!2ses\" width=\"100%\" height=\"350\" allowfullscreen=\"allowfullscreen\"><\/iframe><\/p>\n","protected":false},"excerpt":{"rendered":"<p>Gesti\u00f3n de dos Recintos Fiscales en la provincia de C\u00e1diz con m\u00e1s de 600.000 m2 donde se aplica un r\u00e9gimen aduanero especial, como la exenci\u00f3n de derechos arancelarios para las mercanc\u00edas extranjeras. Contact ADDRESS: RFBA \u00c1rea Log\u00edstica el Fresno Sur. 11370. Los Barrios. TEL: +34 [&hellip;]<\/p>\n","protected":false},"author":1,"featured_media":8313,"comment_status":"closed","ping_status":"closed","sticky":false,"template":"","format":"standard","meta":{"footnotes":""},"categories":[1816],"tags":[],"class_list":["post-8323","post","type-post","status-publish","format-standard","has-post-thumbnail","hentry","category-public-entities"],"yoast_head":"<!-- This site is optimized with the Yoast SEO plugin v27.4 - https:\/\/yoast.com\/product\/yoast-seo-wordpress\/ -->\n<title>CONSORCIO DE ZONA FRANCA DE CADIZ | COMPORT<\/title>\n<meta name=\"robots\" content=\"noindex, follow\" \/>\n<meta property=\"og:locale\" content=\"es_ES\" \/>\n<meta property=\"og:type\" content=\"article\" \/>\n<meta property=\"og:title\" content=\"CONSORCIO DE ZONA FRANCA DE CADIZ | COMPORT\" \/>\n<meta property=\"og:description\" content=\"Gesti\u00f3n de dos Recintos Fiscales en la provincia de C\u00e1diz con m\u00e1s de 600.000 m2 donde se aplica un r\u00e9gimen aduanero especial, como la exenci\u00f3n de derechos arancelarios para las mercanc\u00edas extranjeras. Contact ADDRESS: RFBA \u00c1rea Log\u00edstica el Fresno Sur. 11370. Los Barrios. TEL: +34 [&hellip;]\" \/>\n<meta property=\"og:url\" content=\"https:\/\/comport.es\/index.php\/en\/public-entities\/consorcio-de-zona-franca-de-cadiz-2\/\" \/>\n<meta property=\"og:site_name\" content=\"COMPORT\" \/>\n<meta property=\"article:published_time\" content=\"2024-07-10T09:46:53+00:00\" \/>\n<meta property=\"article:modified_time\" content=\"2024-07-10T09:47:22+00:00\" \/>\n<meta property=\"og:image\" content=\"https:\/\/comport.es\/wp-content\/uploads\/2024\/07\/ZONA_FRANCA_COMPORT.jpg\" \/>\n\t<meta property=\"og:image:width\" content=\"1300\" \/>\n\t<meta property=\"og:image:height\" content=\"722\" \/>\n\t<meta property=\"og:image:type\" content=\"image\/jpeg\" \/>\n<meta name=\"author\" content=\"admincomport\" \/>\n<meta name=\"twitter:card\" content=\"summary_large_image\" \/>\n<meta name=\"twitter:label1\" content=\"Escrito por\" \/>\n\t<meta name=\"twitter:data1\" content=\"admincomport\" \/>\n\t<meta name=\"twitter:label2\" content=\"Tiempo de lectura\" \/>\n\t<meta name=\"twitter:data2\" content=\"1 minuto\" \/>\n<script type=\"application\/ld+json\" class=\"yoast-schema-graph\">{\"@context\":\"https:\\\/\\\/schema.org\",\"@graph\":[{\"@type\":\"Article\",\"@id\":\"https:\\\/\\\/comport.es\\\/index.php\\\/en\\\/public-entities\\\/consorcio-de-zona-franca-de-cadiz-2\\\/#article\",\"isPartOf\":{\"@id\":\"https:\\\/\\\/comport.es\\\/index.php\\\/en\\\/public-entities\\\/consorcio-de-zona-franca-de-cadiz-2\\\/\"},\"author\":{\"name\":\"admincomport\",\"@id\":\"https:\\\/\\\/comport.es\\\/#\\\/schema\\\/person\\\/9277649f8e04dd48c3d73bbaf2c7bebc\"},\"headline\":\"CONSORCIO DE ZONA FRANCA DE CADIZ\",\"datePublished\":\"2024-07-10T09:46:53+00:00\",\"dateModified\":\"2024-07-10T09:47:22+00:00\",\"mainEntityOfPage\":{\"@id\":\"https:\\\/\\\/comport.es\\\/index.php\\\/en\\\/public-entities\\\/consorcio-de-zona-franca-de-cadiz-2\\\/\"},\"wordCount\":63,\"publisher\":{\"@id\":\"https:\\\/\\\/comport.es\\\/#organization\"},\"image\":{\"@id\":\"https:\\\/\\\/comport.es\\\/index.php\\\/en\\\/public-entities\\\/consorcio-de-zona-franca-de-cadiz-2\\\/#primaryimage\"},\"thumbnailUrl\":\"https:\\\/\\\/comport.es\\\/wp-content\\\/uploads\\\/2024\\\/07\\\/ZONA_FRANCA_COMPORT.jpg\",\"articleSection\":[\"PUBLIC ENTITIES\"],\"inLanguage\":\"es\"},{\"@type\":\"WebPage\",\"@id\":\"https:\\\/\\\/comport.es\\\/index.php\\\/en\\\/public-entities\\\/consorcio-de-zona-franca-de-cadiz-2\\\/\",\"url\":\"https:\\\/\\\/comport.es\\\/index.php\\\/en\\\/public-entities\\\/consorcio-de-zona-franca-de-cadiz-2\\\/\",\"name\":\"CONSORCIO DE ZONA FRANCA DE CADIZ | COMPORT\",\"isPartOf\":{\"@id\":\"https:\\\/\\\/comport.es\\\/#website\"},\"primaryImageOfPage\":{\"@id\":\"https:\\\/\\\/comport.es\\\/index.php\\\/en\\\/public-entities\\\/consorcio-de-zona-franca-de-cadiz-2\\\/#primaryimage\"},\"image\":{\"@id\":\"https:\\\/\\\/comport.es\\\/index.php\\\/en\\\/public-entities\\\/consorcio-de-zona-franca-de-cadiz-2\\\/#primaryimage\"},\"thumbnailUrl\":\"https:\\\/\\\/comport.es\\\/wp-content\\\/uploads\\\/2024\\\/07\\\/ZONA_FRANCA_COMPORT.jpg\",\"datePublished\":\"2024-07-10T09:46:53+00:00\",\"dateModified\":\"2024-07-10T09:47:22+00:00\",\"breadcrumb\":{\"@id\":\"https:\\\/\\\/comport.es\\\/index.php\\\/en\\\/public-entities\\\/consorcio-de-zona-franca-de-cadiz-2\\\/#breadcrumb\"},\"inLanguage\":\"es\",\"potentialAction\":[{\"@type\":\"ReadAction\",\"target\":[\"https:\\\/\\\/comport.es\\\/index.php\\\/en\\\/public-entities\\\/consorcio-de-zona-franca-de-cadiz-2\\\/\"]}]},{\"@type\":\"ImageObject\",\"inLanguage\":\"es\",\"@id\":\"https:\\\/\\\/comport.es\\\/index.php\\\/en\\\/public-entities\\\/consorcio-de-zona-franca-de-cadiz-2\\\/#primaryimage\",\"url\":\"https:\\\/\\\/comport.es\\\/wp-content\\\/uploads\\\/2024\\\/07\\\/ZONA_FRANCA_COMPORT.jpg\",\"contentUrl\":\"https:\\\/\\\/comport.es\\\/wp-content\\\/uploads\\\/2024\\\/07\\\/ZONA_FRANCA_COMPORT.jpg\",\"width\":1300,\"height\":722},{\"@type\":\"BreadcrumbList\",\"@id\":\"https:\\\/\\\/comport.es\\\/index.php\\\/en\\\/public-entities\\\/consorcio-de-zona-franca-de-cadiz-2\\\/#breadcrumb\",\"itemListElement\":[{\"@type\":\"ListItem\",\"position\":1,\"name\":\"Portada\",\"item\":\"https:\\\/\\\/comport.es\\\/\"},{\"@type\":\"ListItem\",\"position\":2,\"name\":\"CONSORCIO DE ZONA FRANCA DE CADIZ\"}]},{\"@type\":\"WebSite\",\"@id\":\"https:\\\/\\\/comport.es\\\/#website\",\"url\":\"https:\\\/\\\/comport.es\\\/\",\"name\":\"COMPORT\",\"description\":\"Port Community of Algeciras Bay\",\"publisher\":{\"@id\":\"https:\\\/\\\/comport.es\\\/#organization\"},\"potentialAction\":[{\"@type\":\"SearchAction\",\"target\":{\"@type\":\"EntryPoint\",\"urlTemplate\":\"https:\\\/\\\/comport.es\\\/?s={search_term_string}\"},\"query-input\":{\"@type\":\"PropertyValueSpecification\",\"valueRequired\":true,\"valueName\":\"search_term_string\"}}],\"inLanguage\":\"es\"},{\"@type\":\"Organization\",\"@id\":\"https:\\\/\\\/comport.es\\\/#organization\",\"name\":\"ALGECIRAS PORT COMMUNITY - COMPORT\",\"url\":\"https:\\\/\\\/comport.es\\\/\",\"logo\":{\"@type\":\"ImageObject\",\"inLanguage\":\"es\",\"@id\":\"https:\\\/\\\/comport.es\\\/#\\\/schema\\\/logo\\\/image\\\/\",\"url\":\"https:\\\/\\\/comport.es\\\/wp-content\\\/uploads\\\/2020\\\/10\\\/logo_comport_20m.png\",\"contentUrl\":\"https:\\\/\\\/comport.es\\\/wp-content\\\/uploads\\\/2020\\\/10\\\/logo_comport_20m.png\",\"width\":600,\"height\":170,\"caption\":\"ALGECIRAS PORT COMMUNITY - COMPORT\"},\"image\":{\"@id\":\"https:\\\/\\\/comport.es\\\/#\\\/schema\\\/logo\\\/image\\\/\"}},{\"@type\":\"Person\",\"@id\":\"https:\\\/\\\/comport.es\\\/#\\\/schema\\\/person\\\/9277649f8e04dd48c3d73bbaf2c7bebc\",\"name\":\"admincomport\"}]}<\/script>\n<!-- \/ Yoast SEO plugin. -->","yoast_head_json":{"title":"CONSORCIO DE ZONA FRANCA DE CADIZ | COMPORT","robots":{"index":"noindex","follow":"follow"},"og_locale":"es_ES","og_type":"article","og_title":"CONSORCIO DE ZONA FRANCA DE CADIZ | COMPORT","og_description":"Gesti\u00f3n de dos Recintos Fiscales en la provincia de C\u00e1diz con m\u00e1s de 600.000 m2 donde se aplica un r\u00e9gimen aduanero especial, como la exenci\u00f3n de derechos arancelarios para las mercanc\u00edas extranjeras. Contact ADDRESS: RFBA \u00c1rea Log\u00edstica el Fresno Sur. 11370. Los Barrios. TEL: +34 [&hellip;]","og_url":"https:\/\/comport.es\/index.php\/en\/public-entities\/consorcio-de-zona-franca-de-cadiz-2\/","og_site_name":"COMPORT","article_published_time":"2024-07-10T09:46:53+00:00","article_modified_time":"2024-07-10T09:47:22+00:00","og_image":[{"width":1300,"height":722,"url":"https:\/\/comport.es\/wp-content\/uploads\/2024\/07\/ZONA_FRANCA_COMPORT.jpg","type":"image\/jpeg"}],"author":"admincomport","twitter_card":"summary_large_image","twitter_misc":{"Escrito por":"admincomport","Tiempo de lectura":"1 minuto"},"schema":{"@context":"https:\/\/schema.org","@graph":[{"@type":"Article","@id":"https:\/\/comport.es\/index.php\/en\/public-entities\/consorcio-de-zona-franca-de-cadiz-2\/#article","isPartOf":{"@id":"https:\/\/comport.es\/index.php\/en\/public-entities\/consorcio-de-zona-franca-de-cadiz-2\/"},"author":{"name":"admincomport","@id":"https:\/\/comport.es\/#\/schema\/person\/9277649f8e04dd48c3d73bbaf2c7bebc"},"headline":"CONSORCIO DE ZONA FRANCA DE CADIZ","datePublished":"2024-07-10T09:46:53+00:00","dateModified":"2024-07-10T09:47:22+00:00","mainEntityOfPage":{"@id":"https:\/\/comport.es\/index.php\/en\/public-entities\/consorcio-de-zona-franca-de-cadiz-2\/"},"wordCount":63,"publisher":{"@id":"https:\/\/comport.es\/#organization"},"image":{"@id":"https:\/\/comport.es\/index.php\/en\/public-entities\/consorcio-de-zona-franca-de-cadiz-2\/#primaryimage"},"thumbnailUrl":"https:\/\/comport.es\/wp-content\/uploads\/2024\/07\/ZONA_FRANCA_COMPORT.jpg","articleSection":["PUBLIC ENTITIES"],"inLanguage":"es"},{"@type":"WebPage","@id":"https:\/\/comport.es\/index.php\/en\/public-entities\/consorcio-de-zona-franca-de-cadiz-2\/","url":"https:\/\/comport.es\/index.php\/en\/public-entities\/consorcio-de-zona-franca-de-cadiz-2\/","name":"CONSORCIO DE ZONA FRANCA DE CADIZ | COMPORT","isPartOf":{"@id":"https:\/\/comport.es\/#website"},"primaryImageOfPage":{"@id":"https:\/\/comport.es\/index.php\/en\/public-entities\/consorcio-de-zona-franca-de-cadiz-2\/#primaryimage"},"image":{"@id":"https:\/\/comport.es\/index.php\/en\/public-entities\/consorcio-de-zona-franca-de-cadiz-2\/#primaryimage"},"thumbnailUrl":"https:\/\/comport.es\/wp-content\/uploads\/2024\/07\/ZONA_FRANCA_COMPORT.jpg","datePublished":"2024-07-10T09:46:53+00:00","dateModified":"2024-07-10T09:47:22+00:00","breadcrumb":{"@id":"https:\/\/comport.es\/index.php\/en\/public-entities\/consorcio-de-zona-franca-de-cadiz-2\/#breadcrumb"},"inLanguage":"es","potentialAction":[{"@type":"ReadAction","target":["https:\/\/comport.es\/index.php\/en\/public-entities\/consorcio-de-zona-franca-de-cadiz-2\/"]}]},{"@type":"ImageObject","inLanguage":"es","@id":"https:\/\/comport.es\/index.php\/en\/public-entities\/consorcio-de-zona-franca-de-cadiz-2\/#primaryimage","url":"https:\/\/comport.es\/wp-content\/uploads\/2024\/07\/ZONA_FRANCA_COMPORT.jpg","contentUrl":"https:\/\/comport.es\/wp-content\/uploads\/2024\/07\/ZONA_FRANCA_COMPORT.jpg","width":1300,"height":722},{"@type":"BreadcrumbList","@id":"https:\/\/comport.es\/index.php\/en\/public-entities\/consorcio-de-zona-franca-de-cadiz-2\/#breadcrumb","itemListElement":[{"@type":"ListItem","position":1,"name":"Portada","item":"https:\/\/comport.es\/"},{"@type":"ListItem","position":2,"name":"CONSORCIO DE ZONA FRANCA DE CADIZ"}]},{"@type":"WebSite","@id":"https:\/\/comport.es\/#website","url":"https:\/\/comport.es\/","name":"COMPORT","description":"Port Community of Algeciras Bay","publisher":{"@id":"https:\/\/comport.es\/#organization"},"potentialAction":[{"@type":"SearchAction","target":{"@type":"EntryPoint","urlTemplate":"https:\/\/comport.es\/?s={search_term_string}"},"query-input":{"@type":"PropertyValueSpecification","valueRequired":true,"valueName":"search_term_string"}}],"inLanguage":"es"},{"@type":"Organization","@id":"https:\/\/comport.es\/#organization","name":"ALGECIRAS PORT COMMUNITY - COMPORT","url":"https:\/\/comport.es\/","logo":{"@type":"ImageObject","inLanguage":"es","@id":"https:\/\/comport.es\/#\/schema\/logo\/image\/","url":"https:\/\/comport.es\/wp-content\/uploads\/2020\/10\/logo_comport_20m.png","contentUrl":"https:\/\/comport.es\/wp-content\/uploads\/2020\/10\/logo_comport_20m.png","width":600,"height":170,"caption":"ALGECIRAS PORT COMMUNITY - COMPORT"},"image":{"@id":"https:\/\/comport.es\/#\/schema\/logo\/image\/"}},{"@type":"Person","@id":"https:\/\/comport.es\/#\/schema\/person\/9277649f8e04dd48c3d73bbaf2c7bebc","name":"admincomport"}]}},"_links":{"self":[{"href":"https:\/\/comport.es\/index.php\/wp-json\/wp\/v2\/posts\/8323","targetHints":{"allow":["GET"]}}],"collection":[{"href":"https:\/\/comport.es\/index.php\/wp-json\/wp\/v2\/posts"}],"about":[{"href":"https:\/\/comport.es\/index.php\/wp-json\/wp\/v2\/types\/post"}],"author":[{"embeddable":true,"href":"https:\/\/comport.es\/index.php\/wp-json\/wp\/v2\/users\/1"}],"replies":[{"embeddable":true,"href":"https:\/\/comport.es\/index.php\/wp-json\/wp\/v2\/comments?post=8323"}],"version-history":[{"count":2,"href":"https:\/\/comport.es\/index.php\/wp-json\/wp\/v2\/posts\/8323\/revisions"}],"predecessor-version":[{"id":8325,"href":"https:\/\/comport.es\/index.php\/wp-json\/wp\/v2\/posts\/8323\/revisions\/8325"}],"wp:featuredmedia":[{"embeddable":true,"href":"https:\/\/comport.es\/index.php\/wp-json\/wp\/v2\/media\/8313"}],"wp:attachment":[{"href":"https:\/\/comport.es\/index.php\/wp-json\/wp\/v2\/media?parent=8323"}],"wp:term":[{"taxonomy":"category","embeddable":true,"href":"https:\/\/comport.es\/index.php\/wp-json\/wp\/v2\/categories?post=8323"},{"taxonomy":"post_tag","embeddable":true,"href":"https:\/\/comport.es\/index.php\/wp-json\/wp\/v2\/tags?post=8323"}],"curies":[{"name":"wp","href":"https:\/\/api.w.org\/{rel}","templated":true}]}}