{"id":8300,"date":"2024-06-21T11:52:38","date_gmt":"2024-06-21T11:52:38","guid":{"rendered":"https:\/\/comport.es\/?p=8300"},"modified":"2024-06-30T11:57:22","modified_gmt":"2024-06-30T11:57:22","slug":"comport-celebra-25-anos-impulsando-el-puerto-de-algeciras","status":"publish","type":"post","link":"https:\/\/comport.es\/index.php\/noticias\/comport-celebra-25-anos-impulsando-el-puerto-de-algeciras\/","title":{"rendered":"COMPORT celebra 25 a\u00f1os impulsando el Puerto de Algeciras"},"content":{"rendered":"<p style=\"text-align: justify;\"><span style=\"color: #000000; font-size: 12pt;\">Las 160 empresas que forman parte de <strong>COMPORT<\/strong>, la asociaci\u00f3n de la Comunidad Portuaria que aglutina a los distintos operadores y organismos que dan servicio en el entorno del <strong>Puerto Bah\u00eda de Algeciras<\/strong>, han celebrado su asamblea anual en la <strong>C\u00e1mara de Comercio del Campo de Gibraltar<\/strong> que ha coincidido adem\u00e1s con la celebraci\u00f3n del <strong>25\u00ba aniversario de la Asociaci\u00f3n<\/strong>.<\/span><\/p>\n<p style=\"text-align: justify;\"><span style=\"color: #000000;\">Jos\u00e9 Manuel Tejedor, presidente de <strong>COMPORT<\/strong>, destac\u00f3 el fuerte sentimiento de comunidad y cooperaci\u00f3n que caracteriza a la asociaci\u00f3n, enfatizando que este sentido de pertenencia y colaboraci\u00f3n es reconocido en cada misi\u00f3n comercial en la que participan, fortaleciendo los lazos entre las empresas de la Comunidad Portuaria y promoviendo el puerto de Algeciras a nivel internacional.<\/span><\/p>\n<p style=\"text-align: justify;\"><span style=\"color: #000000;\">Gerardo Landaluce, presidente de la Autoridad Portuaria de la Bah\u00eda de Algeciras, resalt\u00f3 los logros y desaf\u00edos afrontados por <strong>COMPORT<\/strong> en sus 25 a\u00f1os de existencia. Durante su intervenci\u00f3n, Landaluce enfatiz\u00f3 la importancia del trabajo en equipo, el compromiso y la profesionalidad como pilares fundamentales para alcanzar el \u00e9xito. En reconocimiento a la valiosa contribuci\u00f3n de <strong>COMPORT<\/strong> para la visibilidad y desarrollo del Puerto Bah\u00eda de Algeciras, Landaluce entreg\u00f3 una metopa conmemorativa a Jos\u00e9 Manuel Tejedor durante la celebraci\u00f3n del acto.<\/span><\/p>\n<p style=\"text-align: justify;\"><span style=\"color: #000000;\">En la asamblea tambi\u00e9n se dio voz a la \u00abAsociaci\u00f3n de Familiares de Enfermos de Alzheimer (AFA) de Algeciras\u00bb, representada por la trabajadora social Ana Bel\u00e9n Avileo Villanueva y la vicepresidenta Carmen Gonz\u00e1lez Medina. La AFA, que fue la tercera en Andaluc\u00eda, forma parte de la Federaci\u00f3n Espa\u00f1ola de Asociaciones de Familiares de Enfermos de Alzheimer desde 1995. La asociaci\u00f3n lleva colaborando 25 a\u00f1os con la Autoridad Portuaria y durante su intervenci\u00f3n agradecieron de antemano la colaboraci\u00f3n de las empresas para ayudar al sostenimiento de la asociaci\u00f3n y la gran labor que realizan para los enfermos y sus familias.<\/span><\/p>\n<p style=\"text-align: justify;\"><span style=\"color: #000000;\">Durante el evento, se realiz\u00f3 un balance de las actividades desarrolladas durante el \u00faltimo a\u00f1o, destacando la participaci\u00f3n en ferias y encuentros nacionales e internacionales, que abarcan todos los sectores tanto log\u00edsticos como de servicios al buque. Para conmemorar el 25\u00ba aniversario de <strong>COMPORT<\/strong>, se proyect\u00f3 un video conmemorativo repasando el cuarto de siglo de historia y crecimiento del puerto. A continuaci\u00f3n, se rindi\u00f3 homenaje a los expresidentes de la asociaci\u00f3n, destacando a sus socios fundadores tales como Antonio Perea Beltr\u00e1n, presidente desde sus inicios en 1999, Juan Mar\u00eda de la Cuesta Berrocal, as\u00ed como la C\u00e1mara de Comercio, y otros expresidentes como Nicol\u00e1s Andi\u00f3n Mart\u00ednez y Carlos Fenoy Rico, quienes han contribuido significativamente al desarrollo de <strong>COMPORT<\/strong>.<\/span><\/p>\n<p style=\"text-align: justify;\"><span style=\"color: #000000;\">Las cifras del puerto de Algeciras en los primeros cinco meses del a\u00f1o contabilizan 45 millones de toneladas, el doble de lo que se mov\u00eda en todo un a\u00f1o en 1999, a\u00f1o de inicio de <strong>COMPORT<\/strong>. Este crecimiento sit\u00faa al puerto de Algeciras entre los cuatro principales puertos europeos en t\u00e9rminos de volumen de carga, un logro que se atribuye al esfuerzo y dedicaci\u00f3n de todo el equipo. Adem\u00e1s, Algeciras es el primer puerto europeo y d\u00e9cimo del mundo en eficiencia operativa y se sit\u00faa en quinto lugar en Europa en conectividad mar\u00edtima.<\/span><\/p>\n<p style=\"text-align: justify;\"><span style=\"color: #000000;\">Tras el evento formal en la C\u00e1mara de Comercio del Campo de Gibraltar, los m\u00e1s de 100 asistentes fueron invitados a una jornada de convivencia en una finca en el entorno de la Bah\u00eda de Algeciras, donde se continu\u00f3 con el esp\u00edritu de convivencia y comunidad que caracteriza a <strong>COMPORT<\/strong>. Este encuentro permiti\u00f3 a los miembros reforzar sus lazos en un ambiente m\u00e1s relajado y distendido.<\/span><\/p>\n<p>&nbsp;<\/p>\n<p style=\"text-align: justify;\"><span style=\"color: #000000;\"><strong>FUENTE:<\/strong> 8DIRECTO<\/span><\/p>\n","protected":false},"excerpt":{"rendered":"<p>Las 160 empresas que forman parte de COMPORT, la asociaci\u00f3n de la Comunidad Portuaria que aglutina a los distintos operadores y organismos que dan servicio en el entorno del Puerto Bah\u00eda de Algeciras, han celebrado su asamblea anual en la C\u00e1mara de Comercio del Campo [&hellip;]<\/p>\n","protected":false},"author":1,"featured_media":8288,"comment_status":"closed","ping_status":"closed","sticky":false,"template":"","format":"standard","meta":{"footnotes":""},"categories":[921],"tags":[],"class_list":["post-8300","post","type-post","status-publish","format-standard","has-post-thumbnail","hentry","category-noticias"],"yoast_head":"<!-- This site is optimized with the Yoast SEO plugin v27.4 - https:\/\/yoast.com\/product\/yoast-seo-wordpress\/ -->\n<title>COMPORT celebra 25 a\u00f1os impulsando el Puerto de Algeciras | COMPORT<\/title>\n<meta name=\"robots\" content=\"noindex, follow\" \/>\n<meta property=\"og:locale\" content=\"es_ES\" \/>\n<meta property=\"og:type\" content=\"article\" \/>\n<meta property=\"og:title\" content=\"COMPORT celebra 25 a\u00f1os impulsando el Puerto de Algeciras | COMPORT\" \/>\n<meta property=\"og:description\" content=\"Las 160 empresas que forman parte de COMPORT, la asociaci\u00f3n de la Comunidad Portuaria que aglutina a los distintos operadores y organismos que dan servicio en el entorno del Puerto Bah\u00eda de Algeciras, han celebrado su asamblea anual en la C\u00e1mara de Comercio del Campo [&hellip;]\" \/>\n<meta property=\"og:url\" content=\"https:\/\/comport.es\/index.php\/noticias\/comport-celebra-25-anos-impulsando-el-puerto-de-algeciras\/\" \/>\n<meta property=\"og:site_name\" content=\"COMPORT\" \/>\n<meta property=\"article:published_time\" content=\"2024-06-21T11:52:38+00:00\" \/>\n<meta property=\"article:modified_time\" content=\"2024-06-30T11:57:22+00:00\" \/>\n<meta property=\"og:image\" content=\"https:\/\/comport.es\/wp-content\/uploads\/2024\/06\/COMPORT_METOPA.jpg\" \/>\n\t<meta property=\"og:image:width\" content=\"1300\" \/>\n\t<meta property=\"og:image:height\" content=\"722\" \/>\n\t<meta property=\"og:image:type\" content=\"image\/jpeg\" \/>\n<meta name=\"author\" content=\"admincomport\" \/>\n<meta name=\"twitter:card\" content=\"summary_large_image\" \/>\n<meta name=\"twitter:label1\" content=\"Escrito por\" \/>\n\t<meta name=\"twitter:data1\" content=\"admincomport\" \/>\n\t<meta name=\"twitter:label2\" content=\"Tiempo de lectura\" \/>\n\t<meta name=\"twitter:data2\" content=\"3 minutos\" \/>\n<script type=\"application\/ld+json\" class=\"yoast-schema-graph\">{\"@context\":\"https:\\\/\\\/schema.org\",\"@graph\":[{\"@type\":\"Article\",\"@id\":\"https:\\\/\\\/comport.es\\\/index.php\\\/noticias\\\/comport-celebra-25-anos-impulsando-el-puerto-de-algeciras\\\/#article\",\"isPartOf\":{\"@id\":\"https:\\\/\\\/comport.es\\\/index.php\\\/noticias\\\/comport-celebra-25-anos-impulsando-el-puerto-de-algeciras\\\/\"},\"author\":{\"name\":\"admincomport\",\"@id\":\"https:\\\/\\\/comport.es\\\/#\\\/schema\\\/person\\\/9277649f8e04dd48c3d73bbaf2c7bebc\"},\"headline\":\"COMPORT celebra 25 a\u00f1os impulsando el Puerto de Algeciras\",\"datePublished\":\"2024-06-21T11:52:38+00:00\",\"dateModified\":\"2024-06-30T11:57:22+00:00\",\"mainEntityOfPage\":{\"@id\":\"https:\\\/\\\/comport.es\\\/index.php\\\/noticias\\\/comport-celebra-25-anos-impulsando-el-puerto-de-algeciras\\\/\"},\"wordCount\":631,\"publisher\":{\"@id\":\"https:\\\/\\\/comport.es\\\/#organization\"},\"image\":{\"@id\":\"https:\\\/\\\/comport.es\\\/index.php\\\/noticias\\\/comport-celebra-25-anos-impulsando-el-puerto-de-algeciras\\\/#primaryimage\"},\"thumbnailUrl\":\"https:\\\/\\\/comport.es\\\/wp-content\\\/uploads\\\/2024\\\/06\\\/COMPORT_METOPA.jpg\",\"articleSection\":[\"Noticias\"],\"inLanguage\":\"es\"},{\"@type\":\"WebPage\",\"@id\":\"https:\\\/\\\/comport.es\\\/index.php\\\/noticias\\\/comport-celebra-25-anos-impulsando-el-puerto-de-algeciras\\\/\",\"url\":\"https:\\\/\\\/comport.es\\\/index.php\\\/noticias\\\/comport-celebra-25-anos-impulsando-el-puerto-de-algeciras\\\/\",\"name\":\"COMPORT celebra 25 a\u00f1os impulsando el Puerto de Algeciras | COMPORT\",\"isPartOf\":{\"@id\":\"https:\\\/\\\/comport.es\\\/#website\"},\"primaryImageOfPage\":{\"@id\":\"https:\\\/\\\/comport.es\\\/index.php\\\/noticias\\\/comport-celebra-25-anos-impulsando-el-puerto-de-algeciras\\\/#primaryimage\"},\"image\":{\"@id\":\"https:\\\/\\\/comport.es\\\/index.php\\\/noticias\\\/comport-celebra-25-anos-impulsando-el-puerto-de-algeciras\\\/#primaryimage\"},\"thumbnailUrl\":\"https:\\\/\\\/comport.es\\\/wp-content\\\/uploads\\\/2024\\\/06\\\/COMPORT_METOPA.jpg\",\"datePublished\":\"2024-06-21T11:52:38+00:00\",\"dateModified\":\"2024-06-30T11:57:22+00:00\",\"breadcrumb\":{\"@id\":\"https:\\\/\\\/comport.es\\\/index.php\\\/noticias\\\/comport-celebra-25-anos-impulsando-el-puerto-de-algeciras\\\/#breadcrumb\"},\"inLanguage\":\"es\",\"potentialAction\":[{\"@type\":\"ReadAction\",\"target\":[\"https:\\\/\\\/comport.es\\\/index.php\\\/noticias\\\/comport-celebra-25-anos-impulsando-el-puerto-de-algeciras\\\/\"]}]},{\"@type\":\"ImageObject\",\"inLanguage\":\"es\",\"@id\":\"https:\\\/\\\/comport.es\\\/index.php\\\/noticias\\\/comport-celebra-25-anos-impulsando-el-puerto-de-algeciras\\\/#primaryimage\",\"url\":\"https:\\\/\\\/comport.es\\\/wp-content\\\/uploads\\\/2024\\\/06\\\/COMPORT_METOPA.jpg\",\"contentUrl\":\"https:\\\/\\\/comport.es\\\/wp-content\\\/uploads\\\/2024\\\/06\\\/COMPORT_METOPA.jpg\",\"width\":1300,\"height\":722},{\"@type\":\"BreadcrumbList\",\"@id\":\"https:\\\/\\\/comport.es\\\/index.php\\\/noticias\\\/comport-celebra-25-anos-impulsando-el-puerto-de-algeciras\\\/#breadcrumb\",\"itemListElement\":[{\"@type\":\"ListItem\",\"position\":1,\"name\":\"Portada\",\"item\":\"https:\\\/\\\/comport.es\\\/\"},{\"@type\":\"ListItem\",\"position\":2,\"name\":\"COMPORT celebra 25 a\u00f1os impulsando el Puerto de Algeciras\"}]},{\"@type\":\"WebSite\",\"@id\":\"https:\\\/\\\/comport.es\\\/#website\",\"url\":\"https:\\\/\\\/comport.es\\\/\",\"name\":\"COMPORT\",\"description\":\"Port Community of Algeciras Bay\",\"publisher\":{\"@id\":\"https:\\\/\\\/comport.es\\\/#organization\"},\"potentialAction\":[{\"@type\":\"SearchAction\",\"target\":{\"@type\":\"EntryPoint\",\"urlTemplate\":\"https:\\\/\\\/comport.es\\\/?s={search_term_string}\"},\"query-input\":{\"@type\":\"PropertyValueSpecification\",\"valueRequired\":true,\"valueName\":\"search_term_string\"}}],\"inLanguage\":\"es\"},{\"@type\":\"Organization\",\"@id\":\"https:\\\/\\\/comport.es\\\/#organization\",\"name\":\"ALGECIRAS PORT COMMUNITY - COMPORT\",\"url\":\"https:\\\/\\\/comport.es\\\/\",\"logo\":{\"@type\":\"ImageObject\",\"inLanguage\":\"es\",\"@id\":\"https:\\\/\\\/comport.es\\\/#\\\/schema\\\/logo\\\/image\\\/\",\"url\":\"https:\\\/\\\/comport.es\\\/wp-content\\\/uploads\\\/2020\\\/10\\\/logo_comport_20m.png\",\"contentUrl\":\"https:\\\/\\\/comport.es\\\/wp-content\\\/uploads\\\/2020\\\/10\\\/logo_comport_20m.png\",\"width\":600,\"height\":170,\"caption\":\"ALGECIRAS PORT COMMUNITY - COMPORT\"},\"image\":{\"@id\":\"https:\\\/\\\/comport.es\\\/#\\\/schema\\\/logo\\\/image\\\/\"}},{\"@type\":\"Person\",\"@id\":\"https:\\\/\\\/comport.es\\\/#\\\/schema\\\/person\\\/9277649f8e04dd48c3d73bbaf2c7bebc\",\"name\":\"admincomport\"}]}<\/script>\n<!-- \/ Yoast SEO plugin. -->","yoast_head_json":{"title":"COMPORT celebra 25 a\u00f1os impulsando el Puerto de Algeciras | COMPORT","robots":{"index":"noindex","follow":"follow"},"og_locale":"es_ES","og_type":"article","og_title":"COMPORT celebra 25 a\u00f1os impulsando el Puerto de Algeciras | COMPORT","og_description":"Las 160 empresas que forman parte de COMPORT, la asociaci\u00f3n de la Comunidad Portuaria que aglutina a los distintos operadores y organismos que dan servicio en el entorno del Puerto Bah\u00eda de Algeciras, han celebrado su asamblea anual en la C\u00e1mara de Comercio del Campo [&hellip;]","og_url":"https:\/\/comport.es\/index.php\/noticias\/comport-celebra-25-anos-impulsando-el-puerto-de-algeciras\/","og_site_name":"COMPORT","article_published_time":"2024-06-21T11:52:38+00:00","article_modified_time":"2024-06-30T11:57:22+00:00","og_image":[{"width":1300,"height":722,"url":"https:\/\/comport.es\/wp-content\/uploads\/2024\/06\/COMPORT_METOPA.jpg","type":"image\/jpeg"}],"author":"admincomport","twitter_card":"summary_large_image","twitter_misc":{"Escrito por":"admincomport","Tiempo de lectura":"3 minutos"},"schema":{"@context":"https:\/\/schema.org","@graph":[{"@type":"Article","@id":"https:\/\/comport.es\/index.php\/noticias\/comport-celebra-25-anos-impulsando-el-puerto-de-algeciras\/#article","isPartOf":{"@id":"https:\/\/comport.es\/index.php\/noticias\/comport-celebra-25-anos-impulsando-el-puerto-de-algeciras\/"},"author":{"name":"admincomport","@id":"https:\/\/comport.es\/#\/schema\/person\/9277649f8e04dd48c3d73bbaf2c7bebc"},"headline":"COMPORT celebra 25 a\u00f1os impulsando el Puerto de Algeciras","datePublished":"2024-06-21T11:52:38+00:00","dateModified":"2024-06-30T11:57:22+00:00","mainEntityOfPage":{"@id":"https:\/\/comport.es\/index.php\/noticias\/comport-celebra-25-anos-impulsando-el-puerto-de-algeciras\/"},"wordCount":631,"publisher":{"@id":"https:\/\/comport.es\/#organization"},"image":{"@id":"https:\/\/comport.es\/index.php\/noticias\/comport-celebra-25-anos-impulsando-el-puerto-de-algeciras\/#primaryimage"},"thumbnailUrl":"https:\/\/comport.es\/wp-content\/uploads\/2024\/06\/COMPORT_METOPA.jpg","articleSection":["Noticias"],"inLanguage":"es"},{"@type":"WebPage","@id":"https:\/\/comport.es\/index.php\/noticias\/comport-celebra-25-anos-impulsando-el-puerto-de-algeciras\/","url":"https:\/\/comport.es\/index.php\/noticias\/comport-celebra-25-anos-impulsando-el-puerto-de-algeciras\/","name":"COMPORT celebra 25 a\u00f1os impulsando el Puerto de Algeciras | COMPORT","isPartOf":{"@id":"https:\/\/comport.es\/#website"},"primaryImageOfPage":{"@id":"https:\/\/comport.es\/index.php\/noticias\/comport-celebra-25-anos-impulsando-el-puerto-de-algeciras\/#primaryimage"},"image":{"@id":"https:\/\/comport.es\/index.php\/noticias\/comport-celebra-25-anos-impulsando-el-puerto-de-algeciras\/#primaryimage"},"thumbnailUrl":"https:\/\/comport.es\/wp-content\/uploads\/2024\/06\/COMPORT_METOPA.jpg","datePublished":"2024-06-21T11:52:38+00:00","dateModified":"2024-06-30T11:57:22+00:00","breadcrumb":{"@id":"https:\/\/comport.es\/index.php\/noticias\/comport-celebra-25-anos-impulsando-el-puerto-de-algeciras\/#breadcrumb"},"inLanguage":"es","potentialAction":[{"@type":"ReadAction","target":["https:\/\/comport.es\/index.php\/noticias\/comport-celebra-25-anos-impulsando-el-puerto-de-algeciras\/"]}]},{"@type":"ImageObject","inLanguage":"es","@id":"https:\/\/comport.es\/index.php\/noticias\/comport-celebra-25-anos-impulsando-el-puerto-de-algeciras\/#primaryimage","url":"https:\/\/comport.es\/wp-content\/uploads\/2024\/06\/COMPORT_METOPA.jpg","contentUrl":"https:\/\/comport.es\/wp-content\/uploads\/2024\/06\/COMPORT_METOPA.jpg","width":1300,"height":722},{"@type":"BreadcrumbList","@id":"https:\/\/comport.es\/index.php\/noticias\/comport-celebra-25-anos-impulsando-el-puerto-de-algeciras\/#breadcrumb","itemListElement":[{"@type":"ListItem","position":1,"name":"Portada","item":"https:\/\/comport.es\/"},{"@type":"ListItem","position":2,"name":"COMPORT celebra 25 a\u00f1os impulsando el Puerto de Algeciras"}]},{"@type":"WebSite","@id":"https:\/\/comport.es\/#website","url":"https:\/\/comport.es\/","name":"COMPORT","description":"Port Community of Algeciras Bay","publisher":{"@id":"https:\/\/comport.es\/#organization"},"potentialAction":[{"@type":"SearchAction","target":{"@type":"EntryPoint","urlTemplate":"https:\/\/comport.es\/?s={search_term_string}"},"query-input":{"@type":"PropertyValueSpecification","valueRequired":true,"valueName":"search_term_string"}}],"inLanguage":"es"},{"@type":"Organization","@id":"https:\/\/comport.es\/#organization","name":"ALGECIRAS PORT COMMUNITY - COMPORT","url":"https:\/\/comport.es\/","logo":{"@type":"ImageObject","inLanguage":"es","@id":"https:\/\/comport.es\/#\/schema\/logo\/image\/","url":"https:\/\/comport.es\/wp-content\/uploads\/2020\/10\/logo_comport_20m.png","contentUrl":"https:\/\/comport.es\/wp-content\/uploads\/2020\/10\/logo_comport_20m.png","width":600,"height":170,"caption":"ALGECIRAS PORT COMMUNITY - COMPORT"},"image":{"@id":"https:\/\/comport.es\/#\/schema\/logo\/image\/"}},{"@type":"Person","@id":"https:\/\/comport.es\/#\/schema\/person\/9277649f8e04dd48c3d73bbaf2c7bebc","name":"admincomport"}]}},"_links":{"self":[{"href":"https:\/\/comport.es\/index.php\/wp-json\/wp\/v2\/posts\/8300","targetHints":{"allow":["GET"]}}],"collection":[{"href":"https:\/\/comport.es\/index.php\/wp-json\/wp\/v2\/posts"}],"about":[{"href":"https:\/\/comport.es\/index.php\/wp-json\/wp\/v2\/types\/post"}],"author":[{"embeddable":true,"href":"https:\/\/comport.es\/index.php\/wp-json\/wp\/v2\/users\/1"}],"replies":[{"embeddable":true,"href":"https:\/\/comport.es\/index.php\/wp-json\/wp\/v2\/comments?post=8300"}],"version-history":[{"count":4,"href":"https:\/\/comport.es\/index.php\/wp-json\/wp\/v2\/posts\/8300\/revisions"}],"predecessor-version":[{"id":8304,"href":"https:\/\/comport.es\/index.php\/wp-json\/wp\/v2\/posts\/8300\/revisions\/8304"}],"wp:featuredmedia":[{"embeddable":true,"href":"https:\/\/comport.es\/index.php\/wp-json\/wp\/v2\/media\/8288"}],"wp:attachment":[{"href":"https:\/\/comport.es\/index.php\/wp-json\/wp\/v2\/media?parent=8300"}],"wp:term":[{"taxonomy":"category","embeddable":true,"href":"https:\/\/comport.es\/index.php\/wp-json\/wp\/v2\/categories?post=8300"},{"taxonomy":"post_tag","embeddable":true,"href":"https:\/\/comport.es\/index.php\/wp-json\/wp\/v2\/tags?post=8300"}],"curies":[{"name":"wp","href":"https:\/\/api.w.org\/{rel}","templated":true}]}}