{"id":8293,"date":"2024-06-21T11:43:35","date_gmt":"2024-06-21T11:43:35","guid":{"rendered":"https:\/\/comport.es\/?p=8293"},"modified":"2024-06-30T11:52:16","modified_gmt":"2024-06-30T11:52:16","slug":"gerardo-landaluce-destaca-el-crecimiento-y-los-desafios-superados-en-los-25-anos-de-comport","status":"publish","type":"post","link":"https:\/\/comport.es\/index.php\/sin-categoria-es\/gerardo-landaluce-destaca-el-crecimiento-y-los-desafios-superados-en-los-25-anos-de-comport\/","title":{"rendered":"Gerardo Landaluce destaca el crecimiento y los desaf\u00edos superados en los 25 a\u00f1os de COMPORT"},"content":{"rendered":"<p style=\"text-align: justify;\"><span style=\"color: #000000;\"><strong><span style=\"font-size: 18pt;\">Las empresas de la Comunidad Portuaria de la Bah\u00eda de Algeciras han hecho balance del a\u00f1o y han definido sus pr\u00f3ximas acciones comerciales<\/span><\/strong><\/span><\/p>\n<p style=\"text-align: justify;\"><span style=\"color: #000000;\">Las empresas que forman parte de <strong>COMPORT<\/strong>, la asociaci\u00f3n que aglutina a las operadoras del puerto Bah\u00eda de Algeciras, han celebrado su asamblea anual, en un acto llevado a cabo en la <strong>C\u00e1mara de Comercio del Campo de Gibraltar<\/strong>, en el que Nicol\u00e1s Mart\u00ednez Andi\u00f3n, Jefe de la Divisi\u00f3n de Desarrollo de Negocio de la APBA, ha hecho balance de las actividades comerciales desarrolladas durante este 2024, con especial incidencia en los tr\u00e1ficos y en la presencia de las empresas de la Bah\u00eda de Algeciras en ferias y encuentros intencionales como la Energy Week de Londres, Posidonia o Breakbulk. Tambi\u00e9n se ha realizado una valoraci\u00f3n de otros eventos, en los que <strong>COMPORT<\/strong> ha estado presente, como el Encuentro Hispano Marroqu\u00ed de Log\u00edstica, la Jornada AEOC, Fitur o las jornadas del aguacate y la promoci\u00f3n cruceros cuya presidencia de Suncruise, ostenta el puerto algecire\u00f1o, en la actualidad.<\/span><\/p>\n<p style=\"text-align: justify;\"><span style=\"color: #000000;\">Por su parte, Gerardo Landaluce, presidente de la <strong>Autoridad Portuaria de la Bah\u00eda de Algeciras<\/strong>, ha destacado los logros y desaf\u00edos afrontados por <strong>COMPORT<\/strong>, la asociaci\u00f3n que aglutina a las empresas de la Comunidad Portuaria de la zona, en sus 25 a\u00f1os de existencia. Durante el evento, Landaluce ha se\u00f1alado la importancia del trabajo en equipo, el compromiso y la profesionalidad como pilares fundamentales para alcanzar el \u00e9xito.<\/span><\/p>\n<p style=\"text-align: justify;\"><span style=\"color: #000000;\">El presidente del puerto algecire\u00f1o ha recordado los momentos compartidos con su equipo, mencionando a personas clave que han sido fundamentales en el desarrollo del puerto y ha destacado el camino recorrido desde los primeros viajes a Noruega, donde, pese a las dificultades iniciales, lograron establecer importantes contactos comerciales. Estos esfuerzos se han traducido en la realizaci\u00f3n de m\u00e1s de 500 acciones comerciales, incluyendo la exitosa misi\u00f3n en China, visitando ciudades como Nanjing, Ningbo y Shangh\u00e1i.<\/span><\/p>\n<p style=\"text-align: justify;\"><span style=\"font-size: 14pt; color: #000000;\"><strong>Cifras que reflejan el crecimiento<\/strong><\/span><\/p>\n<p style=\"text-align: justify;\"><span style=\"color: #000000;\">Las cifras del <strong>puerto de Algeciras<\/strong>, en los primeros cinco meses del a\u00f1o, han contabilizado 45 millones de toneladas, el doble de lo que se mov\u00eda en todo un a\u00f1o en 1999. Este crecimiento sit\u00faa al<strong> puerto de Algeciras<\/strong> entre los cuatro principales puertos europeos en t\u00e9rminos de volumen de carga, un logro que Landaluce atribuye al esfuerzo y dedicaci\u00f3n de todo el equipo.<\/span><\/p>\n<p style=\"text-align: justify;\"><span style=\"color: #000000;\">El presidente ha subrayado la importancia de mantener relaciones positivas con otros puertos espa\u00f1oles y europeos, resaltando la responsabilidad y el volumen de actividad gestionado por la <strong>Autoridad Portuaria de la Bah\u00eda de Algeciras<\/strong>. Este crecimiento no solo refleja el \u00e9xito del puerto, sino tambi\u00e9n la capacidad de gesti\u00f3n y adaptaci\u00f3n a los cambios del entorno portuario. A pesar de los logros alcanzados, Landaluce ha reconocido que el camino no ha sido f\u00e1cil. Ha insistido en que \u00abla receta del \u00e9xito ha sido el compromiso, el trabajo en equipo, la profesionalidad y la ilusi\u00f3n\u00bb, porque estos valores, seg\u00fan el presidente, \u00abseguir\u00e1n siendo fundamentales para enfrentar los retos futuros\u00bb.<\/span><\/p>\n<p style=\"text-align: justify;\"><span style=\"color: #000000;\">Entre los desaf\u00edos mencionados, Landaluce ha destacado la implementaci\u00f3n de nuevas normativas como el ETS y la competencia creciente en el sector. Sin embargo, se ha mostrado optimista sobre la capacidad del puerto para reinventarse y seguir creciendo, siempre con el apoyo de un equipo de profesionales comprometidos.<\/span><\/p>\n<p style=\"text-align: justify;\"><span style=\"color: #000000;\">La asamblea anual de <strong>COMPORT<\/strong> tambi\u00e9n ha sido una oportunidad para rendir homenaje a aquellos que han contribuido al desarrollo del puerto a lo largo de los a\u00f1os. Landaluce ha agradecido su trabajo a los jubilados y ha recordado a los compa\u00f1eros fallecidos, a quienes se ha dedicado un fuerte aplauso. Del mismo modo, todos los presidentes de <strong>COMPORT<\/strong> hasta la fecha, han tenido ocasi\u00f3n de recibir, en este 25 aniversario, la insignia de la asociaci\u00f3n.<\/span><\/p>\n<p style=\"text-align: justify;\"><span style=\"color: #000000;\">Landaluce ha concluido su intervenci\u00f3n invitando a todos a participar en la definici\u00f3n del pr\u00f3ximo plan estrat\u00e9gico para la d\u00e9cada siguiente. Ha reiterado su agradecimiento y ha expresado su convicci\u00f3n de que lo mejor est\u00e1 por venir para la <strong>Autoridad Portuaria de la Bah\u00eda de Algeciras<\/strong>.<\/span><\/p>\n<p style=\"text-align: justify;\"><span style=\"color: #000000;\"><strong>FUENTE:<\/strong> EL ESTRECHO DIGITAL<\/span><\/p>\n","protected":false},"excerpt":{"rendered":"<p>Las empresas de la Comunidad Portuaria de la Bah\u00eda de Algeciras han hecho balance del a\u00f1o y han definido sus pr\u00f3ximas acciones comerciales Las empresas que forman parte de COMPORT, la asociaci\u00f3n que aglutina a las operadoras del puerto Bah\u00eda de Algeciras, han celebrado su [&hellip;]<\/p>\n","protected":false},"author":1,"featured_media":8287,"comment_status":"closed","ping_status":"closed","sticky":false,"template":"","format":"gallery","meta":{"footnotes":""},"categories":[921,946],"tags":[],"class_list":["post-8293","post","type-post","status-publish","format-gallery","has-post-thumbnail","hentry","category-noticias","category-sin-categoria-es","post_format-post-format-gallery"],"yoast_head":"<!-- This site is optimized with the Yoast SEO plugin v27.4 - https:\/\/yoast.com\/product\/yoast-seo-wordpress\/ -->\n<title>Gerardo Landaluce destaca el crecimiento y los desaf\u00edos superados en los 25 a\u00f1os de COMPORT | COMPORT<\/title>\n<meta name=\"robots\" content=\"noindex, follow\" \/>\n<meta property=\"og:locale\" content=\"es_ES\" \/>\n<meta property=\"og:type\" content=\"article\" \/>\n<meta property=\"og:title\" content=\"Gerardo Landaluce destaca el crecimiento y los desaf\u00edos superados en los 25 a\u00f1os de COMPORT | COMPORT\" \/>\n<meta property=\"og:description\" content=\"Las empresas de la Comunidad Portuaria de la Bah\u00eda de Algeciras han hecho balance del a\u00f1o y han definido sus pr\u00f3ximas acciones comerciales Las empresas que forman parte de COMPORT, la asociaci\u00f3n que aglutina a las operadoras del puerto Bah\u00eda de Algeciras, han celebrado su [&hellip;]\" \/>\n<meta property=\"og:url\" content=\"https:\/\/comport.es\/index.php\/sin-categoria-es\/gerardo-landaluce-destaca-el-crecimiento-y-los-desafios-superados-en-los-25-anos-de-comport\/\" \/>\n<meta property=\"og:site_name\" content=\"COMPORT\" \/>\n<meta property=\"article:published_time\" content=\"2024-06-21T11:43:35+00:00\" \/>\n<meta property=\"article:modified_time\" content=\"2024-06-30T11:52:16+00:00\" \/>\n<meta property=\"og:image\" content=\"https:\/\/comport.es\/wp-content\/uploads\/2024\/06\/25_ANIVERSARIO_GRUPO.jpg\" \/>\n\t<meta property=\"og:image:width\" content=\"1300\" \/>\n\t<meta property=\"og:image:height\" content=\"722\" \/>\n\t<meta property=\"og:image:type\" content=\"image\/jpeg\" \/>\n<meta name=\"author\" content=\"admincomport\" \/>\n<meta name=\"twitter:card\" content=\"summary_large_image\" \/>\n<meta name=\"twitter:label1\" content=\"Escrito por\" \/>\n\t<meta name=\"twitter:data1\" content=\"admincomport\" \/>\n\t<meta name=\"twitter:label2\" content=\"Tiempo de lectura\" \/>\n\t<meta name=\"twitter:data2\" content=\"3 minutos\" \/>\n<script type=\"application\/ld+json\" class=\"yoast-schema-graph\">{\"@context\":\"https:\\\/\\\/schema.org\",\"@graph\":[{\"@type\":\"Article\",\"@id\":\"https:\\\/\\\/comport.es\\\/index.php\\\/sin-categoria-es\\\/gerardo-landaluce-destaca-el-crecimiento-y-los-desafios-superados-en-los-25-anos-de-comport\\\/#article\",\"isPartOf\":{\"@id\":\"https:\\\/\\\/comport.es\\\/index.php\\\/sin-categoria-es\\\/gerardo-landaluce-destaca-el-crecimiento-y-los-desafios-superados-en-los-25-anos-de-comport\\\/\"},\"author\":{\"name\":\"admincomport\",\"@id\":\"https:\\\/\\\/comport.es\\\/#\\\/schema\\\/person\\\/9277649f8e04dd48c3d73bbaf2c7bebc\"},\"headline\":\"Gerardo Landaluce destaca el crecimiento y los desaf\u00edos superados en los 25 a\u00f1os de COMPORT\",\"datePublished\":\"2024-06-21T11:43:35+00:00\",\"dateModified\":\"2024-06-30T11:52:16+00:00\",\"mainEntityOfPage\":{\"@id\":\"https:\\\/\\\/comport.es\\\/index.php\\\/sin-categoria-es\\\/gerardo-landaluce-destaca-el-crecimiento-y-los-desafios-superados-en-los-25-anos-de-comport\\\/\"},\"wordCount\":730,\"publisher\":{\"@id\":\"https:\\\/\\\/comport.es\\\/#organization\"},\"image\":{\"@id\":\"https:\\\/\\\/comport.es\\\/index.php\\\/sin-categoria-es\\\/gerardo-landaluce-destaca-el-crecimiento-y-los-desafios-superados-en-los-25-anos-de-comport\\\/#primaryimage\"},\"thumbnailUrl\":\"https:\\\/\\\/comport.es\\\/wp-content\\\/uploads\\\/2024\\\/06\\\/25_ANIVERSARIO_GRUPO.jpg\",\"articleSection\":[\"Noticias\"],\"inLanguage\":\"es\"},{\"@type\":\"WebPage\",\"@id\":\"https:\\\/\\\/comport.es\\\/index.php\\\/sin-categoria-es\\\/gerardo-landaluce-destaca-el-crecimiento-y-los-desafios-superados-en-los-25-anos-de-comport\\\/\",\"url\":\"https:\\\/\\\/comport.es\\\/index.php\\\/sin-categoria-es\\\/gerardo-landaluce-destaca-el-crecimiento-y-los-desafios-superados-en-los-25-anos-de-comport\\\/\",\"name\":\"Gerardo Landaluce destaca el crecimiento y los desaf\u00edos superados en los 25 a\u00f1os de COMPORT | COMPORT\",\"isPartOf\":{\"@id\":\"https:\\\/\\\/comport.es\\\/#website\"},\"primaryImageOfPage\":{\"@id\":\"https:\\\/\\\/comport.es\\\/index.php\\\/sin-categoria-es\\\/gerardo-landaluce-destaca-el-crecimiento-y-los-desafios-superados-en-los-25-anos-de-comport\\\/#primaryimage\"},\"image\":{\"@id\":\"https:\\\/\\\/comport.es\\\/index.php\\\/sin-categoria-es\\\/gerardo-landaluce-destaca-el-crecimiento-y-los-desafios-superados-en-los-25-anos-de-comport\\\/#primaryimage\"},\"thumbnailUrl\":\"https:\\\/\\\/comport.es\\\/wp-content\\\/uploads\\\/2024\\\/06\\\/25_ANIVERSARIO_GRUPO.jpg\",\"datePublished\":\"2024-06-21T11:43:35+00:00\",\"dateModified\":\"2024-06-30T11:52:16+00:00\",\"breadcrumb\":{\"@id\":\"https:\\\/\\\/comport.es\\\/index.php\\\/sin-categoria-es\\\/gerardo-landaluce-destaca-el-crecimiento-y-los-desafios-superados-en-los-25-anos-de-comport\\\/#breadcrumb\"},\"inLanguage\":\"es\",\"potentialAction\":[{\"@type\":\"ReadAction\",\"target\":[\"https:\\\/\\\/comport.es\\\/index.php\\\/sin-categoria-es\\\/gerardo-landaluce-destaca-el-crecimiento-y-los-desafios-superados-en-los-25-anos-de-comport\\\/\"]}]},{\"@type\":\"ImageObject\",\"inLanguage\":\"es\",\"@id\":\"https:\\\/\\\/comport.es\\\/index.php\\\/sin-categoria-es\\\/gerardo-landaluce-destaca-el-crecimiento-y-los-desafios-superados-en-los-25-anos-de-comport\\\/#primaryimage\",\"url\":\"https:\\\/\\\/comport.es\\\/wp-content\\\/uploads\\\/2024\\\/06\\\/25_ANIVERSARIO_GRUPO.jpg\",\"contentUrl\":\"https:\\\/\\\/comport.es\\\/wp-content\\\/uploads\\\/2024\\\/06\\\/25_ANIVERSARIO_GRUPO.jpg\",\"width\":1300,\"height\":722},{\"@type\":\"BreadcrumbList\",\"@id\":\"https:\\\/\\\/comport.es\\\/index.php\\\/sin-categoria-es\\\/gerardo-landaluce-destaca-el-crecimiento-y-los-desafios-superados-en-los-25-anos-de-comport\\\/#breadcrumb\",\"itemListElement\":[{\"@type\":\"ListItem\",\"position\":1,\"name\":\"Portada\",\"item\":\"https:\\\/\\\/comport.es\\\/\"},{\"@type\":\"ListItem\",\"position\":2,\"name\":\"Gerardo Landaluce destaca el crecimiento y los desaf\u00edos superados en los 25 a\u00f1os de COMPORT\"}]},{\"@type\":\"WebSite\",\"@id\":\"https:\\\/\\\/comport.es\\\/#website\",\"url\":\"https:\\\/\\\/comport.es\\\/\",\"name\":\"COMPORT\",\"description\":\"Port Community of Algeciras Bay\",\"publisher\":{\"@id\":\"https:\\\/\\\/comport.es\\\/#organization\"},\"potentialAction\":[{\"@type\":\"SearchAction\",\"target\":{\"@type\":\"EntryPoint\",\"urlTemplate\":\"https:\\\/\\\/comport.es\\\/?s={search_term_string}\"},\"query-input\":{\"@type\":\"PropertyValueSpecification\",\"valueRequired\":true,\"valueName\":\"search_term_string\"}}],\"inLanguage\":\"es\"},{\"@type\":\"Organization\",\"@id\":\"https:\\\/\\\/comport.es\\\/#organization\",\"name\":\"ALGECIRAS PORT COMMUNITY - COMPORT\",\"url\":\"https:\\\/\\\/comport.es\\\/\",\"logo\":{\"@type\":\"ImageObject\",\"inLanguage\":\"es\",\"@id\":\"https:\\\/\\\/comport.es\\\/#\\\/schema\\\/logo\\\/image\\\/\",\"url\":\"https:\\\/\\\/comport.es\\\/wp-content\\\/uploads\\\/2020\\\/10\\\/logo_comport_20m.png\",\"contentUrl\":\"https:\\\/\\\/comport.es\\\/wp-content\\\/uploads\\\/2020\\\/10\\\/logo_comport_20m.png\",\"width\":600,\"height\":170,\"caption\":\"ALGECIRAS PORT COMMUNITY - COMPORT\"},\"image\":{\"@id\":\"https:\\\/\\\/comport.es\\\/#\\\/schema\\\/logo\\\/image\\\/\"}},{\"@type\":\"Person\",\"@id\":\"https:\\\/\\\/comport.es\\\/#\\\/schema\\\/person\\\/9277649f8e04dd48c3d73bbaf2c7bebc\",\"name\":\"admincomport\"}]}<\/script>\n<!-- \/ Yoast SEO plugin. -->","yoast_head_json":{"title":"Gerardo Landaluce destaca el crecimiento y los desaf\u00edos superados en los 25 a\u00f1os de COMPORT | COMPORT","robots":{"index":"noindex","follow":"follow"},"og_locale":"es_ES","og_type":"article","og_title":"Gerardo Landaluce destaca el crecimiento y los desaf\u00edos superados en los 25 a\u00f1os de COMPORT | COMPORT","og_description":"Las empresas de la Comunidad Portuaria de la Bah\u00eda de Algeciras han hecho balance del a\u00f1o y han definido sus pr\u00f3ximas acciones comerciales Las empresas que forman parte de COMPORT, la asociaci\u00f3n que aglutina a las operadoras del puerto Bah\u00eda de Algeciras, han celebrado su [&hellip;]","og_url":"https:\/\/comport.es\/index.php\/sin-categoria-es\/gerardo-landaluce-destaca-el-crecimiento-y-los-desafios-superados-en-los-25-anos-de-comport\/","og_site_name":"COMPORT","article_published_time":"2024-06-21T11:43:35+00:00","article_modified_time":"2024-06-30T11:52:16+00:00","og_image":[{"width":1300,"height":722,"url":"https:\/\/comport.es\/wp-content\/uploads\/2024\/06\/25_ANIVERSARIO_GRUPO.jpg","type":"image\/jpeg"}],"author":"admincomport","twitter_card":"summary_large_image","twitter_misc":{"Escrito por":"admincomport","Tiempo de lectura":"3 minutos"},"schema":{"@context":"https:\/\/schema.org","@graph":[{"@type":"Article","@id":"https:\/\/comport.es\/index.php\/sin-categoria-es\/gerardo-landaluce-destaca-el-crecimiento-y-los-desafios-superados-en-los-25-anos-de-comport\/#article","isPartOf":{"@id":"https:\/\/comport.es\/index.php\/sin-categoria-es\/gerardo-landaluce-destaca-el-crecimiento-y-los-desafios-superados-en-los-25-anos-de-comport\/"},"author":{"name":"admincomport","@id":"https:\/\/comport.es\/#\/schema\/person\/9277649f8e04dd48c3d73bbaf2c7bebc"},"headline":"Gerardo Landaluce destaca el crecimiento y los desaf\u00edos superados en los 25 a\u00f1os de COMPORT","datePublished":"2024-06-21T11:43:35+00:00","dateModified":"2024-06-30T11:52:16+00:00","mainEntityOfPage":{"@id":"https:\/\/comport.es\/index.php\/sin-categoria-es\/gerardo-landaluce-destaca-el-crecimiento-y-los-desafios-superados-en-los-25-anos-de-comport\/"},"wordCount":730,"publisher":{"@id":"https:\/\/comport.es\/#organization"},"image":{"@id":"https:\/\/comport.es\/index.php\/sin-categoria-es\/gerardo-landaluce-destaca-el-crecimiento-y-los-desafios-superados-en-los-25-anos-de-comport\/#primaryimage"},"thumbnailUrl":"https:\/\/comport.es\/wp-content\/uploads\/2024\/06\/25_ANIVERSARIO_GRUPO.jpg","articleSection":["Noticias"],"inLanguage":"es"},{"@type":"WebPage","@id":"https:\/\/comport.es\/index.php\/sin-categoria-es\/gerardo-landaluce-destaca-el-crecimiento-y-los-desafios-superados-en-los-25-anos-de-comport\/","url":"https:\/\/comport.es\/index.php\/sin-categoria-es\/gerardo-landaluce-destaca-el-crecimiento-y-los-desafios-superados-en-los-25-anos-de-comport\/","name":"Gerardo Landaluce destaca el crecimiento y los desaf\u00edos superados en los 25 a\u00f1os de COMPORT | COMPORT","isPartOf":{"@id":"https:\/\/comport.es\/#website"},"primaryImageOfPage":{"@id":"https:\/\/comport.es\/index.php\/sin-categoria-es\/gerardo-landaluce-destaca-el-crecimiento-y-los-desafios-superados-en-los-25-anos-de-comport\/#primaryimage"},"image":{"@id":"https:\/\/comport.es\/index.php\/sin-categoria-es\/gerardo-landaluce-destaca-el-crecimiento-y-los-desafios-superados-en-los-25-anos-de-comport\/#primaryimage"},"thumbnailUrl":"https:\/\/comport.es\/wp-content\/uploads\/2024\/06\/25_ANIVERSARIO_GRUPO.jpg","datePublished":"2024-06-21T11:43:35+00:00","dateModified":"2024-06-30T11:52:16+00:00","breadcrumb":{"@id":"https:\/\/comport.es\/index.php\/sin-categoria-es\/gerardo-landaluce-destaca-el-crecimiento-y-los-desafios-superados-en-los-25-anos-de-comport\/#breadcrumb"},"inLanguage":"es","potentialAction":[{"@type":"ReadAction","target":["https:\/\/comport.es\/index.php\/sin-categoria-es\/gerardo-landaluce-destaca-el-crecimiento-y-los-desafios-superados-en-los-25-anos-de-comport\/"]}]},{"@type":"ImageObject","inLanguage":"es","@id":"https:\/\/comport.es\/index.php\/sin-categoria-es\/gerardo-landaluce-destaca-el-crecimiento-y-los-desafios-superados-en-los-25-anos-de-comport\/#primaryimage","url":"https:\/\/comport.es\/wp-content\/uploads\/2024\/06\/25_ANIVERSARIO_GRUPO.jpg","contentUrl":"https:\/\/comport.es\/wp-content\/uploads\/2024\/06\/25_ANIVERSARIO_GRUPO.jpg","width":1300,"height":722},{"@type":"BreadcrumbList","@id":"https:\/\/comport.es\/index.php\/sin-categoria-es\/gerardo-landaluce-destaca-el-crecimiento-y-los-desafios-superados-en-los-25-anos-de-comport\/#breadcrumb","itemListElement":[{"@type":"ListItem","position":1,"name":"Portada","item":"https:\/\/comport.es\/"},{"@type":"ListItem","position":2,"name":"Gerardo Landaluce destaca el crecimiento y los desaf\u00edos superados en los 25 a\u00f1os de COMPORT"}]},{"@type":"WebSite","@id":"https:\/\/comport.es\/#website","url":"https:\/\/comport.es\/","name":"COMPORT","description":"Port Community of Algeciras Bay","publisher":{"@id":"https:\/\/comport.es\/#organization"},"potentialAction":[{"@type":"SearchAction","target":{"@type":"EntryPoint","urlTemplate":"https:\/\/comport.es\/?s={search_term_string}"},"query-input":{"@type":"PropertyValueSpecification","valueRequired":true,"valueName":"search_term_string"}}],"inLanguage":"es"},{"@type":"Organization","@id":"https:\/\/comport.es\/#organization","name":"ALGECIRAS PORT COMMUNITY - COMPORT","url":"https:\/\/comport.es\/","logo":{"@type":"ImageObject","inLanguage":"es","@id":"https:\/\/comport.es\/#\/schema\/logo\/image\/","url":"https:\/\/comport.es\/wp-content\/uploads\/2020\/10\/logo_comport_20m.png","contentUrl":"https:\/\/comport.es\/wp-content\/uploads\/2020\/10\/logo_comport_20m.png","width":600,"height":170,"caption":"ALGECIRAS PORT COMMUNITY - COMPORT"},"image":{"@id":"https:\/\/comport.es\/#\/schema\/logo\/image\/"}},{"@type":"Person","@id":"https:\/\/comport.es\/#\/schema\/person\/9277649f8e04dd48c3d73bbaf2c7bebc","name":"admincomport"}]}},"_links":{"self":[{"href":"https:\/\/comport.es\/index.php\/wp-json\/wp\/v2\/posts\/8293","targetHints":{"allow":["GET"]}}],"collection":[{"href":"https:\/\/comport.es\/index.php\/wp-json\/wp\/v2\/posts"}],"about":[{"href":"https:\/\/comport.es\/index.php\/wp-json\/wp\/v2\/types\/post"}],"author":[{"embeddable":true,"href":"https:\/\/comport.es\/index.php\/wp-json\/wp\/v2\/users\/1"}],"replies":[{"embeddable":true,"href":"https:\/\/comport.es\/index.php\/wp-json\/wp\/v2\/comments?post=8293"}],"version-history":[{"count":3,"href":"https:\/\/comport.es\/index.php\/wp-json\/wp\/v2\/posts\/8293\/revisions"}],"predecessor-version":[{"id":8299,"href":"https:\/\/comport.es\/index.php\/wp-json\/wp\/v2\/posts\/8293\/revisions\/8299"}],"wp:featuredmedia":[{"embeddable":true,"href":"https:\/\/comport.es\/index.php\/wp-json\/wp\/v2\/media\/8287"}],"wp:attachment":[{"href":"https:\/\/comport.es\/index.php\/wp-json\/wp\/v2\/media?parent=8293"}],"wp:term":[{"taxonomy":"category","embeddable":true,"href":"https:\/\/comport.es\/index.php\/wp-json\/wp\/v2\/categories?post=8293"},{"taxonomy":"post_tag","embeddable":true,"href":"https:\/\/comport.es\/index.php\/wp-json\/wp\/v2\/tags?post=8293"}],"curies":[{"name":"wp","href":"https:\/\/api.w.org\/{rel}","templated":true}]}}