{"id":8290,"date":"2024-06-21T11:39:02","date_gmt":"2024-06-21T11:39:02","guid":{"rendered":"https:\/\/comport.es\/?p=8290"},"modified":"2024-06-30T11:43:12","modified_gmt":"2024-06-30T11:43:12","slug":"comport-celebra-su-25o-aniversario-en-pleno-crecimiento","status":"publish","type":"post","link":"https:\/\/comport.es\/index.php\/noticias\/comport-celebra-su-25o-aniversario-en-pleno-crecimiento\/","title":{"rendered":"COMPORT celebra su 25\u00ba aniversario en pleno crecimiento"},"content":{"rendered":"<p style=\"text-align: justify;\"><strong><span style=\"color: #000000; font-size: 18pt;\">La evoluci\u00f3n y expansi\u00f3n de la asociaci\u00f3n a lo largo de los a\u00f1os han fortalecido las relaciones y mejorado la eficiencia en el puerto<\/span><\/strong><\/p>\n<p style=\"text-align: justify;\"><span style=\"color: #000000;\">La asociaci\u00f3n que aglutina a las empresas que componen la Comunidad Portuaria de la Bah\u00eda de Algeciras (<strong>COMPORT<\/strong>) celebra su 25\u00ba aniversario, durante la celebraci\u00f3n de una asamblea que va a abordar, a partir de las 12.00 en su sede de la C\u00e1mara de Comercio del Campo de Gibraltar, el cuarto de siglo de crecimiento y transformaci\u00f3n junto al puerto de Algeciras. Fundada en 1999, <strong>COMPORT<\/strong> ha pasado de contar con cinco socios fundadores a tener 159 miembros en 2024, incluyendo instituciones como la Autoridad Portuaria, el Ayuntamiento de Algeciras, Log\u00edstica Andaluc\u00eda y la Corporaci\u00f3n de Pr\u00e1cticos.<\/span><\/p>\n<p style=\"text-align: justify;\"><span style=\"font-size: 14pt;\"><strong><span style=\"color: #000000;\">COMPORT ha pasado de contar con cinco socios fundadores a tener 159 miembros en 2024<\/span><\/strong><\/span><\/p>\n<p style=\"text-align: justify;\"><span style=\"color: #000000;\">Desde sus inicios, <strong>COMPORT<\/strong> ha experimentado cambios significativos al igual que el puerto de Algeciras en sus instalaciones y servicios, donde la cantidad de atraques disponibles ha aumentado, se han modernizado las terminales y se ha integrado el ferrocarril en sus operaciones. Estas transformaciones han contribuido al crecimiento y diversificaci\u00f3n del tr\u00e1fico portuario, consolidando a <strong>COMPORT<\/strong> como un actor clave en la Comunidad Portuaria.<\/span><\/p>\n<p style=\"text-align: justify;\"><span style=\"color: #000000;\">Jos\u00e9 Manuel Tejedor, presidente de <strong>COMPORT<\/strong>, destaca que la asociaci\u00f3n no solo ha crecido en n\u00famero, sino tambi\u00e9n en calidad. \u00ab<strong>COMPORT<\/strong> ha servido para dos cosas fundamentales. Primero, para que la comunidad portuaria se conozca mejor entre s\u00ed y, segundo, para mejorar la colaboraci\u00f3n y eficiencia en el puerto,\u00bb ha explicado.<\/span><\/p>\n<p style=\"text-align: justify;\"><span style=\"color: #000000;\">Una de las principales actividades de <strong>COMPORT<\/strong> ha sido la organizaci\u00f3n de misiones comerciales, que no solo han fortalecido los lazos entre las empresas de la Comunidad Portuaria, sino que tambi\u00e9n han promovido el puerto de Algeciras en el extranjero. \u00abEn las misiones comerciales pasamos muchas horas juntos, lo que nos permite conocernos mejor y trabajar m\u00e1s eficazmente,\u00bb ha a\u00f1adido Tejedor.<\/span><\/p>\n<p style=\"text-align: justify;\"><span style=\"color: #000000;\">Las misiones comerciales de <strong>COMPORT<\/strong> han tenido un impacto significativo en el crecimiento del puerto. Estas actividades han contribuido a aumentar los vol\u00famenes de tr\u00e1fico, ingresos y la creaci\u00f3n de riqueza, lo que se ha traducido en nuevos empleos. Las misiones comerciales anuales, como Fruit Logistics en Berl\u00edn; Fruit Attraction, en Madrid, o las visitas a pa\u00edses sudamericanos, son citas obligatorias para las empresas de log\u00edstica de la Bah\u00eda de Algeciras. Por otro lado, las empresas de servicios a la Bah\u00eda participan en eventos internacionales como la feria de Posidonia, en Atenas; North Shipping, en Oslo y SMM en Hamburgo.<\/span><\/p>\n<p style=\"text-align: justify;\"><span style=\"color: #000000;\">La celebraci\u00f3n del 25\u00ba aniversario de <strong>COMPORT<\/strong> es una ocasi\u00f3n para reflexionar sobre los logros alcanzados y los desaf\u00edos futuros. La asociaci\u00f3n se ha consolidado como un pilar fundamental de la Comunidad Portuaria de Algeciras, fomentando la cooperaci\u00f3n y el desarrollo econ\u00f3mico de la zona. Con una visi\u00f3n clara y un compromiso firme, <strong>COMPORT<\/strong> se prepara para seguir impulsando el crecimiento y la innovaci\u00f3n en el puerto de Algeciras, durante los pr\u00f3ximos a\u00f1os.<\/span><\/p>\n<p>&nbsp;<\/p>\n<p><span style=\"color: #000000;\"><strong>FUENTE:<\/strong> EL ESTRECHO DIGITAL<\/span><\/p>\n<p>&nbsp;<\/p>\n<p>&nbsp;<\/p>\n","protected":false},"excerpt":{"rendered":"<p>La evoluci\u00f3n y expansi\u00f3n de la asociaci\u00f3n a lo largo de los a\u00f1os han fortalecido las relaciones y mejorado la eficiencia en el puerto La asociaci\u00f3n que aglutina a las empresas que componen la Comunidad Portuaria de la Bah\u00eda de Algeciras (COMPORT) celebra su 25\u00ba [&hellip;]<\/p>\n","protected":false},"author":1,"featured_media":8289,"comment_status":"closed","ping_status":"closed","sticky":false,"template":"","format":"standard","meta":{"footnotes":""},"categories":[921],"tags":[],"class_list":["post-8290","post","type-post","status-publish","format-standard","has-post-thumbnail","hentry","category-noticias"],"yoast_head":"<!-- This site is optimized with the Yoast SEO plugin v27.4 - https:\/\/yoast.com\/product\/yoast-seo-wordpress\/ -->\n<title>COMPORT celebra su 25\u00ba aniversario en pleno crecimiento | COMPORT<\/title>\n<meta name=\"robots\" content=\"noindex, follow\" \/>\n<meta property=\"og:locale\" content=\"es_ES\" \/>\n<meta property=\"og:type\" content=\"article\" \/>\n<meta property=\"og:title\" content=\"COMPORT celebra su 25\u00ba aniversario en pleno crecimiento | COMPORT\" \/>\n<meta property=\"og:description\" content=\"La evoluci\u00f3n y expansi\u00f3n de la asociaci\u00f3n a lo largo de los a\u00f1os han fortalecido las relaciones y mejorado la eficiencia en el puerto La asociaci\u00f3n que aglutina a las empresas que componen la Comunidad Portuaria de la Bah\u00eda de Algeciras (COMPORT) celebra su 25\u00ba [&hellip;]\" \/>\n<meta property=\"og:url\" content=\"https:\/\/comport.es\/index.php\/noticias\/comport-celebra-su-25o-aniversario-en-pleno-crecimiento\/\" \/>\n<meta property=\"og:site_name\" content=\"COMPORT\" \/>\n<meta property=\"article:published_time\" content=\"2024-06-21T11:39:02+00:00\" \/>\n<meta property=\"article:modified_time\" content=\"2024-06-30T11:43:12+00:00\" \/>\n<meta property=\"og:image\" content=\"https:\/\/comport.es\/wp-content\/uploads\/2024\/06\/COMPORT_TEJEDOR.jpg\" \/>\n\t<meta property=\"og:image:width\" content=\"1300\" \/>\n\t<meta property=\"og:image:height\" content=\"722\" \/>\n\t<meta property=\"og:image:type\" content=\"image\/jpeg\" \/>\n<meta name=\"author\" content=\"admincomport\" \/>\n<meta name=\"twitter:card\" content=\"summary_large_image\" \/>\n<meta name=\"twitter:label1\" content=\"Escrito por\" \/>\n\t<meta name=\"twitter:data1\" content=\"admincomport\" \/>\n\t<meta name=\"twitter:label2\" content=\"Tiempo de lectura\" \/>\n\t<meta name=\"twitter:data2\" content=\"3 minutos\" \/>\n<script type=\"application\/ld+json\" class=\"yoast-schema-graph\">{\"@context\":\"https:\\\/\\\/schema.org\",\"@graph\":[{\"@type\":\"Article\",\"@id\":\"https:\\\/\\\/comport.es\\\/index.php\\\/noticias\\\/comport-celebra-su-25o-aniversario-en-pleno-crecimiento\\\/#article\",\"isPartOf\":{\"@id\":\"https:\\\/\\\/comport.es\\\/index.php\\\/noticias\\\/comport-celebra-su-25o-aniversario-en-pleno-crecimiento\\\/\"},\"author\":{\"name\":\"admincomport\",\"@id\":\"https:\\\/\\\/comport.es\\\/#\\\/schema\\\/person\\\/9277649f8e04dd48c3d73bbaf2c7bebc\"},\"headline\":\"COMPORT celebra su 25\u00ba aniversario en pleno crecimiento\",\"datePublished\":\"2024-06-21T11:39:02+00:00\",\"dateModified\":\"2024-06-30T11:43:12+00:00\",\"mainEntityOfPage\":{\"@id\":\"https:\\\/\\\/comport.es\\\/index.php\\\/noticias\\\/comport-celebra-su-25o-aniversario-en-pleno-crecimiento\\\/\"},\"wordCount\":532,\"publisher\":{\"@id\":\"https:\\\/\\\/comport.es\\\/#organization\"},\"image\":{\"@id\":\"https:\\\/\\\/comport.es\\\/index.php\\\/noticias\\\/comport-celebra-su-25o-aniversario-en-pleno-crecimiento\\\/#primaryimage\"},\"thumbnailUrl\":\"https:\\\/\\\/comport.es\\\/wp-content\\\/uploads\\\/2024\\\/06\\\/COMPORT_TEJEDOR.jpg\",\"articleSection\":[\"Noticias\"],\"inLanguage\":\"es\"},{\"@type\":\"WebPage\",\"@id\":\"https:\\\/\\\/comport.es\\\/index.php\\\/noticias\\\/comport-celebra-su-25o-aniversario-en-pleno-crecimiento\\\/\",\"url\":\"https:\\\/\\\/comport.es\\\/index.php\\\/noticias\\\/comport-celebra-su-25o-aniversario-en-pleno-crecimiento\\\/\",\"name\":\"COMPORT celebra su 25\u00ba aniversario en pleno crecimiento | COMPORT\",\"isPartOf\":{\"@id\":\"https:\\\/\\\/comport.es\\\/#website\"},\"primaryImageOfPage\":{\"@id\":\"https:\\\/\\\/comport.es\\\/index.php\\\/noticias\\\/comport-celebra-su-25o-aniversario-en-pleno-crecimiento\\\/#primaryimage\"},\"image\":{\"@id\":\"https:\\\/\\\/comport.es\\\/index.php\\\/noticias\\\/comport-celebra-su-25o-aniversario-en-pleno-crecimiento\\\/#primaryimage\"},\"thumbnailUrl\":\"https:\\\/\\\/comport.es\\\/wp-content\\\/uploads\\\/2024\\\/06\\\/COMPORT_TEJEDOR.jpg\",\"datePublished\":\"2024-06-21T11:39:02+00:00\",\"dateModified\":\"2024-06-30T11:43:12+00:00\",\"breadcrumb\":{\"@id\":\"https:\\\/\\\/comport.es\\\/index.php\\\/noticias\\\/comport-celebra-su-25o-aniversario-en-pleno-crecimiento\\\/#breadcrumb\"},\"inLanguage\":\"es\",\"potentialAction\":[{\"@type\":\"ReadAction\",\"target\":[\"https:\\\/\\\/comport.es\\\/index.php\\\/noticias\\\/comport-celebra-su-25o-aniversario-en-pleno-crecimiento\\\/\"]}]},{\"@type\":\"ImageObject\",\"inLanguage\":\"es\",\"@id\":\"https:\\\/\\\/comport.es\\\/index.php\\\/noticias\\\/comport-celebra-su-25o-aniversario-en-pleno-crecimiento\\\/#primaryimage\",\"url\":\"https:\\\/\\\/comport.es\\\/wp-content\\\/uploads\\\/2024\\\/06\\\/COMPORT_TEJEDOR.jpg\",\"contentUrl\":\"https:\\\/\\\/comport.es\\\/wp-content\\\/uploads\\\/2024\\\/06\\\/COMPORT_TEJEDOR.jpg\",\"width\":1300,\"height\":722},{\"@type\":\"BreadcrumbList\",\"@id\":\"https:\\\/\\\/comport.es\\\/index.php\\\/noticias\\\/comport-celebra-su-25o-aniversario-en-pleno-crecimiento\\\/#breadcrumb\",\"itemListElement\":[{\"@type\":\"ListItem\",\"position\":1,\"name\":\"Portada\",\"item\":\"https:\\\/\\\/comport.es\\\/\"},{\"@type\":\"ListItem\",\"position\":2,\"name\":\"COMPORT celebra su 25\u00ba aniversario en pleno crecimiento\"}]},{\"@type\":\"WebSite\",\"@id\":\"https:\\\/\\\/comport.es\\\/#website\",\"url\":\"https:\\\/\\\/comport.es\\\/\",\"name\":\"COMPORT\",\"description\":\"Port Community of Algeciras Bay\",\"publisher\":{\"@id\":\"https:\\\/\\\/comport.es\\\/#organization\"},\"potentialAction\":[{\"@type\":\"SearchAction\",\"target\":{\"@type\":\"EntryPoint\",\"urlTemplate\":\"https:\\\/\\\/comport.es\\\/?s={search_term_string}\"},\"query-input\":{\"@type\":\"PropertyValueSpecification\",\"valueRequired\":true,\"valueName\":\"search_term_string\"}}],\"inLanguage\":\"es\"},{\"@type\":\"Organization\",\"@id\":\"https:\\\/\\\/comport.es\\\/#organization\",\"name\":\"ALGECIRAS PORT COMMUNITY - COMPORT\",\"url\":\"https:\\\/\\\/comport.es\\\/\",\"logo\":{\"@type\":\"ImageObject\",\"inLanguage\":\"es\",\"@id\":\"https:\\\/\\\/comport.es\\\/#\\\/schema\\\/logo\\\/image\\\/\",\"url\":\"https:\\\/\\\/comport.es\\\/wp-content\\\/uploads\\\/2020\\\/10\\\/logo_comport_20m.png\",\"contentUrl\":\"https:\\\/\\\/comport.es\\\/wp-content\\\/uploads\\\/2020\\\/10\\\/logo_comport_20m.png\",\"width\":600,\"height\":170,\"caption\":\"ALGECIRAS PORT COMMUNITY - COMPORT\"},\"image\":{\"@id\":\"https:\\\/\\\/comport.es\\\/#\\\/schema\\\/logo\\\/image\\\/\"}},{\"@type\":\"Person\",\"@id\":\"https:\\\/\\\/comport.es\\\/#\\\/schema\\\/person\\\/9277649f8e04dd48c3d73bbaf2c7bebc\",\"name\":\"admincomport\"}]}<\/script>\n<!-- \/ Yoast SEO plugin. -->","yoast_head_json":{"title":"COMPORT celebra su 25\u00ba aniversario en pleno crecimiento | COMPORT","robots":{"index":"noindex","follow":"follow"},"og_locale":"es_ES","og_type":"article","og_title":"COMPORT celebra su 25\u00ba aniversario en pleno crecimiento | COMPORT","og_description":"La evoluci\u00f3n y expansi\u00f3n de la asociaci\u00f3n a lo largo de los a\u00f1os han fortalecido las relaciones y mejorado la eficiencia en el puerto La asociaci\u00f3n que aglutina a las empresas que componen la Comunidad Portuaria de la Bah\u00eda de Algeciras (COMPORT) celebra su 25\u00ba [&hellip;]","og_url":"https:\/\/comport.es\/index.php\/noticias\/comport-celebra-su-25o-aniversario-en-pleno-crecimiento\/","og_site_name":"COMPORT","article_published_time":"2024-06-21T11:39:02+00:00","article_modified_time":"2024-06-30T11:43:12+00:00","og_image":[{"width":1300,"height":722,"url":"https:\/\/comport.es\/wp-content\/uploads\/2024\/06\/COMPORT_TEJEDOR.jpg","type":"image\/jpeg"}],"author":"admincomport","twitter_card":"summary_large_image","twitter_misc":{"Escrito por":"admincomport","Tiempo de lectura":"3 minutos"},"schema":{"@context":"https:\/\/schema.org","@graph":[{"@type":"Article","@id":"https:\/\/comport.es\/index.php\/noticias\/comport-celebra-su-25o-aniversario-en-pleno-crecimiento\/#article","isPartOf":{"@id":"https:\/\/comport.es\/index.php\/noticias\/comport-celebra-su-25o-aniversario-en-pleno-crecimiento\/"},"author":{"name":"admincomport","@id":"https:\/\/comport.es\/#\/schema\/person\/9277649f8e04dd48c3d73bbaf2c7bebc"},"headline":"COMPORT celebra su 25\u00ba aniversario en pleno crecimiento","datePublished":"2024-06-21T11:39:02+00:00","dateModified":"2024-06-30T11:43:12+00:00","mainEntityOfPage":{"@id":"https:\/\/comport.es\/index.php\/noticias\/comport-celebra-su-25o-aniversario-en-pleno-crecimiento\/"},"wordCount":532,"publisher":{"@id":"https:\/\/comport.es\/#organization"},"image":{"@id":"https:\/\/comport.es\/index.php\/noticias\/comport-celebra-su-25o-aniversario-en-pleno-crecimiento\/#primaryimage"},"thumbnailUrl":"https:\/\/comport.es\/wp-content\/uploads\/2024\/06\/COMPORT_TEJEDOR.jpg","articleSection":["Noticias"],"inLanguage":"es"},{"@type":"WebPage","@id":"https:\/\/comport.es\/index.php\/noticias\/comport-celebra-su-25o-aniversario-en-pleno-crecimiento\/","url":"https:\/\/comport.es\/index.php\/noticias\/comport-celebra-su-25o-aniversario-en-pleno-crecimiento\/","name":"COMPORT celebra su 25\u00ba aniversario en pleno crecimiento | COMPORT","isPartOf":{"@id":"https:\/\/comport.es\/#website"},"primaryImageOfPage":{"@id":"https:\/\/comport.es\/index.php\/noticias\/comport-celebra-su-25o-aniversario-en-pleno-crecimiento\/#primaryimage"},"image":{"@id":"https:\/\/comport.es\/index.php\/noticias\/comport-celebra-su-25o-aniversario-en-pleno-crecimiento\/#primaryimage"},"thumbnailUrl":"https:\/\/comport.es\/wp-content\/uploads\/2024\/06\/COMPORT_TEJEDOR.jpg","datePublished":"2024-06-21T11:39:02+00:00","dateModified":"2024-06-30T11:43:12+00:00","breadcrumb":{"@id":"https:\/\/comport.es\/index.php\/noticias\/comport-celebra-su-25o-aniversario-en-pleno-crecimiento\/#breadcrumb"},"inLanguage":"es","potentialAction":[{"@type":"ReadAction","target":["https:\/\/comport.es\/index.php\/noticias\/comport-celebra-su-25o-aniversario-en-pleno-crecimiento\/"]}]},{"@type":"ImageObject","inLanguage":"es","@id":"https:\/\/comport.es\/index.php\/noticias\/comport-celebra-su-25o-aniversario-en-pleno-crecimiento\/#primaryimage","url":"https:\/\/comport.es\/wp-content\/uploads\/2024\/06\/COMPORT_TEJEDOR.jpg","contentUrl":"https:\/\/comport.es\/wp-content\/uploads\/2024\/06\/COMPORT_TEJEDOR.jpg","width":1300,"height":722},{"@type":"BreadcrumbList","@id":"https:\/\/comport.es\/index.php\/noticias\/comport-celebra-su-25o-aniversario-en-pleno-crecimiento\/#breadcrumb","itemListElement":[{"@type":"ListItem","position":1,"name":"Portada","item":"https:\/\/comport.es\/"},{"@type":"ListItem","position":2,"name":"COMPORT celebra su 25\u00ba aniversario en pleno crecimiento"}]},{"@type":"WebSite","@id":"https:\/\/comport.es\/#website","url":"https:\/\/comport.es\/","name":"COMPORT","description":"Port Community of Algeciras Bay","publisher":{"@id":"https:\/\/comport.es\/#organization"},"potentialAction":[{"@type":"SearchAction","target":{"@type":"EntryPoint","urlTemplate":"https:\/\/comport.es\/?s={search_term_string}"},"query-input":{"@type":"PropertyValueSpecification","valueRequired":true,"valueName":"search_term_string"}}],"inLanguage":"es"},{"@type":"Organization","@id":"https:\/\/comport.es\/#organization","name":"ALGECIRAS PORT COMMUNITY - COMPORT","url":"https:\/\/comport.es\/","logo":{"@type":"ImageObject","inLanguage":"es","@id":"https:\/\/comport.es\/#\/schema\/logo\/image\/","url":"https:\/\/comport.es\/wp-content\/uploads\/2020\/10\/logo_comport_20m.png","contentUrl":"https:\/\/comport.es\/wp-content\/uploads\/2020\/10\/logo_comport_20m.png","width":600,"height":170,"caption":"ALGECIRAS PORT COMMUNITY - COMPORT"},"image":{"@id":"https:\/\/comport.es\/#\/schema\/logo\/image\/"}},{"@type":"Person","@id":"https:\/\/comport.es\/#\/schema\/person\/9277649f8e04dd48c3d73bbaf2c7bebc","name":"admincomport"}]}},"_links":{"self":[{"href":"https:\/\/comport.es\/index.php\/wp-json\/wp\/v2\/posts\/8290","targetHints":{"allow":["GET"]}}],"collection":[{"href":"https:\/\/comport.es\/index.php\/wp-json\/wp\/v2\/posts"}],"about":[{"href":"https:\/\/comport.es\/index.php\/wp-json\/wp\/v2\/types\/post"}],"author":[{"embeddable":true,"href":"https:\/\/comport.es\/index.php\/wp-json\/wp\/v2\/users\/1"}],"replies":[{"embeddable":true,"href":"https:\/\/comport.es\/index.php\/wp-json\/wp\/v2\/comments?post=8290"}],"version-history":[{"count":2,"href":"https:\/\/comport.es\/index.php\/wp-json\/wp\/v2\/posts\/8290\/revisions"}],"predecessor-version":[{"id":8292,"href":"https:\/\/comport.es\/index.php\/wp-json\/wp\/v2\/posts\/8290\/revisions\/8292"}],"wp:featuredmedia":[{"embeddable":true,"href":"https:\/\/comport.es\/index.php\/wp-json\/wp\/v2\/media\/8289"}],"wp:attachment":[{"href":"https:\/\/comport.es\/index.php\/wp-json\/wp\/v2\/media?parent=8290"}],"wp:term":[{"taxonomy":"category","embeddable":true,"href":"https:\/\/comport.es\/index.php\/wp-json\/wp\/v2\/categories?post=8290"},{"taxonomy":"post_tag","embeddable":true,"href":"https:\/\/comport.es\/index.php\/wp-json\/wp\/v2\/tags?post=8290"}],"curies":[{"name":"wp","href":"https:\/\/api.w.org\/{rel}","templated":true}]}}