{"id":8271,"date":"2024-05-24T10:18:08","date_gmt":"2024-05-24T10:18:08","guid":{"rendered":"https:\/\/comport.es\/?p=8271"},"modified":"2024-05-28T10:24:20","modified_gmt":"2024-05-28T10:24:20","slug":"el-puerto-de-algeciras-acoge-la-jornada-mision-port-leaders-para-fortalecer-lazos-portuarios-iberoamericanos-y-espanoles","status":"publish","type":"post","link":"https:\/\/comport.es\/index.php\/noticias\/el-puerto-de-algeciras-acoge-la-jornada-mision-port-leaders-para-fortalecer-lazos-portuarios-iberoamericanos-y-espanoles\/","title":{"rendered":"El Puerto de Algeciras acoge la jornada Misi\u00f3n Port Leaders para fortalecer lazos portuarios iberoamericanos y espa\u00f1oles"},"content":{"rendered":"<p style=\"text-align: justify;\"><span style=\"font-size: 18pt;\"><strong><span style=\"color: #000000;\">Delegaciones de Am\u00e9rica Latina y Espa\u00f1a se re\u00fanen para intercambiar mejores pr\u00e1cticas y fomentar la colaboraci\u00f3n en el sector portuario<\/span><\/strong><\/span><\/p>\n<p style=\"text-align: justify;\"><span style=\"color: #000000;\">El <strong>Puerto de Algeciras<\/strong> ha acogido hoy la jornada Misi\u00f3n Port Leaders, una iniciativa impulsada por el Maritime Policy Bureau y PR Ports con el objetivo de fortalecer los lazos entre las comunidades portuarias de Iberoam\u00e9rica y Espa\u00f1a. La delegaci\u00f3n latinoamericana ha estado integrada por directivos de puertos y empresas del sector de Argentina, Colombia, Ecuador, M\u00e9xico, Panam\u00e1, Per\u00fa, Rep\u00fablica Dominicana y Venezuela. Por su parte, la delegaci\u00f3n espa\u00f1ola ha contado con la participaci\u00f3n de responsables de la Autoridad Portuaria de Algeciras (<strong>APBA<\/strong>), la C\u00e1mara de Comercio, la Comunidad Portuaria <strong>Comport<\/strong>, la Confederaci\u00f3n de Empresarios y el Campus Bah\u00eda de Algeciras de la Universidad de C\u00e1diz.<\/span><\/p>\n<p style=\"text-align: justify;\"><span style=\"color: #000000;\">Guimara Tu\u00f1\u00f3n, directora ejecutiva del Maritime Policy Bureau, ha destacado que esta iniciativa busca aprender de las mejores pr\u00e1cticas en el sector portuario, tales como la reconversi\u00f3n energ\u00e9tica en Europa, la relaci\u00f3n puerto-ciudad y la colaboraci\u00f3n para competir. En este \u00faltimo punto, Gerardo Landaluce, presidente de la <strong>APBA<\/strong>, ha explicado la relaci\u00f3n de competencia, complementariedad y colaboraci\u00f3n entre el <strong>Puerto de Algeciras<\/strong> y T\u00e1nger Med, as\u00ed como el papel actual del Estrecho en el comercio entre el Norte de \u00c1frica y Europa.<\/span><\/p>\n<p style=\"text-align: justify;\"><span style=\"color: #000000;\">Durante la jornada, los participantes han visitado instalaciones clave del <strong>Puerto de Algeciras<\/strong>, como el Puesto de Control Fronterizo (<strong>PCF<\/strong>) y la terminal de contenedores semiautom\u00e1tica de Isla Verde Exterior, <strong>TTI<\/strong> Algeciras. Adem\u00e1s, han participado en una mesa redonda sobre colaboraci\u00f3n institucional p\u00fablica-privada y han asistido a presentaciones sobre las Estrategias Verde y de Innovaci\u00f3n de la <strong>APBA<\/strong>, el proyecto europeo European Port Alliance, as\u00ed como ejemplos de actuaciones de colaboraci\u00f3n puerto-ciudad desarrolladas por la <strong>APBA<\/strong>.<\/span><\/p>\n<p style=\"text-align: justify;\"><span style=\"color: #000000;\">Antes de su llegada a Algeciras, la delegaci\u00f3n de Port Leaders ha visitado durante el mes de mayo los puertos de Valencia, Barcelona, Huelva, C\u00e1diz y Sevilla, adem\u00e1s de Puertos del Estado. Estas visitas han permitido a los participantes obtener una visi\u00f3n integral de las pr\u00e1cticas y estrategias adoptadas por los principales puertos espa\u00f1oles, enriqueciendo as\u00ed el intercambio de conocimientos y experiencias entre las comunidades portuarias de ambos lados del Atl\u00e1ntico.<\/span><\/p>\n<p style=\"text-align: justify;\">\n<p style=\"text-align: justify;\"><span style=\"color: #000000;\"><strong>FUENTE:<\/strong> EL ESTRECHO DIGITAL<\/span><\/p>\n","protected":false},"excerpt":{"rendered":"<p>Delegaciones de Am\u00e9rica Latina y Espa\u00f1a se re\u00fanen para intercambiar mejores pr\u00e1cticas y fomentar la colaboraci\u00f3n en el sector portuario El Puerto de Algeciras ha acogido hoy la jornada Misi\u00f3n Port Leaders, una iniciativa impulsada por el Maritime Policy Bureau y PR Ports con el [&hellip;]<\/p>\n","protected":false},"author":1,"featured_media":8264,"comment_status":"closed","ping_status":"closed","sticky":false,"template":"","format":"standard","meta":{"footnotes":""},"categories":[921],"tags":[],"class_list":["post-8271","post","type-post","status-publish","format-standard","has-post-thumbnail","hentry","category-noticias"],"yoast_head":"<!-- This site is optimized with the Yoast SEO plugin v27.4 - https:\/\/yoast.com\/product\/yoast-seo-wordpress\/ -->\n<title>El Puerto de Algeciras acoge la jornada Misi\u00f3n Port Leaders para fortalecer lazos portuarios iberoamericanos y espa\u00f1oles | COMPORT<\/title>\n<meta name=\"robots\" content=\"noindex, follow\" \/>\n<meta property=\"og:locale\" content=\"es_ES\" \/>\n<meta property=\"og:type\" content=\"article\" \/>\n<meta property=\"og:title\" content=\"El Puerto de Algeciras acoge la jornada Misi\u00f3n Port Leaders para fortalecer lazos portuarios iberoamericanos y espa\u00f1oles | COMPORT\" \/>\n<meta property=\"og:description\" content=\"Delegaciones de Am\u00e9rica Latina y Espa\u00f1a se re\u00fanen para intercambiar mejores pr\u00e1cticas y fomentar la colaboraci\u00f3n en el sector portuario El Puerto de Algeciras ha acogido hoy la jornada Misi\u00f3n Port Leaders, una iniciativa impulsada por el Maritime Policy Bureau y PR Ports con el [&hellip;]\" \/>\n<meta property=\"og:url\" content=\"https:\/\/comport.es\/index.php\/noticias\/el-puerto-de-algeciras-acoge-la-jornada-mision-port-leaders-para-fortalecer-lazos-portuarios-iberoamericanos-y-espanoles\/\" \/>\n<meta property=\"og:site_name\" content=\"COMPORT\" \/>\n<meta property=\"article:published_time\" content=\"2024-05-24T10:18:08+00:00\" \/>\n<meta property=\"article:modified_time\" content=\"2024-05-28T10:24:20+00:00\" \/>\n<meta property=\"og:image\" content=\"https:\/\/comport.es\/wp-content\/uploads\/2024\/05\/lazos_comport.jpg\" \/>\n\t<meta property=\"og:image:width\" content=\"1300\" \/>\n\t<meta property=\"og:image:height\" content=\"722\" \/>\n\t<meta property=\"og:image:type\" content=\"image\/jpeg\" \/>\n<meta name=\"author\" content=\"admincomport\" \/>\n<meta name=\"twitter:card\" content=\"summary_large_image\" \/>\n<meta name=\"twitter:label1\" content=\"Escrito por\" \/>\n\t<meta name=\"twitter:data1\" content=\"admincomport\" \/>\n\t<meta name=\"twitter:label2\" content=\"Tiempo de lectura\" \/>\n\t<meta name=\"twitter:data2\" content=\"2 minutos\" \/>\n<script type=\"application\/ld+json\" class=\"yoast-schema-graph\">{\"@context\":\"https:\\\/\\\/schema.org\",\"@graph\":[{\"@type\":\"Article\",\"@id\":\"https:\\\/\\\/comport.es\\\/index.php\\\/noticias\\\/el-puerto-de-algeciras-acoge-la-jornada-mision-port-leaders-para-fortalecer-lazos-portuarios-iberoamericanos-y-espanoles\\\/#article\",\"isPartOf\":{\"@id\":\"https:\\\/\\\/comport.es\\\/index.php\\\/noticias\\\/el-puerto-de-algeciras-acoge-la-jornada-mision-port-leaders-para-fortalecer-lazos-portuarios-iberoamericanos-y-espanoles\\\/\"},\"author\":{\"name\":\"admincomport\",\"@id\":\"https:\\\/\\\/comport.es\\\/#\\\/schema\\\/person\\\/9277649f8e04dd48c3d73bbaf2c7bebc\"},\"headline\":\"El Puerto de Algeciras acoge la jornada Misi\u00f3n Port Leaders para fortalecer lazos portuarios iberoamericanos y espa\u00f1oles\",\"datePublished\":\"2024-05-24T10:18:08+00:00\",\"dateModified\":\"2024-05-28T10:24:20+00:00\",\"mainEntityOfPage\":{\"@id\":\"https:\\\/\\\/comport.es\\\/index.php\\\/noticias\\\/el-puerto-de-algeciras-acoge-la-jornada-mision-port-leaders-para-fortalecer-lazos-portuarios-iberoamericanos-y-espanoles\\\/\"},\"wordCount\":418,\"publisher\":{\"@id\":\"https:\\\/\\\/comport.es\\\/#organization\"},\"image\":{\"@id\":\"https:\\\/\\\/comport.es\\\/index.php\\\/noticias\\\/el-puerto-de-algeciras-acoge-la-jornada-mision-port-leaders-para-fortalecer-lazos-portuarios-iberoamericanos-y-espanoles\\\/#primaryimage\"},\"thumbnailUrl\":\"https:\\\/\\\/comport.es\\\/wp-content\\\/uploads\\\/2024\\\/05\\\/lazos_comport.jpg\",\"articleSection\":[\"Noticias\"],\"inLanguage\":\"es\"},{\"@type\":\"WebPage\",\"@id\":\"https:\\\/\\\/comport.es\\\/index.php\\\/noticias\\\/el-puerto-de-algeciras-acoge-la-jornada-mision-port-leaders-para-fortalecer-lazos-portuarios-iberoamericanos-y-espanoles\\\/\",\"url\":\"https:\\\/\\\/comport.es\\\/index.php\\\/noticias\\\/el-puerto-de-algeciras-acoge-la-jornada-mision-port-leaders-para-fortalecer-lazos-portuarios-iberoamericanos-y-espanoles\\\/\",\"name\":\"El Puerto de Algeciras acoge la jornada Misi\u00f3n Port Leaders para fortalecer lazos portuarios iberoamericanos y espa\u00f1oles | COMPORT\",\"isPartOf\":{\"@id\":\"https:\\\/\\\/comport.es\\\/#website\"},\"primaryImageOfPage\":{\"@id\":\"https:\\\/\\\/comport.es\\\/index.php\\\/noticias\\\/el-puerto-de-algeciras-acoge-la-jornada-mision-port-leaders-para-fortalecer-lazos-portuarios-iberoamericanos-y-espanoles\\\/#primaryimage\"},\"image\":{\"@id\":\"https:\\\/\\\/comport.es\\\/index.php\\\/noticias\\\/el-puerto-de-algeciras-acoge-la-jornada-mision-port-leaders-para-fortalecer-lazos-portuarios-iberoamericanos-y-espanoles\\\/#primaryimage\"},\"thumbnailUrl\":\"https:\\\/\\\/comport.es\\\/wp-content\\\/uploads\\\/2024\\\/05\\\/lazos_comport.jpg\",\"datePublished\":\"2024-05-24T10:18:08+00:00\",\"dateModified\":\"2024-05-28T10:24:20+00:00\",\"breadcrumb\":{\"@id\":\"https:\\\/\\\/comport.es\\\/index.php\\\/noticias\\\/el-puerto-de-algeciras-acoge-la-jornada-mision-port-leaders-para-fortalecer-lazos-portuarios-iberoamericanos-y-espanoles\\\/#breadcrumb\"},\"inLanguage\":\"es\",\"potentialAction\":[{\"@type\":\"ReadAction\",\"target\":[\"https:\\\/\\\/comport.es\\\/index.php\\\/noticias\\\/el-puerto-de-algeciras-acoge-la-jornada-mision-port-leaders-para-fortalecer-lazos-portuarios-iberoamericanos-y-espanoles\\\/\"]}]},{\"@type\":\"ImageObject\",\"inLanguage\":\"es\",\"@id\":\"https:\\\/\\\/comport.es\\\/index.php\\\/noticias\\\/el-puerto-de-algeciras-acoge-la-jornada-mision-port-leaders-para-fortalecer-lazos-portuarios-iberoamericanos-y-espanoles\\\/#primaryimage\",\"url\":\"https:\\\/\\\/comport.es\\\/wp-content\\\/uploads\\\/2024\\\/05\\\/lazos_comport.jpg\",\"contentUrl\":\"https:\\\/\\\/comport.es\\\/wp-content\\\/uploads\\\/2024\\\/05\\\/lazos_comport.jpg\",\"width\":1300,\"height\":722},{\"@type\":\"BreadcrumbList\",\"@id\":\"https:\\\/\\\/comport.es\\\/index.php\\\/noticias\\\/el-puerto-de-algeciras-acoge-la-jornada-mision-port-leaders-para-fortalecer-lazos-portuarios-iberoamericanos-y-espanoles\\\/#breadcrumb\",\"itemListElement\":[{\"@type\":\"ListItem\",\"position\":1,\"name\":\"Portada\",\"item\":\"https:\\\/\\\/comport.es\\\/\"},{\"@type\":\"ListItem\",\"position\":2,\"name\":\"El Puerto de Algeciras acoge la jornada Misi\u00f3n Port Leaders para fortalecer lazos portuarios iberoamericanos y espa\u00f1oles\"}]},{\"@type\":\"WebSite\",\"@id\":\"https:\\\/\\\/comport.es\\\/#website\",\"url\":\"https:\\\/\\\/comport.es\\\/\",\"name\":\"COMPORT\",\"description\":\"Port Community of Algeciras Bay\",\"publisher\":{\"@id\":\"https:\\\/\\\/comport.es\\\/#organization\"},\"potentialAction\":[{\"@type\":\"SearchAction\",\"target\":{\"@type\":\"EntryPoint\",\"urlTemplate\":\"https:\\\/\\\/comport.es\\\/?s={search_term_string}\"},\"query-input\":{\"@type\":\"PropertyValueSpecification\",\"valueRequired\":true,\"valueName\":\"search_term_string\"}}],\"inLanguage\":\"es\"},{\"@type\":\"Organization\",\"@id\":\"https:\\\/\\\/comport.es\\\/#organization\",\"name\":\"ALGECIRAS PORT COMMUNITY - COMPORT\",\"url\":\"https:\\\/\\\/comport.es\\\/\",\"logo\":{\"@type\":\"ImageObject\",\"inLanguage\":\"es\",\"@id\":\"https:\\\/\\\/comport.es\\\/#\\\/schema\\\/logo\\\/image\\\/\",\"url\":\"https:\\\/\\\/comport.es\\\/wp-content\\\/uploads\\\/2020\\\/10\\\/logo_comport_20m.png\",\"contentUrl\":\"https:\\\/\\\/comport.es\\\/wp-content\\\/uploads\\\/2020\\\/10\\\/logo_comport_20m.png\",\"width\":600,\"height\":170,\"caption\":\"ALGECIRAS PORT COMMUNITY - COMPORT\"},\"image\":{\"@id\":\"https:\\\/\\\/comport.es\\\/#\\\/schema\\\/logo\\\/image\\\/\"}},{\"@type\":\"Person\",\"@id\":\"https:\\\/\\\/comport.es\\\/#\\\/schema\\\/person\\\/9277649f8e04dd48c3d73bbaf2c7bebc\",\"name\":\"admincomport\"}]}<\/script>\n<!-- \/ Yoast SEO plugin. -->","yoast_head_json":{"title":"El Puerto de Algeciras acoge la jornada Misi\u00f3n Port Leaders para fortalecer lazos portuarios iberoamericanos y espa\u00f1oles | COMPORT","robots":{"index":"noindex","follow":"follow"},"og_locale":"es_ES","og_type":"article","og_title":"El Puerto de Algeciras acoge la jornada Misi\u00f3n Port Leaders para fortalecer lazos portuarios iberoamericanos y espa\u00f1oles | COMPORT","og_description":"Delegaciones de Am\u00e9rica Latina y Espa\u00f1a se re\u00fanen para intercambiar mejores pr\u00e1cticas y fomentar la colaboraci\u00f3n en el sector portuario El Puerto de Algeciras ha acogido hoy la jornada Misi\u00f3n Port Leaders, una iniciativa impulsada por el Maritime Policy Bureau y PR Ports con el [&hellip;]","og_url":"https:\/\/comport.es\/index.php\/noticias\/el-puerto-de-algeciras-acoge-la-jornada-mision-port-leaders-para-fortalecer-lazos-portuarios-iberoamericanos-y-espanoles\/","og_site_name":"COMPORT","article_published_time":"2024-05-24T10:18:08+00:00","article_modified_time":"2024-05-28T10:24:20+00:00","og_image":[{"width":1300,"height":722,"url":"https:\/\/comport.es\/wp-content\/uploads\/2024\/05\/lazos_comport.jpg","type":"image\/jpeg"}],"author":"admincomport","twitter_card":"summary_large_image","twitter_misc":{"Escrito por":"admincomport","Tiempo de lectura":"2 minutos"},"schema":{"@context":"https:\/\/schema.org","@graph":[{"@type":"Article","@id":"https:\/\/comport.es\/index.php\/noticias\/el-puerto-de-algeciras-acoge-la-jornada-mision-port-leaders-para-fortalecer-lazos-portuarios-iberoamericanos-y-espanoles\/#article","isPartOf":{"@id":"https:\/\/comport.es\/index.php\/noticias\/el-puerto-de-algeciras-acoge-la-jornada-mision-port-leaders-para-fortalecer-lazos-portuarios-iberoamericanos-y-espanoles\/"},"author":{"name":"admincomport","@id":"https:\/\/comport.es\/#\/schema\/person\/9277649f8e04dd48c3d73bbaf2c7bebc"},"headline":"El Puerto de Algeciras acoge la jornada Misi\u00f3n Port Leaders para fortalecer lazos portuarios iberoamericanos y espa\u00f1oles","datePublished":"2024-05-24T10:18:08+00:00","dateModified":"2024-05-28T10:24:20+00:00","mainEntityOfPage":{"@id":"https:\/\/comport.es\/index.php\/noticias\/el-puerto-de-algeciras-acoge-la-jornada-mision-port-leaders-para-fortalecer-lazos-portuarios-iberoamericanos-y-espanoles\/"},"wordCount":418,"publisher":{"@id":"https:\/\/comport.es\/#organization"},"image":{"@id":"https:\/\/comport.es\/index.php\/noticias\/el-puerto-de-algeciras-acoge-la-jornada-mision-port-leaders-para-fortalecer-lazos-portuarios-iberoamericanos-y-espanoles\/#primaryimage"},"thumbnailUrl":"https:\/\/comport.es\/wp-content\/uploads\/2024\/05\/lazos_comport.jpg","articleSection":["Noticias"],"inLanguage":"es"},{"@type":"WebPage","@id":"https:\/\/comport.es\/index.php\/noticias\/el-puerto-de-algeciras-acoge-la-jornada-mision-port-leaders-para-fortalecer-lazos-portuarios-iberoamericanos-y-espanoles\/","url":"https:\/\/comport.es\/index.php\/noticias\/el-puerto-de-algeciras-acoge-la-jornada-mision-port-leaders-para-fortalecer-lazos-portuarios-iberoamericanos-y-espanoles\/","name":"El Puerto de Algeciras acoge la jornada Misi\u00f3n Port Leaders para fortalecer lazos portuarios iberoamericanos y espa\u00f1oles | COMPORT","isPartOf":{"@id":"https:\/\/comport.es\/#website"},"primaryImageOfPage":{"@id":"https:\/\/comport.es\/index.php\/noticias\/el-puerto-de-algeciras-acoge-la-jornada-mision-port-leaders-para-fortalecer-lazos-portuarios-iberoamericanos-y-espanoles\/#primaryimage"},"image":{"@id":"https:\/\/comport.es\/index.php\/noticias\/el-puerto-de-algeciras-acoge-la-jornada-mision-port-leaders-para-fortalecer-lazos-portuarios-iberoamericanos-y-espanoles\/#primaryimage"},"thumbnailUrl":"https:\/\/comport.es\/wp-content\/uploads\/2024\/05\/lazos_comport.jpg","datePublished":"2024-05-24T10:18:08+00:00","dateModified":"2024-05-28T10:24:20+00:00","breadcrumb":{"@id":"https:\/\/comport.es\/index.php\/noticias\/el-puerto-de-algeciras-acoge-la-jornada-mision-port-leaders-para-fortalecer-lazos-portuarios-iberoamericanos-y-espanoles\/#breadcrumb"},"inLanguage":"es","potentialAction":[{"@type":"ReadAction","target":["https:\/\/comport.es\/index.php\/noticias\/el-puerto-de-algeciras-acoge-la-jornada-mision-port-leaders-para-fortalecer-lazos-portuarios-iberoamericanos-y-espanoles\/"]}]},{"@type":"ImageObject","inLanguage":"es","@id":"https:\/\/comport.es\/index.php\/noticias\/el-puerto-de-algeciras-acoge-la-jornada-mision-port-leaders-para-fortalecer-lazos-portuarios-iberoamericanos-y-espanoles\/#primaryimage","url":"https:\/\/comport.es\/wp-content\/uploads\/2024\/05\/lazos_comport.jpg","contentUrl":"https:\/\/comport.es\/wp-content\/uploads\/2024\/05\/lazos_comport.jpg","width":1300,"height":722},{"@type":"BreadcrumbList","@id":"https:\/\/comport.es\/index.php\/noticias\/el-puerto-de-algeciras-acoge-la-jornada-mision-port-leaders-para-fortalecer-lazos-portuarios-iberoamericanos-y-espanoles\/#breadcrumb","itemListElement":[{"@type":"ListItem","position":1,"name":"Portada","item":"https:\/\/comport.es\/"},{"@type":"ListItem","position":2,"name":"El Puerto de Algeciras acoge la jornada Misi\u00f3n Port Leaders para fortalecer lazos portuarios iberoamericanos y espa\u00f1oles"}]},{"@type":"WebSite","@id":"https:\/\/comport.es\/#website","url":"https:\/\/comport.es\/","name":"COMPORT","description":"Port Community of Algeciras Bay","publisher":{"@id":"https:\/\/comport.es\/#organization"},"potentialAction":[{"@type":"SearchAction","target":{"@type":"EntryPoint","urlTemplate":"https:\/\/comport.es\/?s={search_term_string}"},"query-input":{"@type":"PropertyValueSpecification","valueRequired":true,"valueName":"search_term_string"}}],"inLanguage":"es"},{"@type":"Organization","@id":"https:\/\/comport.es\/#organization","name":"ALGECIRAS PORT COMMUNITY - COMPORT","url":"https:\/\/comport.es\/","logo":{"@type":"ImageObject","inLanguage":"es","@id":"https:\/\/comport.es\/#\/schema\/logo\/image\/","url":"https:\/\/comport.es\/wp-content\/uploads\/2020\/10\/logo_comport_20m.png","contentUrl":"https:\/\/comport.es\/wp-content\/uploads\/2020\/10\/logo_comport_20m.png","width":600,"height":170,"caption":"ALGECIRAS PORT COMMUNITY - COMPORT"},"image":{"@id":"https:\/\/comport.es\/#\/schema\/logo\/image\/"}},{"@type":"Person","@id":"https:\/\/comport.es\/#\/schema\/person\/9277649f8e04dd48c3d73bbaf2c7bebc","name":"admincomport"}]}},"_links":{"self":[{"href":"https:\/\/comport.es\/index.php\/wp-json\/wp\/v2\/posts\/8271","targetHints":{"allow":["GET"]}}],"collection":[{"href":"https:\/\/comport.es\/index.php\/wp-json\/wp\/v2\/posts"}],"about":[{"href":"https:\/\/comport.es\/index.php\/wp-json\/wp\/v2\/types\/post"}],"author":[{"embeddable":true,"href":"https:\/\/comport.es\/index.php\/wp-json\/wp\/v2\/users\/1"}],"replies":[{"embeddable":true,"href":"https:\/\/comport.es\/index.php\/wp-json\/wp\/v2\/comments?post=8271"}],"version-history":[{"count":1,"href":"https:\/\/comport.es\/index.php\/wp-json\/wp\/v2\/posts\/8271\/revisions"}],"predecessor-version":[{"id":8272,"href":"https:\/\/comport.es\/index.php\/wp-json\/wp\/v2\/posts\/8271\/revisions\/8272"}],"wp:featuredmedia":[{"embeddable":true,"href":"https:\/\/comport.es\/index.php\/wp-json\/wp\/v2\/media\/8264"}],"wp:attachment":[{"href":"https:\/\/comport.es\/index.php\/wp-json\/wp\/v2\/media?parent=8271"}],"wp:term":[{"taxonomy":"category","embeddable":true,"href":"https:\/\/comport.es\/index.php\/wp-json\/wp\/v2\/categories?post=8271"},{"taxonomy":"post_tag","embeddable":true,"href":"https:\/\/comport.es\/index.php\/wp-json\/wp\/v2\/tags?post=8271"}],"curies":[{"name":"wp","href":"https:\/\/api.w.org\/{rel}","templated":true}]}}