{"id":8269,"date":"2024-05-23T10:14:28","date_gmt":"2024-05-23T10:14:28","guid":{"rendered":"https:\/\/comport.es\/?p=8269"},"modified":"2024-05-28T10:17:36","modified_gmt":"2024-05-28T10:17:36","slug":"el-puerto-de-algeciras-y-su-comunidad-portuaria-muestran-sus-capacidades-en-la-gestion-de-carga-de-proyecto","status":"publish","type":"post","link":"https:\/\/comport.es\/index.php\/noticias\/el-puerto-de-algeciras-y-su-comunidad-portuaria-muestran-sus-capacidades-en-la-gestion-de-carga-de-proyecto\/","title":{"rendered":"El Puerto de Algeciras y su Comunidad Portuaria muestran sus capacidades en la gesti\u00f3n de carga de proyecto"},"content":{"rendered":"<p style=\"text-align: justify;\"><span style=\"color: #000000; font-size: 18pt;\">La delegaci\u00f3n algecire\u00f1a destaca las infraestructuras y servicios especializados en la gesti\u00f3n de carga de proyecto en la feria de Rotterdam.<\/span><\/p>\n<p style=\"text-align: justify;\"><span style=\"color: #000000;\">El Puerto de Algeciras ha participado esta semana en <strong>BreakBulk Europe 2024<\/strong>, la principal feria del sector de la carga de proyecto, celebrada en Rotterdam, Pa\u00edses Bajos. La delegaci\u00f3n, compuesta por representantes de la Autoridad Portuaria de la Bah\u00eda de Algeciras (<strong>APBA<\/strong>) y empresas de la Comunidad Portuaria de la Bah\u00eda de Algeciras (<strong>COMPORT<\/strong>), ha presentado las capacidades del puerto en la gesti\u00f3n de mercanc\u00edas sobredimensionadas.<\/span><\/p>\n<p style=\"text-align: justify;\"><span style=\"color: #000000;\">El stand propio del Puerto de Algeciras, ubicado en el <strong>espacio Ports of Spain<\/strong> de Puertos del Estado, ha servido como escenario para exponer sus potencialidades para la gesti\u00f3n de cargas de proyecto, un segmento crucial para la d\u00e1rsena de la Bah\u00eda de Algeciras, que contin\u00faa su apuesta por diversificar los tr\u00e1ficos en las \u00e1reas de Isla Verde Exterior, Campamento y Total Terminal International Algeciras (<strong>TTIA<\/strong>).<\/span><\/p>\n<p style=\"text-align: justify;\"><span style=\"color: #000000;\">La carga de proyecto incluye operaciones de carga y descarga de mercanc\u00edas sobredimensionadas, como maquinaria industrial, aerogeneradores o componentes de infraestructuras. Este tipo de mercanc\u00edas requiere una log\u00edstica especializada y unas infraestructuras adecuadas, que el Puerto de Algeciras posee, como los muelles de la Fase B de Isla Verde Exterior, dise\u00f1ados espec\u00edficamente para este tipo de operativa. Adem\u00e1s, se est\u00e1 promoviendo el uso de contenedores flat rack para facilitar el transporte de estas mercanc\u00edas.<\/span><\/p>\n<p style=\"text-align: justify;\"><span style=\"color: #000000;\">Junto a la <strong>APBA<\/strong>, han estado presentes en la feria empresas de <strong>COMPORT<\/strong> con experiencia en la gesti\u00f3n de carga de proyecto, como P\u00e9rez y C\u00eda, Global Total Solutions, Alfaship, Next Maritime, Suard\u00edaz Logistics, Total Logistic, Transbull y TTI Algeciras. La participaci\u00f3n en BreakBulk Europe ha permitido a la delegaci\u00f3n algecire\u00f1a fortalecer relaciones con actores clave del sector y promover las ventajas competitivas del puerto de Algeciras en la gesti\u00f3n de mercanc\u00edas sobredimensionadas.<\/span><\/p>\n<p style=\"text-align: justify;\">\n<p style=\"text-align: justify;\"><span style=\"color: #000000;\"><strong>FUENTE:<\/strong> EL ESTRECHO DIGITAL<\/span><\/p>\n","protected":false},"excerpt":{"rendered":"<p>La delegaci\u00f3n algecire\u00f1a destaca las infraestructuras y servicios especializados en la gesti\u00f3n de carga de proyecto en la feria de Rotterdam. El Puerto de Algeciras ha participado esta semana en BreakBulk Europe 2024, la principal feria del sector de la carga de proyecto, celebrada en [&hellip;]<\/p>\n","protected":false},"author":1,"featured_media":8263,"comment_status":"closed","ping_status":"closed","sticky":false,"template":"","format":"standard","meta":{"footnotes":""},"categories":[921],"tags":[],"class_list":["post-8269","post","type-post","status-publish","format-standard","has-post-thumbnail","hentry","category-noticias"],"yoast_head":"<!-- This site is optimized with the Yoast SEO plugin v27.4 - https:\/\/yoast.com\/product\/yoast-seo-wordpress\/ -->\n<title>El Puerto de Algeciras y su Comunidad Portuaria muestran sus capacidades en la gesti\u00f3n de carga de proyecto | COMPORT<\/title>\n<meta name=\"robots\" content=\"noindex, follow\" \/>\n<meta property=\"og:locale\" content=\"es_ES\" \/>\n<meta property=\"og:type\" content=\"article\" \/>\n<meta property=\"og:title\" content=\"El Puerto de Algeciras y su Comunidad Portuaria muestran sus capacidades en la gesti\u00f3n de carga de proyecto | COMPORT\" \/>\n<meta property=\"og:description\" content=\"La delegaci\u00f3n algecire\u00f1a destaca las infraestructuras y servicios especializados en la gesti\u00f3n de carga de proyecto en la feria de Rotterdam. El Puerto de Algeciras ha participado esta semana en BreakBulk Europe 2024, la principal feria del sector de la carga de proyecto, celebrada en [&hellip;]\" \/>\n<meta property=\"og:url\" content=\"https:\/\/comport.es\/index.php\/noticias\/el-puerto-de-algeciras-y-su-comunidad-portuaria-muestran-sus-capacidades-en-la-gestion-de-carga-de-proyecto\/\" \/>\n<meta property=\"og:site_name\" content=\"COMPORT\" \/>\n<meta property=\"article:published_time\" content=\"2024-05-23T10:14:28+00:00\" \/>\n<meta property=\"article:modified_time\" content=\"2024-05-28T10:17:36+00:00\" \/>\n<meta property=\"og:image\" content=\"https:\/\/comport.es\/wp-content\/uploads\/2024\/05\/carga_comport.jpg\" \/>\n\t<meta property=\"og:image:width\" content=\"1300\" \/>\n\t<meta property=\"og:image:height\" content=\"722\" \/>\n\t<meta property=\"og:image:type\" content=\"image\/jpeg\" \/>\n<meta name=\"author\" content=\"admincomport\" \/>\n<meta name=\"twitter:card\" content=\"summary_large_image\" \/>\n<meta name=\"twitter:label1\" content=\"Escrito por\" \/>\n\t<meta name=\"twitter:data1\" content=\"admincomport\" \/>\n\t<meta name=\"twitter:label2\" content=\"Tiempo de lectura\" \/>\n\t<meta name=\"twitter:data2\" content=\"2 minutos\" \/>\n<script type=\"application\/ld+json\" class=\"yoast-schema-graph\">{\"@context\":\"https:\\\/\\\/schema.org\",\"@graph\":[{\"@type\":\"Article\",\"@id\":\"https:\\\/\\\/comport.es\\\/index.php\\\/noticias\\\/el-puerto-de-algeciras-y-su-comunidad-portuaria-muestran-sus-capacidades-en-la-gestion-de-carga-de-proyecto\\\/#article\",\"isPartOf\":{\"@id\":\"https:\\\/\\\/comport.es\\\/index.php\\\/noticias\\\/el-puerto-de-algeciras-y-su-comunidad-portuaria-muestran-sus-capacidades-en-la-gestion-de-carga-de-proyecto\\\/\"},\"author\":{\"name\":\"admincomport\",\"@id\":\"https:\\\/\\\/comport.es\\\/#\\\/schema\\\/person\\\/9277649f8e04dd48c3d73bbaf2c7bebc\"},\"headline\":\"El Puerto de Algeciras y su Comunidad Portuaria muestran sus capacidades en la gesti\u00f3n de carga de proyecto\",\"datePublished\":\"2024-05-23T10:14:28+00:00\",\"dateModified\":\"2024-05-28T10:17:36+00:00\",\"mainEntityOfPage\":{\"@id\":\"https:\\\/\\\/comport.es\\\/index.php\\\/noticias\\\/el-puerto-de-algeciras-y-su-comunidad-portuaria-muestran-sus-capacidades-en-la-gestion-de-carga-de-proyecto\\\/\"},\"wordCount\":352,\"publisher\":{\"@id\":\"https:\\\/\\\/comport.es\\\/#organization\"},\"image\":{\"@id\":\"https:\\\/\\\/comport.es\\\/index.php\\\/noticias\\\/el-puerto-de-algeciras-y-su-comunidad-portuaria-muestran-sus-capacidades-en-la-gestion-de-carga-de-proyecto\\\/#primaryimage\"},\"thumbnailUrl\":\"https:\\\/\\\/comport.es\\\/wp-content\\\/uploads\\\/2024\\\/05\\\/carga_comport.jpg\",\"articleSection\":[\"Noticias\"],\"inLanguage\":\"es\"},{\"@type\":\"WebPage\",\"@id\":\"https:\\\/\\\/comport.es\\\/index.php\\\/noticias\\\/el-puerto-de-algeciras-y-su-comunidad-portuaria-muestran-sus-capacidades-en-la-gestion-de-carga-de-proyecto\\\/\",\"url\":\"https:\\\/\\\/comport.es\\\/index.php\\\/noticias\\\/el-puerto-de-algeciras-y-su-comunidad-portuaria-muestran-sus-capacidades-en-la-gestion-de-carga-de-proyecto\\\/\",\"name\":\"El Puerto de Algeciras y su Comunidad Portuaria muestran sus capacidades en la gesti\u00f3n de carga de proyecto | COMPORT\",\"isPartOf\":{\"@id\":\"https:\\\/\\\/comport.es\\\/#website\"},\"primaryImageOfPage\":{\"@id\":\"https:\\\/\\\/comport.es\\\/index.php\\\/noticias\\\/el-puerto-de-algeciras-y-su-comunidad-portuaria-muestran-sus-capacidades-en-la-gestion-de-carga-de-proyecto\\\/#primaryimage\"},\"image\":{\"@id\":\"https:\\\/\\\/comport.es\\\/index.php\\\/noticias\\\/el-puerto-de-algeciras-y-su-comunidad-portuaria-muestran-sus-capacidades-en-la-gestion-de-carga-de-proyecto\\\/#primaryimage\"},\"thumbnailUrl\":\"https:\\\/\\\/comport.es\\\/wp-content\\\/uploads\\\/2024\\\/05\\\/carga_comport.jpg\",\"datePublished\":\"2024-05-23T10:14:28+00:00\",\"dateModified\":\"2024-05-28T10:17:36+00:00\",\"breadcrumb\":{\"@id\":\"https:\\\/\\\/comport.es\\\/index.php\\\/noticias\\\/el-puerto-de-algeciras-y-su-comunidad-portuaria-muestran-sus-capacidades-en-la-gestion-de-carga-de-proyecto\\\/#breadcrumb\"},\"inLanguage\":\"es\",\"potentialAction\":[{\"@type\":\"ReadAction\",\"target\":[\"https:\\\/\\\/comport.es\\\/index.php\\\/noticias\\\/el-puerto-de-algeciras-y-su-comunidad-portuaria-muestran-sus-capacidades-en-la-gestion-de-carga-de-proyecto\\\/\"]}]},{\"@type\":\"ImageObject\",\"inLanguage\":\"es\",\"@id\":\"https:\\\/\\\/comport.es\\\/index.php\\\/noticias\\\/el-puerto-de-algeciras-y-su-comunidad-portuaria-muestran-sus-capacidades-en-la-gestion-de-carga-de-proyecto\\\/#primaryimage\",\"url\":\"https:\\\/\\\/comport.es\\\/wp-content\\\/uploads\\\/2024\\\/05\\\/carga_comport.jpg\",\"contentUrl\":\"https:\\\/\\\/comport.es\\\/wp-content\\\/uploads\\\/2024\\\/05\\\/carga_comport.jpg\",\"width\":1300,\"height\":722},{\"@type\":\"BreadcrumbList\",\"@id\":\"https:\\\/\\\/comport.es\\\/index.php\\\/noticias\\\/el-puerto-de-algeciras-y-su-comunidad-portuaria-muestran-sus-capacidades-en-la-gestion-de-carga-de-proyecto\\\/#breadcrumb\",\"itemListElement\":[{\"@type\":\"ListItem\",\"position\":1,\"name\":\"Portada\",\"item\":\"https:\\\/\\\/comport.es\\\/\"},{\"@type\":\"ListItem\",\"position\":2,\"name\":\"El Puerto de Algeciras y su Comunidad Portuaria muestran sus capacidades en la gesti\u00f3n de carga de proyecto\"}]},{\"@type\":\"WebSite\",\"@id\":\"https:\\\/\\\/comport.es\\\/#website\",\"url\":\"https:\\\/\\\/comport.es\\\/\",\"name\":\"COMPORT\",\"description\":\"Port Community of Algeciras Bay\",\"publisher\":{\"@id\":\"https:\\\/\\\/comport.es\\\/#organization\"},\"potentialAction\":[{\"@type\":\"SearchAction\",\"target\":{\"@type\":\"EntryPoint\",\"urlTemplate\":\"https:\\\/\\\/comport.es\\\/?s={search_term_string}\"},\"query-input\":{\"@type\":\"PropertyValueSpecification\",\"valueRequired\":true,\"valueName\":\"search_term_string\"}}],\"inLanguage\":\"es\"},{\"@type\":\"Organization\",\"@id\":\"https:\\\/\\\/comport.es\\\/#organization\",\"name\":\"ALGECIRAS PORT COMMUNITY - COMPORT\",\"url\":\"https:\\\/\\\/comport.es\\\/\",\"logo\":{\"@type\":\"ImageObject\",\"inLanguage\":\"es\",\"@id\":\"https:\\\/\\\/comport.es\\\/#\\\/schema\\\/logo\\\/image\\\/\",\"url\":\"https:\\\/\\\/comport.es\\\/wp-content\\\/uploads\\\/2020\\\/10\\\/logo_comport_20m.png\",\"contentUrl\":\"https:\\\/\\\/comport.es\\\/wp-content\\\/uploads\\\/2020\\\/10\\\/logo_comport_20m.png\",\"width\":600,\"height\":170,\"caption\":\"ALGECIRAS PORT COMMUNITY - COMPORT\"},\"image\":{\"@id\":\"https:\\\/\\\/comport.es\\\/#\\\/schema\\\/logo\\\/image\\\/\"}},{\"@type\":\"Person\",\"@id\":\"https:\\\/\\\/comport.es\\\/#\\\/schema\\\/person\\\/9277649f8e04dd48c3d73bbaf2c7bebc\",\"name\":\"admincomport\"}]}<\/script>\n<!-- \/ Yoast SEO plugin. -->","yoast_head_json":{"title":"El Puerto de Algeciras y su Comunidad Portuaria muestran sus capacidades en la gesti\u00f3n de carga de proyecto | COMPORT","robots":{"index":"noindex","follow":"follow"},"og_locale":"es_ES","og_type":"article","og_title":"El Puerto de Algeciras y su Comunidad Portuaria muestran sus capacidades en la gesti\u00f3n de carga de proyecto | COMPORT","og_description":"La delegaci\u00f3n algecire\u00f1a destaca las infraestructuras y servicios especializados en la gesti\u00f3n de carga de proyecto en la feria de Rotterdam. El Puerto de Algeciras ha participado esta semana en BreakBulk Europe 2024, la principal feria del sector de la carga de proyecto, celebrada en [&hellip;]","og_url":"https:\/\/comport.es\/index.php\/noticias\/el-puerto-de-algeciras-y-su-comunidad-portuaria-muestran-sus-capacidades-en-la-gestion-de-carga-de-proyecto\/","og_site_name":"COMPORT","article_published_time":"2024-05-23T10:14:28+00:00","article_modified_time":"2024-05-28T10:17:36+00:00","og_image":[{"width":1300,"height":722,"url":"https:\/\/comport.es\/wp-content\/uploads\/2024\/05\/carga_comport.jpg","type":"image\/jpeg"}],"author":"admincomport","twitter_card":"summary_large_image","twitter_misc":{"Escrito por":"admincomport","Tiempo de lectura":"2 minutos"},"schema":{"@context":"https:\/\/schema.org","@graph":[{"@type":"Article","@id":"https:\/\/comport.es\/index.php\/noticias\/el-puerto-de-algeciras-y-su-comunidad-portuaria-muestran-sus-capacidades-en-la-gestion-de-carga-de-proyecto\/#article","isPartOf":{"@id":"https:\/\/comport.es\/index.php\/noticias\/el-puerto-de-algeciras-y-su-comunidad-portuaria-muestran-sus-capacidades-en-la-gestion-de-carga-de-proyecto\/"},"author":{"name":"admincomport","@id":"https:\/\/comport.es\/#\/schema\/person\/9277649f8e04dd48c3d73bbaf2c7bebc"},"headline":"El Puerto de Algeciras y su Comunidad Portuaria muestran sus capacidades en la gesti\u00f3n de carga de proyecto","datePublished":"2024-05-23T10:14:28+00:00","dateModified":"2024-05-28T10:17:36+00:00","mainEntityOfPage":{"@id":"https:\/\/comport.es\/index.php\/noticias\/el-puerto-de-algeciras-y-su-comunidad-portuaria-muestran-sus-capacidades-en-la-gestion-de-carga-de-proyecto\/"},"wordCount":352,"publisher":{"@id":"https:\/\/comport.es\/#organization"},"image":{"@id":"https:\/\/comport.es\/index.php\/noticias\/el-puerto-de-algeciras-y-su-comunidad-portuaria-muestran-sus-capacidades-en-la-gestion-de-carga-de-proyecto\/#primaryimage"},"thumbnailUrl":"https:\/\/comport.es\/wp-content\/uploads\/2024\/05\/carga_comport.jpg","articleSection":["Noticias"],"inLanguage":"es"},{"@type":"WebPage","@id":"https:\/\/comport.es\/index.php\/noticias\/el-puerto-de-algeciras-y-su-comunidad-portuaria-muestran-sus-capacidades-en-la-gestion-de-carga-de-proyecto\/","url":"https:\/\/comport.es\/index.php\/noticias\/el-puerto-de-algeciras-y-su-comunidad-portuaria-muestran-sus-capacidades-en-la-gestion-de-carga-de-proyecto\/","name":"El Puerto de Algeciras y su Comunidad Portuaria muestran sus capacidades en la gesti\u00f3n de carga de proyecto | COMPORT","isPartOf":{"@id":"https:\/\/comport.es\/#website"},"primaryImageOfPage":{"@id":"https:\/\/comport.es\/index.php\/noticias\/el-puerto-de-algeciras-y-su-comunidad-portuaria-muestran-sus-capacidades-en-la-gestion-de-carga-de-proyecto\/#primaryimage"},"image":{"@id":"https:\/\/comport.es\/index.php\/noticias\/el-puerto-de-algeciras-y-su-comunidad-portuaria-muestran-sus-capacidades-en-la-gestion-de-carga-de-proyecto\/#primaryimage"},"thumbnailUrl":"https:\/\/comport.es\/wp-content\/uploads\/2024\/05\/carga_comport.jpg","datePublished":"2024-05-23T10:14:28+00:00","dateModified":"2024-05-28T10:17:36+00:00","breadcrumb":{"@id":"https:\/\/comport.es\/index.php\/noticias\/el-puerto-de-algeciras-y-su-comunidad-portuaria-muestran-sus-capacidades-en-la-gestion-de-carga-de-proyecto\/#breadcrumb"},"inLanguage":"es","potentialAction":[{"@type":"ReadAction","target":["https:\/\/comport.es\/index.php\/noticias\/el-puerto-de-algeciras-y-su-comunidad-portuaria-muestran-sus-capacidades-en-la-gestion-de-carga-de-proyecto\/"]}]},{"@type":"ImageObject","inLanguage":"es","@id":"https:\/\/comport.es\/index.php\/noticias\/el-puerto-de-algeciras-y-su-comunidad-portuaria-muestran-sus-capacidades-en-la-gestion-de-carga-de-proyecto\/#primaryimage","url":"https:\/\/comport.es\/wp-content\/uploads\/2024\/05\/carga_comport.jpg","contentUrl":"https:\/\/comport.es\/wp-content\/uploads\/2024\/05\/carga_comport.jpg","width":1300,"height":722},{"@type":"BreadcrumbList","@id":"https:\/\/comport.es\/index.php\/noticias\/el-puerto-de-algeciras-y-su-comunidad-portuaria-muestran-sus-capacidades-en-la-gestion-de-carga-de-proyecto\/#breadcrumb","itemListElement":[{"@type":"ListItem","position":1,"name":"Portada","item":"https:\/\/comport.es\/"},{"@type":"ListItem","position":2,"name":"El Puerto de Algeciras y su Comunidad Portuaria muestran sus capacidades en la gesti\u00f3n de carga de proyecto"}]},{"@type":"WebSite","@id":"https:\/\/comport.es\/#website","url":"https:\/\/comport.es\/","name":"COMPORT","description":"Port Community of Algeciras Bay","publisher":{"@id":"https:\/\/comport.es\/#organization"},"potentialAction":[{"@type":"SearchAction","target":{"@type":"EntryPoint","urlTemplate":"https:\/\/comport.es\/?s={search_term_string}"},"query-input":{"@type":"PropertyValueSpecification","valueRequired":true,"valueName":"search_term_string"}}],"inLanguage":"es"},{"@type":"Organization","@id":"https:\/\/comport.es\/#organization","name":"ALGECIRAS PORT COMMUNITY - COMPORT","url":"https:\/\/comport.es\/","logo":{"@type":"ImageObject","inLanguage":"es","@id":"https:\/\/comport.es\/#\/schema\/logo\/image\/","url":"https:\/\/comport.es\/wp-content\/uploads\/2020\/10\/logo_comport_20m.png","contentUrl":"https:\/\/comport.es\/wp-content\/uploads\/2020\/10\/logo_comport_20m.png","width":600,"height":170,"caption":"ALGECIRAS PORT COMMUNITY - COMPORT"},"image":{"@id":"https:\/\/comport.es\/#\/schema\/logo\/image\/"}},{"@type":"Person","@id":"https:\/\/comport.es\/#\/schema\/person\/9277649f8e04dd48c3d73bbaf2c7bebc","name":"admincomport"}]}},"_links":{"self":[{"href":"https:\/\/comport.es\/index.php\/wp-json\/wp\/v2\/posts\/8269","targetHints":{"allow":["GET"]}}],"collection":[{"href":"https:\/\/comport.es\/index.php\/wp-json\/wp\/v2\/posts"}],"about":[{"href":"https:\/\/comport.es\/index.php\/wp-json\/wp\/v2\/types\/post"}],"author":[{"embeddable":true,"href":"https:\/\/comport.es\/index.php\/wp-json\/wp\/v2\/users\/1"}],"replies":[{"embeddable":true,"href":"https:\/\/comport.es\/index.php\/wp-json\/wp\/v2\/comments?post=8269"}],"version-history":[{"count":1,"href":"https:\/\/comport.es\/index.php\/wp-json\/wp\/v2\/posts\/8269\/revisions"}],"predecessor-version":[{"id":8270,"href":"https:\/\/comport.es\/index.php\/wp-json\/wp\/v2\/posts\/8269\/revisions\/8270"}],"wp:featuredmedia":[{"embeddable":true,"href":"https:\/\/comport.es\/index.php\/wp-json\/wp\/v2\/media\/8263"}],"wp:attachment":[{"href":"https:\/\/comport.es\/index.php\/wp-json\/wp\/v2\/media?parent=8269"}],"wp:term":[{"taxonomy":"category","embeddable":true,"href":"https:\/\/comport.es\/index.php\/wp-json\/wp\/v2\/categories?post=8269"},{"taxonomy":"post_tag","embeddable":true,"href":"https:\/\/comport.es\/index.php\/wp-json\/wp\/v2\/tags?post=8269"}],"curies":[{"name":"wp","href":"https:\/\/api.w.org\/{rel}","templated":true}]}}