{"id":8267,"date":"2024-05-16T10:10:15","date_gmt":"2024-05-16T10:10:15","guid":{"rendered":"https:\/\/comport.es\/?p=8267"},"modified":"2024-05-28T10:13:03","modified_gmt":"2024-05-28T10:13:03","slug":"la-comunidad-portuaria-de-la-bahia-de-algeciras-viaja-de-mision-comercial-a-mexico","status":"publish","type":"post","link":"https:\/\/comport.es\/index.php\/noticias\/la-comunidad-portuaria-de-la-bahia-de-algeciras-viaja-de-mision-comercial-a-mexico\/","title":{"rendered":"La Comunidad Portuaria de la Bah\u00eda de Algeciras viaja de misi\u00f3n comercial a M\u00e9xico"},"content":{"rendered":"<p style=\"text-align: justify;\"><span style=\"color: #000000; font-size: 18pt;\">La iniciativa busca expandir oportunidades de importaci\u00f3n y exportaci\u00f3n, adem\u00e1s de fortalecer lazos log\u00edsticos<\/span><\/p>\n<p style=\"text-align: justify;\"><span style=\"color: #000000;\">La Comunidad Portuaria de la Bah\u00eda de Algeciras, en su esfuerzo por fomentar la internacionalizaci\u00f3n de sus operaciones y fortalecer las relaciones comerciales internacionales, ha organizado una Misi\u00f3n Comercial Directa a M\u00e9xico. Esta misi\u00f3n, que se llevar\u00e1 a cabo del 13 al 16 de mayo, es una continuaci\u00f3n de la Misi\u00f3n Inversa realizada en noviembre pasado en Algeciras, que cont\u00f3 con la participaci\u00f3n de asociaciones y empresas del sector log\u00edstico de M\u00e9xico.<\/span><\/p>\n<p style=\"text-align: justify;\"><span style=\"color: #000000;\">En colaboraci\u00f3n con Andaluc\u00eda Trade y el apoyo de la C\u00e1mara de Comercio del Campo de Gibraltar, la misi\u00f3n est\u00e1 dirigida a empresas del sector log\u00edstico especializadas en importaci\u00f3n y exportaci\u00f3n. El programa de la misi\u00f3n, que se desarrollar\u00e1 principalmente en M\u00e9xico DF, incluir\u00e1 reuniones B2B con importadores y exportadores mexicanos, as\u00ed como un encuentro empresarial con asociaciones, instituciones y empresas log\u00edsticas del pa\u00eds. Adem\u00e1s, se ha programado una jornada de visitas a las instalaciones portuarias de Veracruz y un encuentro con empresas de su Comunidad Portuaria.<\/span><\/p>\n<p style=\"text-align: justify;\"><span style=\"color: #000000;\"><strong>FUENTE:<\/strong> EL ESTREDHO DIGITAL<\/span><\/p>\n","protected":false},"excerpt":{"rendered":"<p>La iniciativa busca expandir oportunidades de importaci\u00f3n y exportaci\u00f3n, adem\u00e1s de fortalecer lazos log\u00edsticos La Comunidad Portuaria de la Bah\u00eda de Algeciras, en su esfuerzo por fomentar la internacionalizaci\u00f3n de sus operaciones y fortalecer las relaciones comerciales internacionales, ha organizado una Misi\u00f3n Comercial Directa a [&hellip;]<\/p>\n","protected":false},"author":1,"featured_media":8262,"comment_status":"closed","ping_status":"closed","sticky":false,"template":"","format":"standard","meta":{"footnotes":""},"categories":[921],"tags":[],"class_list":["post-8267","post","type-post","status-publish","format-standard","has-post-thumbnail","hentry","category-noticias"],"yoast_head":"<!-- This site is optimized with the Yoast SEO plugin v27.4 - https:\/\/yoast.com\/product\/yoast-seo-wordpress\/ -->\n<title>La Comunidad Portuaria de la Bah\u00eda de Algeciras viaja de misi\u00f3n comercial a M\u00e9xico | COMPORT<\/title>\n<meta name=\"robots\" content=\"noindex, follow\" \/>\n<meta property=\"og:locale\" content=\"es_ES\" \/>\n<meta property=\"og:type\" content=\"article\" \/>\n<meta property=\"og:title\" content=\"La Comunidad Portuaria de la Bah\u00eda de Algeciras viaja de misi\u00f3n comercial a M\u00e9xico | COMPORT\" \/>\n<meta property=\"og:description\" content=\"La iniciativa busca expandir oportunidades de importaci\u00f3n y exportaci\u00f3n, adem\u00e1s de fortalecer lazos log\u00edsticos La Comunidad Portuaria de la Bah\u00eda de Algeciras, en su esfuerzo por fomentar la internacionalizaci\u00f3n de sus operaciones y fortalecer las relaciones comerciales internacionales, ha organizado una Misi\u00f3n Comercial Directa a [&hellip;]\" \/>\n<meta property=\"og:url\" content=\"https:\/\/comport.es\/index.php\/noticias\/la-comunidad-portuaria-de-la-bahia-de-algeciras-viaja-de-mision-comercial-a-mexico\/\" \/>\n<meta property=\"og:site_name\" content=\"COMPORT\" \/>\n<meta property=\"article:published_time\" content=\"2024-05-16T10:10:15+00:00\" \/>\n<meta property=\"article:modified_time\" content=\"2024-05-28T10:13:03+00:00\" \/>\n<meta property=\"og:image\" content=\"https:\/\/comport.es\/wp-content\/uploads\/2024\/05\/mexico_comport.jpg\" \/>\n\t<meta property=\"og:image:width\" content=\"1300\" \/>\n\t<meta property=\"og:image:height\" content=\"722\" \/>\n\t<meta property=\"og:image:type\" content=\"image\/jpeg\" \/>\n<meta name=\"author\" content=\"admincomport\" \/>\n<meta name=\"twitter:card\" content=\"summary_large_image\" \/>\n<meta name=\"twitter:label1\" content=\"Escrito por\" \/>\n\t<meta name=\"twitter:data1\" content=\"admincomport\" \/>\n\t<meta name=\"twitter:label2\" content=\"Tiempo de lectura\" \/>\n\t<meta name=\"twitter:data2\" content=\"1 minuto\" \/>\n<script type=\"application\/ld+json\" class=\"yoast-schema-graph\">{\"@context\":\"https:\\\/\\\/schema.org\",\"@graph\":[{\"@type\":\"Article\",\"@id\":\"https:\\\/\\\/comport.es\\\/index.php\\\/noticias\\\/la-comunidad-portuaria-de-la-bahia-de-algeciras-viaja-de-mision-comercial-a-mexico\\\/#article\",\"isPartOf\":{\"@id\":\"https:\\\/\\\/comport.es\\\/index.php\\\/noticias\\\/la-comunidad-portuaria-de-la-bahia-de-algeciras-viaja-de-mision-comercial-a-mexico\\\/\"},\"author\":{\"name\":\"admincomport\",\"@id\":\"https:\\\/\\\/comport.es\\\/#\\\/schema\\\/person\\\/9277649f8e04dd48c3d73bbaf2c7bebc\"},\"headline\":\"La Comunidad Portuaria de la Bah\u00eda de Algeciras viaja de misi\u00f3n comercial a M\u00e9xico\",\"datePublished\":\"2024-05-16T10:10:15+00:00\",\"dateModified\":\"2024-05-28T10:13:03+00:00\",\"mainEntityOfPage\":{\"@id\":\"https:\\\/\\\/comport.es\\\/index.php\\\/noticias\\\/la-comunidad-portuaria-de-la-bahia-de-algeciras-viaja-de-mision-comercial-a-mexico\\\/\"},\"wordCount\":219,\"publisher\":{\"@id\":\"https:\\\/\\\/comport.es\\\/#organization\"},\"image\":{\"@id\":\"https:\\\/\\\/comport.es\\\/index.php\\\/noticias\\\/la-comunidad-portuaria-de-la-bahia-de-algeciras-viaja-de-mision-comercial-a-mexico\\\/#primaryimage\"},\"thumbnailUrl\":\"https:\\\/\\\/comport.es\\\/wp-content\\\/uploads\\\/2024\\\/05\\\/mexico_comport.jpg\",\"articleSection\":[\"Noticias\"],\"inLanguage\":\"es\"},{\"@type\":\"WebPage\",\"@id\":\"https:\\\/\\\/comport.es\\\/index.php\\\/noticias\\\/la-comunidad-portuaria-de-la-bahia-de-algeciras-viaja-de-mision-comercial-a-mexico\\\/\",\"url\":\"https:\\\/\\\/comport.es\\\/index.php\\\/noticias\\\/la-comunidad-portuaria-de-la-bahia-de-algeciras-viaja-de-mision-comercial-a-mexico\\\/\",\"name\":\"La Comunidad Portuaria de la Bah\u00eda de Algeciras viaja de misi\u00f3n comercial a M\u00e9xico | COMPORT\",\"isPartOf\":{\"@id\":\"https:\\\/\\\/comport.es\\\/#website\"},\"primaryImageOfPage\":{\"@id\":\"https:\\\/\\\/comport.es\\\/index.php\\\/noticias\\\/la-comunidad-portuaria-de-la-bahia-de-algeciras-viaja-de-mision-comercial-a-mexico\\\/#primaryimage\"},\"image\":{\"@id\":\"https:\\\/\\\/comport.es\\\/index.php\\\/noticias\\\/la-comunidad-portuaria-de-la-bahia-de-algeciras-viaja-de-mision-comercial-a-mexico\\\/#primaryimage\"},\"thumbnailUrl\":\"https:\\\/\\\/comport.es\\\/wp-content\\\/uploads\\\/2024\\\/05\\\/mexico_comport.jpg\",\"datePublished\":\"2024-05-16T10:10:15+00:00\",\"dateModified\":\"2024-05-28T10:13:03+00:00\",\"breadcrumb\":{\"@id\":\"https:\\\/\\\/comport.es\\\/index.php\\\/noticias\\\/la-comunidad-portuaria-de-la-bahia-de-algeciras-viaja-de-mision-comercial-a-mexico\\\/#breadcrumb\"},\"inLanguage\":\"es\",\"potentialAction\":[{\"@type\":\"ReadAction\",\"target\":[\"https:\\\/\\\/comport.es\\\/index.php\\\/noticias\\\/la-comunidad-portuaria-de-la-bahia-de-algeciras-viaja-de-mision-comercial-a-mexico\\\/\"]}]},{\"@type\":\"ImageObject\",\"inLanguage\":\"es\",\"@id\":\"https:\\\/\\\/comport.es\\\/index.php\\\/noticias\\\/la-comunidad-portuaria-de-la-bahia-de-algeciras-viaja-de-mision-comercial-a-mexico\\\/#primaryimage\",\"url\":\"https:\\\/\\\/comport.es\\\/wp-content\\\/uploads\\\/2024\\\/05\\\/mexico_comport.jpg\",\"contentUrl\":\"https:\\\/\\\/comport.es\\\/wp-content\\\/uploads\\\/2024\\\/05\\\/mexico_comport.jpg\",\"width\":1300,\"height\":722},{\"@type\":\"BreadcrumbList\",\"@id\":\"https:\\\/\\\/comport.es\\\/index.php\\\/noticias\\\/la-comunidad-portuaria-de-la-bahia-de-algeciras-viaja-de-mision-comercial-a-mexico\\\/#breadcrumb\",\"itemListElement\":[{\"@type\":\"ListItem\",\"position\":1,\"name\":\"Portada\",\"item\":\"https:\\\/\\\/comport.es\\\/\"},{\"@type\":\"ListItem\",\"position\":2,\"name\":\"La Comunidad Portuaria de la Bah\u00eda de Algeciras viaja de misi\u00f3n comercial a M\u00e9xico\"}]},{\"@type\":\"WebSite\",\"@id\":\"https:\\\/\\\/comport.es\\\/#website\",\"url\":\"https:\\\/\\\/comport.es\\\/\",\"name\":\"COMPORT\",\"description\":\"Port Community of Algeciras Bay\",\"publisher\":{\"@id\":\"https:\\\/\\\/comport.es\\\/#organization\"},\"potentialAction\":[{\"@type\":\"SearchAction\",\"target\":{\"@type\":\"EntryPoint\",\"urlTemplate\":\"https:\\\/\\\/comport.es\\\/?s={search_term_string}\"},\"query-input\":{\"@type\":\"PropertyValueSpecification\",\"valueRequired\":true,\"valueName\":\"search_term_string\"}}],\"inLanguage\":\"es\"},{\"@type\":\"Organization\",\"@id\":\"https:\\\/\\\/comport.es\\\/#organization\",\"name\":\"ALGECIRAS PORT COMMUNITY - COMPORT\",\"url\":\"https:\\\/\\\/comport.es\\\/\",\"logo\":{\"@type\":\"ImageObject\",\"inLanguage\":\"es\",\"@id\":\"https:\\\/\\\/comport.es\\\/#\\\/schema\\\/logo\\\/image\\\/\",\"url\":\"https:\\\/\\\/comport.es\\\/wp-content\\\/uploads\\\/2020\\\/10\\\/logo_comport_20m.png\",\"contentUrl\":\"https:\\\/\\\/comport.es\\\/wp-content\\\/uploads\\\/2020\\\/10\\\/logo_comport_20m.png\",\"width\":600,\"height\":170,\"caption\":\"ALGECIRAS PORT COMMUNITY - COMPORT\"},\"image\":{\"@id\":\"https:\\\/\\\/comport.es\\\/#\\\/schema\\\/logo\\\/image\\\/\"}},{\"@type\":\"Person\",\"@id\":\"https:\\\/\\\/comport.es\\\/#\\\/schema\\\/person\\\/9277649f8e04dd48c3d73bbaf2c7bebc\",\"name\":\"admincomport\"}]}<\/script>\n<!-- \/ Yoast SEO plugin. -->","yoast_head_json":{"title":"La Comunidad Portuaria de la Bah\u00eda de Algeciras viaja de misi\u00f3n comercial a M\u00e9xico | COMPORT","robots":{"index":"noindex","follow":"follow"},"og_locale":"es_ES","og_type":"article","og_title":"La Comunidad Portuaria de la Bah\u00eda de Algeciras viaja de misi\u00f3n comercial a M\u00e9xico | COMPORT","og_description":"La iniciativa busca expandir oportunidades de importaci\u00f3n y exportaci\u00f3n, adem\u00e1s de fortalecer lazos log\u00edsticos La Comunidad Portuaria de la Bah\u00eda de Algeciras, en su esfuerzo por fomentar la internacionalizaci\u00f3n de sus operaciones y fortalecer las relaciones comerciales internacionales, ha organizado una Misi\u00f3n Comercial Directa a [&hellip;]","og_url":"https:\/\/comport.es\/index.php\/noticias\/la-comunidad-portuaria-de-la-bahia-de-algeciras-viaja-de-mision-comercial-a-mexico\/","og_site_name":"COMPORT","article_published_time":"2024-05-16T10:10:15+00:00","article_modified_time":"2024-05-28T10:13:03+00:00","og_image":[{"width":1300,"height":722,"url":"https:\/\/comport.es\/wp-content\/uploads\/2024\/05\/mexico_comport.jpg","type":"image\/jpeg"}],"author":"admincomport","twitter_card":"summary_large_image","twitter_misc":{"Escrito por":"admincomport","Tiempo de lectura":"1 minuto"},"schema":{"@context":"https:\/\/schema.org","@graph":[{"@type":"Article","@id":"https:\/\/comport.es\/index.php\/noticias\/la-comunidad-portuaria-de-la-bahia-de-algeciras-viaja-de-mision-comercial-a-mexico\/#article","isPartOf":{"@id":"https:\/\/comport.es\/index.php\/noticias\/la-comunidad-portuaria-de-la-bahia-de-algeciras-viaja-de-mision-comercial-a-mexico\/"},"author":{"name":"admincomport","@id":"https:\/\/comport.es\/#\/schema\/person\/9277649f8e04dd48c3d73bbaf2c7bebc"},"headline":"La Comunidad Portuaria de la Bah\u00eda de Algeciras viaja de misi\u00f3n comercial a M\u00e9xico","datePublished":"2024-05-16T10:10:15+00:00","dateModified":"2024-05-28T10:13:03+00:00","mainEntityOfPage":{"@id":"https:\/\/comport.es\/index.php\/noticias\/la-comunidad-portuaria-de-la-bahia-de-algeciras-viaja-de-mision-comercial-a-mexico\/"},"wordCount":219,"publisher":{"@id":"https:\/\/comport.es\/#organization"},"image":{"@id":"https:\/\/comport.es\/index.php\/noticias\/la-comunidad-portuaria-de-la-bahia-de-algeciras-viaja-de-mision-comercial-a-mexico\/#primaryimage"},"thumbnailUrl":"https:\/\/comport.es\/wp-content\/uploads\/2024\/05\/mexico_comport.jpg","articleSection":["Noticias"],"inLanguage":"es"},{"@type":"WebPage","@id":"https:\/\/comport.es\/index.php\/noticias\/la-comunidad-portuaria-de-la-bahia-de-algeciras-viaja-de-mision-comercial-a-mexico\/","url":"https:\/\/comport.es\/index.php\/noticias\/la-comunidad-portuaria-de-la-bahia-de-algeciras-viaja-de-mision-comercial-a-mexico\/","name":"La Comunidad Portuaria de la Bah\u00eda de Algeciras viaja de misi\u00f3n comercial a M\u00e9xico | COMPORT","isPartOf":{"@id":"https:\/\/comport.es\/#website"},"primaryImageOfPage":{"@id":"https:\/\/comport.es\/index.php\/noticias\/la-comunidad-portuaria-de-la-bahia-de-algeciras-viaja-de-mision-comercial-a-mexico\/#primaryimage"},"image":{"@id":"https:\/\/comport.es\/index.php\/noticias\/la-comunidad-portuaria-de-la-bahia-de-algeciras-viaja-de-mision-comercial-a-mexico\/#primaryimage"},"thumbnailUrl":"https:\/\/comport.es\/wp-content\/uploads\/2024\/05\/mexico_comport.jpg","datePublished":"2024-05-16T10:10:15+00:00","dateModified":"2024-05-28T10:13:03+00:00","breadcrumb":{"@id":"https:\/\/comport.es\/index.php\/noticias\/la-comunidad-portuaria-de-la-bahia-de-algeciras-viaja-de-mision-comercial-a-mexico\/#breadcrumb"},"inLanguage":"es","potentialAction":[{"@type":"ReadAction","target":["https:\/\/comport.es\/index.php\/noticias\/la-comunidad-portuaria-de-la-bahia-de-algeciras-viaja-de-mision-comercial-a-mexico\/"]}]},{"@type":"ImageObject","inLanguage":"es","@id":"https:\/\/comport.es\/index.php\/noticias\/la-comunidad-portuaria-de-la-bahia-de-algeciras-viaja-de-mision-comercial-a-mexico\/#primaryimage","url":"https:\/\/comport.es\/wp-content\/uploads\/2024\/05\/mexico_comport.jpg","contentUrl":"https:\/\/comport.es\/wp-content\/uploads\/2024\/05\/mexico_comport.jpg","width":1300,"height":722},{"@type":"BreadcrumbList","@id":"https:\/\/comport.es\/index.php\/noticias\/la-comunidad-portuaria-de-la-bahia-de-algeciras-viaja-de-mision-comercial-a-mexico\/#breadcrumb","itemListElement":[{"@type":"ListItem","position":1,"name":"Portada","item":"https:\/\/comport.es\/"},{"@type":"ListItem","position":2,"name":"La Comunidad Portuaria de la Bah\u00eda de Algeciras viaja de misi\u00f3n comercial a M\u00e9xico"}]},{"@type":"WebSite","@id":"https:\/\/comport.es\/#website","url":"https:\/\/comport.es\/","name":"COMPORT","description":"Port Community of Algeciras Bay","publisher":{"@id":"https:\/\/comport.es\/#organization"},"potentialAction":[{"@type":"SearchAction","target":{"@type":"EntryPoint","urlTemplate":"https:\/\/comport.es\/?s={search_term_string}"},"query-input":{"@type":"PropertyValueSpecification","valueRequired":true,"valueName":"search_term_string"}}],"inLanguage":"es"},{"@type":"Organization","@id":"https:\/\/comport.es\/#organization","name":"ALGECIRAS PORT COMMUNITY - COMPORT","url":"https:\/\/comport.es\/","logo":{"@type":"ImageObject","inLanguage":"es","@id":"https:\/\/comport.es\/#\/schema\/logo\/image\/","url":"https:\/\/comport.es\/wp-content\/uploads\/2020\/10\/logo_comport_20m.png","contentUrl":"https:\/\/comport.es\/wp-content\/uploads\/2020\/10\/logo_comport_20m.png","width":600,"height":170,"caption":"ALGECIRAS PORT COMMUNITY - COMPORT"},"image":{"@id":"https:\/\/comport.es\/#\/schema\/logo\/image\/"}},{"@type":"Person","@id":"https:\/\/comport.es\/#\/schema\/person\/9277649f8e04dd48c3d73bbaf2c7bebc","name":"admincomport"}]}},"_links":{"self":[{"href":"https:\/\/comport.es\/index.php\/wp-json\/wp\/v2\/posts\/8267","targetHints":{"allow":["GET"]}}],"collection":[{"href":"https:\/\/comport.es\/index.php\/wp-json\/wp\/v2\/posts"}],"about":[{"href":"https:\/\/comport.es\/index.php\/wp-json\/wp\/v2\/types\/post"}],"author":[{"embeddable":true,"href":"https:\/\/comport.es\/index.php\/wp-json\/wp\/v2\/users\/1"}],"replies":[{"embeddable":true,"href":"https:\/\/comport.es\/index.php\/wp-json\/wp\/v2\/comments?post=8267"}],"version-history":[{"count":1,"href":"https:\/\/comport.es\/index.php\/wp-json\/wp\/v2\/posts\/8267\/revisions"}],"predecessor-version":[{"id":8268,"href":"https:\/\/comport.es\/index.php\/wp-json\/wp\/v2\/posts\/8267\/revisions\/8268"}],"wp:featuredmedia":[{"embeddable":true,"href":"https:\/\/comport.es\/index.php\/wp-json\/wp\/v2\/media\/8262"}],"wp:attachment":[{"href":"https:\/\/comport.es\/index.php\/wp-json\/wp\/v2\/media?parent=8267"}],"wp:term":[{"taxonomy":"category","embeddable":true,"href":"https:\/\/comport.es\/index.php\/wp-json\/wp\/v2\/categories?post=8267"},{"taxonomy":"post_tag","embeddable":true,"href":"https:\/\/comport.es\/index.php\/wp-json\/wp\/v2\/tags?post=8267"}],"curies":[{"name":"wp","href":"https:\/\/api.w.org\/{rel}","templated":true}]}}