{"id":8126,"date":"2023-12-15T13:33:09","date_gmt":"2023-12-15T13:33:09","guid":{"rendered":"https:\/\/comport.es\/?p=8126"},"modified":"2023-12-29T13:38:04","modified_gmt":"2023-12-29T13:38:04","slug":"comport-presenta-ante-sus-asociados-el-calendario-de-actividades-de-2024","status":"publish","type":"post","link":"https:\/\/comport.es\/index.php\/noticias\/comport-presenta-ante-sus-asociados-el-calendario-de-actividades-de-2024\/","title":{"rendered":"COMPORT presenta ante sus asociados el calendario de actividades de 2024"},"content":{"rendered":"<p><strong><span style=\"color: #000000; font-size: 18pt;\">La Comunidad Portuaria de la Bah\u00eda de Algeciras rindi\u00f3 homenaje a Jozef Herrijgers<\/span><\/strong><\/p>\n<p style=\"text-align: justify;\"><span style=\"color: #000000;\">La Asociaci\u00f3n Comunidad Portuaria de la Bah\u00eda de Algeciras (<strong>COMPORT<\/strong>), de la que forma parte El Estrecho Digital, celebr\u00f3 su reuni\u00f3n anual en las instalaciones de la C\u00e1mara de Comercio del Campo de Gibraltar, en un evento que no solo marc\u00f3 el cierre del a\u00f1o sino que tambi\u00e9n rindi\u00f3 homenaje a <strong>Jozef Herrijgers<\/strong>, recibiendo el galard\u00f3n de COMPORT en reconocimiento a su destacada contribuci\u00f3n al Puerto Bah\u00eda de Algeciras y su Comunidad Portuaria.<\/span><\/p>\n<p style=\"text-align: justify;\"><span style=\"color: #000000;\">La carrera de <strong>Jozef Herrijgers<\/strong> en el mundo del transporte y la log\u00edstica comenz\u00f3 en 1978 en B\u00e9lgica cuando se uni\u00f3 a Sea Land Inc. como director de operaciones terrestres. Su historia se entrelaza con el Puerto de Algeciras a partir de 1989, cuando asumi\u00f3 el cargo de director de transporte terrestre en la entonces terminal Sea Land. Durante una d\u00e9cada, desempe\u00f1\u00f3 un papel fundamental en esta posici\u00f3n. Posteriormente, se convirti\u00f3 en director de Breda Transport Maroc y, en 2002, se uni\u00f3 a Mertramar Algeciras, una agencia de transporte internacional y aduanas, donde ocup\u00f3 el puesto de director gerente hasta su jubilaci\u00f3n reciente.<\/span><\/p>\n<p style=\"text-align: justify;\"><span style=\"color: #000000;\">Jos\u00e9 Manuel Tejedor, presidente de <strong>COMPORT<\/strong>, destac\u00f3 no solo la experiencia t\u00e9cnica de <strong>Herrijgers<\/strong> en el sector aduanero, de transporte y log\u00edstica del puerto, sino tambi\u00e9n su importante contribuci\u00f3n a la promoci\u00f3n comercial del Puerto de Algeciras. <strong>Herrijgers<\/strong> ha sido miembro de la junta directiva de <strong>COMPORT<\/strong> desde 2006 y ha desempe\u00f1ado un papel fundamental en la gesti\u00f3n de presentaciones comerciales del Puerto Bah\u00eda de Algeciras en lugares tan distantes como R\u00f3terdam o Hamburgo.<\/span><\/p>\n<p style=\"text-align: justify;\"><span style=\"color: #000000;\">La reuni\u00f3n tambi\u00e9n cont\u00f3 con la presencia del presidente de la Autoridad Portuaria, Gerardo Landaluce, quien elogi\u00f3 a Herrijgers por su destacada labor profesional y personal en beneficio del puerto.<\/span><\/p>\n<p style=\"text-align: justify;\"><span style=\"color: #000000;\">Adem\u00e1s de honrar a <strong>Herrijgers<\/strong>, la reuni\u00f3n ofreci\u00f3 la oportunidad de realizar una retrospectiva de las actividades comerciales del a\u00f1o en curso y de presentar un ambicioso programa comercial acordado entre <strong>COMPORT<\/strong> y la Autoridad Portuaria para el pr\u00f3ximo a\u00f1o. Javier L\u00f3pez y Nicol\u00e1s Mart\u00ednez, jefes de Departamento Comercial y Departamento de Desarrollo de Negocio de la Subdirecci\u00f3n General de Desarrollo y Comercial de la <strong>APBA<\/strong> respectivamente, detallaron el calendario, que incluye la participaci\u00f3n en ferias como Fruit Logistica Berl\u00edn, Posidonia Atenas, SMM Hamburgo y Fruit Attraction Madrid. Adem\u00e1s, se explorar\u00e1n nuevas oportunidades de negocio en Asia y Sudam\u00e9rica.<\/span><\/p>\n<p style=\"text-align: justify;\"><span style=\"color: #000000;\">El evento tambi\u00e9n ofreci\u00f3 una visi\u00f3n del futuro con la intervenci\u00f3n de Oscar Pern\u00eda, ingeniero en telecomunicaciones y doctor en ingenier\u00eda industrial. Pern\u00eda, cofundador y director de tecnolog\u00eda e innovaci\u00f3n de NextPort by Moffatt &amp; Nichol, present\u00f3 soluciones tecnol\u00f3gicas e innovadoras para la toma de decisiones en puertos, ofreciendo a las empresas de la Comunidad Portuaria una perspectiva de c\u00f3mo la tecnolog\u00eda puede mejorar la eficiencia y la competitividad en el sector.<\/span><\/p>\n<p style=\"text-align: justify;\"><span style=\"color: #000000;\">El acto concluy\u00f3 de manera festiva con el tradicional c\u00f3ctel de Navidad de la Comunidad Portuaria, patrocinado por Unicaja Banco, y cont\u00f3 con la presencia de una nutrida representaci\u00f3n de empresarios del sector, quienes celebraron los logros del a\u00f1o y brindaron por un futuro prometedor para el Puerto Bah\u00eda de Algeciras y su Comunidad Portuaria.<\/span><\/p>\n<p style=\"text-align: justify;\"><span style=\"color: #000000;\"><strong>FUENTE:<\/strong> EL ESTRECHO DIGITAL<\/span><\/p>\n","protected":false},"excerpt":{"rendered":"<p>La Comunidad Portuaria de la Bah\u00eda de Algeciras rindi\u00f3 homenaje a Jozef Herrijgers La Asociaci\u00f3n Comunidad Portuaria de la Bah\u00eda de Algeciras (COMPORT), de la que forma parte El Estrecho Digital, celebr\u00f3 su reuni\u00f3n anual en las instalaciones de la C\u00e1mara de Comercio del Campo [&hellip;]<\/p>\n","protected":false},"author":1,"featured_media":8122,"comment_status":"closed","ping_status":"closed","sticky":false,"template":"","format":"standard","meta":{"footnotes":""},"categories":[921],"tags":[],"class_list":["post-8126","post","type-post","status-publish","format-standard","has-post-thumbnail","hentry","category-noticias"],"yoast_head":"<!-- This site is optimized with the Yoast SEO plugin v27.4 - https:\/\/yoast.com\/product\/yoast-seo-wordpress\/ -->\n<title>COMPORT presenta ante sus asociados el calendario de actividades de 2024 | COMPORT<\/title>\n<meta name=\"robots\" content=\"noindex, follow\" \/>\n<meta property=\"og:locale\" content=\"es_ES\" \/>\n<meta property=\"og:type\" content=\"article\" \/>\n<meta property=\"og:title\" content=\"COMPORT presenta ante sus asociados el calendario de actividades de 2024 | COMPORT\" \/>\n<meta property=\"og:description\" content=\"La Comunidad Portuaria de la Bah\u00eda de Algeciras rindi\u00f3 homenaje a Jozef Herrijgers La Asociaci\u00f3n Comunidad Portuaria de la Bah\u00eda de Algeciras (COMPORT), de la que forma parte El Estrecho Digital, celebr\u00f3 su reuni\u00f3n anual en las instalaciones de la C\u00e1mara de Comercio del Campo [&hellip;]\" \/>\n<meta property=\"og:url\" content=\"https:\/\/comport.es\/index.php\/noticias\/comport-presenta-ante-sus-asociados-el-calendario-de-actividades-de-2024\/\" \/>\n<meta property=\"og:site_name\" content=\"COMPORT\" \/>\n<meta property=\"article:published_time\" content=\"2023-12-15T13:33:09+00:00\" \/>\n<meta property=\"article:modified_time\" content=\"2023-12-29T13:38:04+00:00\" \/>\n<meta property=\"og:image\" content=\"https:\/\/comport.es\/wp-content\/uploads\/2023\/12\/COMPORT_ANUAL.jpg\" \/>\n\t<meta property=\"og:image:width\" content=\"1300\" \/>\n\t<meta property=\"og:image:height\" content=\"722\" \/>\n\t<meta property=\"og:image:type\" content=\"image\/jpeg\" \/>\n<meta name=\"author\" content=\"admincomport\" \/>\n<meta name=\"twitter:card\" content=\"summary_large_image\" \/>\n<meta name=\"twitter:label1\" content=\"Escrito por\" \/>\n\t<meta name=\"twitter:data1\" content=\"admincomport\" \/>\n\t<meta name=\"twitter:label2\" content=\"Tiempo de lectura\" \/>\n\t<meta name=\"twitter:data2\" content=\"3 minutos\" \/>\n<script type=\"application\/ld+json\" class=\"yoast-schema-graph\">{\"@context\":\"https:\\\/\\\/schema.org\",\"@graph\":[{\"@type\":\"Article\",\"@id\":\"https:\\\/\\\/comport.es\\\/index.php\\\/noticias\\\/comport-presenta-ante-sus-asociados-el-calendario-de-actividades-de-2024\\\/#article\",\"isPartOf\":{\"@id\":\"https:\\\/\\\/comport.es\\\/index.php\\\/noticias\\\/comport-presenta-ante-sus-asociados-el-calendario-de-actividades-de-2024\\\/\"},\"author\":{\"name\":\"admincomport\",\"@id\":\"https:\\\/\\\/comport.es\\\/#\\\/schema\\\/person\\\/9277649f8e04dd48c3d73bbaf2c7bebc\"},\"headline\":\"COMPORT presenta ante sus asociados el calendario de actividades de 2024\",\"datePublished\":\"2023-12-15T13:33:09+00:00\",\"dateModified\":\"2023-12-29T13:38:04+00:00\",\"mainEntityOfPage\":{\"@id\":\"https:\\\/\\\/comport.es\\\/index.php\\\/noticias\\\/comport-presenta-ante-sus-asociados-el-calendario-de-actividades-de-2024\\\/\"},\"wordCount\":584,\"publisher\":{\"@id\":\"https:\\\/\\\/comport.es\\\/#organization\"},\"image\":{\"@id\":\"https:\\\/\\\/comport.es\\\/index.php\\\/noticias\\\/comport-presenta-ante-sus-asociados-el-calendario-de-actividades-de-2024\\\/#primaryimage\"},\"thumbnailUrl\":\"https:\\\/\\\/comport.es\\\/wp-content\\\/uploads\\\/2023\\\/12\\\/COMPORT_ANUAL.jpg\",\"articleSection\":[\"Noticias\"],\"inLanguage\":\"es\"},{\"@type\":\"WebPage\",\"@id\":\"https:\\\/\\\/comport.es\\\/index.php\\\/noticias\\\/comport-presenta-ante-sus-asociados-el-calendario-de-actividades-de-2024\\\/\",\"url\":\"https:\\\/\\\/comport.es\\\/index.php\\\/noticias\\\/comport-presenta-ante-sus-asociados-el-calendario-de-actividades-de-2024\\\/\",\"name\":\"COMPORT presenta ante sus asociados el calendario de actividades de 2024 | COMPORT\",\"isPartOf\":{\"@id\":\"https:\\\/\\\/comport.es\\\/#website\"},\"primaryImageOfPage\":{\"@id\":\"https:\\\/\\\/comport.es\\\/index.php\\\/noticias\\\/comport-presenta-ante-sus-asociados-el-calendario-de-actividades-de-2024\\\/#primaryimage\"},\"image\":{\"@id\":\"https:\\\/\\\/comport.es\\\/index.php\\\/noticias\\\/comport-presenta-ante-sus-asociados-el-calendario-de-actividades-de-2024\\\/#primaryimage\"},\"thumbnailUrl\":\"https:\\\/\\\/comport.es\\\/wp-content\\\/uploads\\\/2023\\\/12\\\/COMPORT_ANUAL.jpg\",\"datePublished\":\"2023-12-15T13:33:09+00:00\",\"dateModified\":\"2023-12-29T13:38:04+00:00\",\"breadcrumb\":{\"@id\":\"https:\\\/\\\/comport.es\\\/index.php\\\/noticias\\\/comport-presenta-ante-sus-asociados-el-calendario-de-actividades-de-2024\\\/#breadcrumb\"},\"inLanguage\":\"es\",\"potentialAction\":[{\"@type\":\"ReadAction\",\"target\":[\"https:\\\/\\\/comport.es\\\/index.php\\\/noticias\\\/comport-presenta-ante-sus-asociados-el-calendario-de-actividades-de-2024\\\/\"]}]},{\"@type\":\"ImageObject\",\"inLanguage\":\"es\",\"@id\":\"https:\\\/\\\/comport.es\\\/index.php\\\/noticias\\\/comport-presenta-ante-sus-asociados-el-calendario-de-actividades-de-2024\\\/#primaryimage\",\"url\":\"https:\\\/\\\/comport.es\\\/wp-content\\\/uploads\\\/2023\\\/12\\\/COMPORT_ANUAL.jpg\",\"contentUrl\":\"https:\\\/\\\/comport.es\\\/wp-content\\\/uploads\\\/2023\\\/12\\\/COMPORT_ANUAL.jpg\",\"width\":1300,\"height\":722},{\"@type\":\"BreadcrumbList\",\"@id\":\"https:\\\/\\\/comport.es\\\/index.php\\\/noticias\\\/comport-presenta-ante-sus-asociados-el-calendario-de-actividades-de-2024\\\/#breadcrumb\",\"itemListElement\":[{\"@type\":\"ListItem\",\"position\":1,\"name\":\"Portada\",\"item\":\"https:\\\/\\\/comport.es\\\/\"},{\"@type\":\"ListItem\",\"position\":2,\"name\":\"COMPORT presenta ante sus asociados el calendario de actividades de 2024\"}]},{\"@type\":\"WebSite\",\"@id\":\"https:\\\/\\\/comport.es\\\/#website\",\"url\":\"https:\\\/\\\/comport.es\\\/\",\"name\":\"COMPORT\",\"description\":\"Port Community of Algeciras Bay\",\"publisher\":{\"@id\":\"https:\\\/\\\/comport.es\\\/#organization\"},\"potentialAction\":[{\"@type\":\"SearchAction\",\"target\":{\"@type\":\"EntryPoint\",\"urlTemplate\":\"https:\\\/\\\/comport.es\\\/?s={search_term_string}\"},\"query-input\":{\"@type\":\"PropertyValueSpecification\",\"valueRequired\":true,\"valueName\":\"search_term_string\"}}],\"inLanguage\":\"es\"},{\"@type\":\"Organization\",\"@id\":\"https:\\\/\\\/comport.es\\\/#organization\",\"name\":\"ALGECIRAS PORT COMMUNITY - COMPORT\",\"url\":\"https:\\\/\\\/comport.es\\\/\",\"logo\":{\"@type\":\"ImageObject\",\"inLanguage\":\"es\",\"@id\":\"https:\\\/\\\/comport.es\\\/#\\\/schema\\\/logo\\\/image\\\/\",\"url\":\"https:\\\/\\\/comport.es\\\/wp-content\\\/uploads\\\/2020\\\/10\\\/logo_comport_20m.png\",\"contentUrl\":\"https:\\\/\\\/comport.es\\\/wp-content\\\/uploads\\\/2020\\\/10\\\/logo_comport_20m.png\",\"width\":600,\"height\":170,\"caption\":\"ALGECIRAS PORT COMMUNITY - COMPORT\"},\"image\":{\"@id\":\"https:\\\/\\\/comport.es\\\/#\\\/schema\\\/logo\\\/image\\\/\"}},{\"@type\":\"Person\",\"@id\":\"https:\\\/\\\/comport.es\\\/#\\\/schema\\\/person\\\/9277649f8e04dd48c3d73bbaf2c7bebc\",\"name\":\"admincomport\"}]}<\/script>\n<!-- \/ Yoast SEO plugin. -->","yoast_head_json":{"title":"COMPORT presenta ante sus asociados el calendario de actividades de 2024 | COMPORT","robots":{"index":"noindex","follow":"follow"},"og_locale":"es_ES","og_type":"article","og_title":"COMPORT presenta ante sus asociados el calendario de actividades de 2024 | COMPORT","og_description":"La Comunidad Portuaria de la Bah\u00eda de Algeciras rindi\u00f3 homenaje a Jozef Herrijgers La Asociaci\u00f3n Comunidad Portuaria de la Bah\u00eda de Algeciras (COMPORT), de la que forma parte El Estrecho Digital, celebr\u00f3 su reuni\u00f3n anual en las instalaciones de la C\u00e1mara de Comercio del Campo [&hellip;]","og_url":"https:\/\/comport.es\/index.php\/noticias\/comport-presenta-ante-sus-asociados-el-calendario-de-actividades-de-2024\/","og_site_name":"COMPORT","article_published_time":"2023-12-15T13:33:09+00:00","article_modified_time":"2023-12-29T13:38:04+00:00","og_image":[{"width":1300,"height":722,"url":"https:\/\/comport.es\/wp-content\/uploads\/2023\/12\/COMPORT_ANUAL.jpg","type":"image\/jpeg"}],"author":"admincomport","twitter_card":"summary_large_image","twitter_misc":{"Escrito por":"admincomport","Tiempo de lectura":"3 minutos"},"schema":{"@context":"https:\/\/schema.org","@graph":[{"@type":"Article","@id":"https:\/\/comport.es\/index.php\/noticias\/comport-presenta-ante-sus-asociados-el-calendario-de-actividades-de-2024\/#article","isPartOf":{"@id":"https:\/\/comport.es\/index.php\/noticias\/comport-presenta-ante-sus-asociados-el-calendario-de-actividades-de-2024\/"},"author":{"name":"admincomport","@id":"https:\/\/comport.es\/#\/schema\/person\/9277649f8e04dd48c3d73bbaf2c7bebc"},"headline":"COMPORT presenta ante sus asociados el calendario de actividades de 2024","datePublished":"2023-12-15T13:33:09+00:00","dateModified":"2023-12-29T13:38:04+00:00","mainEntityOfPage":{"@id":"https:\/\/comport.es\/index.php\/noticias\/comport-presenta-ante-sus-asociados-el-calendario-de-actividades-de-2024\/"},"wordCount":584,"publisher":{"@id":"https:\/\/comport.es\/#organization"},"image":{"@id":"https:\/\/comport.es\/index.php\/noticias\/comport-presenta-ante-sus-asociados-el-calendario-de-actividades-de-2024\/#primaryimage"},"thumbnailUrl":"https:\/\/comport.es\/wp-content\/uploads\/2023\/12\/COMPORT_ANUAL.jpg","articleSection":["Noticias"],"inLanguage":"es"},{"@type":"WebPage","@id":"https:\/\/comport.es\/index.php\/noticias\/comport-presenta-ante-sus-asociados-el-calendario-de-actividades-de-2024\/","url":"https:\/\/comport.es\/index.php\/noticias\/comport-presenta-ante-sus-asociados-el-calendario-de-actividades-de-2024\/","name":"COMPORT presenta ante sus asociados el calendario de actividades de 2024 | COMPORT","isPartOf":{"@id":"https:\/\/comport.es\/#website"},"primaryImageOfPage":{"@id":"https:\/\/comport.es\/index.php\/noticias\/comport-presenta-ante-sus-asociados-el-calendario-de-actividades-de-2024\/#primaryimage"},"image":{"@id":"https:\/\/comport.es\/index.php\/noticias\/comport-presenta-ante-sus-asociados-el-calendario-de-actividades-de-2024\/#primaryimage"},"thumbnailUrl":"https:\/\/comport.es\/wp-content\/uploads\/2023\/12\/COMPORT_ANUAL.jpg","datePublished":"2023-12-15T13:33:09+00:00","dateModified":"2023-12-29T13:38:04+00:00","breadcrumb":{"@id":"https:\/\/comport.es\/index.php\/noticias\/comport-presenta-ante-sus-asociados-el-calendario-de-actividades-de-2024\/#breadcrumb"},"inLanguage":"es","potentialAction":[{"@type":"ReadAction","target":["https:\/\/comport.es\/index.php\/noticias\/comport-presenta-ante-sus-asociados-el-calendario-de-actividades-de-2024\/"]}]},{"@type":"ImageObject","inLanguage":"es","@id":"https:\/\/comport.es\/index.php\/noticias\/comport-presenta-ante-sus-asociados-el-calendario-de-actividades-de-2024\/#primaryimage","url":"https:\/\/comport.es\/wp-content\/uploads\/2023\/12\/COMPORT_ANUAL.jpg","contentUrl":"https:\/\/comport.es\/wp-content\/uploads\/2023\/12\/COMPORT_ANUAL.jpg","width":1300,"height":722},{"@type":"BreadcrumbList","@id":"https:\/\/comport.es\/index.php\/noticias\/comport-presenta-ante-sus-asociados-el-calendario-de-actividades-de-2024\/#breadcrumb","itemListElement":[{"@type":"ListItem","position":1,"name":"Portada","item":"https:\/\/comport.es\/"},{"@type":"ListItem","position":2,"name":"COMPORT presenta ante sus asociados el calendario de actividades de 2024"}]},{"@type":"WebSite","@id":"https:\/\/comport.es\/#website","url":"https:\/\/comport.es\/","name":"COMPORT","description":"Port Community of Algeciras Bay","publisher":{"@id":"https:\/\/comport.es\/#organization"},"potentialAction":[{"@type":"SearchAction","target":{"@type":"EntryPoint","urlTemplate":"https:\/\/comport.es\/?s={search_term_string}"},"query-input":{"@type":"PropertyValueSpecification","valueRequired":true,"valueName":"search_term_string"}}],"inLanguage":"es"},{"@type":"Organization","@id":"https:\/\/comport.es\/#organization","name":"ALGECIRAS PORT COMMUNITY - COMPORT","url":"https:\/\/comport.es\/","logo":{"@type":"ImageObject","inLanguage":"es","@id":"https:\/\/comport.es\/#\/schema\/logo\/image\/","url":"https:\/\/comport.es\/wp-content\/uploads\/2020\/10\/logo_comport_20m.png","contentUrl":"https:\/\/comport.es\/wp-content\/uploads\/2020\/10\/logo_comport_20m.png","width":600,"height":170,"caption":"ALGECIRAS PORT COMMUNITY - COMPORT"},"image":{"@id":"https:\/\/comport.es\/#\/schema\/logo\/image\/"}},{"@type":"Person","@id":"https:\/\/comport.es\/#\/schema\/person\/9277649f8e04dd48c3d73bbaf2c7bebc","name":"admincomport"}]}},"_links":{"self":[{"href":"https:\/\/comport.es\/index.php\/wp-json\/wp\/v2\/posts\/8126","targetHints":{"allow":["GET"]}}],"collection":[{"href":"https:\/\/comport.es\/index.php\/wp-json\/wp\/v2\/posts"}],"about":[{"href":"https:\/\/comport.es\/index.php\/wp-json\/wp\/v2\/types\/post"}],"author":[{"embeddable":true,"href":"https:\/\/comport.es\/index.php\/wp-json\/wp\/v2\/users\/1"}],"replies":[{"embeddable":true,"href":"https:\/\/comport.es\/index.php\/wp-json\/wp\/v2\/comments?post=8126"}],"version-history":[{"count":4,"href":"https:\/\/comport.es\/index.php\/wp-json\/wp\/v2\/posts\/8126\/revisions"}],"predecessor-version":[{"id":8130,"href":"https:\/\/comport.es\/index.php\/wp-json\/wp\/v2\/posts\/8126\/revisions\/8130"}],"wp:featuredmedia":[{"embeddable":true,"href":"https:\/\/comport.es\/index.php\/wp-json\/wp\/v2\/media\/8122"}],"wp:attachment":[{"href":"https:\/\/comport.es\/index.php\/wp-json\/wp\/v2\/media?parent=8126"}],"wp:term":[{"taxonomy":"category","embeddable":true,"href":"https:\/\/comport.es\/index.php\/wp-json\/wp\/v2\/categories?post=8126"},{"taxonomy":"post_tag","embeddable":true,"href":"https:\/\/comport.es\/index.php\/wp-json\/wp\/v2\/tags?post=8126"}],"curies":[{"name":"wp","href":"https:\/\/api.w.org\/{rel}","templated":true}]}}