{"id":8078,"date":"2023-10-25T12:31:06","date_gmt":"2023-10-25T12:31:06","guid":{"rendered":"https:\/\/comport.es\/?p=8078"},"modified":"2023-10-25T12:31:06","modified_gmt":"2023-10-25T12:31:06","slug":"el-estrecho-digital","status":"publish","type":"post","link":"https:\/\/comport.es\/index.php\/servicios-complementarios\/el-estrecho-digital\/","title":{"rendered":"EL ESTRECHO DIGITAL"},"content":{"rendered":"<p style=\"text-align: justify;\">Somos el medio de referencia de la informaci\u00f3n empresarial e industrial del sector mar\u00edtimo, log\u00edstico y portuario, centrados sobre todo en la informaci\u00f3n del Puerto de Algeciras, pero sin olvidar al resto de puertos de la comunidad aut\u00f3noma andaluza.<\/p>\n<p style=\"text-align: justify;\">Desde que empezamos nuestra andadura en octubre 2015, apostamos por la promoci\u00f3n efectiva y profesional bas\u00e1ndonos, sobre todo, en el VALOR DE LA NOTICIA. Nos hacemos eco de todo aquello que sea de inter\u00e9s para las empresas d\u00e1ndole la m\u00e1xima difusi\u00f3n, ya sea en forma de noticia, reportaje, entrevista profesional o encuentro digital, y esto es lo que nos mueve diariamente, hacer que el mercado conozca la potencialidad de empresas como la suya.<\/p>\n<p style=\"text-align: justify;\">Reforzamos as\u00ed nuestra estrategia de promocionar la actividad de las empresas e instituciones que nos conf\u00edan sus comunicaciones, posicionando de la mejor forma posible su marca y aprovechando el contexto informativo como valor a\u00f1adido y es que, la noticia es la mejor forma de publicidad que existe.<br \/>\nDespu\u00e9s de ocho a\u00f1os, El Estrecho Digital consolida su liderazgo en la informaci\u00f3n mar\u00edtima y portuaria en Espa\u00f1a. Ocho a\u00f1os de informaci\u00f3n diaria y directa, de noticias en positivo, ocho a\u00f1os que iniciamos un proyecto period\u00edstico peque\u00f1o, pero ambicioso y valiente, en el que apostamos por un ecosistema informativo diferencial e innovador, dentro del sector de medios de comunicaci\u00f3n especializados en informaci\u00f3n mar\u00edtima, portuaria y log\u00edstica.<\/p>\n<p style=\"text-align: justify;\">En este tiempo, hemos evolucionado y nos hemos convertido en el medio de referencia para la comunidad portuaria de Andaluc\u00eda y en uno de los diarios digitales especializados m\u00e1s le\u00eddos a nivel nacional, porque somos un medio abierto y gratuito, sin restricciones de suscripciones.<\/p>\n<p style=\"text-align: justify;\">De a conocer al mercado los servicios de su empresa a trav\u00e9s de nuestra plataforma de comunicaci\u00f3n y h\u00e1galo con las exclusivas ventajas que supone ser asociado de COMPORT gracias a nuestro convenio de colaboraci\u00f3n.<\/p>\n<h3 style=\"text-align: justify;\"><span style=\"color: #000000;\"><strong>Contacto<\/strong><\/span><\/h3>\n<p style=\"text-align: justify;\"><span style=\"color: #000000;\"><strong>DIRECCI\u00d3N: <\/strong>C\/ Alfonso XI, 10 \u00c1tico 2- 11201 ALGECIRAS.<\/span><\/p>\n<p style=\"text-align: justify;\"><span style=\"color: #000000;\"><strong>TEL: +<\/strong>34 607 267 928<br \/>\n<\/span><\/p>\n<p style=\"text-align: justify;\"><span style=\"color: #000000;\"><strong>EMAIL:\u00a0<\/strong> <u><a href=\"mailto:empresas@elestrechodigital.com\">empresas@elestrechodigital.com<\/a><\/u>\u00a0<\/span><\/p>\n<p style=\"text-align: justify;\"><span style=\"color: #000000;\"><strong>WEB:\u00a0<\/strong> <strong><u><a href=\"https:\/\/www.elestrechodigital.com\/\" target=\"_blank\" rel=\"noopener\">www.elestrechodigital.com<\/a><\/u> <\/strong><\/span><\/p>\n<hr \/>\n<p><iframe loading=\"lazy\" style=\"border: 0;\" src=\"https:\/\/www.google.com\/maps\/embed?pb=!1m18!1m12!1m3!1d493.0513269472365!2d-5.447750237397816!3d36.13206965450717!2m3!1f0!2f0!3f0!3m2!1i1024!2i768!4f13.1!3m3!1m2!1s0xd0c95a1ada8c7fb%3A0x6167740976fcb1fd!2sEl%20Estrecho%20Digital!5e0!3m2!1ses!2ses!4v1698236570266!5m2!1ses!2ses\" width=\"100%\" height=\"350\" allowfullscreen=\"allowfullscreen\"><span style=\"display: inline-block; width: 0px; overflow: hidden; line-height: 0;\" data-mce-type=\"bookmark\" class=\"mce_SELRES_start\">\ufeff<\/span><\/iframe><\/p>\n","protected":false},"excerpt":{"rendered":"<p>Somos el medio de referencia de la informaci\u00f3n empresarial e industrial del sector mar\u00edtimo, log\u00edstico y portuario, centrados sobre todo en la informaci\u00f3n del Puerto de Algeciras, pero sin olvidar al resto de puertos de la comunidad aut\u00f3noma andaluza. Desde que empezamos nuestra andadura en [&hellip;]<\/p>\n","protected":false},"author":1,"featured_media":8080,"comment_status":"closed","ping_status":"closed","sticky":false,"template":"","format":"standard","meta":{"footnotes":""},"categories":[902],"tags":[],"class_list":["post-8078","post","type-post","status-publish","format-standard","has-post-thumbnail","hentry","category-servicios-complementarios"],"yoast_head":"<!-- This site is optimized with the Yoast SEO plugin v27.4 - https:\/\/yoast.com\/product\/yoast-seo-wordpress\/ -->\n<title>EL ESTRECHO DIGITAL | COMPORT<\/title>\n<meta name=\"robots\" content=\"noindex, follow\" \/>\n<meta property=\"og:locale\" content=\"es_ES\" \/>\n<meta property=\"og:type\" content=\"article\" \/>\n<meta property=\"og:title\" content=\"EL ESTRECHO DIGITAL | COMPORT\" \/>\n<meta property=\"og:description\" content=\"Somos el medio de referencia de la informaci\u00f3n empresarial e industrial del sector mar\u00edtimo, log\u00edstico y portuario, centrados sobre todo en la informaci\u00f3n del Puerto de Algeciras, pero sin olvidar al resto de puertos de la comunidad aut\u00f3noma andaluza. Desde que empezamos nuestra andadura en [&hellip;]\" \/>\n<meta property=\"og:url\" content=\"https:\/\/comport.es\/index.php\/servicios-complementarios\/el-estrecho-digital\/\" \/>\n<meta property=\"og:site_name\" content=\"COMPORT\" \/>\n<meta property=\"article:published_time\" content=\"2023-10-25T12:31:06+00:00\" \/>\n<meta property=\"og:image\" content=\"https:\/\/comport.es\/wp-content\/uploads\/2023\/10\/ESTRECHO_DIGITAL_COMPORT.jpg\" \/>\n\t<meta property=\"og:image:width\" content=\"1300\" \/>\n\t<meta property=\"og:image:height\" content=\"722\" \/>\n\t<meta property=\"og:image:type\" content=\"image\/jpeg\" \/>\n<meta name=\"author\" content=\"admincomport\" \/>\n<meta name=\"twitter:card\" content=\"summary_large_image\" \/>\n<meta name=\"twitter:label1\" content=\"Escrito por\" \/>\n\t<meta name=\"twitter:data1\" content=\"admincomport\" \/>\n\t<meta name=\"twitter:label2\" content=\"Tiempo de lectura\" \/>\n\t<meta name=\"twitter:data2\" content=\"2 minutos\" \/>\n<script type=\"application\/ld+json\" class=\"yoast-schema-graph\">{\"@context\":\"https:\\\/\\\/schema.org\",\"@graph\":[{\"@type\":\"Article\",\"@id\":\"https:\\\/\\\/comport.es\\\/index.php\\\/servicios-complementarios\\\/el-estrecho-digital\\\/#article\",\"isPartOf\":{\"@id\":\"https:\\\/\\\/comport.es\\\/index.php\\\/servicios-complementarios\\\/el-estrecho-digital\\\/\"},\"author\":{\"name\":\"admincomport\",\"@id\":\"https:\\\/\\\/comport.es\\\/#\\\/schema\\\/person\\\/9277649f8e04dd48c3d73bbaf2c7bebc\"},\"headline\":\"EL ESTRECHO DIGITAL\",\"datePublished\":\"2023-10-25T12:31:06+00:00\",\"mainEntityOfPage\":{\"@id\":\"https:\\\/\\\/comport.es\\\/index.php\\\/servicios-complementarios\\\/el-estrecho-digital\\\/\"},\"wordCount\":358,\"publisher\":{\"@id\":\"https:\\\/\\\/comport.es\\\/#organization\"},\"image\":{\"@id\":\"https:\\\/\\\/comport.es\\\/index.php\\\/servicios-complementarios\\\/el-estrecho-digital\\\/#primaryimage\"},\"thumbnailUrl\":\"https:\\\/\\\/comport.es\\\/wp-content\\\/uploads\\\/2023\\\/10\\\/ESTRECHO_DIGITAL_COMPORT.jpg\",\"articleSection\":[\"SERVICIOS COMPLEMENTARIOS\"],\"inLanguage\":\"es\"},{\"@type\":\"WebPage\",\"@id\":\"https:\\\/\\\/comport.es\\\/index.php\\\/servicios-complementarios\\\/el-estrecho-digital\\\/\",\"url\":\"https:\\\/\\\/comport.es\\\/index.php\\\/servicios-complementarios\\\/el-estrecho-digital\\\/\",\"name\":\"EL ESTRECHO DIGITAL | COMPORT\",\"isPartOf\":{\"@id\":\"https:\\\/\\\/comport.es\\\/#website\"},\"primaryImageOfPage\":{\"@id\":\"https:\\\/\\\/comport.es\\\/index.php\\\/servicios-complementarios\\\/el-estrecho-digital\\\/#primaryimage\"},\"image\":{\"@id\":\"https:\\\/\\\/comport.es\\\/index.php\\\/servicios-complementarios\\\/el-estrecho-digital\\\/#primaryimage\"},\"thumbnailUrl\":\"https:\\\/\\\/comport.es\\\/wp-content\\\/uploads\\\/2023\\\/10\\\/ESTRECHO_DIGITAL_COMPORT.jpg\",\"datePublished\":\"2023-10-25T12:31:06+00:00\",\"breadcrumb\":{\"@id\":\"https:\\\/\\\/comport.es\\\/index.php\\\/servicios-complementarios\\\/el-estrecho-digital\\\/#breadcrumb\"},\"inLanguage\":\"es\",\"potentialAction\":[{\"@type\":\"ReadAction\",\"target\":[\"https:\\\/\\\/comport.es\\\/index.php\\\/servicios-complementarios\\\/el-estrecho-digital\\\/\"]}]},{\"@type\":\"ImageObject\",\"inLanguage\":\"es\",\"@id\":\"https:\\\/\\\/comport.es\\\/index.php\\\/servicios-complementarios\\\/el-estrecho-digital\\\/#primaryimage\",\"url\":\"https:\\\/\\\/comport.es\\\/wp-content\\\/uploads\\\/2023\\\/10\\\/ESTRECHO_DIGITAL_COMPORT.jpg\",\"contentUrl\":\"https:\\\/\\\/comport.es\\\/wp-content\\\/uploads\\\/2023\\\/10\\\/ESTRECHO_DIGITAL_COMPORT.jpg\",\"width\":1300,\"height\":722},{\"@type\":\"BreadcrumbList\",\"@id\":\"https:\\\/\\\/comport.es\\\/index.php\\\/servicios-complementarios\\\/el-estrecho-digital\\\/#breadcrumb\",\"itemListElement\":[{\"@type\":\"ListItem\",\"position\":1,\"name\":\"Portada\",\"item\":\"https:\\\/\\\/comport.es\\\/\"},{\"@type\":\"ListItem\",\"position\":2,\"name\":\"EL ESTRECHO DIGITAL\"}]},{\"@type\":\"WebSite\",\"@id\":\"https:\\\/\\\/comport.es\\\/#website\",\"url\":\"https:\\\/\\\/comport.es\\\/\",\"name\":\"COMPORT\",\"description\":\"Port Community of Algeciras Bay\",\"publisher\":{\"@id\":\"https:\\\/\\\/comport.es\\\/#organization\"},\"potentialAction\":[{\"@type\":\"SearchAction\",\"target\":{\"@type\":\"EntryPoint\",\"urlTemplate\":\"https:\\\/\\\/comport.es\\\/?s={search_term_string}\"},\"query-input\":{\"@type\":\"PropertyValueSpecification\",\"valueRequired\":true,\"valueName\":\"search_term_string\"}}],\"inLanguage\":\"es\"},{\"@type\":\"Organization\",\"@id\":\"https:\\\/\\\/comport.es\\\/#organization\",\"name\":\"ALGECIRAS PORT COMMUNITY - COMPORT\",\"url\":\"https:\\\/\\\/comport.es\\\/\",\"logo\":{\"@type\":\"ImageObject\",\"inLanguage\":\"es\",\"@id\":\"https:\\\/\\\/comport.es\\\/#\\\/schema\\\/logo\\\/image\\\/\",\"url\":\"https:\\\/\\\/comport.es\\\/wp-content\\\/uploads\\\/2020\\\/10\\\/logo_comport_20m.png\",\"contentUrl\":\"https:\\\/\\\/comport.es\\\/wp-content\\\/uploads\\\/2020\\\/10\\\/logo_comport_20m.png\",\"width\":600,\"height\":170,\"caption\":\"ALGECIRAS PORT COMMUNITY - COMPORT\"},\"image\":{\"@id\":\"https:\\\/\\\/comport.es\\\/#\\\/schema\\\/logo\\\/image\\\/\"}},{\"@type\":\"Person\",\"@id\":\"https:\\\/\\\/comport.es\\\/#\\\/schema\\\/person\\\/9277649f8e04dd48c3d73bbaf2c7bebc\",\"name\":\"admincomport\"}]}<\/script>\n<!-- \/ Yoast SEO plugin. -->","yoast_head_json":{"title":"EL ESTRECHO DIGITAL | COMPORT","robots":{"index":"noindex","follow":"follow"},"og_locale":"es_ES","og_type":"article","og_title":"EL ESTRECHO DIGITAL | COMPORT","og_description":"Somos el medio de referencia de la informaci\u00f3n empresarial e industrial del sector mar\u00edtimo, log\u00edstico y portuario, centrados sobre todo en la informaci\u00f3n del Puerto de Algeciras, pero sin olvidar al resto de puertos de la comunidad aut\u00f3noma andaluza. Desde que empezamos nuestra andadura en [&hellip;]","og_url":"https:\/\/comport.es\/index.php\/servicios-complementarios\/el-estrecho-digital\/","og_site_name":"COMPORT","article_published_time":"2023-10-25T12:31:06+00:00","og_image":[{"width":1300,"height":722,"url":"https:\/\/comport.es\/wp-content\/uploads\/2023\/10\/ESTRECHO_DIGITAL_COMPORT.jpg","type":"image\/jpeg"}],"author":"admincomport","twitter_card":"summary_large_image","twitter_misc":{"Escrito por":"admincomport","Tiempo de lectura":"2 minutos"},"schema":{"@context":"https:\/\/schema.org","@graph":[{"@type":"Article","@id":"https:\/\/comport.es\/index.php\/servicios-complementarios\/el-estrecho-digital\/#article","isPartOf":{"@id":"https:\/\/comport.es\/index.php\/servicios-complementarios\/el-estrecho-digital\/"},"author":{"name":"admincomport","@id":"https:\/\/comport.es\/#\/schema\/person\/9277649f8e04dd48c3d73bbaf2c7bebc"},"headline":"EL ESTRECHO DIGITAL","datePublished":"2023-10-25T12:31:06+00:00","mainEntityOfPage":{"@id":"https:\/\/comport.es\/index.php\/servicios-complementarios\/el-estrecho-digital\/"},"wordCount":358,"publisher":{"@id":"https:\/\/comport.es\/#organization"},"image":{"@id":"https:\/\/comport.es\/index.php\/servicios-complementarios\/el-estrecho-digital\/#primaryimage"},"thumbnailUrl":"https:\/\/comport.es\/wp-content\/uploads\/2023\/10\/ESTRECHO_DIGITAL_COMPORT.jpg","articleSection":["SERVICIOS COMPLEMENTARIOS"],"inLanguage":"es"},{"@type":"WebPage","@id":"https:\/\/comport.es\/index.php\/servicios-complementarios\/el-estrecho-digital\/","url":"https:\/\/comport.es\/index.php\/servicios-complementarios\/el-estrecho-digital\/","name":"EL ESTRECHO DIGITAL | COMPORT","isPartOf":{"@id":"https:\/\/comport.es\/#website"},"primaryImageOfPage":{"@id":"https:\/\/comport.es\/index.php\/servicios-complementarios\/el-estrecho-digital\/#primaryimage"},"image":{"@id":"https:\/\/comport.es\/index.php\/servicios-complementarios\/el-estrecho-digital\/#primaryimage"},"thumbnailUrl":"https:\/\/comport.es\/wp-content\/uploads\/2023\/10\/ESTRECHO_DIGITAL_COMPORT.jpg","datePublished":"2023-10-25T12:31:06+00:00","breadcrumb":{"@id":"https:\/\/comport.es\/index.php\/servicios-complementarios\/el-estrecho-digital\/#breadcrumb"},"inLanguage":"es","potentialAction":[{"@type":"ReadAction","target":["https:\/\/comport.es\/index.php\/servicios-complementarios\/el-estrecho-digital\/"]}]},{"@type":"ImageObject","inLanguage":"es","@id":"https:\/\/comport.es\/index.php\/servicios-complementarios\/el-estrecho-digital\/#primaryimage","url":"https:\/\/comport.es\/wp-content\/uploads\/2023\/10\/ESTRECHO_DIGITAL_COMPORT.jpg","contentUrl":"https:\/\/comport.es\/wp-content\/uploads\/2023\/10\/ESTRECHO_DIGITAL_COMPORT.jpg","width":1300,"height":722},{"@type":"BreadcrumbList","@id":"https:\/\/comport.es\/index.php\/servicios-complementarios\/el-estrecho-digital\/#breadcrumb","itemListElement":[{"@type":"ListItem","position":1,"name":"Portada","item":"https:\/\/comport.es\/"},{"@type":"ListItem","position":2,"name":"EL ESTRECHO DIGITAL"}]},{"@type":"WebSite","@id":"https:\/\/comport.es\/#website","url":"https:\/\/comport.es\/","name":"COMPORT","description":"Port Community of Algeciras Bay","publisher":{"@id":"https:\/\/comport.es\/#organization"},"potentialAction":[{"@type":"SearchAction","target":{"@type":"EntryPoint","urlTemplate":"https:\/\/comport.es\/?s={search_term_string}"},"query-input":{"@type":"PropertyValueSpecification","valueRequired":true,"valueName":"search_term_string"}}],"inLanguage":"es"},{"@type":"Organization","@id":"https:\/\/comport.es\/#organization","name":"ALGECIRAS PORT COMMUNITY - COMPORT","url":"https:\/\/comport.es\/","logo":{"@type":"ImageObject","inLanguage":"es","@id":"https:\/\/comport.es\/#\/schema\/logo\/image\/","url":"https:\/\/comport.es\/wp-content\/uploads\/2020\/10\/logo_comport_20m.png","contentUrl":"https:\/\/comport.es\/wp-content\/uploads\/2020\/10\/logo_comport_20m.png","width":600,"height":170,"caption":"ALGECIRAS PORT COMMUNITY - COMPORT"},"image":{"@id":"https:\/\/comport.es\/#\/schema\/logo\/image\/"}},{"@type":"Person","@id":"https:\/\/comport.es\/#\/schema\/person\/9277649f8e04dd48c3d73bbaf2c7bebc","name":"admincomport"}]}},"_links":{"self":[{"href":"https:\/\/comport.es\/index.php\/wp-json\/wp\/v2\/posts\/8078","targetHints":{"allow":["GET"]}}],"collection":[{"href":"https:\/\/comport.es\/index.php\/wp-json\/wp\/v2\/posts"}],"about":[{"href":"https:\/\/comport.es\/index.php\/wp-json\/wp\/v2\/types\/post"}],"author":[{"embeddable":true,"href":"https:\/\/comport.es\/index.php\/wp-json\/wp\/v2\/users\/1"}],"replies":[{"embeddable":true,"href":"https:\/\/comport.es\/index.php\/wp-json\/wp\/v2\/comments?post=8078"}],"version-history":[{"count":1,"href":"https:\/\/comport.es\/index.php\/wp-json\/wp\/v2\/posts\/8078\/revisions"}],"predecessor-version":[{"id":8081,"href":"https:\/\/comport.es\/index.php\/wp-json\/wp\/v2\/posts\/8078\/revisions\/8081"}],"wp:featuredmedia":[{"embeddable":true,"href":"https:\/\/comport.es\/index.php\/wp-json\/wp\/v2\/media\/8080"}],"wp:attachment":[{"href":"https:\/\/comport.es\/index.php\/wp-json\/wp\/v2\/media?parent=8078"}],"wp:term":[{"taxonomy":"category","embeddable":true,"href":"https:\/\/comport.es\/index.php\/wp-json\/wp\/v2\/categories?post=8078"},{"taxonomy":"post_tag","embeddable":true,"href":"https:\/\/comport.es\/index.php\/wp-json\/wp\/v2\/tags?post=8078"}],"curies":[{"name":"wp","href":"https:\/\/api.w.org\/{rel}","templated":true}]}}