{"id":8073,"date":"2023-10-23T11:58:31","date_gmt":"2023-10-23T11:58:31","guid":{"rendered":"https:\/\/comport.es\/?p=8073"},"modified":"2023-10-23T11:58:31","modified_gmt":"2023-10-23T11:58:31","slug":"comport-y-el-estrecho-digital-renuevan-su-convenio-de-colaboracion-para-visibilizar-el-trabajo-de-la-comunidad-portuaria","status":"publish","type":"post","link":"https:\/\/comport.es\/index.php\/noticias\/comport-y-el-estrecho-digital-renuevan-su-convenio-de-colaboracion-para-visibilizar-el-trabajo-de-la-comunidad-portuaria\/","title":{"rendered":"COMPORT y El Estrecho Digital renuevan su convenio de colaboraci\u00f3n para visibilizar el trabajo de la comunidad portuaria"},"content":{"rendered":"<p style=\"text-align: justify;\"><span style=\"color: #000000; font-size: 18pt;\">El Estrecho Digital se integra como empresa asociada a COMPORT, ampliando la relaci\u00f3n entre ambos entes para impulsar la visibilidad y el trabajo diario del tejido empresarial portuario.<\/span><\/p>\n<p style=\"text-align: justify;\">\n<p style=\"text-align: justify;\"><span style=\"color: #000000;\">La Comunidad Portuaria de la Bah\u00eda de Algeciras (COMPORT) y El Estrecho Digital han sellado una vez m\u00e1s su compromiso para impulsar la actividad de la comunidad portuaria de la Bah\u00eda de Algeciras. Esta renovaci\u00f3n del convenio de colaboraci\u00f3n se traduce en un mayor esfuerzo para la divulgaci\u00f3n de la labor de las empresas integradas en la comunidad portuaria del del Puerto de Algeciras.<\/span><\/p>\n<p style=\"text-align: justify;\"><span style=\"color: #000000;\">Jos\u00e9 Manuel Tejedor, presidente de COMPORT, ha destacado que esta renovaci\u00f3n es el resultado de la labor sostenida por El Estrecho Digital en el \u00e1mbito de la difusi\u00f3n. Seg\u00fan Tejedor, \u201cel peri\u00f3dico ha contribuido de manera significativa a la divulgaci\u00f3n de los servicios ofrecidos por las empresas que operan en la d\u00e1rsena de la Bah\u00eda de Algeciras\u201d. La colaboraci\u00f3n incluye la publicaci\u00f3n de noticias y reportajes especializados que destacan la importancia y el alcance de las actividades portuarias de las empresas asociadas.<\/span><\/p>\n<p style=\"text-align: justify;\">\n<span style=\"color: #000000;\">Por su parte, Eduardo Amaro, director de El Estrecho Digital, record\u00f3 que desde la fundaci\u00f3n del medio en octubre de 2015 y cumpliendo ocho a\u00f1os de andadura informativa, \u201cnuestro diario digital ha mantenido la intenci\u00f3n de ofrecer una ventana al mundo de las potencialidades del puerto de Algeciras\u201c. A\u00f1adi\u00f3 que esta renovaci\u00f3n del convenio afianza esta visi\u00f3n y proporciona un marco m\u00e1s s\u00f3lido para futuras iniciativas conjuntas.<\/span><\/p>\n<p style=\"text-align: justify;\">\n<span style=\"color: #000000;\">En virtud del renovado acuerdo, El Estrecho Digital pasar\u00e1 a ser una empresa asociada a COMPORT, lo cual eleva la relaci\u00f3n a un nuevo nivel de compromiso y colaboraci\u00f3n. Esto se traduce en una participaci\u00f3n m\u00e1s activa en las actividades y decisiones que afectan ala comunidad portuaria de la Bah\u00eda de Algeciras.<\/span><\/p>\n<p style=\"text-align: justify;\"><span style=\"color: #000000;\">El puerto de Algeciras, uno de los m\u00e1s importantes de Europa, ha experimentado un continuo crecimiento en los \u00faltimos a\u00f1os. La alianza entre COMPORT y El Estrecho Digital contribuye al desarrollo econ\u00f3mico de las empresas que trabajan en la d\u00e1rsena y a la promoci\u00f3n de una visi\u00f3n integral de las oportunidades y retos que enfrenta la comunidad portuaria.<\/span><\/p>\n<p style=\"text-align: justify;\">\n<span style=\"color: #000000;\">La Bah\u00eda de Algeciras es un n\u00facleo clave en el sistema portuario y log\u00edstico global, por loque la renovaci\u00f3n de este convenio llega en un momento crucial para consolidar suposici\u00f3n en el mercado internacional. Ambas partes han manifestado su compromiso de trabajar juntos para potenciar las oportunidades de negocio y para reforzar la imagen dela Bah\u00eda de Algeciras como un enclave estrat\u00e9gico en el \u00e1mbito portuario y mar\u00edtimo.<\/span><\/p>\n<p style=\"text-align: justify;\">\n<span style=\"color: #000000;\">Con esta renovaci\u00f3n del acuerdo, tanto COMPORT como El Estrecho Digital reafirman su compromiso de contribuir al desarrollo econ\u00f3mico de la comunidad portuaria de la Bah\u00eda de Algeciras, aprovechando la amplia plataforma de difusi\u00f3n que ofrece el peri\u00f3dico digital. Este nuevo cap\u00edtulo en la colaboraci\u00f3n entre ambas entidades se percibe como un paso positivo en la senda del desarrollo y la promoci\u00f3n del sector portuario en la Bah\u00eda de Algeciras.<\/span><\/p>\n<p style=\"text-align: justify;\">\n<p style=\"text-align: justify;\"><span style=\"color: #000000;\"><strong>FUENTE:<\/strong> EL ESTRECHO DIGITAL<\/span><\/p>\n<p>&nbsp;<\/p>\n","protected":false},"excerpt":{"rendered":"<p>El Estrecho Digital se integra como empresa asociada a COMPORT, ampliando la relaci\u00f3n entre ambos entes para impulsar la visibilidad y el trabajo diario del tejido empresarial portuario. La Comunidad Portuaria de la Bah\u00eda de Algeciras (COMPORT) y El Estrecho Digital han sellado una vez [&hellip;]<\/p>\n","protected":false},"author":1,"featured_media":8075,"comment_status":"closed","ping_status":"closed","sticky":false,"template":"","format":"standard","meta":{"footnotes":""},"categories":[921],"tags":[],"class_list":["post-8073","post","type-post","status-publish","format-standard","has-post-thumbnail","hentry","category-noticias"],"yoast_head":"<!-- This site is optimized with the Yoast SEO plugin v27.4 - https:\/\/yoast.com\/product\/yoast-seo-wordpress\/ -->\n<title>COMPORT y El Estrecho Digital renuevan su convenio de colaboraci\u00f3n para visibilizar el trabajo de la comunidad portuaria | COMPORT<\/title>\n<meta name=\"robots\" content=\"noindex, follow\" \/>\n<meta property=\"og:locale\" content=\"es_ES\" \/>\n<meta property=\"og:type\" content=\"article\" \/>\n<meta property=\"og:title\" content=\"COMPORT y El Estrecho Digital renuevan su convenio de colaboraci\u00f3n para visibilizar el trabajo de la comunidad portuaria | COMPORT\" \/>\n<meta property=\"og:description\" content=\"El Estrecho Digital se integra como empresa asociada a COMPORT, ampliando la relaci\u00f3n entre ambos entes para impulsar la visibilidad y el trabajo diario del tejido empresarial portuario. La Comunidad Portuaria de la Bah\u00eda de Algeciras (COMPORT) y El Estrecho Digital han sellado una vez [&hellip;]\" \/>\n<meta property=\"og:url\" content=\"https:\/\/comport.es\/index.php\/noticias\/comport-y-el-estrecho-digital-renuevan-su-convenio-de-colaboracion-para-visibilizar-el-trabajo-de-la-comunidad-portuaria\/\" \/>\n<meta property=\"og:site_name\" content=\"COMPORT\" \/>\n<meta property=\"article:published_time\" content=\"2023-10-23T11:58:31+00:00\" \/>\n<meta property=\"og:image\" content=\"https:\/\/comport.es\/wp-content\/uploads\/2023\/10\/comport_estrecho.jpg\" \/>\n\t<meta property=\"og:image:width\" content=\"1300\" \/>\n\t<meta property=\"og:image:height\" content=\"722\" \/>\n\t<meta property=\"og:image:type\" content=\"image\/jpeg\" \/>\n<meta name=\"author\" content=\"admincomport\" \/>\n<meta name=\"twitter:card\" content=\"summary_large_image\" \/>\n<meta name=\"twitter:label1\" content=\"Escrito por\" \/>\n\t<meta name=\"twitter:data1\" content=\"admincomport\" \/>\n\t<meta name=\"twitter:label2\" content=\"Tiempo de lectura\" \/>\n\t<meta name=\"twitter:data2\" content=\"3 minutos\" \/>\n<script type=\"application\/ld+json\" class=\"yoast-schema-graph\">{\"@context\":\"https:\\\/\\\/schema.org\",\"@graph\":[{\"@type\":\"Article\",\"@id\":\"https:\\\/\\\/comport.es\\\/index.php\\\/noticias\\\/comport-y-el-estrecho-digital-renuevan-su-convenio-de-colaboracion-para-visibilizar-el-trabajo-de-la-comunidad-portuaria\\\/#article\",\"isPartOf\":{\"@id\":\"https:\\\/\\\/comport.es\\\/index.php\\\/noticias\\\/comport-y-el-estrecho-digital-renuevan-su-convenio-de-colaboracion-para-visibilizar-el-trabajo-de-la-comunidad-portuaria\\\/\"},\"author\":{\"name\":\"admincomport\",\"@id\":\"https:\\\/\\\/comport.es\\\/#\\\/schema\\\/person\\\/9277649f8e04dd48c3d73bbaf2c7bebc\"},\"headline\":\"COMPORT y El Estrecho Digital renuevan su convenio de colaboraci\u00f3n para visibilizar el trabajo de la comunidad portuaria\",\"datePublished\":\"2023-10-23T11:58:31+00:00\",\"mainEntityOfPage\":{\"@id\":\"https:\\\/\\\/comport.es\\\/index.php\\\/noticias\\\/comport-y-el-estrecho-digital-renuevan-su-convenio-de-colaboracion-para-visibilizar-el-trabajo-de-la-comunidad-portuaria\\\/\"},\"wordCount\":564,\"publisher\":{\"@id\":\"https:\\\/\\\/comport.es\\\/#organization\"},\"image\":{\"@id\":\"https:\\\/\\\/comport.es\\\/index.php\\\/noticias\\\/comport-y-el-estrecho-digital-renuevan-su-convenio-de-colaboracion-para-visibilizar-el-trabajo-de-la-comunidad-portuaria\\\/#primaryimage\"},\"thumbnailUrl\":\"https:\\\/\\\/comport.es\\\/wp-content\\\/uploads\\\/2023\\\/10\\\/comport_estrecho.jpg\",\"articleSection\":[\"Noticias\"],\"inLanguage\":\"es\"},{\"@type\":\"WebPage\",\"@id\":\"https:\\\/\\\/comport.es\\\/index.php\\\/noticias\\\/comport-y-el-estrecho-digital-renuevan-su-convenio-de-colaboracion-para-visibilizar-el-trabajo-de-la-comunidad-portuaria\\\/\",\"url\":\"https:\\\/\\\/comport.es\\\/index.php\\\/noticias\\\/comport-y-el-estrecho-digital-renuevan-su-convenio-de-colaboracion-para-visibilizar-el-trabajo-de-la-comunidad-portuaria\\\/\",\"name\":\"COMPORT y El Estrecho Digital renuevan su convenio de colaboraci\u00f3n para visibilizar el trabajo de la comunidad portuaria | COMPORT\",\"isPartOf\":{\"@id\":\"https:\\\/\\\/comport.es\\\/#website\"},\"primaryImageOfPage\":{\"@id\":\"https:\\\/\\\/comport.es\\\/index.php\\\/noticias\\\/comport-y-el-estrecho-digital-renuevan-su-convenio-de-colaboracion-para-visibilizar-el-trabajo-de-la-comunidad-portuaria\\\/#primaryimage\"},\"image\":{\"@id\":\"https:\\\/\\\/comport.es\\\/index.php\\\/noticias\\\/comport-y-el-estrecho-digital-renuevan-su-convenio-de-colaboracion-para-visibilizar-el-trabajo-de-la-comunidad-portuaria\\\/#primaryimage\"},\"thumbnailUrl\":\"https:\\\/\\\/comport.es\\\/wp-content\\\/uploads\\\/2023\\\/10\\\/comport_estrecho.jpg\",\"datePublished\":\"2023-10-23T11:58:31+00:00\",\"breadcrumb\":{\"@id\":\"https:\\\/\\\/comport.es\\\/index.php\\\/noticias\\\/comport-y-el-estrecho-digital-renuevan-su-convenio-de-colaboracion-para-visibilizar-el-trabajo-de-la-comunidad-portuaria\\\/#breadcrumb\"},\"inLanguage\":\"es\",\"potentialAction\":[{\"@type\":\"ReadAction\",\"target\":[\"https:\\\/\\\/comport.es\\\/index.php\\\/noticias\\\/comport-y-el-estrecho-digital-renuevan-su-convenio-de-colaboracion-para-visibilizar-el-trabajo-de-la-comunidad-portuaria\\\/\"]}]},{\"@type\":\"ImageObject\",\"inLanguage\":\"es\",\"@id\":\"https:\\\/\\\/comport.es\\\/index.php\\\/noticias\\\/comport-y-el-estrecho-digital-renuevan-su-convenio-de-colaboracion-para-visibilizar-el-trabajo-de-la-comunidad-portuaria\\\/#primaryimage\",\"url\":\"https:\\\/\\\/comport.es\\\/wp-content\\\/uploads\\\/2023\\\/10\\\/comport_estrecho.jpg\",\"contentUrl\":\"https:\\\/\\\/comport.es\\\/wp-content\\\/uploads\\\/2023\\\/10\\\/comport_estrecho.jpg\",\"width\":1300,\"height\":722},{\"@type\":\"BreadcrumbList\",\"@id\":\"https:\\\/\\\/comport.es\\\/index.php\\\/noticias\\\/comport-y-el-estrecho-digital-renuevan-su-convenio-de-colaboracion-para-visibilizar-el-trabajo-de-la-comunidad-portuaria\\\/#breadcrumb\",\"itemListElement\":[{\"@type\":\"ListItem\",\"position\":1,\"name\":\"Portada\",\"item\":\"https:\\\/\\\/comport.es\\\/\"},{\"@type\":\"ListItem\",\"position\":2,\"name\":\"COMPORT y El Estrecho Digital renuevan su convenio de colaboraci\u00f3n para visibilizar el trabajo de la comunidad portuaria\"}]},{\"@type\":\"WebSite\",\"@id\":\"https:\\\/\\\/comport.es\\\/#website\",\"url\":\"https:\\\/\\\/comport.es\\\/\",\"name\":\"COMPORT\",\"description\":\"Port Community of Algeciras Bay\",\"publisher\":{\"@id\":\"https:\\\/\\\/comport.es\\\/#organization\"},\"potentialAction\":[{\"@type\":\"SearchAction\",\"target\":{\"@type\":\"EntryPoint\",\"urlTemplate\":\"https:\\\/\\\/comport.es\\\/?s={search_term_string}\"},\"query-input\":{\"@type\":\"PropertyValueSpecification\",\"valueRequired\":true,\"valueName\":\"search_term_string\"}}],\"inLanguage\":\"es\"},{\"@type\":\"Organization\",\"@id\":\"https:\\\/\\\/comport.es\\\/#organization\",\"name\":\"ALGECIRAS PORT COMMUNITY - COMPORT\",\"url\":\"https:\\\/\\\/comport.es\\\/\",\"logo\":{\"@type\":\"ImageObject\",\"inLanguage\":\"es\",\"@id\":\"https:\\\/\\\/comport.es\\\/#\\\/schema\\\/logo\\\/image\\\/\",\"url\":\"https:\\\/\\\/comport.es\\\/wp-content\\\/uploads\\\/2020\\\/10\\\/logo_comport_20m.png\",\"contentUrl\":\"https:\\\/\\\/comport.es\\\/wp-content\\\/uploads\\\/2020\\\/10\\\/logo_comport_20m.png\",\"width\":600,\"height\":170,\"caption\":\"ALGECIRAS PORT COMMUNITY - COMPORT\"},\"image\":{\"@id\":\"https:\\\/\\\/comport.es\\\/#\\\/schema\\\/logo\\\/image\\\/\"}},{\"@type\":\"Person\",\"@id\":\"https:\\\/\\\/comport.es\\\/#\\\/schema\\\/person\\\/9277649f8e04dd48c3d73bbaf2c7bebc\",\"name\":\"admincomport\"}]}<\/script>\n<!-- \/ Yoast SEO plugin. -->","yoast_head_json":{"title":"COMPORT y El Estrecho Digital renuevan su convenio de colaboraci\u00f3n para visibilizar el trabajo de la comunidad portuaria | COMPORT","robots":{"index":"noindex","follow":"follow"},"og_locale":"es_ES","og_type":"article","og_title":"COMPORT y El Estrecho Digital renuevan su convenio de colaboraci\u00f3n para visibilizar el trabajo de la comunidad portuaria | COMPORT","og_description":"El Estrecho Digital se integra como empresa asociada a COMPORT, ampliando la relaci\u00f3n entre ambos entes para impulsar la visibilidad y el trabajo diario del tejido empresarial portuario. La Comunidad Portuaria de la Bah\u00eda de Algeciras (COMPORT) y El Estrecho Digital han sellado una vez [&hellip;]","og_url":"https:\/\/comport.es\/index.php\/noticias\/comport-y-el-estrecho-digital-renuevan-su-convenio-de-colaboracion-para-visibilizar-el-trabajo-de-la-comunidad-portuaria\/","og_site_name":"COMPORT","article_published_time":"2023-10-23T11:58:31+00:00","og_image":[{"width":1300,"height":722,"url":"https:\/\/comport.es\/wp-content\/uploads\/2023\/10\/comport_estrecho.jpg","type":"image\/jpeg"}],"author":"admincomport","twitter_card":"summary_large_image","twitter_misc":{"Escrito por":"admincomport","Tiempo de lectura":"3 minutos"},"schema":{"@context":"https:\/\/schema.org","@graph":[{"@type":"Article","@id":"https:\/\/comport.es\/index.php\/noticias\/comport-y-el-estrecho-digital-renuevan-su-convenio-de-colaboracion-para-visibilizar-el-trabajo-de-la-comunidad-portuaria\/#article","isPartOf":{"@id":"https:\/\/comport.es\/index.php\/noticias\/comport-y-el-estrecho-digital-renuevan-su-convenio-de-colaboracion-para-visibilizar-el-trabajo-de-la-comunidad-portuaria\/"},"author":{"name":"admincomport","@id":"https:\/\/comport.es\/#\/schema\/person\/9277649f8e04dd48c3d73bbaf2c7bebc"},"headline":"COMPORT y El Estrecho Digital renuevan su convenio de colaboraci\u00f3n para visibilizar el trabajo de la comunidad portuaria","datePublished":"2023-10-23T11:58:31+00:00","mainEntityOfPage":{"@id":"https:\/\/comport.es\/index.php\/noticias\/comport-y-el-estrecho-digital-renuevan-su-convenio-de-colaboracion-para-visibilizar-el-trabajo-de-la-comunidad-portuaria\/"},"wordCount":564,"publisher":{"@id":"https:\/\/comport.es\/#organization"},"image":{"@id":"https:\/\/comport.es\/index.php\/noticias\/comport-y-el-estrecho-digital-renuevan-su-convenio-de-colaboracion-para-visibilizar-el-trabajo-de-la-comunidad-portuaria\/#primaryimage"},"thumbnailUrl":"https:\/\/comport.es\/wp-content\/uploads\/2023\/10\/comport_estrecho.jpg","articleSection":["Noticias"],"inLanguage":"es"},{"@type":"WebPage","@id":"https:\/\/comport.es\/index.php\/noticias\/comport-y-el-estrecho-digital-renuevan-su-convenio-de-colaboracion-para-visibilizar-el-trabajo-de-la-comunidad-portuaria\/","url":"https:\/\/comport.es\/index.php\/noticias\/comport-y-el-estrecho-digital-renuevan-su-convenio-de-colaboracion-para-visibilizar-el-trabajo-de-la-comunidad-portuaria\/","name":"COMPORT y El Estrecho Digital renuevan su convenio de colaboraci\u00f3n para visibilizar el trabajo de la comunidad portuaria | COMPORT","isPartOf":{"@id":"https:\/\/comport.es\/#website"},"primaryImageOfPage":{"@id":"https:\/\/comport.es\/index.php\/noticias\/comport-y-el-estrecho-digital-renuevan-su-convenio-de-colaboracion-para-visibilizar-el-trabajo-de-la-comunidad-portuaria\/#primaryimage"},"image":{"@id":"https:\/\/comport.es\/index.php\/noticias\/comport-y-el-estrecho-digital-renuevan-su-convenio-de-colaboracion-para-visibilizar-el-trabajo-de-la-comunidad-portuaria\/#primaryimage"},"thumbnailUrl":"https:\/\/comport.es\/wp-content\/uploads\/2023\/10\/comport_estrecho.jpg","datePublished":"2023-10-23T11:58:31+00:00","breadcrumb":{"@id":"https:\/\/comport.es\/index.php\/noticias\/comport-y-el-estrecho-digital-renuevan-su-convenio-de-colaboracion-para-visibilizar-el-trabajo-de-la-comunidad-portuaria\/#breadcrumb"},"inLanguage":"es","potentialAction":[{"@type":"ReadAction","target":["https:\/\/comport.es\/index.php\/noticias\/comport-y-el-estrecho-digital-renuevan-su-convenio-de-colaboracion-para-visibilizar-el-trabajo-de-la-comunidad-portuaria\/"]}]},{"@type":"ImageObject","inLanguage":"es","@id":"https:\/\/comport.es\/index.php\/noticias\/comport-y-el-estrecho-digital-renuevan-su-convenio-de-colaboracion-para-visibilizar-el-trabajo-de-la-comunidad-portuaria\/#primaryimage","url":"https:\/\/comport.es\/wp-content\/uploads\/2023\/10\/comport_estrecho.jpg","contentUrl":"https:\/\/comport.es\/wp-content\/uploads\/2023\/10\/comport_estrecho.jpg","width":1300,"height":722},{"@type":"BreadcrumbList","@id":"https:\/\/comport.es\/index.php\/noticias\/comport-y-el-estrecho-digital-renuevan-su-convenio-de-colaboracion-para-visibilizar-el-trabajo-de-la-comunidad-portuaria\/#breadcrumb","itemListElement":[{"@type":"ListItem","position":1,"name":"Portada","item":"https:\/\/comport.es\/"},{"@type":"ListItem","position":2,"name":"COMPORT y El Estrecho Digital renuevan su convenio de colaboraci\u00f3n para visibilizar el trabajo de la comunidad portuaria"}]},{"@type":"WebSite","@id":"https:\/\/comport.es\/#website","url":"https:\/\/comport.es\/","name":"COMPORT","description":"Port Community of Algeciras Bay","publisher":{"@id":"https:\/\/comport.es\/#organization"},"potentialAction":[{"@type":"SearchAction","target":{"@type":"EntryPoint","urlTemplate":"https:\/\/comport.es\/?s={search_term_string}"},"query-input":{"@type":"PropertyValueSpecification","valueRequired":true,"valueName":"search_term_string"}}],"inLanguage":"es"},{"@type":"Organization","@id":"https:\/\/comport.es\/#organization","name":"ALGECIRAS PORT COMMUNITY - COMPORT","url":"https:\/\/comport.es\/","logo":{"@type":"ImageObject","inLanguage":"es","@id":"https:\/\/comport.es\/#\/schema\/logo\/image\/","url":"https:\/\/comport.es\/wp-content\/uploads\/2020\/10\/logo_comport_20m.png","contentUrl":"https:\/\/comport.es\/wp-content\/uploads\/2020\/10\/logo_comport_20m.png","width":600,"height":170,"caption":"ALGECIRAS PORT COMMUNITY - COMPORT"},"image":{"@id":"https:\/\/comport.es\/#\/schema\/logo\/image\/"}},{"@type":"Person","@id":"https:\/\/comport.es\/#\/schema\/person\/9277649f8e04dd48c3d73bbaf2c7bebc","name":"admincomport"}]}},"_links":{"self":[{"href":"https:\/\/comport.es\/index.php\/wp-json\/wp\/v2\/posts\/8073","targetHints":{"allow":["GET"]}}],"collection":[{"href":"https:\/\/comport.es\/index.php\/wp-json\/wp\/v2\/posts"}],"about":[{"href":"https:\/\/comport.es\/index.php\/wp-json\/wp\/v2\/types\/post"}],"author":[{"embeddable":true,"href":"https:\/\/comport.es\/index.php\/wp-json\/wp\/v2\/users\/1"}],"replies":[{"embeddable":true,"href":"https:\/\/comport.es\/index.php\/wp-json\/wp\/v2\/comments?post=8073"}],"version-history":[{"count":1,"href":"https:\/\/comport.es\/index.php\/wp-json\/wp\/v2\/posts\/8073\/revisions"}],"predecessor-version":[{"id":8076,"href":"https:\/\/comport.es\/index.php\/wp-json\/wp\/v2\/posts\/8073\/revisions\/8076"}],"wp:featuredmedia":[{"embeddable":true,"href":"https:\/\/comport.es\/index.php\/wp-json\/wp\/v2\/media\/8075"}],"wp:attachment":[{"href":"https:\/\/comport.es\/index.php\/wp-json\/wp\/v2\/media?parent=8073"}],"wp:term":[{"taxonomy":"category","embeddable":true,"href":"https:\/\/comport.es\/index.php\/wp-json\/wp\/v2\/categories?post=8073"},{"taxonomy":"post_tag","embeddable":true,"href":"https:\/\/comport.es\/index.php\/wp-json\/wp\/v2\/tags?post=8073"}],"curies":[{"name":"wp","href":"https:\/\/api.w.org\/{rel}","templated":true}]}}