{"id":8063,"date":"2023-09-28T12:43:58","date_gmt":"2023-09-28T12:43:58","guid":{"rendered":"https:\/\/comport.es\/?p=8063"},"modified":"2023-09-29T08:12:23","modified_gmt":"2023-09-29T08:12:23","slug":"la-comunidad-portuaria-de-la-bahia-de-algeciras-se-reune-con-instituciones-clave-y-profesionales-del-sector-maritimo-en-estambul","status":"publish","type":"post","link":"https:\/\/comport.es\/index.php\/noticias\/la-comunidad-portuaria-de-la-bahia-de-algeciras-se-reune-con-instituciones-clave-y-profesionales-del-sector-maritimo-en-estambul\/","title":{"rendered":"La delegaci\u00f3n del Puerto de Algeciras culmina con \u00e9xito la tercera fase de la misi\u00f3n comercial en Turqu\u00eda"},"content":{"rendered":"<p style=\"text-align: justify;\"><span style=\"font-size: 18pt; color: #000000;\"><strong>Ha mantenido un encuentro institucional con la C\u00e1mara de Comercio de Turqu\u00eda y con el sector del shipping<\/strong><\/span><\/p>\n<p style=\"text-align: justify;\"><span style=\"color: #000000;\">La \u00faltima sesi\u00f3n de trabajo de la delegaci\u00f3n del <strong>Puerto de Algeciras<\/strong> en el marco de la Misi\u00f3n Comercial a Turqu\u00eda, desarrollada por la <strong>APBA<\/strong> esta semana junto a Comunidad Portuaria (<strong>COMPORT<\/strong>), la Asociaci\u00f3n de Empresas de Servicios de la Bah\u00eda de Algeciras (<strong>AESBA<\/strong>), con el respaldo de la Oficina Econ\u00f3mica y Comercial de Espa\u00f1a en Estambul, ha estado marcada por la celebraci\u00f3n de importantes encuentros institucionales.<\/span><\/p>\n<p style=\"text-align: justify;\"><span style=\"color: #000000;\">Para concluir esta tercera fase de la Misi\u00f3n, la delegaci\u00f3n de Algeciras ha mantenido un encuentro con la C\u00e1mara de Comercio de Turqu\u00eda, encabezada por su presidente, Tamer Kiran. Adem\u00e1s, se reunieron con el sector del shipping, en concreto con la Maritime Association of Shipowners and Agents y con la Turkish Bunker Association.<\/span><\/p>\n<p style=\"text-align: justify;\"><span style=\"color: #000000;\">Turqu\u00eda ha experimentado un notable aumento en sus tr\u00e1ficos con el <strong>Puerto de Algeciras<\/strong> en los \u00faltimos cinco a\u00f1os, convirti\u00e9ndose en el tercer socio comercial en tr\u00e1fico contenerizado de importaci\u00f3n y exportaci\u00f3n, solo superado por China y Estados Unidos. En la actualidad, las terminales del <strong>Puerto de Algeciras<\/strong> ofrecen 9 conexiones directas a y desde los puertos turcos, con tiempos de tr\u00e1nsito a partir de 4 d\u00edas.<\/span><\/p>\n<p style=\"text-align: justify;\"><span style=\"color: #000000;\">El comercio exterior de Turqu\u00eda se ha incrementado m\u00e1s del 30% en la \u00faltima d\u00e9cada, siendo una de las principales fuentes de ingresos del pa\u00eds, adem\u00e1s, el 63% de las exportaciones turcas se realiza por v\u00eda mar\u00edtima.<\/span><\/p>\n<p style=\"text-align: justify;\"><span style=\"color: #000000;\">Entre las empresas que han participado en esta misi\u00f3n comercial se encuentran A. P\u00e9rez y C\u00eda, Alfaship Shipping Agency, ASG Shipping, Bacomar, Bayport, BMT Repairs, Bufete D\u00edaz y Asociados, Consulmar, Crosscomar, De Castro Gabinete Jur\u00eddico, ECS 360, Elcome Europe, Logistika 360, Marinsur, Mertramar Algeciras, Remesa, Tramarco, Transcoma, TTI Algeciras y Workboat Services.<\/span><\/p>\n<p style=\"text-align: justify;\"><span style=\"color: #000000;\"><strong><br \/>\nFUENTE:<\/strong> EL ESTRECHO DIGITAL<\/span><\/p>\n","protected":false},"excerpt":{"rendered":"<p>Ha mantenido un encuentro institucional con la C\u00e1mara de Comercio de Turqu\u00eda y con el sector del shipping La \u00faltima sesi\u00f3n de trabajo de la delegaci\u00f3n del Puerto de Algeciras en el marco de la Misi\u00f3n Comercial a Turqu\u00eda, desarrollada por la APBA esta semana [&hellip;]<\/p>\n","protected":false},"author":1,"featured_media":8066,"comment_status":"closed","ping_status":"closed","sticky":false,"template":"","format":"standard","meta":{"footnotes":""},"categories":[921],"tags":[],"class_list":["post-8063","post","type-post","status-publish","format-standard","has-post-thumbnail","hentry","category-noticias"],"yoast_head":"<!-- This site is optimized with the Yoast SEO plugin v27.4 - https:\/\/yoast.com\/product\/yoast-seo-wordpress\/ -->\n<title>La delegaci\u00f3n del Puerto de Algeciras culmina con \u00e9xito la tercera fase de la misi\u00f3n comercial en Turqu\u00eda | COMPORT<\/title>\n<meta name=\"robots\" content=\"noindex, follow\" \/>\n<meta property=\"og:locale\" content=\"es_ES\" \/>\n<meta property=\"og:type\" content=\"article\" \/>\n<meta property=\"og:title\" content=\"La delegaci\u00f3n del Puerto de Algeciras culmina con \u00e9xito la tercera fase de la misi\u00f3n comercial en Turqu\u00eda | COMPORT\" \/>\n<meta property=\"og:description\" content=\"Ha mantenido un encuentro institucional con la C\u00e1mara de Comercio de Turqu\u00eda y con el sector del shipping La \u00faltima sesi\u00f3n de trabajo de la delegaci\u00f3n del Puerto de Algeciras en el marco de la Misi\u00f3n Comercial a Turqu\u00eda, desarrollada por la APBA esta semana [&hellip;]\" \/>\n<meta property=\"og:url\" content=\"https:\/\/comport.es\/index.php\/noticias\/la-comunidad-portuaria-de-la-bahia-de-algeciras-se-reune-con-instituciones-clave-y-profesionales-del-sector-maritimo-en-estambul\/\" \/>\n<meta property=\"og:site_name\" content=\"COMPORT\" \/>\n<meta property=\"article:published_time\" content=\"2023-09-28T12:43:58+00:00\" \/>\n<meta property=\"article:modified_time\" content=\"2023-09-29T08:12:23+00:00\" \/>\n<meta property=\"og:image\" content=\"https:\/\/comport.es\/wp-content\/uploads\/2023\/09\/apba-turquia1.jpg\" \/>\n\t<meta property=\"og:image:width\" content=\"1300\" \/>\n\t<meta property=\"og:image:height\" content=\"722\" \/>\n\t<meta property=\"og:image:type\" content=\"image\/jpeg\" \/>\n<meta name=\"author\" content=\"admincomport\" \/>\n<meta name=\"twitter:card\" content=\"summary_large_image\" \/>\n<meta name=\"twitter:label1\" content=\"Escrito por\" \/>\n\t<meta name=\"twitter:data1\" content=\"admincomport\" \/>\n\t<meta name=\"twitter:label2\" content=\"Tiempo de lectura\" \/>\n\t<meta name=\"twitter:data2\" content=\"2 minutos\" \/>\n<script type=\"application\/ld+json\" class=\"yoast-schema-graph\">{\"@context\":\"https:\\\/\\\/schema.org\",\"@graph\":[{\"@type\":\"Article\",\"@id\":\"https:\\\/\\\/comport.es\\\/index.php\\\/noticias\\\/la-comunidad-portuaria-de-la-bahia-de-algeciras-se-reune-con-instituciones-clave-y-profesionales-del-sector-maritimo-en-estambul\\\/#article\",\"isPartOf\":{\"@id\":\"https:\\\/\\\/comport.es\\\/index.php\\\/noticias\\\/la-comunidad-portuaria-de-la-bahia-de-algeciras-se-reune-con-instituciones-clave-y-profesionales-del-sector-maritimo-en-estambul\\\/\"},\"author\":{\"name\":\"admincomport\",\"@id\":\"https:\\\/\\\/comport.es\\\/#\\\/schema\\\/person\\\/9277649f8e04dd48c3d73bbaf2c7bebc\"},\"headline\":\"La delegaci\u00f3n del Puerto de Algeciras culmina con \u00e9xito la tercera fase de la misi\u00f3n comercial en Turqu\u00eda\",\"datePublished\":\"2023-09-28T12:43:58+00:00\",\"dateModified\":\"2023-09-29T08:12:23+00:00\",\"mainEntityOfPage\":{\"@id\":\"https:\\\/\\\/comport.es\\\/index.php\\\/noticias\\\/la-comunidad-portuaria-de-la-bahia-de-algeciras-se-reune-con-instituciones-clave-y-profesionales-del-sector-maritimo-en-estambul\\\/\"},\"wordCount\":350,\"publisher\":{\"@id\":\"https:\\\/\\\/comport.es\\\/#organization\"},\"image\":{\"@id\":\"https:\\\/\\\/comport.es\\\/index.php\\\/noticias\\\/la-comunidad-portuaria-de-la-bahia-de-algeciras-se-reune-con-instituciones-clave-y-profesionales-del-sector-maritimo-en-estambul\\\/#primaryimage\"},\"thumbnailUrl\":\"https:\\\/\\\/comport.es\\\/wp-content\\\/uploads\\\/2023\\\/09\\\/apba-turquia1.jpg\",\"articleSection\":[\"Noticias\"],\"inLanguage\":\"es\"},{\"@type\":\"WebPage\",\"@id\":\"https:\\\/\\\/comport.es\\\/index.php\\\/noticias\\\/la-comunidad-portuaria-de-la-bahia-de-algeciras-se-reune-con-instituciones-clave-y-profesionales-del-sector-maritimo-en-estambul\\\/\",\"url\":\"https:\\\/\\\/comport.es\\\/index.php\\\/noticias\\\/la-comunidad-portuaria-de-la-bahia-de-algeciras-se-reune-con-instituciones-clave-y-profesionales-del-sector-maritimo-en-estambul\\\/\",\"name\":\"La delegaci\u00f3n del Puerto de Algeciras culmina con \u00e9xito la tercera fase de la misi\u00f3n comercial en Turqu\u00eda | COMPORT\",\"isPartOf\":{\"@id\":\"https:\\\/\\\/comport.es\\\/#website\"},\"primaryImageOfPage\":{\"@id\":\"https:\\\/\\\/comport.es\\\/index.php\\\/noticias\\\/la-comunidad-portuaria-de-la-bahia-de-algeciras-se-reune-con-instituciones-clave-y-profesionales-del-sector-maritimo-en-estambul\\\/#primaryimage\"},\"image\":{\"@id\":\"https:\\\/\\\/comport.es\\\/index.php\\\/noticias\\\/la-comunidad-portuaria-de-la-bahia-de-algeciras-se-reune-con-instituciones-clave-y-profesionales-del-sector-maritimo-en-estambul\\\/#primaryimage\"},\"thumbnailUrl\":\"https:\\\/\\\/comport.es\\\/wp-content\\\/uploads\\\/2023\\\/09\\\/apba-turquia1.jpg\",\"datePublished\":\"2023-09-28T12:43:58+00:00\",\"dateModified\":\"2023-09-29T08:12:23+00:00\",\"breadcrumb\":{\"@id\":\"https:\\\/\\\/comport.es\\\/index.php\\\/noticias\\\/la-comunidad-portuaria-de-la-bahia-de-algeciras-se-reune-con-instituciones-clave-y-profesionales-del-sector-maritimo-en-estambul\\\/#breadcrumb\"},\"inLanguage\":\"es\",\"potentialAction\":[{\"@type\":\"ReadAction\",\"target\":[\"https:\\\/\\\/comport.es\\\/index.php\\\/noticias\\\/la-comunidad-portuaria-de-la-bahia-de-algeciras-se-reune-con-instituciones-clave-y-profesionales-del-sector-maritimo-en-estambul\\\/\"]}]},{\"@type\":\"ImageObject\",\"inLanguage\":\"es\",\"@id\":\"https:\\\/\\\/comport.es\\\/index.php\\\/noticias\\\/la-comunidad-portuaria-de-la-bahia-de-algeciras-se-reune-con-instituciones-clave-y-profesionales-del-sector-maritimo-en-estambul\\\/#primaryimage\",\"url\":\"https:\\\/\\\/comport.es\\\/wp-content\\\/uploads\\\/2023\\\/09\\\/apba-turquia1.jpg\",\"contentUrl\":\"https:\\\/\\\/comport.es\\\/wp-content\\\/uploads\\\/2023\\\/09\\\/apba-turquia1.jpg\",\"width\":1300,\"height\":722},{\"@type\":\"BreadcrumbList\",\"@id\":\"https:\\\/\\\/comport.es\\\/index.php\\\/noticias\\\/la-comunidad-portuaria-de-la-bahia-de-algeciras-se-reune-con-instituciones-clave-y-profesionales-del-sector-maritimo-en-estambul\\\/#breadcrumb\",\"itemListElement\":[{\"@type\":\"ListItem\",\"position\":1,\"name\":\"Portada\",\"item\":\"https:\\\/\\\/comport.es\\\/\"},{\"@type\":\"ListItem\",\"position\":2,\"name\":\"La delegaci\u00f3n del Puerto de Algeciras culmina con \u00e9xito la tercera fase de la misi\u00f3n comercial en Turqu\u00eda\"}]},{\"@type\":\"WebSite\",\"@id\":\"https:\\\/\\\/comport.es\\\/#website\",\"url\":\"https:\\\/\\\/comport.es\\\/\",\"name\":\"COMPORT\",\"description\":\"Port Community of Algeciras Bay\",\"publisher\":{\"@id\":\"https:\\\/\\\/comport.es\\\/#organization\"},\"potentialAction\":[{\"@type\":\"SearchAction\",\"target\":{\"@type\":\"EntryPoint\",\"urlTemplate\":\"https:\\\/\\\/comport.es\\\/?s={search_term_string}\"},\"query-input\":{\"@type\":\"PropertyValueSpecification\",\"valueRequired\":true,\"valueName\":\"search_term_string\"}}],\"inLanguage\":\"es\"},{\"@type\":\"Organization\",\"@id\":\"https:\\\/\\\/comport.es\\\/#organization\",\"name\":\"ALGECIRAS PORT COMMUNITY - COMPORT\",\"url\":\"https:\\\/\\\/comport.es\\\/\",\"logo\":{\"@type\":\"ImageObject\",\"inLanguage\":\"es\",\"@id\":\"https:\\\/\\\/comport.es\\\/#\\\/schema\\\/logo\\\/image\\\/\",\"url\":\"https:\\\/\\\/comport.es\\\/wp-content\\\/uploads\\\/2020\\\/10\\\/logo_comport_20m.png\",\"contentUrl\":\"https:\\\/\\\/comport.es\\\/wp-content\\\/uploads\\\/2020\\\/10\\\/logo_comport_20m.png\",\"width\":600,\"height\":170,\"caption\":\"ALGECIRAS PORT COMMUNITY - COMPORT\"},\"image\":{\"@id\":\"https:\\\/\\\/comport.es\\\/#\\\/schema\\\/logo\\\/image\\\/\"}},{\"@type\":\"Person\",\"@id\":\"https:\\\/\\\/comport.es\\\/#\\\/schema\\\/person\\\/9277649f8e04dd48c3d73bbaf2c7bebc\",\"name\":\"admincomport\"}]}<\/script>\n<!-- \/ Yoast SEO plugin. -->","yoast_head_json":{"title":"La delegaci\u00f3n del Puerto de Algeciras culmina con \u00e9xito la tercera fase de la misi\u00f3n comercial en Turqu\u00eda | COMPORT","robots":{"index":"noindex","follow":"follow"},"og_locale":"es_ES","og_type":"article","og_title":"La delegaci\u00f3n del Puerto de Algeciras culmina con \u00e9xito la tercera fase de la misi\u00f3n comercial en Turqu\u00eda | COMPORT","og_description":"Ha mantenido un encuentro institucional con la C\u00e1mara de Comercio de Turqu\u00eda y con el sector del shipping La \u00faltima sesi\u00f3n de trabajo de la delegaci\u00f3n del Puerto de Algeciras en el marco de la Misi\u00f3n Comercial a Turqu\u00eda, desarrollada por la APBA esta semana [&hellip;]","og_url":"https:\/\/comport.es\/index.php\/noticias\/la-comunidad-portuaria-de-la-bahia-de-algeciras-se-reune-con-instituciones-clave-y-profesionales-del-sector-maritimo-en-estambul\/","og_site_name":"COMPORT","article_published_time":"2023-09-28T12:43:58+00:00","article_modified_time":"2023-09-29T08:12:23+00:00","og_image":[{"width":1300,"height":722,"url":"https:\/\/comport.es\/wp-content\/uploads\/2023\/09\/apba-turquia1.jpg","type":"image\/jpeg"}],"author":"admincomport","twitter_card":"summary_large_image","twitter_misc":{"Escrito por":"admincomport","Tiempo de lectura":"2 minutos"},"schema":{"@context":"https:\/\/schema.org","@graph":[{"@type":"Article","@id":"https:\/\/comport.es\/index.php\/noticias\/la-comunidad-portuaria-de-la-bahia-de-algeciras-se-reune-con-instituciones-clave-y-profesionales-del-sector-maritimo-en-estambul\/#article","isPartOf":{"@id":"https:\/\/comport.es\/index.php\/noticias\/la-comunidad-portuaria-de-la-bahia-de-algeciras-se-reune-con-instituciones-clave-y-profesionales-del-sector-maritimo-en-estambul\/"},"author":{"name":"admincomport","@id":"https:\/\/comport.es\/#\/schema\/person\/9277649f8e04dd48c3d73bbaf2c7bebc"},"headline":"La delegaci\u00f3n del Puerto de Algeciras culmina con \u00e9xito la tercera fase de la misi\u00f3n comercial en Turqu\u00eda","datePublished":"2023-09-28T12:43:58+00:00","dateModified":"2023-09-29T08:12:23+00:00","mainEntityOfPage":{"@id":"https:\/\/comport.es\/index.php\/noticias\/la-comunidad-portuaria-de-la-bahia-de-algeciras-se-reune-con-instituciones-clave-y-profesionales-del-sector-maritimo-en-estambul\/"},"wordCount":350,"publisher":{"@id":"https:\/\/comport.es\/#organization"},"image":{"@id":"https:\/\/comport.es\/index.php\/noticias\/la-comunidad-portuaria-de-la-bahia-de-algeciras-se-reune-con-instituciones-clave-y-profesionales-del-sector-maritimo-en-estambul\/#primaryimage"},"thumbnailUrl":"https:\/\/comport.es\/wp-content\/uploads\/2023\/09\/apba-turquia1.jpg","articleSection":["Noticias"],"inLanguage":"es"},{"@type":"WebPage","@id":"https:\/\/comport.es\/index.php\/noticias\/la-comunidad-portuaria-de-la-bahia-de-algeciras-se-reune-con-instituciones-clave-y-profesionales-del-sector-maritimo-en-estambul\/","url":"https:\/\/comport.es\/index.php\/noticias\/la-comunidad-portuaria-de-la-bahia-de-algeciras-se-reune-con-instituciones-clave-y-profesionales-del-sector-maritimo-en-estambul\/","name":"La delegaci\u00f3n del Puerto de Algeciras culmina con \u00e9xito la tercera fase de la misi\u00f3n comercial en Turqu\u00eda | COMPORT","isPartOf":{"@id":"https:\/\/comport.es\/#website"},"primaryImageOfPage":{"@id":"https:\/\/comport.es\/index.php\/noticias\/la-comunidad-portuaria-de-la-bahia-de-algeciras-se-reune-con-instituciones-clave-y-profesionales-del-sector-maritimo-en-estambul\/#primaryimage"},"image":{"@id":"https:\/\/comport.es\/index.php\/noticias\/la-comunidad-portuaria-de-la-bahia-de-algeciras-se-reune-con-instituciones-clave-y-profesionales-del-sector-maritimo-en-estambul\/#primaryimage"},"thumbnailUrl":"https:\/\/comport.es\/wp-content\/uploads\/2023\/09\/apba-turquia1.jpg","datePublished":"2023-09-28T12:43:58+00:00","dateModified":"2023-09-29T08:12:23+00:00","breadcrumb":{"@id":"https:\/\/comport.es\/index.php\/noticias\/la-comunidad-portuaria-de-la-bahia-de-algeciras-se-reune-con-instituciones-clave-y-profesionales-del-sector-maritimo-en-estambul\/#breadcrumb"},"inLanguage":"es","potentialAction":[{"@type":"ReadAction","target":["https:\/\/comport.es\/index.php\/noticias\/la-comunidad-portuaria-de-la-bahia-de-algeciras-se-reune-con-instituciones-clave-y-profesionales-del-sector-maritimo-en-estambul\/"]}]},{"@type":"ImageObject","inLanguage":"es","@id":"https:\/\/comport.es\/index.php\/noticias\/la-comunidad-portuaria-de-la-bahia-de-algeciras-se-reune-con-instituciones-clave-y-profesionales-del-sector-maritimo-en-estambul\/#primaryimage","url":"https:\/\/comport.es\/wp-content\/uploads\/2023\/09\/apba-turquia1.jpg","contentUrl":"https:\/\/comport.es\/wp-content\/uploads\/2023\/09\/apba-turquia1.jpg","width":1300,"height":722},{"@type":"BreadcrumbList","@id":"https:\/\/comport.es\/index.php\/noticias\/la-comunidad-portuaria-de-la-bahia-de-algeciras-se-reune-con-instituciones-clave-y-profesionales-del-sector-maritimo-en-estambul\/#breadcrumb","itemListElement":[{"@type":"ListItem","position":1,"name":"Portada","item":"https:\/\/comport.es\/"},{"@type":"ListItem","position":2,"name":"La delegaci\u00f3n del Puerto de Algeciras culmina con \u00e9xito la tercera fase de la misi\u00f3n comercial en Turqu\u00eda"}]},{"@type":"WebSite","@id":"https:\/\/comport.es\/#website","url":"https:\/\/comport.es\/","name":"COMPORT","description":"Port Community of Algeciras Bay","publisher":{"@id":"https:\/\/comport.es\/#organization"},"potentialAction":[{"@type":"SearchAction","target":{"@type":"EntryPoint","urlTemplate":"https:\/\/comport.es\/?s={search_term_string}"},"query-input":{"@type":"PropertyValueSpecification","valueRequired":true,"valueName":"search_term_string"}}],"inLanguage":"es"},{"@type":"Organization","@id":"https:\/\/comport.es\/#organization","name":"ALGECIRAS PORT COMMUNITY - COMPORT","url":"https:\/\/comport.es\/","logo":{"@type":"ImageObject","inLanguage":"es","@id":"https:\/\/comport.es\/#\/schema\/logo\/image\/","url":"https:\/\/comport.es\/wp-content\/uploads\/2020\/10\/logo_comport_20m.png","contentUrl":"https:\/\/comport.es\/wp-content\/uploads\/2020\/10\/logo_comport_20m.png","width":600,"height":170,"caption":"ALGECIRAS PORT COMMUNITY - COMPORT"},"image":{"@id":"https:\/\/comport.es\/#\/schema\/logo\/image\/"}},{"@type":"Person","@id":"https:\/\/comport.es\/#\/schema\/person\/9277649f8e04dd48c3d73bbaf2c7bebc","name":"admincomport"}]}},"_links":{"self":[{"href":"https:\/\/comport.es\/index.php\/wp-json\/wp\/v2\/posts\/8063","targetHints":{"allow":["GET"]}}],"collection":[{"href":"https:\/\/comport.es\/index.php\/wp-json\/wp\/v2\/posts"}],"about":[{"href":"https:\/\/comport.es\/index.php\/wp-json\/wp\/v2\/types\/post"}],"author":[{"embeddable":true,"href":"https:\/\/comport.es\/index.php\/wp-json\/wp\/v2\/users\/1"}],"replies":[{"embeddable":true,"href":"https:\/\/comport.es\/index.php\/wp-json\/wp\/v2\/comments?post=8063"}],"version-history":[{"count":4,"href":"https:\/\/comport.es\/index.php\/wp-json\/wp\/v2\/posts\/8063\/revisions"}],"predecessor-version":[{"id":8068,"href":"https:\/\/comport.es\/index.php\/wp-json\/wp\/v2\/posts\/8063\/revisions\/8068"}],"wp:featuredmedia":[{"embeddable":true,"href":"https:\/\/comport.es\/index.php\/wp-json\/wp\/v2\/media\/8066"}],"wp:attachment":[{"href":"https:\/\/comport.es\/index.php\/wp-json\/wp\/v2\/media?parent=8063"}],"wp:term":[{"taxonomy":"category","embeddable":true,"href":"https:\/\/comport.es\/index.php\/wp-json\/wp\/v2\/categories?post=8063"},{"taxonomy":"post_tag","embeddable":true,"href":"https:\/\/comport.es\/index.php\/wp-json\/wp\/v2\/tags?post=8063"}],"curies":[{"name":"wp","href":"https:\/\/api.w.org\/{rel}","templated":true}]}}