{"id":8044,"date":"2023-09-27T09:49:48","date_gmt":"2023-09-27T09:49:48","guid":{"rendered":"https:\/\/comport.es\/?p=8044"},"modified":"2023-09-27T09:50:47","modified_gmt":"2023-09-27T09:50:47","slug":"empresas-portuarias-de-la-bahia-de-algeciras-fortalecen-sus-relaciones-comerciales-con-turquia","status":"publish","type":"post","link":"https:\/\/comport.es\/index.php\/noticias\/empresas-portuarias-de-la-bahia-de-algeciras-fortalecen-sus-relaciones-comerciales-con-turquia\/","title":{"rendered":"Empresas portuarias de la Bah\u00eda de Algeciras fortalecen sus relaciones comerciales con Turqu\u00eda"},"content":{"rendered":"<p style=\"text-align: justify;\"><strong><span style=\"color: #000000; font-size: 18pt;\">En la primera jornada de misi\u00f3n comercial han visitado la Asociaci\u00f3n de Transitarios de Estambul<\/span><\/strong><\/p>\n<p style=\"text-align: justify;\"><span style=\"color: #000000;\">La primera jornada de trabajo de la delegaci\u00f3n del Puerto Bah\u00eda de Algeciras desplazada a Estambul reuni\u00f3 a m\u00e1s de una veintena de empresas con actividades relacionadas con el Puerto algecire\u00f1o, con el prop\u00f3sito de consolidar y fortalecer las relaciones comerciales entre ambas ciudades mediterr\u00e1neas. Cabe destacar que esta delegaci\u00f3n COMPORT cuenta con el respaldo de la Oficina Econ\u00f3mica y Comercial de Espa\u00f1a en Estambul.<\/span><\/p>\n<p style=\"text-align: justify;\"><span style=\"color: #000000;\">Las actividades de esta jornada comenzaron con una visita a la sede de la Association of International Forwarding and Logistics Service Providers (UTIKAD), la Asociaci\u00f3n de Transitarios turca. En este encuentro, la delegaci\u00f3n del Puerto de Algeciras fue recibida por el director general de UTIKAD y el consejero de la asociaci\u00f3n, Alperen G\u00fcler y Cihan\u00d6zkal, respectivamente. La jornada continuar\u00e1 con reuniones de trabajo con las principales asociaciones sectoriales turcas, incluyendo la industria textil.<\/span><\/p>\n<p style=\"text-align: justify;\"><span style=\"color: #000000;\">Es relevante mencionar que en los \u00faltimos cinco a\u00f1os, Turqu\u00eda ha duplicado sus intercambios comerciales con el Puerto de Algeciras, convirti\u00e9ndose en el tercer socio comercial en tr\u00e1fico contenerizado de importaci\u00f3n y exportaci\u00f3n, despu\u00e9s de China y Estados Unidos. Actualmente, las terminales del Puerto de Algeciras ofrecen 9 conexiones directas con los puertos turcos, con tiempos de tr\u00e1nsito a partir de 4 d\u00edas.<\/span><\/p>\n<p style=\"text-align: justify;\"><span style=\"color: #000000;\">Las empresas que forman parte de esta delegaci\u00f3n y operan en el Puerto Bah\u00eda de Algeciras (A. P\u00e9rez y Cia, Alfaship Shipping Agency, ASG Shipping, Bacomar, Bayport, BMT Repairs, Bufete Diaz y Asociados, Consulmar, Crosscomar, De Castro Gabinete Jur\u00eddico, ECS 360, Elcome Europe, Logistika 360, Marinsur, Mertramar Algeciras,Remesa, Tramarco, Transcoma, TTI Algeciras y Workboat Services) valoran esta misi\u00f3n a Turqu\u00eda como una oportunidad significativa para fortalecer las relaciones comerciales con sus contrapartes turcas en el \u00e1mbito portuario y log\u00edstico.<\/span><\/p>\n<p style=\"text-align: justify;\"><span style=\"color: #000000;\"><strong>FUENTE:<\/strong> EL ESTRECHO DIGITAL<\/span><\/p>\n","protected":false},"excerpt":{"rendered":"<p>En la primera jornada de misi\u00f3n comercial han visitado la Asociaci\u00f3n de Transitarios de Estambul La primera jornada de trabajo de la delegaci\u00f3n del Puerto Bah\u00eda de Algeciras desplazada a Estambul reuni\u00f3 a m\u00e1s de una veintena de empresas con actividades relacionadas con el Puerto [&hellip;]<\/p>\n","protected":false},"author":1,"featured_media":8042,"comment_status":"closed","ping_status":"closed","sticky":false,"template":"","format":"standard","meta":{"footnotes":""},"categories":[921],"tags":[],"class_list":["post-8044","post","type-post","status-publish","format-standard","has-post-thumbnail","hentry","category-noticias"],"yoast_head":"<!-- This site is optimized with the Yoast SEO plugin v27.4 - https:\/\/yoast.com\/product\/yoast-seo-wordpress\/ -->\n<title>Empresas portuarias de la Bah\u00eda de Algeciras fortalecen sus relaciones comerciales con Turqu\u00eda | COMPORT<\/title>\n<meta name=\"robots\" content=\"noindex, follow\" \/>\n<meta property=\"og:locale\" content=\"es_ES\" \/>\n<meta property=\"og:type\" content=\"article\" \/>\n<meta property=\"og:title\" content=\"Empresas portuarias de la Bah\u00eda de Algeciras fortalecen sus relaciones comerciales con Turqu\u00eda | COMPORT\" \/>\n<meta property=\"og:description\" content=\"En la primera jornada de misi\u00f3n comercial han visitado la Asociaci\u00f3n de Transitarios de Estambul La primera jornada de trabajo de la delegaci\u00f3n del Puerto Bah\u00eda de Algeciras desplazada a Estambul reuni\u00f3 a m\u00e1s de una veintena de empresas con actividades relacionadas con el Puerto [&hellip;]\" \/>\n<meta property=\"og:url\" content=\"https:\/\/comport.es\/index.php\/noticias\/empresas-portuarias-de-la-bahia-de-algeciras-fortalecen-sus-relaciones-comerciales-con-turquia\/\" \/>\n<meta property=\"og:site_name\" content=\"COMPORT\" \/>\n<meta property=\"article:published_time\" content=\"2023-09-27T09:49:48+00:00\" \/>\n<meta property=\"article:modified_time\" content=\"2023-09-27T09:50:47+00:00\" \/>\n<meta property=\"og:image\" content=\"https:\/\/comport.es\/wp-content\/uploads\/2023\/09\/TURQUIA_COMPORT.jpg\" \/>\n\t<meta property=\"og:image:width\" content=\"1300\" \/>\n\t<meta property=\"og:image:height\" content=\"722\" \/>\n\t<meta property=\"og:image:type\" content=\"image\/jpeg\" \/>\n<meta name=\"author\" content=\"admincomport\" \/>\n<meta name=\"twitter:card\" content=\"summary_large_image\" \/>\n<meta name=\"twitter:label1\" content=\"Escrito por\" \/>\n\t<meta name=\"twitter:data1\" content=\"admincomport\" \/>\n\t<meta name=\"twitter:label2\" content=\"Tiempo de lectura\" \/>\n\t<meta name=\"twitter:data2\" content=\"2 minutos\" \/>\n<script type=\"application\/ld+json\" class=\"yoast-schema-graph\">{\"@context\":\"https:\\\/\\\/schema.org\",\"@graph\":[{\"@type\":\"Article\",\"@id\":\"https:\\\/\\\/comport.es\\\/index.php\\\/noticias\\\/empresas-portuarias-de-la-bahia-de-algeciras-fortalecen-sus-relaciones-comerciales-con-turquia\\\/#article\",\"isPartOf\":{\"@id\":\"https:\\\/\\\/comport.es\\\/index.php\\\/noticias\\\/empresas-portuarias-de-la-bahia-de-algeciras-fortalecen-sus-relaciones-comerciales-con-turquia\\\/\"},\"author\":{\"name\":\"admincomport\",\"@id\":\"https:\\\/\\\/comport.es\\\/#\\\/schema\\\/person\\\/9277649f8e04dd48c3d73bbaf2c7bebc\"},\"headline\":\"Empresas portuarias de la Bah\u00eda de Algeciras fortalecen sus relaciones comerciales con Turqu\u00eda\",\"datePublished\":\"2023-09-27T09:49:48+00:00\",\"dateModified\":\"2023-09-27T09:50:47+00:00\",\"mainEntityOfPage\":{\"@id\":\"https:\\\/\\\/comport.es\\\/index.php\\\/noticias\\\/empresas-portuarias-de-la-bahia-de-algeciras-fortalecen-sus-relaciones-comerciales-con-turquia\\\/\"},\"wordCount\":343,\"publisher\":{\"@id\":\"https:\\\/\\\/comport.es\\\/#organization\"},\"image\":{\"@id\":\"https:\\\/\\\/comport.es\\\/index.php\\\/noticias\\\/empresas-portuarias-de-la-bahia-de-algeciras-fortalecen-sus-relaciones-comerciales-con-turquia\\\/#primaryimage\"},\"thumbnailUrl\":\"https:\\\/\\\/comport.es\\\/wp-content\\\/uploads\\\/2023\\\/09\\\/TURQUIA_COMPORT.jpg\",\"articleSection\":[\"Noticias\"],\"inLanguage\":\"es\"},{\"@type\":\"WebPage\",\"@id\":\"https:\\\/\\\/comport.es\\\/index.php\\\/noticias\\\/empresas-portuarias-de-la-bahia-de-algeciras-fortalecen-sus-relaciones-comerciales-con-turquia\\\/\",\"url\":\"https:\\\/\\\/comport.es\\\/index.php\\\/noticias\\\/empresas-portuarias-de-la-bahia-de-algeciras-fortalecen-sus-relaciones-comerciales-con-turquia\\\/\",\"name\":\"Empresas portuarias de la Bah\u00eda de Algeciras fortalecen sus relaciones comerciales con Turqu\u00eda | COMPORT\",\"isPartOf\":{\"@id\":\"https:\\\/\\\/comport.es\\\/#website\"},\"primaryImageOfPage\":{\"@id\":\"https:\\\/\\\/comport.es\\\/index.php\\\/noticias\\\/empresas-portuarias-de-la-bahia-de-algeciras-fortalecen-sus-relaciones-comerciales-con-turquia\\\/#primaryimage\"},\"image\":{\"@id\":\"https:\\\/\\\/comport.es\\\/index.php\\\/noticias\\\/empresas-portuarias-de-la-bahia-de-algeciras-fortalecen-sus-relaciones-comerciales-con-turquia\\\/#primaryimage\"},\"thumbnailUrl\":\"https:\\\/\\\/comport.es\\\/wp-content\\\/uploads\\\/2023\\\/09\\\/TURQUIA_COMPORT.jpg\",\"datePublished\":\"2023-09-27T09:49:48+00:00\",\"dateModified\":\"2023-09-27T09:50:47+00:00\",\"breadcrumb\":{\"@id\":\"https:\\\/\\\/comport.es\\\/index.php\\\/noticias\\\/empresas-portuarias-de-la-bahia-de-algeciras-fortalecen-sus-relaciones-comerciales-con-turquia\\\/#breadcrumb\"},\"inLanguage\":\"es\",\"potentialAction\":[{\"@type\":\"ReadAction\",\"target\":[\"https:\\\/\\\/comport.es\\\/index.php\\\/noticias\\\/empresas-portuarias-de-la-bahia-de-algeciras-fortalecen-sus-relaciones-comerciales-con-turquia\\\/\"]}]},{\"@type\":\"ImageObject\",\"inLanguage\":\"es\",\"@id\":\"https:\\\/\\\/comport.es\\\/index.php\\\/noticias\\\/empresas-portuarias-de-la-bahia-de-algeciras-fortalecen-sus-relaciones-comerciales-con-turquia\\\/#primaryimage\",\"url\":\"https:\\\/\\\/comport.es\\\/wp-content\\\/uploads\\\/2023\\\/09\\\/TURQUIA_COMPORT.jpg\",\"contentUrl\":\"https:\\\/\\\/comport.es\\\/wp-content\\\/uploads\\\/2023\\\/09\\\/TURQUIA_COMPORT.jpg\",\"width\":1300,\"height\":722},{\"@type\":\"BreadcrumbList\",\"@id\":\"https:\\\/\\\/comport.es\\\/index.php\\\/noticias\\\/empresas-portuarias-de-la-bahia-de-algeciras-fortalecen-sus-relaciones-comerciales-con-turquia\\\/#breadcrumb\",\"itemListElement\":[{\"@type\":\"ListItem\",\"position\":1,\"name\":\"Portada\",\"item\":\"https:\\\/\\\/comport.es\\\/\"},{\"@type\":\"ListItem\",\"position\":2,\"name\":\"Empresas portuarias de la Bah\u00eda de Algeciras fortalecen sus relaciones comerciales con Turqu\u00eda\"}]},{\"@type\":\"WebSite\",\"@id\":\"https:\\\/\\\/comport.es\\\/#website\",\"url\":\"https:\\\/\\\/comport.es\\\/\",\"name\":\"COMPORT\",\"description\":\"Port Community of Algeciras Bay\",\"publisher\":{\"@id\":\"https:\\\/\\\/comport.es\\\/#organization\"},\"potentialAction\":[{\"@type\":\"SearchAction\",\"target\":{\"@type\":\"EntryPoint\",\"urlTemplate\":\"https:\\\/\\\/comport.es\\\/?s={search_term_string}\"},\"query-input\":{\"@type\":\"PropertyValueSpecification\",\"valueRequired\":true,\"valueName\":\"search_term_string\"}}],\"inLanguage\":\"es\"},{\"@type\":\"Organization\",\"@id\":\"https:\\\/\\\/comport.es\\\/#organization\",\"name\":\"ALGECIRAS PORT COMMUNITY - COMPORT\",\"url\":\"https:\\\/\\\/comport.es\\\/\",\"logo\":{\"@type\":\"ImageObject\",\"inLanguage\":\"es\",\"@id\":\"https:\\\/\\\/comport.es\\\/#\\\/schema\\\/logo\\\/image\\\/\",\"url\":\"https:\\\/\\\/comport.es\\\/wp-content\\\/uploads\\\/2020\\\/10\\\/logo_comport_20m.png\",\"contentUrl\":\"https:\\\/\\\/comport.es\\\/wp-content\\\/uploads\\\/2020\\\/10\\\/logo_comport_20m.png\",\"width\":600,\"height\":170,\"caption\":\"ALGECIRAS PORT COMMUNITY - COMPORT\"},\"image\":{\"@id\":\"https:\\\/\\\/comport.es\\\/#\\\/schema\\\/logo\\\/image\\\/\"}},{\"@type\":\"Person\",\"@id\":\"https:\\\/\\\/comport.es\\\/#\\\/schema\\\/person\\\/9277649f8e04dd48c3d73bbaf2c7bebc\",\"name\":\"admincomport\"}]}<\/script>\n<!-- \/ Yoast SEO plugin. -->","yoast_head_json":{"title":"Empresas portuarias de la Bah\u00eda de Algeciras fortalecen sus relaciones comerciales con Turqu\u00eda | COMPORT","robots":{"index":"noindex","follow":"follow"},"og_locale":"es_ES","og_type":"article","og_title":"Empresas portuarias de la Bah\u00eda de Algeciras fortalecen sus relaciones comerciales con Turqu\u00eda | COMPORT","og_description":"En la primera jornada de misi\u00f3n comercial han visitado la Asociaci\u00f3n de Transitarios de Estambul La primera jornada de trabajo de la delegaci\u00f3n del Puerto Bah\u00eda de Algeciras desplazada a Estambul reuni\u00f3 a m\u00e1s de una veintena de empresas con actividades relacionadas con el Puerto [&hellip;]","og_url":"https:\/\/comport.es\/index.php\/noticias\/empresas-portuarias-de-la-bahia-de-algeciras-fortalecen-sus-relaciones-comerciales-con-turquia\/","og_site_name":"COMPORT","article_published_time":"2023-09-27T09:49:48+00:00","article_modified_time":"2023-09-27T09:50:47+00:00","og_image":[{"width":1300,"height":722,"url":"https:\/\/comport.es\/wp-content\/uploads\/2023\/09\/TURQUIA_COMPORT.jpg","type":"image\/jpeg"}],"author":"admincomport","twitter_card":"summary_large_image","twitter_misc":{"Escrito por":"admincomport","Tiempo de lectura":"2 minutos"},"schema":{"@context":"https:\/\/schema.org","@graph":[{"@type":"Article","@id":"https:\/\/comport.es\/index.php\/noticias\/empresas-portuarias-de-la-bahia-de-algeciras-fortalecen-sus-relaciones-comerciales-con-turquia\/#article","isPartOf":{"@id":"https:\/\/comport.es\/index.php\/noticias\/empresas-portuarias-de-la-bahia-de-algeciras-fortalecen-sus-relaciones-comerciales-con-turquia\/"},"author":{"name":"admincomport","@id":"https:\/\/comport.es\/#\/schema\/person\/9277649f8e04dd48c3d73bbaf2c7bebc"},"headline":"Empresas portuarias de la Bah\u00eda de Algeciras fortalecen sus relaciones comerciales con Turqu\u00eda","datePublished":"2023-09-27T09:49:48+00:00","dateModified":"2023-09-27T09:50:47+00:00","mainEntityOfPage":{"@id":"https:\/\/comport.es\/index.php\/noticias\/empresas-portuarias-de-la-bahia-de-algeciras-fortalecen-sus-relaciones-comerciales-con-turquia\/"},"wordCount":343,"publisher":{"@id":"https:\/\/comport.es\/#organization"},"image":{"@id":"https:\/\/comport.es\/index.php\/noticias\/empresas-portuarias-de-la-bahia-de-algeciras-fortalecen-sus-relaciones-comerciales-con-turquia\/#primaryimage"},"thumbnailUrl":"https:\/\/comport.es\/wp-content\/uploads\/2023\/09\/TURQUIA_COMPORT.jpg","articleSection":["Noticias"],"inLanguage":"es"},{"@type":"WebPage","@id":"https:\/\/comport.es\/index.php\/noticias\/empresas-portuarias-de-la-bahia-de-algeciras-fortalecen-sus-relaciones-comerciales-con-turquia\/","url":"https:\/\/comport.es\/index.php\/noticias\/empresas-portuarias-de-la-bahia-de-algeciras-fortalecen-sus-relaciones-comerciales-con-turquia\/","name":"Empresas portuarias de la Bah\u00eda de Algeciras fortalecen sus relaciones comerciales con Turqu\u00eda | COMPORT","isPartOf":{"@id":"https:\/\/comport.es\/#website"},"primaryImageOfPage":{"@id":"https:\/\/comport.es\/index.php\/noticias\/empresas-portuarias-de-la-bahia-de-algeciras-fortalecen-sus-relaciones-comerciales-con-turquia\/#primaryimage"},"image":{"@id":"https:\/\/comport.es\/index.php\/noticias\/empresas-portuarias-de-la-bahia-de-algeciras-fortalecen-sus-relaciones-comerciales-con-turquia\/#primaryimage"},"thumbnailUrl":"https:\/\/comport.es\/wp-content\/uploads\/2023\/09\/TURQUIA_COMPORT.jpg","datePublished":"2023-09-27T09:49:48+00:00","dateModified":"2023-09-27T09:50:47+00:00","breadcrumb":{"@id":"https:\/\/comport.es\/index.php\/noticias\/empresas-portuarias-de-la-bahia-de-algeciras-fortalecen-sus-relaciones-comerciales-con-turquia\/#breadcrumb"},"inLanguage":"es","potentialAction":[{"@type":"ReadAction","target":["https:\/\/comport.es\/index.php\/noticias\/empresas-portuarias-de-la-bahia-de-algeciras-fortalecen-sus-relaciones-comerciales-con-turquia\/"]}]},{"@type":"ImageObject","inLanguage":"es","@id":"https:\/\/comport.es\/index.php\/noticias\/empresas-portuarias-de-la-bahia-de-algeciras-fortalecen-sus-relaciones-comerciales-con-turquia\/#primaryimage","url":"https:\/\/comport.es\/wp-content\/uploads\/2023\/09\/TURQUIA_COMPORT.jpg","contentUrl":"https:\/\/comport.es\/wp-content\/uploads\/2023\/09\/TURQUIA_COMPORT.jpg","width":1300,"height":722},{"@type":"BreadcrumbList","@id":"https:\/\/comport.es\/index.php\/noticias\/empresas-portuarias-de-la-bahia-de-algeciras-fortalecen-sus-relaciones-comerciales-con-turquia\/#breadcrumb","itemListElement":[{"@type":"ListItem","position":1,"name":"Portada","item":"https:\/\/comport.es\/"},{"@type":"ListItem","position":2,"name":"Empresas portuarias de la Bah\u00eda de Algeciras fortalecen sus relaciones comerciales con Turqu\u00eda"}]},{"@type":"WebSite","@id":"https:\/\/comport.es\/#website","url":"https:\/\/comport.es\/","name":"COMPORT","description":"Port Community of Algeciras Bay","publisher":{"@id":"https:\/\/comport.es\/#organization"},"potentialAction":[{"@type":"SearchAction","target":{"@type":"EntryPoint","urlTemplate":"https:\/\/comport.es\/?s={search_term_string}"},"query-input":{"@type":"PropertyValueSpecification","valueRequired":true,"valueName":"search_term_string"}}],"inLanguage":"es"},{"@type":"Organization","@id":"https:\/\/comport.es\/#organization","name":"ALGECIRAS PORT COMMUNITY - COMPORT","url":"https:\/\/comport.es\/","logo":{"@type":"ImageObject","inLanguage":"es","@id":"https:\/\/comport.es\/#\/schema\/logo\/image\/","url":"https:\/\/comport.es\/wp-content\/uploads\/2020\/10\/logo_comport_20m.png","contentUrl":"https:\/\/comport.es\/wp-content\/uploads\/2020\/10\/logo_comport_20m.png","width":600,"height":170,"caption":"ALGECIRAS PORT COMMUNITY - COMPORT"},"image":{"@id":"https:\/\/comport.es\/#\/schema\/logo\/image\/"}},{"@type":"Person","@id":"https:\/\/comport.es\/#\/schema\/person\/9277649f8e04dd48c3d73bbaf2c7bebc","name":"admincomport"}]}},"_links":{"self":[{"href":"https:\/\/comport.es\/index.php\/wp-json\/wp\/v2\/posts\/8044","targetHints":{"allow":["GET"]}}],"collection":[{"href":"https:\/\/comport.es\/index.php\/wp-json\/wp\/v2\/posts"}],"about":[{"href":"https:\/\/comport.es\/index.php\/wp-json\/wp\/v2\/types\/post"}],"author":[{"embeddable":true,"href":"https:\/\/comport.es\/index.php\/wp-json\/wp\/v2\/users\/1"}],"replies":[{"embeddable":true,"href":"https:\/\/comport.es\/index.php\/wp-json\/wp\/v2\/comments?post=8044"}],"version-history":[{"count":3,"href":"https:\/\/comport.es\/index.php\/wp-json\/wp\/v2\/posts\/8044\/revisions"}],"predecessor-version":[{"id":8047,"href":"https:\/\/comport.es\/index.php\/wp-json\/wp\/v2\/posts\/8044\/revisions\/8047"}],"wp:featuredmedia":[{"embeddable":true,"href":"https:\/\/comport.es\/index.php\/wp-json\/wp\/v2\/media\/8042"}],"wp:attachment":[{"href":"https:\/\/comport.es\/index.php\/wp-json\/wp\/v2\/media?parent=8044"}],"wp:term":[{"taxonomy":"category","embeddable":true,"href":"https:\/\/comport.es\/index.php\/wp-json\/wp\/v2\/categories?post=8044"},{"taxonomy":"post_tag","embeddable":true,"href":"https:\/\/comport.es\/index.php\/wp-json\/wp\/v2\/tags?post=8044"}],"curies":[{"name":"wp","href":"https:\/\/api.w.org\/{rel}","templated":true}]}}