{"id":8019,"date":"2023-06-06T13:14:21","date_gmt":"2023-06-06T13:14:21","guid":{"rendered":"https:\/\/comport.es\/?p=8019"},"modified":"2023-06-12T09:31:02","modified_gmt":"2023-06-12T09:31:02","slug":"el-puerto-de-algeciras-muestra-todo-su-potencial-en-tres-importantes-ferias","status":"publish","type":"post","link":"https:\/\/comport.es\/index.php\/noticias\/el-puerto-de-algeciras-muestra-todo-su-potencial-en-tres-importantes-ferias\/","title":{"rendered":"El Puerto de Algeciras muestra todo su potencial en tres importantes ferias"},"content":{"rendered":"<p style=\"text-align: justify;\"><span style=\"color: #333333;\"><strong><span style=\"font-size: 18pt;\">En una intensa semana comercial, participa en eventos internacionales en R\u00f3terdam, Oslo y Barcelona<\/span><\/strong><\/span><\/p>\n<p>&nbsp;<\/p>\n<p style=\"text-align: justify;\"><span style=\"color: #333333;\"><em><span style=\"font-size: 18pt;\">El Puerto de Algeciras se consolida as\u00ed como un actor clave en el \u00e1mbito comercial y log\u00edstico<\/span><\/em><\/span><\/p>\n<p>&nbsp;<\/p>\n<p style=\"text-align: justify;\"><span style=\"color: #333333;\">Comenzando con <strong>Norshipping 2023<\/strong>, que se lleva acabo hasta el viernes 9 en Oslo, quince empresas dela Bah\u00eda de Algeciras especializadas en servicios para buques, como consignatarios, reparaciones, astilleros y suministro de combustible, est\u00e1n presentes en este evento internacional. El <\/span><span style=\"color: #333333;\"><strong>Puerto de Algeciras<\/strong> tiene su propio expositor en el Pabell\u00f3n Espa\u00f1ol del ICEX (Instituto Espa\u00f1ol de Comercio Exterior), donde ha recibido la visita de destacadas figuras como el secretario general de la Organizaci\u00f3n Mar\u00edtima Internacional (OMI), Kitack Lim, y el director de Medio Ambiente Marino de las Naciones Unidas, Arsenio Dom\u00ednguez. La delegaci\u00f3n del Puerto de Algeciras est\u00e1 encabezada por su director general, Jos\u00e9 Luis Hormaechea, y el integrante de la junta directiva de la Comunidad Portuaria, Juan Flores. Adem\u00e1s, cuenta con la presencia de representantes de importantes empresas como A P\u00e9rez y C\u00eda, Alfaship Shipping Agency, ASG Shipping, BayPort, Be Qu\u00edmica, BMT Repairs, Consulmar, Crosscomar,Elcome Europe, Next Maritime, Remesa, Sandvik Marine Electronics, Workboat Services, Zener Marine Elevator Services e Ib\u00e9rica Mar\u00edtima.<\/span><\/p>\n<p style=\"text-align: justify;\"><span style=\"color: #333333;\">En el stand del <strong>Puerto de Algeciras<\/strong> se llevar\u00e1 a cabo un encuentro de<strong> Networking Mar\u00edtimo<\/strong> este mi\u00e9rcoles a las 13:00 horas, dirigido a clientes y empresas interesadas en operar en este importante puerto del Estrecho.<\/span><\/p>\n<p style=\"text-align: justify;\"><span style=\"color: #333333;\">Por otro lado, <strong>la feria BreakBulk<\/strong>, especializada en cargas especiales, se celebra este a\u00f1o en R\u00f3terdam, donde representantes de la Autoridad Portuaria de Algeciras ( <strong>APBA<\/strong>), la Comunidad Portuaria y empresas como A P\u00e9rez y C\u00eda , Alfaship Shipping Agency, Lemmas Shipping, Next Maritime, Total Logistics Services, Transcoma y TTIA, se han trasladado para mostrar las capacidades del Puerto de Algeciras en el movimiento de mercanc\u00eda sobredimensionada. El puerto cuenta con un espacio en el stand \u201cPorts of Spain\u201d donde exhibir\u00e1 todas sus opciones y servicios.<\/span><\/p>\n<p style=\"text-align: justify;\"><span style=\"color: #333333;\">Finalmente, <strong>el Puerto de Algeciras<\/strong> tambi\u00e9n estar\u00e1 presente en el <strong>Sal\u00f3n Internacional dela Log\u00edstica de Barcelona (SIL)<\/strong>, donde el presidente de la APBA , Gerardo Landaluce, sostendr\u00e1 diversas reuniones de trabajo. Entre los temas a tratar destaca el relacionado con la futura autopista ferroviaria Algeciras-Zaragoza, un importante proyecto para mejorar la conectividad log\u00edstica en la regi\u00f3n.<\/span><\/p>\n<p style=\"text-align: justify;\"><span style=\"color: #333333;\">El <strong>Puerto de Algeciras<\/strong> se consolida as\u00ed como un actor clave en el \u00e1mbito comercial y log\u00edstico, demostrando su capacidad de atraer inversiones y ofreciendo soluciones integrales para el transporte de mercanc\u00edas a nivel internacional.<\/span><\/p>\n<p style=\"text-align: justify;\"><span style=\"color: #333333;\"><strong>FUENTE:<\/strong> EL ESTRECHO DIGITAL<\/span><\/p>\n","protected":false},"excerpt":{"rendered":"<p>En una intensa semana comercial, participa en eventos internacionales en R\u00f3terdam, Oslo y Barcelona &nbsp; El Puerto de Algeciras se consolida as\u00ed como un actor clave en el \u00e1mbito comercial y log\u00edstico &nbsp; Comenzando con Norshipping 2023, que se lleva acabo hasta el viernes 9 [&hellip;]<\/p>\n","protected":false},"author":1,"featured_media":8015,"comment_status":"closed","ping_status":"closed","sticky":false,"template":"","format":"gallery","meta":{"footnotes":""},"categories":[921],"tags":[],"class_list":["post-8019","post","type-post","status-publish","format-gallery","has-post-thumbnail","hentry","category-noticias","post_format-post-format-gallery"],"yoast_head":"<!-- This site is optimized with the Yoast SEO plugin v27.4 - https:\/\/yoast.com\/product\/yoast-seo-wordpress\/ -->\n<title>El Puerto de Algeciras muestra todo su potencial en tres importantes ferias | COMPORT<\/title>\n<meta name=\"robots\" content=\"noindex, follow\" \/>\n<meta property=\"og:locale\" content=\"es_ES\" \/>\n<meta property=\"og:type\" content=\"article\" \/>\n<meta property=\"og:title\" content=\"El Puerto de Algeciras muestra todo su potencial en tres importantes ferias | COMPORT\" \/>\n<meta property=\"og:description\" content=\"En una intensa semana comercial, participa en eventos internacionales en R\u00f3terdam, Oslo y Barcelona &nbsp; El Puerto de Algeciras se consolida as\u00ed como un actor clave en el \u00e1mbito comercial y log\u00edstico &nbsp; Comenzando con Norshipping 2023, que se lleva acabo hasta el viernes 9 [&hellip;]\" \/>\n<meta property=\"og:url\" content=\"https:\/\/comport.es\/index.php\/noticias\/el-puerto-de-algeciras-muestra-todo-su-potencial-en-tres-importantes-ferias\/\" \/>\n<meta property=\"og:site_name\" content=\"COMPORT\" \/>\n<meta property=\"article:published_time\" content=\"2023-06-06T13:14:21+00:00\" \/>\n<meta property=\"article:modified_time\" content=\"2023-06-12T09:31:02+00:00\" \/>\n<meta property=\"og:image\" content=\"https:\/\/comport.es\/wp-content\/uploads\/2023\/06\/OSLO.jpg\" \/>\n\t<meta property=\"og:image:width\" content=\"1300\" \/>\n\t<meta property=\"og:image:height\" content=\"722\" \/>\n\t<meta property=\"og:image:type\" content=\"image\/jpeg\" \/>\n<meta name=\"author\" content=\"admincomport\" \/>\n<meta name=\"twitter:card\" content=\"summary_large_image\" \/>\n<meta name=\"twitter:label1\" content=\"Escrito por\" \/>\n\t<meta name=\"twitter:data1\" content=\"admincomport\" \/>\n\t<meta name=\"twitter:label2\" content=\"Tiempo de lectura\" \/>\n\t<meta name=\"twitter:data2\" content=\"2 minutos\" \/>\n<script type=\"application\/ld+json\" class=\"yoast-schema-graph\">{\"@context\":\"https:\\\/\\\/schema.org\",\"@graph\":[{\"@type\":\"Article\",\"@id\":\"https:\\\/\\\/comport.es\\\/index.php\\\/noticias\\\/el-puerto-de-algeciras-muestra-todo-su-potencial-en-tres-importantes-ferias\\\/#article\",\"isPartOf\":{\"@id\":\"https:\\\/\\\/comport.es\\\/index.php\\\/noticias\\\/el-puerto-de-algeciras-muestra-todo-su-potencial-en-tres-importantes-ferias\\\/\"},\"author\":{\"name\":\"admincomport\",\"@id\":\"https:\\\/\\\/comport.es\\\/#\\\/schema\\\/person\\\/9277649f8e04dd48c3d73bbaf2c7bebc\"},\"headline\":\"El Puerto de Algeciras muestra todo su potencial en tres importantes ferias\",\"datePublished\":\"2023-06-06T13:14:21+00:00\",\"dateModified\":\"2023-06-12T09:31:02+00:00\",\"mainEntityOfPage\":{\"@id\":\"https:\\\/\\\/comport.es\\\/index.php\\\/noticias\\\/el-puerto-de-algeciras-muestra-todo-su-potencial-en-tres-importantes-ferias\\\/\"},\"wordCount\":450,\"publisher\":{\"@id\":\"https:\\\/\\\/comport.es\\\/#organization\"},\"image\":{\"@id\":\"https:\\\/\\\/comport.es\\\/index.php\\\/noticias\\\/el-puerto-de-algeciras-muestra-todo-su-potencial-en-tres-importantes-ferias\\\/#primaryimage\"},\"thumbnailUrl\":\"https:\\\/\\\/comport.es\\\/wp-content\\\/uploads\\\/2023\\\/06\\\/OSLO.jpg\",\"articleSection\":[\"Noticias\"],\"inLanguage\":\"es\"},{\"@type\":\"WebPage\",\"@id\":\"https:\\\/\\\/comport.es\\\/index.php\\\/noticias\\\/el-puerto-de-algeciras-muestra-todo-su-potencial-en-tres-importantes-ferias\\\/\",\"url\":\"https:\\\/\\\/comport.es\\\/index.php\\\/noticias\\\/el-puerto-de-algeciras-muestra-todo-su-potencial-en-tres-importantes-ferias\\\/\",\"name\":\"El Puerto de Algeciras muestra todo su potencial en tres importantes ferias | COMPORT\",\"isPartOf\":{\"@id\":\"https:\\\/\\\/comport.es\\\/#website\"},\"primaryImageOfPage\":{\"@id\":\"https:\\\/\\\/comport.es\\\/index.php\\\/noticias\\\/el-puerto-de-algeciras-muestra-todo-su-potencial-en-tres-importantes-ferias\\\/#primaryimage\"},\"image\":{\"@id\":\"https:\\\/\\\/comport.es\\\/index.php\\\/noticias\\\/el-puerto-de-algeciras-muestra-todo-su-potencial-en-tres-importantes-ferias\\\/#primaryimage\"},\"thumbnailUrl\":\"https:\\\/\\\/comport.es\\\/wp-content\\\/uploads\\\/2023\\\/06\\\/OSLO.jpg\",\"datePublished\":\"2023-06-06T13:14:21+00:00\",\"dateModified\":\"2023-06-12T09:31:02+00:00\",\"breadcrumb\":{\"@id\":\"https:\\\/\\\/comport.es\\\/index.php\\\/noticias\\\/el-puerto-de-algeciras-muestra-todo-su-potencial-en-tres-importantes-ferias\\\/#breadcrumb\"},\"inLanguage\":\"es\",\"potentialAction\":[{\"@type\":\"ReadAction\",\"target\":[\"https:\\\/\\\/comport.es\\\/index.php\\\/noticias\\\/el-puerto-de-algeciras-muestra-todo-su-potencial-en-tres-importantes-ferias\\\/\"]}]},{\"@type\":\"ImageObject\",\"inLanguage\":\"es\",\"@id\":\"https:\\\/\\\/comport.es\\\/index.php\\\/noticias\\\/el-puerto-de-algeciras-muestra-todo-su-potencial-en-tres-importantes-ferias\\\/#primaryimage\",\"url\":\"https:\\\/\\\/comport.es\\\/wp-content\\\/uploads\\\/2023\\\/06\\\/OSLO.jpg\",\"contentUrl\":\"https:\\\/\\\/comport.es\\\/wp-content\\\/uploads\\\/2023\\\/06\\\/OSLO.jpg\",\"width\":1300,\"height\":722},{\"@type\":\"BreadcrumbList\",\"@id\":\"https:\\\/\\\/comport.es\\\/index.php\\\/noticias\\\/el-puerto-de-algeciras-muestra-todo-su-potencial-en-tres-importantes-ferias\\\/#breadcrumb\",\"itemListElement\":[{\"@type\":\"ListItem\",\"position\":1,\"name\":\"Portada\",\"item\":\"https:\\\/\\\/comport.es\\\/\"},{\"@type\":\"ListItem\",\"position\":2,\"name\":\"El Puerto de Algeciras muestra todo su potencial en tres importantes ferias\"}]},{\"@type\":\"WebSite\",\"@id\":\"https:\\\/\\\/comport.es\\\/#website\",\"url\":\"https:\\\/\\\/comport.es\\\/\",\"name\":\"COMPORT\",\"description\":\"Port Community of Algeciras Bay\",\"publisher\":{\"@id\":\"https:\\\/\\\/comport.es\\\/#organization\"},\"potentialAction\":[{\"@type\":\"SearchAction\",\"target\":{\"@type\":\"EntryPoint\",\"urlTemplate\":\"https:\\\/\\\/comport.es\\\/?s={search_term_string}\"},\"query-input\":{\"@type\":\"PropertyValueSpecification\",\"valueRequired\":true,\"valueName\":\"search_term_string\"}}],\"inLanguage\":\"es\"},{\"@type\":\"Organization\",\"@id\":\"https:\\\/\\\/comport.es\\\/#organization\",\"name\":\"ALGECIRAS PORT COMMUNITY - COMPORT\",\"url\":\"https:\\\/\\\/comport.es\\\/\",\"logo\":{\"@type\":\"ImageObject\",\"inLanguage\":\"es\",\"@id\":\"https:\\\/\\\/comport.es\\\/#\\\/schema\\\/logo\\\/image\\\/\",\"url\":\"https:\\\/\\\/comport.es\\\/wp-content\\\/uploads\\\/2020\\\/10\\\/logo_comport_20m.png\",\"contentUrl\":\"https:\\\/\\\/comport.es\\\/wp-content\\\/uploads\\\/2020\\\/10\\\/logo_comport_20m.png\",\"width\":600,\"height\":170,\"caption\":\"ALGECIRAS PORT COMMUNITY - COMPORT\"},\"image\":{\"@id\":\"https:\\\/\\\/comport.es\\\/#\\\/schema\\\/logo\\\/image\\\/\"}},{\"@type\":\"Person\",\"@id\":\"https:\\\/\\\/comport.es\\\/#\\\/schema\\\/person\\\/9277649f8e04dd48c3d73bbaf2c7bebc\",\"name\":\"admincomport\"}]}<\/script>\n<!-- \/ Yoast SEO plugin. -->","yoast_head_json":{"title":"El Puerto de Algeciras muestra todo su potencial en tres importantes ferias | COMPORT","robots":{"index":"noindex","follow":"follow"},"og_locale":"es_ES","og_type":"article","og_title":"El Puerto de Algeciras muestra todo su potencial en tres importantes ferias | COMPORT","og_description":"En una intensa semana comercial, participa en eventos internacionales en R\u00f3terdam, Oslo y Barcelona &nbsp; El Puerto de Algeciras se consolida as\u00ed como un actor clave en el \u00e1mbito comercial y log\u00edstico &nbsp; Comenzando con Norshipping 2023, que se lleva acabo hasta el viernes 9 [&hellip;]","og_url":"https:\/\/comport.es\/index.php\/noticias\/el-puerto-de-algeciras-muestra-todo-su-potencial-en-tres-importantes-ferias\/","og_site_name":"COMPORT","article_published_time":"2023-06-06T13:14:21+00:00","article_modified_time":"2023-06-12T09:31:02+00:00","og_image":[{"width":1300,"height":722,"url":"https:\/\/comport.es\/wp-content\/uploads\/2023\/06\/OSLO.jpg","type":"image\/jpeg"}],"author":"admincomport","twitter_card":"summary_large_image","twitter_misc":{"Escrito por":"admincomport","Tiempo de lectura":"2 minutos"},"schema":{"@context":"https:\/\/schema.org","@graph":[{"@type":"Article","@id":"https:\/\/comport.es\/index.php\/noticias\/el-puerto-de-algeciras-muestra-todo-su-potencial-en-tres-importantes-ferias\/#article","isPartOf":{"@id":"https:\/\/comport.es\/index.php\/noticias\/el-puerto-de-algeciras-muestra-todo-su-potencial-en-tres-importantes-ferias\/"},"author":{"name":"admincomport","@id":"https:\/\/comport.es\/#\/schema\/person\/9277649f8e04dd48c3d73bbaf2c7bebc"},"headline":"El Puerto de Algeciras muestra todo su potencial en tres importantes ferias","datePublished":"2023-06-06T13:14:21+00:00","dateModified":"2023-06-12T09:31:02+00:00","mainEntityOfPage":{"@id":"https:\/\/comport.es\/index.php\/noticias\/el-puerto-de-algeciras-muestra-todo-su-potencial-en-tres-importantes-ferias\/"},"wordCount":450,"publisher":{"@id":"https:\/\/comport.es\/#organization"},"image":{"@id":"https:\/\/comport.es\/index.php\/noticias\/el-puerto-de-algeciras-muestra-todo-su-potencial-en-tres-importantes-ferias\/#primaryimage"},"thumbnailUrl":"https:\/\/comport.es\/wp-content\/uploads\/2023\/06\/OSLO.jpg","articleSection":["Noticias"],"inLanguage":"es"},{"@type":"WebPage","@id":"https:\/\/comport.es\/index.php\/noticias\/el-puerto-de-algeciras-muestra-todo-su-potencial-en-tres-importantes-ferias\/","url":"https:\/\/comport.es\/index.php\/noticias\/el-puerto-de-algeciras-muestra-todo-su-potencial-en-tres-importantes-ferias\/","name":"El Puerto de Algeciras muestra todo su potencial en tres importantes ferias | COMPORT","isPartOf":{"@id":"https:\/\/comport.es\/#website"},"primaryImageOfPage":{"@id":"https:\/\/comport.es\/index.php\/noticias\/el-puerto-de-algeciras-muestra-todo-su-potencial-en-tres-importantes-ferias\/#primaryimage"},"image":{"@id":"https:\/\/comport.es\/index.php\/noticias\/el-puerto-de-algeciras-muestra-todo-su-potencial-en-tres-importantes-ferias\/#primaryimage"},"thumbnailUrl":"https:\/\/comport.es\/wp-content\/uploads\/2023\/06\/OSLO.jpg","datePublished":"2023-06-06T13:14:21+00:00","dateModified":"2023-06-12T09:31:02+00:00","breadcrumb":{"@id":"https:\/\/comport.es\/index.php\/noticias\/el-puerto-de-algeciras-muestra-todo-su-potencial-en-tres-importantes-ferias\/#breadcrumb"},"inLanguage":"es","potentialAction":[{"@type":"ReadAction","target":["https:\/\/comport.es\/index.php\/noticias\/el-puerto-de-algeciras-muestra-todo-su-potencial-en-tres-importantes-ferias\/"]}]},{"@type":"ImageObject","inLanguage":"es","@id":"https:\/\/comport.es\/index.php\/noticias\/el-puerto-de-algeciras-muestra-todo-su-potencial-en-tres-importantes-ferias\/#primaryimage","url":"https:\/\/comport.es\/wp-content\/uploads\/2023\/06\/OSLO.jpg","contentUrl":"https:\/\/comport.es\/wp-content\/uploads\/2023\/06\/OSLO.jpg","width":1300,"height":722},{"@type":"BreadcrumbList","@id":"https:\/\/comport.es\/index.php\/noticias\/el-puerto-de-algeciras-muestra-todo-su-potencial-en-tres-importantes-ferias\/#breadcrumb","itemListElement":[{"@type":"ListItem","position":1,"name":"Portada","item":"https:\/\/comport.es\/"},{"@type":"ListItem","position":2,"name":"El Puerto de Algeciras muestra todo su potencial en tres importantes ferias"}]},{"@type":"WebSite","@id":"https:\/\/comport.es\/#website","url":"https:\/\/comport.es\/","name":"COMPORT","description":"Port Community of Algeciras Bay","publisher":{"@id":"https:\/\/comport.es\/#organization"},"potentialAction":[{"@type":"SearchAction","target":{"@type":"EntryPoint","urlTemplate":"https:\/\/comport.es\/?s={search_term_string}"},"query-input":{"@type":"PropertyValueSpecification","valueRequired":true,"valueName":"search_term_string"}}],"inLanguage":"es"},{"@type":"Organization","@id":"https:\/\/comport.es\/#organization","name":"ALGECIRAS PORT COMMUNITY - COMPORT","url":"https:\/\/comport.es\/","logo":{"@type":"ImageObject","inLanguage":"es","@id":"https:\/\/comport.es\/#\/schema\/logo\/image\/","url":"https:\/\/comport.es\/wp-content\/uploads\/2020\/10\/logo_comport_20m.png","contentUrl":"https:\/\/comport.es\/wp-content\/uploads\/2020\/10\/logo_comport_20m.png","width":600,"height":170,"caption":"ALGECIRAS PORT COMMUNITY - COMPORT"},"image":{"@id":"https:\/\/comport.es\/#\/schema\/logo\/image\/"}},{"@type":"Person","@id":"https:\/\/comport.es\/#\/schema\/person\/9277649f8e04dd48c3d73bbaf2c7bebc","name":"admincomport"}]}},"_links":{"self":[{"href":"https:\/\/comport.es\/index.php\/wp-json\/wp\/v2\/posts\/8019","targetHints":{"allow":["GET"]}}],"collection":[{"href":"https:\/\/comport.es\/index.php\/wp-json\/wp\/v2\/posts"}],"about":[{"href":"https:\/\/comport.es\/index.php\/wp-json\/wp\/v2\/types\/post"}],"author":[{"embeddable":true,"href":"https:\/\/comport.es\/index.php\/wp-json\/wp\/v2\/users\/1"}],"replies":[{"embeddable":true,"href":"https:\/\/comport.es\/index.php\/wp-json\/wp\/v2\/comments?post=8019"}],"version-history":[{"count":4,"href":"https:\/\/comport.es\/index.php\/wp-json\/wp\/v2\/posts\/8019\/revisions"}],"predecessor-version":[{"id":8023,"href":"https:\/\/comport.es\/index.php\/wp-json\/wp\/v2\/posts\/8019\/revisions\/8023"}],"wp:featuredmedia":[{"embeddable":true,"href":"https:\/\/comport.es\/index.php\/wp-json\/wp\/v2\/media\/8015"}],"wp:attachment":[{"href":"https:\/\/comport.es\/index.php\/wp-json\/wp\/v2\/media?parent=8019"}],"wp:term":[{"taxonomy":"category","embeddable":true,"href":"https:\/\/comport.es\/index.php\/wp-json\/wp\/v2\/categories?post=8019"},{"taxonomy":"post_tag","embeddable":true,"href":"https:\/\/comport.es\/index.php\/wp-json\/wp\/v2\/tags?post=8019"}],"curies":[{"name":"wp","href":"https:\/\/api.w.org\/{rel}","templated":true}]}}