{"id":8014,"date":"2023-05-23T13:04:38","date_gmt":"2023-05-23T13:04:38","guid":{"rendered":"https:\/\/comport.es\/?p=8014"},"modified":"2023-06-09T13:13:56","modified_gmt":"2023-06-09T13:13:56","slug":"el-puerto-de-algeciras-pone-en-valor-en-munich-su-conectividad-y-las-potencialidades-de-su-comunidad-portuaria","status":"publish","type":"post","link":"https:\/\/comport.es\/index.php\/noticias\/el-puerto-de-algeciras-pone-en-valor-en-munich-su-conectividad-y-las-potencialidades-de-su-comunidad-portuaria\/","title":{"rendered":"El Puerto de Algeciras pone en valor en M\u00fanich su conectividad y las potencialidades de su comunidad portuaria"},"content":{"rendered":"<p style=\"text-align: justify;\"><strong><span style=\"color: #000000; font-size: 18pt;\">Transport Logistic resulta una buena oportunidad para dar a conocer la los servicios log\u00edsticos de la comunidad portuaria de la Bah\u00eda de Algeciras<\/span><\/strong><\/p>\n<p style=\"text-align: justify;\"><span style=\"color: #000000;\">El <strong>Puerto de Algeciras<\/strong> est\u00e1 presente en la nueva edici\u00f3n de la <strong>feria Transport Logistic<\/strong> que se est\u00e1 celebrando esta semana en <strong>M\u00fanich<\/strong> (Alemania). Esta exhibici\u00f3n bienal, que vuelve con fuerza tras cuatro a\u00f1os de inactividad causada por la pandemia, reuni\u00f3 en su \u00faltima edici\u00f3n en 2019 a 2.374 expositores de 63 pa\u00edses y atrajo a m\u00e1s de 64.000visitantes de todas partes del mundo.<\/span><\/p>\n<p style=\"text-align: justify;\"><span style=\"color: #000000;\">El <strong>Puerto de Algeciras<\/strong> participa en este evento de la mano del Organismo P\u00fablico <strong>Puertos del Estado<\/strong> , que posee un destacado espacio expositivo (B4.306). En \u00e9l, los puertos espa\u00f1oles y su comunidad portuaria presentan su realidad y perspectivas de futuro en relaci\u00f3n a la eficiencia de la cadena de suministro, un tema de vital importancia en la econom\u00eda global.<\/span><\/p>\n<p style=\"text-align: justify;\"><span style=\"color: #000000;\"><strong>La Autoridad Portuaria de la Bah\u00eda de Algeciras<\/strong> aprovechar\u00e1 este escenario para presentar sus servicios junto a varias empresas de su comunidad portuaria. Entre ellas destacan Tramarco y South Supplies &amp; Logistics, dos compa\u00f1\u00edas que han viajado a Alemania para atender a los clientes en este destacado encuentro sectorial.<\/span><\/p>\n<p style=\"text-align: justify;\"><span style=\"color: #000000;\">La delegaci\u00f3n de Algeciras aprovecha esta oportunidad para posicionarse como una delas principales puertas de entrada y salida del sur de Europa para importadores y\u00a0 exportadores. Su estrat\u00e9gica ubicaci\u00f3n y su amplia oferta de conexiones mar\u00edtimas directas con los puertos m\u00e1s importantes del mundo la convierten en un actor relevante en el sector.<\/span><\/p>\n<p style=\"text-align: justify;\"><span style=\"color: #000000;\"><strong>Transport Logistic<\/strong> se convierte as\u00ed en un escaparate clave para el colectivo transitario, agrupando la mayor oferta mundial de empresas del sector. Esta feria representa una oportunidad para estrechar lazos con los agentes del sector, <strong>abrir nuevas l\u00edneas de contacto y descubrir nuevas oportunidades de negocio<\/strong>.<\/span><\/p>\n<p style=\"text-align: justify;\"><span style=\"color: #000000;\"><strong>FUENTE:<\/strong> EL ESTRECHO DIGITAL<\/span><\/p>\n<p style=\"text-align: justify;\">\n","protected":false},"excerpt":{"rendered":"<p>Transport Logistic resulta una buena oportunidad para dar a conocer la los servicios log\u00edsticos de la comunidad portuaria de la Bah\u00eda de Algeciras El Puerto de Algeciras est\u00e1 presente en la nueva edici\u00f3n de la feria Transport Logistic que se est\u00e1 celebrando esta semana en [&hellip;]<\/p>\n","protected":false},"author":1,"featured_media":8016,"comment_status":"closed","ping_status":"closed","sticky":false,"template":"","format":"standard","meta":{"footnotes":""},"categories":[921],"tags":[],"class_list":["post-8014","post","type-post","status-publish","format-standard","has-post-thumbnail","hentry","category-noticias"],"yoast_head":"<!-- This site is optimized with the Yoast SEO plugin v27.4 - https:\/\/yoast.com\/product\/yoast-seo-wordpress\/ -->\n<title>El Puerto de Algeciras pone en valor en M\u00fanich su conectividad y las potencialidades de su comunidad portuaria | COMPORT<\/title>\n<meta name=\"robots\" content=\"noindex, follow\" \/>\n<meta property=\"og:locale\" content=\"es_ES\" \/>\n<meta property=\"og:type\" content=\"article\" \/>\n<meta property=\"og:title\" content=\"El Puerto de Algeciras pone en valor en M\u00fanich su conectividad y las potencialidades de su comunidad portuaria | COMPORT\" \/>\n<meta property=\"og:description\" content=\"Transport Logistic resulta una buena oportunidad para dar a conocer la los servicios log\u00edsticos de la comunidad portuaria de la Bah\u00eda de Algeciras El Puerto de Algeciras est\u00e1 presente en la nueva edici\u00f3n de la feria Transport Logistic que se est\u00e1 celebrando esta semana en [&hellip;]\" \/>\n<meta property=\"og:url\" content=\"https:\/\/comport.es\/index.php\/noticias\/el-puerto-de-algeciras-pone-en-valor-en-munich-su-conectividad-y-las-potencialidades-de-su-comunidad-portuaria\/\" \/>\n<meta property=\"og:site_name\" content=\"COMPORT\" \/>\n<meta property=\"article:published_time\" content=\"2023-05-23T13:04:38+00:00\" \/>\n<meta property=\"article:modified_time\" content=\"2023-06-09T13:13:56+00:00\" \/>\n<meta property=\"og:image\" content=\"https:\/\/comport.es\/wp-content\/uploads\/2023\/06\/TRANSPORT_LOGISTICS.jpg\" \/>\n\t<meta property=\"og:image:width\" content=\"1300\" \/>\n\t<meta property=\"og:image:height\" content=\"722\" \/>\n\t<meta property=\"og:image:type\" content=\"image\/jpeg\" \/>\n<meta name=\"author\" content=\"admincomport\" \/>\n<meta name=\"twitter:card\" content=\"summary_large_image\" \/>\n<meta name=\"twitter:label1\" content=\"Escrito por\" \/>\n\t<meta name=\"twitter:data1\" content=\"admincomport\" \/>\n\t<meta name=\"twitter:label2\" content=\"Tiempo de lectura\" \/>\n\t<meta name=\"twitter:data2\" content=\"2 minutos\" \/>\n<script type=\"application\/ld+json\" class=\"yoast-schema-graph\">{\"@context\":\"https:\\\/\\\/schema.org\",\"@graph\":[{\"@type\":\"Article\",\"@id\":\"https:\\\/\\\/comport.es\\\/index.php\\\/noticias\\\/el-puerto-de-algeciras-pone-en-valor-en-munich-su-conectividad-y-las-potencialidades-de-su-comunidad-portuaria\\\/#article\",\"isPartOf\":{\"@id\":\"https:\\\/\\\/comport.es\\\/index.php\\\/noticias\\\/el-puerto-de-algeciras-pone-en-valor-en-munich-su-conectividad-y-las-potencialidades-de-su-comunidad-portuaria\\\/\"},\"author\":{\"name\":\"admincomport\",\"@id\":\"https:\\\/\\\/comport.es\\\/#\\\/schema\\\/person\\\/9277649f8e04dd48c3d73bbaf2c7bebc\"},\"headline\":\"El Puerto de Algeciras pone en valor en M\u00fanich su conectividad y las potencialidades de su comunidad portuaria\",\"datePublished\":\"2023-05-23T13:04:38+00:00\",\"dateModified\":\"2023-06-09T13:13:56+00:00\",\"mainEntityOfPage\":{\"@id\":\"https:\\\/\\\/comport.es\\\/index.php\\\/noticias\\\/el-puerto-de-algeciras-pone-en-valor-en-munich-su-conectividad-y-las-potencialidades-de-su-comunidad-portuaria\\\/\"},\"wordCount\":335,\"publisher\":{\"@id\":\"https:\\\/\\\/comport.es\\\/#organization\"},\"image\":{\"@id\":\"https:\\\/\\\/comport.es\\\/index.php\\\/noticias\\\/el-puerto-de-algeciras-pone-en-valor-en-munich-su-conectividad-y-las-potencialidades-de-su-comunidad-portuaria\\\/#primaryimage\"},\"thumbnailUrl\":\"https:\\\/\\\/comport.es\\\/wp-content\\\/uploads\\\/2023\\\/06\\\/TRANSPORT_LOGISTICS.jpg\",\"articleSection\":[\"Noticias\"],\"inLanguage\":\"es\"},{\"@type\":\"WebPage\",\"@id\":\"https:\\\/\\\/comport.es\\\/index.php\\\/noticias\\\/el-puerto-de-algeciras-pone-en-valor-en-munich-su-conectividad-y-las-potencialidades-de-su-comunidad-portuaria\\\/\",\"url\":\"https:\\\/\\\/comport.es\\\/index.php\\\/noticias\\\/el-puerto-de-algeciras-pone-en-valor-en-munich-su-conectividad-y-las-potencialidades-de-su-comunidad-portuaria\\\/\",\"name\":\"El Puerto de Algeciras pone en valor en M\u00fanich su conectividad y las potencialidades de su comunidad portuaria | COMPORT\",\"isPartOf\":{\"@id\":\"https:\\\/\\\/comport.es\\\/#website\"},\"primaryImageOfPage\":{\"@id\":\"https:\\\/\\\/comport.es\\\/index.php\\\/noticias\\\/el-puerto-de-algeciras-pone-en-valor-en-munich-su-conectividad-y-las-potencialidades-de-su-comunidad-portuaria\\\/#primaryimage\"},\"image\":{\"@id\":\"https:\\\/\\\/comport.es\\\/index.php\\\/noticias\\\/el-puerto-de-algeciras-pone-en-valor-en-munich-su-conectividad-y-las-potencialidades-de-su-comunidad-portuaria\\\/#primaryimage\"},\"thumbnailUrl\":\"https:\\\/\\\/comport.es\\\/wp-content\\\/uploads\\\/2023\\\/06\\\/TRANSPORT_LOGISTICS.jpg\",\"datePublished\":\"2023-05-23T13:04:38+00:00\",\"dateModified\":\"2023-06-09T13:13:56+00:00\",\"breadcrumb\":{\"@id\":\"https:\\\/\\\/comport.es\\\/index.php\\\/noticias\\\/el-puerto-de-algeciras-pone-en-valor-en-munich-su-conectividad-y-las-potencialidades-de-su-comunidad-portuaria\\\/#breadcrumb\"},\"inLanguage\":\"es\",\"potentialAction\":[{\"@type\":\"ReadAction\",\"target\":[\"https:\\\/\\\/comport.es\\\/index.php\\\/noticias\\\/el-puerto-de-algeciras-pone-en-valor-en-munich-su-conectividad-y-las-potencialidades-de-su-comunidad-portuaria\\\/\"]}]},{\"@type\":\"ImageObject\",\"inLanguage\":\"es\",\"@id\":\"https:\\\/\\\/comport.es\\\/index.php\\\/noticias\\\/el-puerto-de-algeciras-pone-en-valor-en-munich-su-conectividad-y-las-potencialidades-de-su-comunidad-portuaria\\\/#primaryimage\",\"url\":\"https:\\\/\\\/comport.es\\\/wp-content\\\/uploads\\\/2023\\\/06\\\/TRANSPORT_LOGISTICS.jpg\",\"contentUrl\":\"https:\\\/\\\/comport.es\\\/wp-content\\\/uploads\\\/2023\\\/06\\\/TRANSPORT_LOGISTICS.jpg\",\"width\":1300,\"height\":722},{\"@type\":\"BreadcrumbList\",\"@id\":\"https:\\\/\\\/comport.es\\\/index.php\\\/noticias\\\/el-puerto-de-algeciras-pone-en-valor-en-munich-su-conectividad-y-las-potencialidades-de-su-comunidad-portuaria\\\/#breadcrumb\",\"itemListElement\":[{\"@type\":\"ListItem\",\"position\":1,\"name\":\"Portada\",\"item\":\"https:\\\/\\\/comport.es\\\/\"},{\"@type\":\"ListItem\",\"position\":2,\"name\":\"El Puerto de Algeciras pone en valor en M\u00fanich su conectividad y las potencialidades de su comunidad portuaria\"}]},{\"@type\":\"WebSite\",\"@id\":\"https:\\\/\\\/comport.es\\\/#website\",\"url\":\"https:\\\/\\\/comport.es\\\/\",\"name\":\"COMPORT\",\"description\":\"Port Community of Algeciras Bay\",\"publisher\":{\"@id\":\"https:\\\/\\\/comport.es\\\/#organization\"},\"potentialAction\":[{\"@type\":\"SearchAction\",\"target\":{\"@type\":\"EntryPoint\",\"urlTemplate\":\"https:\\\/\\\/comport.es\\\/?s={search_term_string}\"},\"query-input\":{\"@type\":\"PropertyValueSpecification\",\"valueRequired\":true,\"valueName\":\"search_term_string\"}}],\"inLanguage\":\"es\"},{\"@type\":\"Organization\",\"@id\":\"https:\\\/\\\/comport.es\\\/#organization\",\"name\":\"ALGECIRAS PORT COMMUNITY - COMPORT\",\"url\":\"https:\\\/\\\/comport.es\\\/\",\"logo\":{\"@type\":\"ImageObject\",\"inLanguage\":\"es\",\"@id\":\"https:\\\/\\\/comport.es\\\/#\\\/schema\\\/logo\\\/image\\\/\",\"url\":\"https:\\\/\\\/comport.es\\\/wp-content\\\/uploads\\\/2020\\\/10\\\/logo_comport_20m.png\",\"contentUrl\":\"https:\\\/\\\/comport.es\\\/wp-content\\\/uploads\\\/2020\\\/10\\\/logo_comport_20m.png\",\"width\":600,\"height\":170,\"caption\":\"ALGECIRAS PORT COMMUNITY - COMPORT\"},\"image\":{\"@id\":\"https:\\\/\\\/comport.es\\\/#\\\/schema\\\/logo\\\/image\\\/\"}},{\"@type\":\"Person\",\"@id\":\"https:\\\/\\\/comport.es\\\/#\\\/schema\\\/person\\\/9277649f8e04dd48c3d73bbaf2c7bebc\",\"name\":\"admincomport\"}]}<\/script>\n<!-- \/ Yoast SEO plugin. -->","yoast_head_json":{"title":"El Puerto de Algeciras pone en valor en M\u00fanich su conectividad y las potencialidades de su comunidad portuaria | COMPORT","robots":{"index":"noindex","follow":"follow"},"og_locale":"es_ES","og_type":"article","og_title":"El Puerto de Algeciras pone en valor en M\u00fanich su conectividad y las potencialidades de su comunidad portuaria | COMPORT","og_description":"Transport Logistic resulta una buena oportunidad para dar a conocer la los servicios log\u00edsticos de la comunidad portuaria de la Bah\u00eda de Algeciras El Puerto de Algeciras est\u00e1 presente en la nueva edici\u00f3n de la feria Transport Logistic que se est\u00e1 celebrando esta semana en [&hellip;]","og_url":"https:\/\/comport.es\/index.php\/noticias\/el-puerto-de-algeciras-pone-en-valor-en-munich-su-conectividad-y-las-potencialidades-de-su-comunidad-portuaria\/","og_site_name":"COMPORT","article_published_time":"2023-05-23T13:04:38+00:00","article_modified_time":"2023-06-09T13:13:56+00:00","og_image":[{"width":1300,"height":722,"url":"https:\/\/comport.es\/wp-content\/uploads\/2023\/06\/TRANSPORT_LOGISTICS.jpg","type":"image\/jpeg"}],"author":"admincomport","twitter_card":"summary_large_image","twitter_misc":{"Escrito por":"admincomport","Tiempo de lectura":"2 minutos"},"schema":{"@context":"https:\/\/schema.org","@graph":[{"@type":"Article","@id":"https:\/\/comport.es\/index.php\/noticias\/el-puerto-de-algeciras-pone-en-valor-en-munich-su-conectividad-y-las-potencialidades-de-su-comunidad-portuaria\/#article","isPartOf":{"@id":"https:\/\/comport.es\/index.php\/noticias\/el-puerto-de-algeciras-pone-en-valor-en-munich-su-conectividad-y-las-potencialidades-de-su-comunidad-portuaria\/"},"author":{"name":"admincomport","@id":"https:\/\/comport.es\/#\/schema\/person\/9277649f8e04dd48c3d73bbaf2c7bebc"},"headline":"El Puerto de Algeciras pone en valor en M\u00fanich su conectividad y las potencialidades de su comunidad portuaria","datePublished":"2023-05-23T13:04:38+00:00","dateModified":"2023-06-09T13:13:56+00:00","mainEntityOfPage":{"@id":"https:\/\/comport.es\/index.php\/noticias\/el-puerto-de-algeciras-pone-en-valor-en-munich-su-conectividad-y-las-potencialidades-de-su-comunidad-portuaria\/"},"wordCount":335,"publisher":{"@id":"https:\/\/comport.es\/#organization"},"image":{"@id":"https:\/\/comport.es\/index.php\/noticias\/el-puerto-de-algeciras-pone-en-valor-en-munich-su-conectividad-y-las-potencialidades-de-su-comunidad-portuaria\/#primaryimage"},"thumbnailUrl":"https:\/\/comport.es\/wp-content\/uploads\/2023\/06\/TRANSPORT_LOGISTICS.jpg","articleSection":["Noticias"],"inLanguage":"es"},{"@type":"WebPage","@id":"https:\/\/comport.es\/index.php\/noticias\/el-puerto-de-algeciras-pone-en-valor-en-munich-su-conectividad-y-las-potencialidades-de-su-comunidad-portuaria\/","url":"https:\/\/comport.es\/index.php\/noticias\/el-puerto-de-algeciras-pone-en-valor-en-munich-su-conectividad-y-las-potencialidades-de-su-comunidad-portuaria\/","name":"El Puerto de Algeciras pone en valor en M\u00fanich su conectividad y las potencialidades de su comunidad portuaria | COMPORT","isPartOf":{"@id":"https:\/\/comport.es\/#website"},"primaryImageOfPage":{"@id":"https:\/\/comport.es\/index.php\/noticias\/el-puerto-de-algeciras-pone-en-valor-en-munich-su-conectividad-y-las-potencialidades-de-su-comunidad-portuaria\/#primaryimage"},"image":{"@id":"https:\/\/comport.es\/index.php\/noticias\/el-puerto-de-algeciras-pone-en-valor-en-munich-su-conectividad-y-las-potencialidades-de-su-comunidad-portuaria\/#primaryimage"},"thumbnailUrl":"https:\/\/comport.es\/wp-content\/uploads\/2023\/06\/TRANSPORT_LOGISTICS.jpg","datePublished":"2023-05-23T13:04:38+00:00","dateModified":"2023-06-09T13:13:56+00:00","breadcrumb":{"@id":"https:\/\/comport.es\/index.php\/noticias\/el-puerto-de-algeciras-pone-en-valor-en-munich-su-conectividad-y-las-potencialidades-de-su-comunidad-portuaria\/#breadcrumb"},"inLanguage":"es","potentialAction":[{"@type":"ReadAction","target":["https:\/\/comport.es\/index.php\/noticias\/el-puerto-de-algeciras-pone-en-valor-en-munich-su-conectividad-y-las-potencialidades-de-su-comunidad-portuaria\/"]}]},{"@type":"ImageObject","inLanguage":"es","@id":"https:\/\/comport.es\/index.php\/noticias\/el-puerto-de-algeciras-pone-en-valor-en-munich-su-conectividad-y-las-potencialidades-de-su-comunidad-portuaria\/#primaryimage","url":"https:\/\/comport.es\/wp-content\/uploads\/2023\/06\/TRANSPORT_LOGISTICS.jpg","contentUrl":"https:\/\/comport.es\/wp-content\/uploads\/2023\/06\/TRANSPORT_LOGISTICS.jpg","width":1300,"height":722},{"@type":"BreadcrumbList","@id":"https:\/\/comport.es\/index.php\/noticias\/el-puerto-de-algeciras-pone-en-valor-en-munich-su-conectividad-y-las-potencialidades-de-su-comunidad-portuaria\/#breadcrumb","itemListElement":[{"@type":"ListItem","position":1,"name":"Portada","item":"https:\/\/comport.es\/"},{"@type":"ListItem","position":2,"name":"El Puerto de Algeciras pone en valor en M\u00fanich su conectividad y las potencialidades de su comunidad portuaria"}]},{"@type":"WebSite","@id":"https:\/\/comport.es\/#website","url":"https:\/\/comport.es\/","name":"COMPORT","description":"Port Community of Algeciras Bay","publisher":{"@id":"https:\/\/comport.es\/#organization"},"potentialAction":[{"@type":"SearchAction","target":{"@type":"EntryPoint","urlTemplate":"https:\/\/comport.es\/?s={search_term_string}"},"query-input":{"@type":"PropertyValueSpecification","valueRequired":true,"valueName":"search_term_string"}}],"inLanguage":"es"},{"@type":"Organization","@id":"https:\/\/comport.es\/#organization","name":"ALGECIRAS PORT COMMUNITY - COMPORT","url":"https:\/\/comport.es\/","logo":{"@type":"ImageObject","inLanguage":"es","@id":"https:\/\/comport.es\/#\/schema\/logo\/image\/","url":"https:\/\/comport.es\/wp-content\/uploads\/2020\/10\/logo_comport_20m.png","contentUrl":"https:\/\/comport.es\/wp-content\/uploads\/2020\/10\/logo_comport_20m.png","width":600,"height":170,"caption":"ALGECIRAS PORT COMMUNITY - COMPORT"},"image":{"@id":"https:\/\/comport.es\/#\/schema\/logo\/image\/"}},{"@type":"Person","@id":"https:\/\/comport.es\/#\/schema\/person\/9277649f8e04dd48c3d73bbaf2c7bebc","name":"admincomport"}]}},"_links":{"self":[{"href":"https:\/\/comport.es\/index.php\/wp-json\/wp\/v2\/posts\/8014","targetHints":{"allow":["GET"]}}],"collection":[{"href":"https:\/\/comport.es\/index.php\/wp-json\/wp\/v2\/posts"}],"about":[{"href":"https:\/\/comport.es\/index.php\/wp-json\/wp\/v2\/types\/post"}],"author":[{"embeddable":true,"href":"https:\/\/comport.es\/index.php\/wp-json\/wp\/v2\/users\/1"}],"replies":[{"embeddable":true,"href":"https:\/\/comport.es\/index.php\/wp-json\/wp\/v2\/comments?post=8014"}],"version-history":[{"count":2,"href":"https:\/\/comport.es\/index.php\/wp-json\/wp\/v2\/posts\/8014\/revisions"}],"predecessor-version":[{"id":8018,"href":"https:\/\/comport.es\/index.php\/wp-json\/wp\/v2\/posts\/8014\/revisions\/8018"}],"wp:featuredmedia":[{"embeddable":true,"href":"https:\/\/comport.es\/index.php\/wp-json\/wp\/v2\/media\/8016"}],"wp:attachment":[{"href":"https:\/\/comport.es\/index.php\/wp-json\/wp\/v2\/media?parent=8014"}],"wp:term":[{"taxonomy":"category","embeddable":true,"href":"https:\/\/comport.es\/index.php\/wp-json\/wp\/v2\/categories?post=8014"},{"taxonomy":"post_tag","embeddable":true,"href":"https:\/\/comport.es\/index.php\/wp-json\/wp\/v2\/tags?post=8014"}],"curies":[{"name":"wp","href":"https:\/\/api.w.org\/{rel}","templated":true}]}}