{"id":8010,"date":"2023-05-22T09:20:06","date_gmt":"2023-05-22T09:20:06","guid":{"rendered":"https:\/\/comport.es\/?p=8010"},"modified":"2023-05-22T09:20:45","modified_gmt":"2023-05-22T09:20:45","slug":"la-delegacion-comercial-desplazada-a-costa-rica-hace-balance-positivo-de-la-mision","status":"publish","type":"post","link":"https:\/\/comport.es\/index.php\/noticias\/la-delegacion-comercial-desplazada-a-costa-rica-hace-balance-positivo-de-la-mision\/","title":{"rendered":"La delegaci\u00f3n comercial desplazada a Costa Rica hace balance positivo de la misi\u00f3n"},"content":{"rendered":"<p style=\"text-align: justify;\"><span style=\"color: #000000;\"><strong><span style=\"font-size: 18pt;\">Los lazos comerciales se han visto fortalecidos a pesar de los problemas sufridos en el PCF<\/span><\/strong><\/span><\/p>\n<p style=\"text-align: justify;\"><span style=\"color: #000000;\">En una misi\u00f3n comercial de suma importancia, <strong>la delegaci\u00f3n del Puerto de Algeciras ha regresado de Costa Rica, haciendo un balance muy positivo de la visita<\/strong> al considerar este importante viaje como un aut\u00e9ntico regalo, al haber conseguido cumplir el objetivo principal de reforzar los lazos comerciales, fomentando el crecimiento del tr\u00e1fico de contenedores con la Bah\u00eda de Algeciras.<\/span><\/p>\n<p style=\"text-align: justify;\"><span style=\"color: #000000;\">Durante su visita, los representantes del puerto algecire\u00f1o han tenido la oportunidad de ser recibidos por el Ministro de Comercio Exterior del pa\u00eds sudamericano, un encuentro de vital importancia para establecer relaciones estrat\u00e9gicas y buscar oportunidades de colaboraci\u00f3n.<\/span><\/p>\n<p style=\"text-align: justify;\"><span style=\"color: #000000;\">Adem\u00e1s, los empresarios algecire\u00f1os han realizado visitas a diversas fincas de producci\u00f3n de pi\u00f1as, bananos, caf\u00e9, yucas y plantas ornamentales, con el prop\u00f3sito de explorar posibles acuerdos comerciales.<\/span><\/p>\n<p style=\"text-align: justify;\"><span style=\"color: #000000;\">La delegaci\u00f3n tambi\u00e9n se ha reunido con diferentes c\u00e1maras de exportadores, con el fin de intercambiar ideas y discutir las oportunidades de negocio existentes en ambos pa\u00edses. La cena con la embajadora en su residencia oficial en San Jos\u00e9, ha sido un momento destacado, al conseguir que se fortalezcan los lazos diplom\u00e1ticos, a la vez que se discutieron posibles acciones conjuntas entre ambos pa\u00edses.<\/span><\/p>\n<p style=\"text-align: justify;\"><span style=\"color: #000000;\">Durante esta nueva misi\u00f3n comercial al pa\u00eds costarricense, ha sido muy valorado el apoyo incondicional recibido de parte de <strong>Procomer<\/strong>, cuyos responsables brindaron asistencia y orientaci\u00f3n durante la visita, lo que resulta fundamental para el \u00e9xito de misiones comerciales de este tipo.<\/span><\/p>\n<p style=\"text-align: justify;\"><span style=\"color: #000000;\">La delegaci\u00f3n del<strong> Puerto de Algeciras regresa de Costa Rica<\/strong> con una gran experiencia y el firme prop\u00f3sito de fortalecer los lazos comerciales entre ambos pa\u00edses. Esta visita <strong>ha sido un verdadero \u00e9xito y ha dejado una huella positiva en la relaci\u00f3n bilateral<\/strong>.<\/span><\/p>\n<p style=\"text-align: justify;\"><span style=\"color: #000000;\"><strong>FUENTE:<\/strong> EL ESTRECHO DIGITAL<\/span><\/p>\n<p>&nbsp;<\/p>\n","protected":false},"excerpt":{"rendered":"<p>Los lazos comerciales se han visto fortalecidos a pesar de los problemas sufridos en el PCF En una misi\u00f3n comercial de suma importancia, la delegaci\u00f3n del Puerto de Algeciras ha regresado de Costa Rica, haciendo un balance muy positivo de la visita al considerar este [&hellip;]<\/p>\n","protected":false},"author":1,"featured_media":8004,"comment_status":"closed","ping_status":"closed","sticky":false,"template":"","format":"gallery","meta":{"footnotes":""},"categories":[921],"tags":[],"class_list":["post-8010","post","type-post","status-publish","format-gallery","has-post-thumbnail","hentry","category-noticias","post_format-post-format-gallery"],"yoast_head":"<!-- This site is optimized with the Yoast SEO plugin v27.4 - https:\/\/yoast.com\/product\/yoast-seo-wordpress\/ -->\n<title>La delegaci\u00f3n comercial desplazada a Costa Rica hace balance positivo de la misi\u00f3n | COMPORT<\/title>\n<meta name=\"robots\" content=\"noindex, follow\" \/>\n<meta property=\"og:locale\" content=\"es_ES\" \/>\n<meta property=\"og:type\" content=\"article\" \/>\n<meta property=\"og:title\" content=\"La delegaci\u00f3n comercial desplazada a Costa Rica hace balance positivo de la misi\u00f3n | COMPORT\" \/>\n<meta property=\"og:description\" content=\"Los lazos comerciales se han visto fortalecidos a pesar de los problemas sufridos en el PCF En una misi\u00f3n comercial de suma importancia, la delegaci\u00f3n del Puerto de Algeciras ha regresado de Costa Rica, haciendo un balance muy positivo de la visita al considerar este [&hellip;]\" \/>\n<meta property=\"og:url\" content=\"https:\/\/comport.es\/index.php\/noticias\/la-delegacion-comercial-desplazada-a-costa-rica-hace-balance-positivo-de-la-mision\/\" \/>\n<meta property=\"og:site_name\" content=\"COMPORT\" \/>\n<meta property=\"article:published_time\" content=\"2023-05-22T09:20:06+00:00\" \/>\n<meta property=\"article:modified_time\" content=\"2023-05-22T09:20:45+00:00\" \/>\n<meta property=\"og:image\" content=\"https:\/\/comport.es\/wp-content\/uploads\/2023\/05\/COSTARICA4.jpg\" \/>\n\t<meta property=\"og:image:width\" content=\"1300\" \/>\n\t<meta property=\"og:image:height\" content=\"722\" \/>\n\t<meta property=\"og:image:type\" content=\"image\/jpeg\" \/>\n<meta name=\"author\" content=\"admincomport\" \/>\n<meta name=\"twitter:card\" content=\"summary_large_image\" \/>\n<meta name=\"twitter:label1\" content=\"Escrito por\" \/>\n\t<meta name=\"twitter:data1\" content=\"admincomport\" \/>\n\t<meta name=\"twitter:label2\" content=\"Tiempo de lectura\" \/>\n\t<meta name=\"twitter:data2\" content=\"2 minutos\" \/>\n<script type=\"application\/ld+json\" class=\"yoast-schema-graph\">{\"@context\":\"https:\\\/\\\/schema.org\",\"@graph\":[{\"@type\":\"Article\",\"@id\":\"https:\\\/\\\/comport.es\\\/index.php\\\/noticias\\\/la-delegacion-comercial-desplazada-a-costa-rica-hace-balance-positivo-de-la-mision\\\/#article\",\"isPartOf\":{\"@id\":\"https:\\\/\\\/comport.es\\\/index.php\\\/noticias\\\/la-delegacion-comercial-desplazada-a-costa-rica-hace-balance-positivo-de-la-mision\\\/\"},\"author\":{\"name\":\"admincomport\",\"@id\":\"https:\\\/\\\/comport.es\\\/#\\\/schema\\\/person\\\/9277649f8e04dd48c3d73bbaf2c7bebc\"},\"headline\":\"La delegaci\u00f3n comercial desplazada a Costa Rica hace balance positivo de la misi\u00f3n\",\"datePublished\":\"2023-05-22T09:20:06+00:00\",\"dateModified\":\"2023-05-22T09:20:45+00:00\",\"mainEntityOfPage\":{\"@id\":\"https:\\\/\\\/comport.es\\\/index.php\\\/noticias\\\/la-delegacion-comercial-desplazada-a-costa-rica-hace-balance-positivo-de-la-mision\\\/\"},\"wordCount\":337,\"publisher\":{\"@id\":\"https:\\\/\\\/comport.es\\\/#organization\"},\"image\":{\"@id\":\"https:\\\/\\\/comport.es\\\/index.php\\\/noticias\\\/la-delegacion-comercial-desplazada-a-costa-rica-hace-balance-positivo-de-la-mision\\\/#primaryimage\"},\"thumbnailUrl\":\"https:\\\/\\\/comport.es\\\/wp-content\\\/uploads\\\/2023\\\/05\\\/COSTARICA4.jpg\",\"articleSection\":[\"Noticias\"],\"inLanguage\":\"es\"},{\"@type\":\"WebPage\",\"@id\":\"https:\\\/\\\/comport.es\\\/index.php\\\/noticias\\\/la-delegacion-comercial-desplazada-a-costa-rica-hace-balance-positivo-de-la-mision\\\/\",\"url\":\"https:\\\/\\\/comport.es\\\/index.php\\\/noticias\\\/la-delegacion-comercial-desplazada-a-costa-rica-hace-balance-positivo-de-la-mision\\\/\",\"name\":\"La delegaci\u00f3n comercial desplazada a Costa Rica hace balance positivo de la misi\u00f3n | COMPORT\",\"isPartOf\":{\"@id\":\"https:\\\/\\\/comport.es\\\/#website\"},\"primaryImageOfPage\":{\"@id\":\"https:\\\/\\\/comport.es\\\/index.php\\\/noticias\\\/la-delegacion-comercial-desplazada-a-costa-rica-hace-balance-positivo-de-la-mision\\\/#primaryimage\"},\"image\":{\"@id\":\"https:\\\/\\\/comport.es\\\/index.php\\\/noticias\\\/la-delegacion-comercial-desplazada-a-costa-rica-hace-balance-positivo-de-la-mision\\\/#primaryimage\"},\"thumbnailUrl\":\"https:\\\/\\\/comport.es\\\/wp-content\\\/uploads\\\/2023\\\/05\\\/COSTARICA4.jpg\",\"datePublished\":\"2023-05-22T09:20:06+00:00\",\"dateModified\":\"2023-05-22T09:20:45+00:00\",\"breadcrumb\":{\"@id\":\"https:\\\/\\\/comport.es\\\/index.php\\\/noticias\\\/la-delegacion-comercial-desplazada-a-costa-rica-hace-balance-positivo-de-la-mision\\\/#breadcrumb\"},\"inLanguage\":\"es\",\"potentialAction\":[{\"@type\":\"ReadAction\",\"target\":[\"https:\\\/\\\/comport.es\\\/index.php\\\/noticias\\\/la-delegacion-comercial-desplazada-a-costa-rica-hace-balance-positivo-de-la-mision\\\/\"]}]},{\"@type\":\"ImageObject\",\"inLanguage\":\"es\",\"@id\":\"https:\\\/\\\/comport.es\\\/index.php\\\/noticias\\\/la-delegacion-comercial-desplazada-a-costa-rica-hace-balance-positivo-de-la-mision\\\/#primaryimage\",\"url\":\"https:\\\/\\\/comport.es\\\/wp-content\\\/uploads\\\/2023\\\/05\\\/COSTARICA4.jpg\",\"contentUrl\":\"https:\\\/\\\/comport.es\\\/wp-content\\\/uploads\\\/2023\\\/05\\\/COSTARICA4.jpg\",\"width\":1300,\"height\":722},{\"@type\":\"BreadcrumbList\",\"@id\":\"https:\\\/\\\/comport.es\\\/index.php\\\/noticias\\\/la-delegacion-comercial-desplazada-a-costa-rica-hace-balance-positivo-de-la-mision\\\/#breadcrumb\",\"itemListElement\":[{\"@type\":\"ListItem\",\"position\":1,\"name\":\"Portada\",\"item\":\"https:\\\/\\\/comport.es\\\/\"},{\"@type\":\"ListItem\",\"position\":2,\"name\":\"La delegaci\u00f3n comercial desplazada a Costa Rica hace balance positivo de la misi\u00f3n\"}]},{\"@type\":\"WebSite\",\"@id\":\"https:\\\/\\\/comport.es\\\/#website\",\"url\":\"https:\\\/\\\/comport.es\\\/\",\"name\":\"COMPORT\",\"description\":\"Port Community of Algeciras Bay\",\"publisher\":{\"@id\":\"https:\\\/\\\/comport.es\\\/#organization\"},\"potentialAction\":[{\"@type\":\"SearchAction\",\"target\":{\"@type\":\"EntryPoint\",\"urlTemplate\":\"https:\\\/\\\/comport.es\\\/?s={search_term_string}\"},\"query-input\":{\"@type\":\"PropertyValueSpecification\",\"valueRequired\":true,\"valueName\":\"search_term_string\"}}],\"inLanguage\":\"es\"},{\"@type\":\"Organization\",\"@id\":\"https:\\\/\\\/comport.es\\\/#organization\",\"name\":\"ALGECIRAS PORT COMMUNITY - COMPORT\",\"url\":\"https:\\\/\\\/comport.es\\\/\",\"logo\":{\"@type\":\"ImageObject\",\"inLanguage\":\"es\",\"@id\":\"https:\\\/\\\/comport.es\\\/#\\\/schema\\\/logo\\\/image\\\/\",\"url\":\"https:\\\/\\\/comport.es\\\/wp-content\\\/uploads\\\/2020\\\/10\\\/logo_comport_20m.png\",\"contentUrl\":\"https:\\\/\\\/comport.es\\\/wp-content\\\/uploads\\\/2020\\\/10\\\/logo_comport_20m.png\",\"width\":600,\"height\":170,\"caption\":\"ALGECIRAS PORT COMMUNITY - COMPORT\"},\"image\":{\"@id\":\"https:\\\/\\\/comport.es\\\/#\\\/schema\\\/logo\\\/image\\\/\"}},{\"@type\":\"Person\",\"@id\":\"https:\\\/\\\/comport.es\\\/#\\\/schema\\\/person\\\/9277649f8e04dd48c3d73bbaf2c7bebc\",\"name\":\"admincomport\"}]}<\/script>\n<!-- \/ Yoast SEO plugin. -->","yoast_head_json":{"title":"La delegaci\u00f3n comercial desplazada a Costa Rica hace balance positivo de la misi\u00f3n | COMPORT","robots":{"index":"noindex","follow":"follow"},"og_locale":"es_ES","og_type":"article","og_title":"La delegaci\u00f3n comercial desplazada a Costa Rica hace balance positivo de la misi\u00f3n | COMPORT","og_description":"Los lazos comerciales se han visto fortalecidos a pesar de los problemas sufridos en el PCF En una misi\u00f3n comercial de suma importancia, la delegaci\u00f3n del Puerto de Algeciras ha regresado de Costa Rica, haciendo un balance muy positivo de la visita al considerar este [&hellip;]","og_url":"https:\/\/comport.es\/index.php\/noticias\/la-delegacion-comercial-desplazada-a-costa-rica-hace-balance-positivo-de-la-mision\/","og_site_name":"COMPORT","article_published_time":"2023-05-22T09:20:06+00:00","article_modified_time":"2023-05-22T09:20:45+00:00","og_image":[{"width":1300,"height":722,"url":"https:\/\/comport.es\/wp-content\/uploads\/2023\/05\/COSTARICA4.jpg","type":"image\/jpeg"}],"author":"admincomport","twitter_card":"summary_large_image","twitter_misc":{"Escrito por":"admincomport","Tiempo de lectura":"2 minutos"},"schema":{"@context":"https:\/\/schema.org","@graph":[{"@type":"Article","@id":"https:\/\/comport.es\/index.php\/noticias\/la-delegacion-comercial-desplazada-a-costa-rica-hace-balance-positivo-de-la-mision\/#article","isPartOf":{"@id":"https:\/\/comport.es\/index.php\/noticias\/la-delegacion-comercial-desplazada-a-costa-rica-hace-balance-positivo-de-la-mision\/"},"author":{"name":"admincomport","@id":"https:\/\/comport.es\/#\/schema\/person\/9277649f8e04dd48c3d73bbaf2c7bebc"},"headline":"La delegaci\u00f3n comercial desplazada a Costa Rica hace balance positivo de la misi\u00f3n","datePublished":"2023-05-22T09:20:06+00:00","dateModified":"2023-05-22T09:20:45+00:00","mainEntityOfPage":{"@id":"https:\/\/comport.es\/index.php\/noticias\/la-delegacion-comercial-desplazada-a-costa-rica-hace-balance-positivo-de-la-mision\/"},"wordCount":337,"publisher":{"@id":"https:\/\/comport.es\/#organization"},"image":{"@id":"https:\/\/comport.es\/index.php\/noticias\/la-delegacion-comercial-desplazada-a-costa-rica-hace-balance-positivo-de-la-mision\/#primaryimage"},"thumbnailUrl":"https:\/\/comport.es\/wp-content\/uploads\/2023\/05\/COSTARICA4.jpg","articleSection":["Noticias"],"inLanguage":"es"},{"@type":"WebPage","@id":"https:\/\/comport.es\/index.php\/noticias\/la-delegacion-comercial-desplazada-a-costa-rica-hace-balance-positivo-de-la-mision\/","url":"https:\/\/comport.es\/index.php\/noticias\/la-delegacion-comercial-desplazada-a-costa-rica-hace-balance-positivo-de-la-mision\/","name":"La delegaci\u00f3n comercial desplazada a Costa Rica hace balance positivo de la misi\u00f3n | COMPORT","isPartOf":{"@id":"https:\/\/comport.es\/#website"},"primaryImageOfPage":{"@id":"https:\/\/comport.es\/index.php\/noticias\/la-delegacion-comercial-desplazada-a-costa-rica-hace-balance-positivo-de-la-mision\/#primaryimage"},"image":{"@id":"https:\/\/comport.es\/index.php\/noticias\/la-delegacion-comercial-desplazada-a-costa-rica-hace-balance-positivo-de-la-mision\/#primaryimage"},"thumbnailUrl":"https:\/\/comport.es\/wp-content\/uploads\/2023\/05\/COSTARICA4.jpg","datePublished":"2023-05-22T09:20:06+00:00","dateModified":"2023-05-22T09:20:45+00:00","breadcrumb":{"@id":"https:\/\/comport.es\/index.php\/noticias\/la-delegacion-comercial-desplazada-a-costa-rica-hace-balance-positivo-de-la-mision\/#breadcrumb"},"inLanguage":"es","potentialAction":[{"@type":"ReadAction","target":["https:\/\/comport.es\/index.php\/noticias\/la-delegacion-comercial-desplazada-a-costa-rica-hace-balance-positivo-de-la-mision\/"]}]},{"@type":"ImageObject","inLanguage":"es","@id":"https:\/\/comport.es\/index.php\/noticias\/la-delegacion-comercial-desplazada-a-costa-rica-hace-balance-positivo-de-la-mision\/#primaryimage","url":"https:\/\/comport.es\/wp-content\/uploads\/2023\/05\/COSTARICA4.jpg","contentUrl":"https:\/\/comport.es\/wp-content\/uploads\/2023\/05\/COSTARICA4.jpg","width":1300,"height":722},{"@type":"BreadcrumbList","@id":"https:\/\/comport.es\/index.php\/noticias\/la-delegacion-comercial-desplazada-a-costa-rica-hace-balance-positivo-de-la-mision\/#breadcrumb","itemListElement":[{"@type":"ListItem","position":1,"name":"Portada","item":"https:\/\/comport.es\/"},{"@type":"ListItem","position":2,"name":"La delegaci\u00f3n comercial desplazada a Costa Rica hace balance positivo de la misi\u00f3n"}]},{"@type":"WebSite","@id":"https:\/\/comport.es\/#website","url":"https:\/\/comport.es\/","name":"COMPORT","description":"Port Community of Algeciras Bay","publisher":{"@id":"https:\/\/comport.es\/#organization"},"potentialAction":[{"@type":"SearchAction","target":{"@type":"EntryPoint","urlTemplate":"https:\/\/comport.es\/?s={search_term_string}"},"query-input":{"@type":"PropertyValueSpecification","valueRequired":true,"valueName":"search_term_string"}}],"inLanguage":"es"},{"@type":"Organization","@id":"https:\/\/comport.es\/#organization","name":"ALGECIRAS PORT COMMUNITY - COMPORT","url":"https:\/\/comport.es\/","logo":{"@type":"ImageObject","inLanguage":"es","@id":"https:\/\/comport.es\/#\/schema\/logo\/image\/","url":"https:\/\/comport.es\/wp-content\/uploads\/2020\/10\/logo_comport_20m.png","contentUrl":"https:\/\/comport.es\/wp-content\/uploads\/2020\/10\/logo_comport_20m.png","width":600,"height":170,"caption":"ALGECIRAS PORT COMMUNITY - COMPORT"},"image":{"@id":"https:\/\/comport.es\/#\/schema\/logo\/image\/"}},{"@type":"Person","@id":"https:\/\/comport.es\/#\/schema\/person\/9277649f8e04dd48c3d73bbaf2c7bebc","name":"admincomport"}]}},"_links":{"self":[{"href":"https:\/\/comport.es\/index.php\/wp-json\/wp\/v2\/posts\/8010","targetHints":{"allow":["GET"]}}],"collection":[{"href":"https:\/\/comport.es\/index.php\/wp-json\/wp\/v2\/posts"}],"about":[{"href":"https:\/\/comport.es\/index.php\/wp-json\/wp\/v2\/types\/post"}],"author":[{"embeddable":true,"href":"https:\/\/comport.es\/index.php\/wp-json\/wp\/v2\/users\/1"}],"replies":[{"embeddable":true,"href":"https:\/\/comport.es\/index.php\/wp-json\/wp\/v2\/comments?post=8010"}],"version-history":[{"count":2,"href":"https:\/\/comport.es\/index.php\/wp-json\/wp\/v2\/posts\/8010\/revisions"}],"predecessor-version":[{"id":8012,"href":"https:\/\/comport.es\/index.php\/wp-json\/wp\/v2\/posts\/8010\/revisions\/8012"}],"wp:featuredmedia":[{"embeddable":true,"href":"https:\/\/comport.es\/index.php\/wp-json\/wp\/v2\/media\/8004"}],"wp:attachment":[{"href":"https:\/\/comport.es\/index.php\/wp-json\/wp\/v2\/media?parent=8010"}],"wp:term":[{"taxonomy":"category","embeddable":true,"href":"https:\/\/comport.es\/index.php\/wp-json\/wp\/v2\/categories?post=8010"},{"taxonomy":"post_tag","embeddable":true,"href":"https:\/\/comport.es\/index.php\/wp-json\/wp\/v2\/tags?post=8010"}],"curies":[{"name":"wp","href":"https:\/\/api.w.org\/{rel}","templated":true}]}}