{"id":8003,"date":"2023-05-19T08:49:48","date_gmt":"2023-05-19T08:49:48","guid":{"rendered":"https:\/\/comport.es\/?p=8003"},"modified":"2023-05-22T09:04:28","modified_gmt":"2023-05-22T09:04:28","slug":"el-puerto-de-algeciras-y-su-comunidad-portuaria-fortalecen-lazos-comerciales-con-costa-rica","status":"publish","type":"post","link":"https:\/\/comport.es\/index.php\/noticias\/el-puerto-de-algeciras-y-su-comunidad-portuaria-fortalecen-lazos-comerciales-con-costa-rica\/","title":{"rendered":"El Puerto de Algeciras y su comunidad portuaria fortalecen lazos comerciales con Costa Rica"},"content":{"rendered":"<p style=\"text-align: justify;\"><span style=\"color: #000000;\"><strong><span style=\"font-size: 18pt;\">Algeciras se consolida como puerta de entrada para la pi\u00f1a costarricense en Espa\u00f1a<\/span><\/strong><\/span><\/p>\n<p style=\"text-align: justify;\"><span style=\"color: #000000;\"><strong>El Puerto de Algeciras<\/strong> concluye este viernes una nueva Misi\u00f3n Comercial en Costa Rica,consolidando su posici\u00f3n como principal socio comercial para tr\u00e1ficos reefer. Esta iniciativa fue organizada por la Autoridad Portuaria (APBA), <strong>con el respaldo de la Comunidad Portuaria y la <\/strong><\/span><span style=\"color: #000000;\"><strong>C\u00e1mara de Comercio del Campo de Gibraltar<\/strong>, con el objetivo de fortalecer los lazos comerciales entre ambos pa\u00edses. Durante la misi\u00f3n, se llevaron acabo diversas presentaciones sobre la oferta log\u00edstica, la cadena de fr\u00edo y los procesos aduaneros.<\/span><\/p>\n<p style=\"text-align: justify;\"><span style=\"color: #000000;\">Destaca la celebraci\u00f3n de reuniones con empresas costarricenses, asociaciones de agencias de cargadores y log\u00edstica internacional, as\u00ed como con representantes de las diferentes c\u00e1maras empresariales. Es importante mencionar la presencia del nuevo ministro de Comercio Exterior de Costa Rica, Manuel Tovar, quien present\u00f3 la nueva estrategia exportadora del pa\u00eds caribe\u00f1o. Adem\u00e1s, estuvieron presentes los directivos dela Promotora de Comercio Exterior de Costa Rica (<strong>PROCOMER<\/strong>), destacando la importancia que se le da a esta relaci\u00f3n comercial.<\/span><\/p>\n<p style=\"text-align: justify;\"><span style=\"color: #000000;\">La delegaci\u00f3n del Puerto de Algeciras tambi\u00e9n aprovech\u00f3 varias jornadas para visitarlos campos de producci\u00f3n de pi\u00f1a, banano, tub\u00e9rculos y plantas. Estos campos son la fuente de cientos de contenedores que abastecen semanalmente a Europa a trav\u00e9s del Puerto de Mo\u00edn. Cabe destacar que existe una conexi\u00f3n directa entre ambos puertos gracias al servicio MedCaribe, proporcionado por las navieras CMA-CGM y Marfret. Este servicio ofrece un tiempo de tr\u00e1nsito reducido de tan solo 12 d\u00edas entre Algeciras y CostaRica.<\/span><\/p>\n<p style=\"text-align: justify;\"><span style=\"color: #000000;\">La delegaci\u00f3n algecire\u00f1a estuvo integrada por responsables del Departamento Comercial de la <strong>APBA<\/strong>, as\u00ed como por representantes de la comunidad portuaria de la Bah\u00eda de Algeciras, entre las que se encuentran Algetransit, Comercio Exterior Souto, DeCastro Gabinete Jur\u00eddico, ECS360, Logistika360, Partida Logistics, Total Logistic Services y UCC Logistics. Su participaci\u00f3n activa en esta misi\u00f3n comercial demuestra el inter\u00e9s y compromiso de la comunidad portuaria en fortalecer los lazos comerciales con CostaRica.<\/span><\/p>\n<p style=\"text-align: justify;\"><span style=\"color: #000000;\">Las relaciones comerciales entre la Autoridad Portuaria de Algeciras y <strong>PROCOMER<\/strong> se establecieron en 2015. Desde entonces, la importaci\u00f3n de mercanc\u00eda refrigerada ha experimentado un crecimiento excepcional, aumentando m\u00e1s de un 500% con el pa\u00eds centroamericano. El Puerto de Algeciras se ha convertido en la puerta de entrada al Sur de Europa para la pi\u00f1a costarricense, llegando al 80% de las importaciones de este producto en Espa\u00f1a. Anteriormente, la pi\u00f1a costarricense llegaba a la Pen\u00ednsula desde otros puertos europeos. En septiembre de 2019, <strong>APBA <\/strong><\/span><span style=\"color: #000000;\">y <strong>PROCOMER<\/strong> formalizaron su relaci\u00f3n comercial con la firma de un memorando de entendimiento. En el a\u00f1o pasado,una importante delegaci\u00f3n de empresarios hortofrut\u00edcolas y responsables de <strong>PROCOMER<\/strong> visitaron Espa\u00f1a, abogando por convertir el Puerto de Algeciras en un punto de referencia para sus negocios.<br \/>\n<\/span><\/p>\n<p style=\"text-align: justify;\"><span style=\"color: #000000;\">El Puerto de Algeciras se consolida como un referente en el manejo de mercanc\u00edas refrigeradas, gracias a su infraestructura de vanguardia y a su eficiente cadena log\u00edstica.La importaci\u00f3n de productos perecederos, como la pi\u00f1a, el banano, los tub\u00e9rculos y las plantas, ha experimentado un aumento significativo en los \u00faltimos a\u00f1os. Este crecimiento se atribuye en gran medida a la capacidad del puerto para garantizar la cadena de fr\u00edo y asegurar la calidad de los productos durante todo el proceso de transporte y almacenamiento.<\/span><\/p>\n<p style=\"text-align: justify;\"><span style=\"color: #000000;\">La visita a los campos de producci\u00f3n en Costa Rica ha permitido a la delegaci\u00f3n del Puerto de Algeciras conocer de cerca las condiciones y los est\u00e1ndares de calidad de los productos exportados. Esto fortalece la confianza entre los actores comerciales y contribuye a la construcci\u00f3n de relaciones comerciales s\u00f3lidas y duraderas.<\/span><\/p>\n<p style=\"text-align: justify;\"><span style=\"color: #000000;\">La presencia del ministro de Comercio Exterior de Costa Rica, Manuel Tovar, es un claro ejemplo del inter\u00e9s y el compromiso de ambas delegaciones en fortalecer los lazos comerciales. La presentaci\u00f3n de la nueva estrategia exportadora de Costa Ricademuestra la voluntad de diversificar y ampliar los mercados de exportaci\u00f3n, aprovechando las oportunidades que ofrece el<strong> Puerto de Algeciras como puerta de entrada a Europa<\/strong>.<\/span><\/p>\n<p style=\"text-align: justify;\"><span style=\"color: #000000;\">El \u00e9xito de esta Misi\u00f3n Comercial a Costa Rica refuerza la posici\u00f3n del Puerto de Algeciras como un actor clave en el comercio internacional y subraya su capacidad para generar oportunidades de negocio y promover el crecimiento econ\u00f3mico. La colaboraci\u00f3n entre la Autoridad Portuaria, <strong>PROCOMER<\/strong> y la comunidad portuaria de Algeciras sienta las bases para futuras iniciativas y proyectos conjuntos que <strong>impulsen el comercio y la prosperidad de ambas naciones<\/strong>.<\/span><br \/>\n<span style=\"color: #000000;\"><strong><br \/>\nFUENTE:<\/strong> EL ESTRECHO DIGITAL<\/span><\/p>\n<p>&nbsp;<\/p>\n","protected":false},"excerpt":{"rendered":"<p>Algeciras se consolida como puerta de entrada para la pi\u00f1a costarricense en Espa\u00f1a El Puerto de Algeciras concluye este viernes una nueva Misi\u00f3n Comercial en Costa Rica,consolidando su posici\u00f3n como principal socio comercial para tr\u00e1ficos reefer. Esta iniciativa fue organizada por la Autoridad Portuaria (APBA), [&hellip;]<\/p>\n","protected":false},"author":1,"featured_media":8006,"comment_status":"closed","ping_status":"closed","sticky":false,"template":"","format":"gallery","meta":{"footnotes":""},"categories":[921],"tags":[],"class_list":["post-8003","post","type-post","status-publish","format-gallery","has-post-thumbnail","hentry","category-noticias","post_format-post-format-gallery"],"yoast_head":"<!-- This site is optimized with the Yoast SEO plugin v27.4 - https:\/\/yoast.com\/product\/yoast-seo-wordpress\/ -->\n<title>El Puerto de Algeciras y su comunidad portuaria fortalecen lazos comerciales con Costa Rica | COMPORT<\/title>\n<meta name=\"robots\" content=\"noindex, follow\" \/>\n<meta property=\"og:locale\" content=\"es_ES\" \/>\n<meta property=\"og:type\" content=\"article\" \/>\n<meta property=\"og:title\" content=\"El Puerto de Algeciras y su comunidad portuaria fortalecen lazos comerciales con Costa Rica | COMPORT\" \/>\n<meta property=\"og:description\" content=\"Algeciras se consolida como puerta de entrada para la pi\u00f1a costarricense en Espa\u00f1a El Puerto de Algeciras concluye este viernes una nueva Misi\u00f3n Comercial en Costa Rica,consolidando su posici\u00f3n como principal socio comercial para tr\u00e1ficos reefer. Esta iniciativa fue organizada por la Autoridad Portuaria (APBA), [&hellip;]\" \/>\n<meta property=\"og:url\" content=\"https:\/\/comport.es\/index.php\/noticias\/el-puerto-de-algeciras-y-su-comunidad-portuaria-fortalecen-lazos-comerciales-con-costa-rica\/\" \/>\n<meta property=\"og:site_name\" content=\"COMPORT\" \/>\n<meta property=\"article:published_time\" content=\"2023-05-19T08:49:48+00:00\" \/>\n<meta property=\"article:modified_time\" content=\"2023-05-22T09:04:28+00:00\" \/>\n<meta property=\"og:image\" content=\"https:\/\/comport.es\/wp-content\/uploads\/2023\/05\/COSTARICA2.jpg\" \/>\n\t<meta property=\"og:image:width\" content=\"1300\" \/>\n\t<meta property=\"og:image:height\" content=\"722\" \/>\n\t<meta property=\"og:image:type\" content=\"image\/jpeg\" \/>\n<meta name=\"author\" content=\"admincomport\" \/>\n<meta name=\"twitter:card\" content=\"summary_large_image\" \/>\n<meta name=\"twitter:label1\" content=\"Escrito por\" \/>\n\t<meta name=\"twitter:data1\" content=\"admincomport\" \/>\n\t<meta name=\"twitter:label2\" content=\"Tiempo de lectura\" \/>\n\t<meta name=\"twitter:data2\" content=\"4 minutos\" \/>\n<script type=\"application\/ld+json\" class=\"yoast-schema-graph\">{\"@context\":\"https:\\\/\\\/schema.org\",\"@graph\":[{\"@type\":\"Article\",\"@id\":\"https:\\\/\\\/comport.es\\\/index.php\\\/noticias\\\/el-puerto-de-algeciras-y-su-comunidad-portuaria-fortalecen-lazos-comerciales-con-costa-rica\\\/#article\",\"isPartOf\":{\"@id\":\"https:\\\/\\\/comport.es\\\/index.php\\\/noticias\\\/el-puerto-de-algeciras-y-su-comunidad-portuaria-fortalecen-lazos-comerciales-con-costa-rica\\\/\"},\"author\":{\"name\":\"admincomport\",\"@id\":\"https:\\\/\\\/comport.es\\\/#\\\/schema\\\/person\\\/9277649f8e04dd48c3d73bbaf2c7bebc\"},\"headline\":\"El Puerto de Algeciras y su comunidad portuaria fortalecen lazos comerciales con Costa Rica\",\"datePublished\":\"2023-05-19T08:49:48+00:00\",\"dateModified\":\"2023-05-22T09:04:28+00:00\",\"mainEntityOfPage\":{\"@id\":\"https:\\\/\\\/comport.es\\\/index.php\\\/noticias\\\/el-puerto-de-algeciras-y-su-comunidad-portuaria-fortalecen-lazos-comerciales-con-costa-rica\\\/\"},\"wordCount\":797,\"publisher\":{\"@id\":\"https:\\\/\\\/comport.es\\\/#organization\"},\"image\":{\"@id\":\"https:\\\/\\\/comport.es\\\/index.php\\\/noticias\\\/el-puerto-de-algeciras-y-su-comunidad-portuaria-fortalecen-lazos-comerciales-con-costa-rica\\\/#primaryimage\"},\"thumbnailUrl\":\"https:\\\/\\\/comport.es\\\/wp-content\\\/uploads\\\/2023\\\/05\\\/COSTARICA2.jpg\",\"articleSection\":[\"Noticias\"],\"inLanguage\":\"es\"},{\"@type\":\"WebPage\",\"@id\":\"https:\\\/\\\/comport.es\\\/index.php\\\/noticias\\\/el-puerto-de-algeciras-y-su-comunidad-portuaria-fortalecen-lazos-comerciales-con-costa-rica\\\/\",\"url\":\"https:\\\/\\\/comport.es\\\/index.php\\\/noticias\\\/el-puerto-de-algeciras-y-su-comunidad-portuaria-fortalecen-lazos-comerciales-con-costa-rica\\\/\",\"name\":\"El Puerto de Algeciras y su comunidad portuaria fortalecen lazos comerciales con Costa Rica | COMPORT\",\"isPartOf\":{\"@id\":\"https:\\\/\\\/comport.es\\\/#website\"},\"primaryImageOfPage\":{\"@id\":\"https:\\\/\\\/comport.es\\\/index.php\\\/noticias\\\/el-puerto-de-algeciras-y-su-comunidad-portuaria-fortalecen-lazos-comerciales-con-costa-rica\\\/#primaryimage\"},\"image\":{\"@id\":\"https:\\\/\\\/comport.es\\\/index.php\\\/noticias\\\/el-puerto-de-algeciras-y-su-comunidad-portuaria-fortalecen-lazos-comerciales-con-costa-rica\\\/#primaryimage\"},\"thumbnailUrl\":\"https:\\\/\\\/comport.es\\\/wp-content\\\/uploads\\\/2023\\\/05\\\/COSTARICA2.jpg\",\"datePublished\":\"2023-05-19T08:49:48+00:00\",\"dateModified\":\"2023-05-22T09:04:28+00:00\",\"breadcrumb\":{\"@id\":\"https:\\\/\\\/comport.es\\\/index.php\\\/noticias\\\/el-puerto-de-algeciras-y-su-comunidad-portuaria-fortalecen-lazos-comerciales-con-costa-rica\\\/#breadcrumb\"},\"inLanguage\":\"es\",\"potentialAction\":[{\"@type\":\"ReadAction\",\"target\":[\"https:\\\/\\\/comport.es\\\/index.php\\\/noticias\\\/el-puerto-de-algeciras-y-su-comunidad-portuaria-fortalecen-lazos-comerciales-con-costa-rica\\\/\"]}]},{\"@type\":\"ImageObject\",\"inLanguage\":\"es\",\"@id\":\"https:\\\/\\\/comport.es\\\/index.php\\\/noticias\\\/el-puerto-de-algeciras-y-su-comunidad-portuaria-fortalecen-lazos-comerciales-con-costa-rica\\\/#primaryimage\",\"url\":\"https:\\\/\\\/comport.es\\\/wp-content\\\/uploads\\\/2023\\\/05\\\/COSTARICA2.jpg\",\"contentUrl\":\"https:\\\/\\\/comport.es\\\/wp-content\\\/uploads\\\/2023\\\/05\\\/COSTARICA2.jpg\",\"width\":1300,\"height\":722},{\"@type\":\"BreadcrumbList\",\"@id\":\"https:\\\/\\\/comport.es\\\/index.php\\\/noticias\\\/el-puerto-de-algeciras-y-su-comunidad-portuaria-fortalecen-lazos-comerciales-con-costa-rica\\\/#breadcrumb\",\"itemListElement\":[{\"@type\":\"ListItem\",\"position\":1,\"name\":\"Portada\",\"item\":\"https:\\\/\\\/comport.es\\\/\"},{\"@type\":\"ListItem\",\"position\":2,\"name\":\"El Puerto de Algeciras y su comunidad portuaria fortalecen lazos comerciales con Costa Rica\"}]},{\"@type\":\"WebSite\",\"@id\":\"https:\\\/\\\/comport.es\\\/#website\",\"url\":\"https:\\\/\\\/comport.es\\\/\",\"name\":\"COMPORT\",\"description\":\"Port Community of Algeciras Bay\",\"publisher\":{\"@id\":\"https:\\\/\\\/comport.es\\\/#organization\"},\"potentialAction\":[{\"@type\":\"SearchAction\",\"target\":{\"@type\":\"EntryPoint\",\"urlTemplate\":\"https:\\\/\\\/comport.es\\\/?s={search_term_string}\"},\"query-input\":{\"@type\":\"PropertyValueSpecification\",\"valueRequired\":true,\"valueName\":\"search_term_string\"}}],\"inLanguage\":\"es\"},{\"@type\":\"Organization\",\"@id\":\"https:\\\/\\\/comport.es\\\/#organization\",\"name\":\"ALGECIRAS PORT COMMUNITY - COMPORT\",\"url\":\"https:\\\/\\\/comport.es\\\/\",\"logo\":{\"@type\":\"ImageObject\",\"inLanguage\":\"es\",\"@id\":\"https:\\\/\\\/comport.es\\\/#\\\/schema\\\/logo\\\/image\\\/\",\"url\":\"https:\\\/\\\/comport.es\\\/wp-content\\\/uploads\\\/2020\\\/10\\\/logo_comport_20m.png\",\"contentUrl\":\"https:\\\/\\\/comport.es\\\/wp-content\\\/uploads\\\/2020\\\/10\\\/logo_comport_20m.png\",\"width\":600,\"height\":170,\"caption\":\"ALGECIRAS PORT COMMUNITY - COMPORT\"},\"image\":{\"@id\":\"https:\\\/\\\/comport.es\\\/#\\\/schema\\\/logo\\\/image\\\/\"}},{\"@type\":\"Person\",\"@id\":\"https:\\\/\\\/comport.es\\\/#\\\/schema\\\/person\\\/9277649f8e04dd48c3d73bbaf2c7bebc\",\"name\":\"admincomport\"}]}<\/script>\n<!-- \/ Yoast SEO plugin. -->","yoast_head_json":{"title":"El Puerto de Algeciras y su comunidad portuaria fortalecen lazos comerciales con Costa Rica | COMPORT","robots":{"index":"noindex","follow":"follow"},"og_locale":"es_ES","og_type":"article","og_title":"El Puerto de Algeciras y su comunidad portuaria fortalecen lazos comerciales con Costa Rica | COMPORT","og_description":"Algeciras se consolida como puerta de entrada para la pi\u00f1a costarricense en Espa\u00f1a El Puerto de Algeciras concluye este viernes una nueva Misi\u00f3n Comercial en Costa Rica,consolidando su posici\u00f3n como principal socio comercial para tr\u00e1ficos reefer. Esta iniciativa fue organizada por la Autoridad Portuaria (APBA), [&hellip;]","og_url":"https:\/\/comport.es\/index.php\/noticias\/el-puerto-de-algeciras-y-su-comunidad-portuaria-fortalecen-lazos-comerciales-con-costa-rica\/","og_site_name":"COMPORT","article_published_time":"2023-05-19T08:49:48+00:00","article_modified_time":"2023-05-22T09:04:28+00:00","og_image":[{"width":1300,"height":722,"url":"https:\/\/comport.es\/wp-content\/uploads\/2023\/05\/COSTARICA2.jpg","type":"image\/jpeg"}],"author":"admincomport","twitter_card":"summary_large_image","twitter_misc":{"Escrito por":"admincomport","Tiempo de lectura":"4 minutos"},"schema":{"@context":"https:\/\/schema.org","@graph":[{"@type":"Article","@id":"https:\/\/comport.es\/index.php\/noticias\/el-puerto-de-algeciras-y-su-comunidad-portuaria-fortalecen-lazos-comerciales-con-costa-rica\/#article","isPartOf":{"@id":"https:\/\/comport.es\/index.php\/noticias\/el-puerto-de-algeciras-y-su-comunidad-portuaria-fortalecen-lazos-comerciales-con-costa-rica\/"},"author":{"name":"admincomport","@id":"https:\/\/comport.es\/#\/schema\/person\/9277649f8e04dd48c3d73bbaf2c7bebc"},"headline":"El Puerto de Algeciras y su comunidad portuaria fortalecen lazos comerciales con Costa Rica","datePublished":"2023-05-19T08:49:48+00:00","dateModified":"2023-05-22T09:04:28+00:00","mainEntityOfPage":{"@id":"https:\/\/comport.es\/index.php\/noticias\/el-puerto-de-algeciras-y-su-comunidad-portuaria-fortalecen-lazos-comerciales-con-costa-rica\/"},"wordCount":797,"publisher":{"@id":"https:\/\/comport.es\/#organization"},"image":{"@id":"https:\/\/comport.es\/index.php\/noticias\/el-puerto-de-algeciras-y-su-comunidad-portuaria-fortalecen-lazos-comerciales-con-costa-rica\/#primaryimage"},"thumbnailUrl":"https:\/\/comport.es\/wp-content\/uploads\/2023\/05\/COSTARICA2.jpg","articleSection":["Noticias"],"inLanguage":"es"},{"@type":"WebPage","@id":"https:\/\/comport.es\/index.php\/noticias\/el-puerto-de-algeciras-y-su-comunidad-portuaria-fortalecen-lazos-comerciales-con-costa-rica\/","url":"https:\/\/comport.es\/index.php\/noticias\/el-puerto-de-algeciras-y-su-comunidad-portuaria-fortalecen-lazos-comerciales-con-costa-rica\/","name":"El Puerto de Algeciras y su comunidad portuaria fortalecen lazos comerciales con Costa Rica | COMPORT","isPartOf":{"@id":"https:\/\/comport.es\/#website"},"primaryImageOfPage":{"@id":"https:\/\/comport.es\/index.php\/noticias\/el-puerto-de-algeciras-y-su-comunidad-portuaria-fortalecen-lazos-comerciales-con-costa-rica\/#primaryimage"},"image":{"@id":"https:\/\/comport.es\/index.php\/noticias\/el-puerto-de-algeciras-y-su-comunidad-portuaria-fortalecen-lazos-comerciales-con-costa-rica\/#primaryimage"},"thumbnailUrl":"https:\/\/comport.es\/wp-content\/uploads\/2023\/05\/COSTARICA2.jpg","datePublished":"2023-05-19T08:49:48+00:00","dateModified":"2023-05-22T09:04:28+00:00","breadcrumb":{"@id":"https:\/\/comport.es\/index.php\/noticias\/el-puerto-de-algeciras-y-su-comunidad-portuaria-fortalecen-lazos-comerciales-con-costa-rica\/#breadcrumb"},"inLanguage":"es","potentialAction":[{"@type":"ReadAction","target":["https:\/\/comport.es\/index.php\/noticias\/el-puerto-de-algeciras-y-su-comunidad-portuaria-fortalecen-lazos-comerciales-con-costa-rica\/"]}]},{"@type":"ImageObject","inLanguage":"es","@id":"https:\/\/comport.es\/index.php\/noticias\/el-puerto-de-algeciras-y-su-comunidad-portuaria-fortalecen-lazos-comerciales-con-costa-rica\/#primaryimage","url":"https:\/\/comport.es\/wp-content\/uploads\/2023\/05\/COSTARICA2.jpg","contentUrl":"https:\/\/comport.es\/wp-content\/uploads\/2023\/05\/COSTARICA2.jpg","width":1300,"height":722},{"@type":"BreadcrumbList","@id":"https:\/\/comport.es\/index.php\/noticias\/el-puerto-de-algeciras-y-su-comunidad-portuaria-fortalecen-lazos-comerciales-con-costa-rica\/#breadcrumb","itemListElement":[{"@type":"ListItem","position":1,"name":"Portada","item":"https:\/\/comport.es\/"},{"@type":"ListItem","position":2,"name":"El Puerto de Algeciras y su comunidad portuaria fortalecen lazos comerciales con Costa Rica"}]},{"@type":"WebSite","@id":"https:\/\/comport.es\/#website","url":"https:\/\/comport.es\/","name":"COMPORT","description":"Port Community of Algeciras Bay","publisher":{"@id":"https:\/\/comport.es\/#organization"},"potentialAction":[{"@type":"SearchAction","target":{"@type":"EntryPoint","urlTemplate":"https:\/\/comport.es\/?s={search_term_string}"},"query-input":{"@type":"PropertyValueSpecification","valueRequired":true,"valueName":"search_term_string"}}],"inLanguage":"es"},{"@type":"Organization","@id":"https:\/\/comport.es\/#organization","name":"ALGECIRAS PORT COMMUNITY - COMPORT","url":"https:\/\/comport.es\/","logo":{"@type":"ImageObject","inLanguage":"es","@id":"https:\/\/comport.es\/#\/schema\/logo\/image\/","url":"https:\/\/comport.es\/wp-content\/uploads\/2020\/10\/logo_comport_20m.png","contentUrl":"https:\/\/comport.es\/wp-content\/uploads\/2020\/10\/logo_comport_20m.png","width":600,"height":170,"caption":"ALGECIRAS PORT COMMUNITY - COMPORT"},"image":{"@id":"https:\/\/comport.es\/#\/schema\/logo\/image\/"}},{"@type":"Person","@id":"https:\/\/comport.es\/#\/schema\/person\/9277649f8e04dd48c3d73bbaf2c7bebc","name":"admincomport"}]}},"_links":{"self":[{"href":"https:\/\/comport.es\/index.php\/wp-json\/wp\/v2\/posts\/8003","targetHints":{"allow":["GET"]}}],"collection":[{"href":"https:\/\/comport.es\/index.php\/wp-json\/wp\/v2\/posts"}],"about":[{"href":"https:\/\/comport.es\/index.php\/wp-json\/wp\/v2\/types\/post"}],"author":[{"embeddable":true,"href":"https:\/\/comport.es\/index.php\/wp-json\/wp\/v2\/users\/1"}],"replies":[{"embeddable":true,"href":"https:\/\/comport.es\/index.php\/wp-json\/wp\/v2\/comments?post=8003"}],"version-history":[{"count":2,"href":"https:\/\/comport.es\/index.php\/wp-json\/wp\/v2\/posts\/8003\/revisions"}],"predecessor-version":[{"id":8009,"href":"https:\/\/comport.es\/index.php\/wp-json\/wp\/v2\/posts\/8003\/revisions\/8009"}],"wp:featuredmedia":[{"embeddable":true,"href":"https:\/\/comport.es\/index.php\/wp-json\/wp\/v2\/media\/8006"}],"wp:attachment":[{"href":"https:\/\/comport.es\/index.php\/wp-json\/wp\/v2\/media?parent=8003"}],"wp:term":[{"taxonomy":"category","embeddable":true,"href":"https:\/\/comport.es\/index.php\/wp-json\/wp\/v2\/categories?post=8003"},{"taxonomy":"post_tag","embeddable":true,"href":"https:\/\/comport.es\/index.php\/wp-json\/wp\/v2\/tags?post=8003"}],"curies":[{"name":"wp","href":"https:\/\/api.w.org\/{rel}","templated":true}]}}