{"id":7985,"date":"2023-04-21T09:48:42","date_gmt":"2023-04-21T09:48:42","guid":{"rendered":"https:\/\/comport.es\/?p=7985"},"modified":"2023-04-21T09:48:42","modified_gmt":"2023-04-21T09:48:42","slug":"la-bahia-de-algeciras-se-muestra-ante-uno-de-sus-clientes-preferentes","status":"publish","type":"post","link":"https:\/\/comport.es\/index.php\/noticias\/la-bahia-de-algeciras-se-muestra-ante-uno-de-sus-clientes-preferentes\/","title":{"rendered":"La Bah\u00eda de Algeciras se muestra ante uno de sus clientes preferentes"},"content":{"rendered":"<p style=\"text-align: justify;\"><strong><span style=\"color: #000000; font-size: 18pt;\">Una docena de empresas participan en East Med 2023<\/span><\/strong><\/p>\n<p style=\"text-align: justify;\"><span style=\"color: #000000;\">La delegaci\u00f3n del Puerto Bah\u00eda de Algeciras desplazada hasta Limassol (Chipre) paraparticipar en la East Med 2023, vive, este viernes 21 de abril, el d\u00eda m\u00e1s importante de lamuestra con la participaci\u00f3n masiva de empresas locales que culminar\u00e1 con la tradicionalfiesta de clausura donde continuar\u00e1 el networking, en un ambiente m\u00e1s distendido.<\/span><\/p>\n<p style=\"text-align: justify;\"><span style=\"color: #000000;\">Durante la jornada inaugural, la docena de empresas que componen la delegaci\u00f3n de COMPORT junto a la representaci\u00f3n de la Autoridad Portuaria de la Bah\u00eda de Algeciras, asistieron a diferentes conferencias sobre la transici\u00f3n al biofuel, LNG y combustibles futuros. La apertura de la muestra corri\u00f3 a cargo de Marina Hadjimanolis, Viceministra de Transporte Mar\u00edtimo de Chipre, quien visit\u00f3 el stand del Puerto Bah\u00eda de Algeciras, lo que fue aprovechado por los empresarios de la d\u00e1rsena del Estrecho de Gibraltar para expresar el inter\u00e9s de la comunidad Portuaria en extender las relaciones con Chipre, como cliente de primera clase.<\/span><\/p>\n<p style=\"text-align: justify;\"><span style=\"color: #000000;\">East Med es una plataforma bianual para expertos nacionales e internacionales en las industrias marina y de petr\u00f3leo y gas que sirve para intercambiar puntos de vista y compartir conocimientos y experiencia. El evento tambi\u00e9n tiene como objetivo mejorar las sinergias entre las dos industrias, impulsar la colaboraci\u00f3n entre los profesionales de la industria y promover una mayor cooperaci\u00f3n entre el sector privado y p\u00fablico.<\/span><\/p>\n<p style=\"text-align: justify;\">\n<p style=\"text-align: justify;\"><span style=\"color: #000000;\"><strong>FUENTE<\/strong>: EL ESTRECHO DIGITAL<\/span><\/p>\n","protected":false},"excerpt":{"rendered":"<p>Una docena de empresas participan en East Med 2023 La delegaci\u00f3n del Puerto Bah\u00eda de Algeciras desplazada hasta Limassol (Chipre) paraparticipar en la East Med 2023, vive, este viernes 21 de abril, el d\u00eda m\u00e1s importante de lamuestra con la participaci\u00f3n masiva de empresas locales [&hellip;]<\/p>\n","protected":false},"author":1,"featured_media":7983,"comment_status":"closed","ping_status":"closed","sticky":false,"template":"","format":"standard","meta":{"footnotes":""},"categories":[921],"tags":[],"class_list":["post-7985","post","type-post","status-publish","format-standard","has-post-thumbnail","hentry","category-noticias"],"yoast_head":"<!-- This site is optimized with the Yoast SEO plugin v27.4 - https:\/\/yoast.com\/product\/yoast-seo-wordpress\/ -->\n<title>La Bah\u00eda de Algeciras se muestra ante uno de sus clientes preferentes | COMPORT<\/title>\n<meta name=\"robots\" content=\"noindex, follow\" \/>\n<meta property=\"og:locale\" content=\"es_ES\" \/>\n<meta property=\"og:type\" content=\"article\" \/>\n<meta property=\"og:title\" content=\"La Bah\u00eda de Algeciras se muestra ante uno de sus clientes preferentes | COMPORT\" \/>\n<meta property=\"og:description\" content=\"Una docena de empresas participan en East Med 2023 La delegaci\u00f3n del Puerto Bah\u00eda de Algeciras desplazada hasta Limassol (Chipre) paraparticipar en la East Med 2023, vive, este viernes 21 de abril, el d\u00eda m\u00e1s importante de lamuestra con la participaci\u00f3n masiva de empresas locales [&hellip;]\" \/>\n<meta property=\"og:url\" content=\"https:\/\/comport.es\/index.php\/noticias\/la-bahia-de-algeciras-se-muestra-ante-uno-de-sus-clientes-preferentes\/\" \/>\n<meta property=\"og:site_name\" content=\"COMPORT\" \/>\n<meta property=\"article:published_time\" content=\"2023-04-21T09:48:42+00:00\" \/>\n<meta property=\"og:image\" content=\"https:\/\/comport.es\/wp-content\/uploads\/2023\/04\/EAST_MED_23.jpg\" \/>\n\t<meta property=\"og:image:width\" content=\"1920\" \/>\n\t<meta property=\"og:image:height\" content=\"1080\" \/>\n\t<meta property=\"og:image:type\" content=\"image\/jpeg\" \/>\n<meta name=\"author\" content=\"admincomport\" \/>\n<meta name=\"twitter:card\" content=\"summary_large_image\" \/>\n<meta name=\"twitter:label1\" content=\"Escrito por\" \/>\n\t<meta name=\"twitter:data1\" content=\"admincomport\" \/>\n\t<meta name=\"twitter:label2\" content=\"Tiempo de lectura\" \/>\n\t<meta name=\"twitter:data2\" content=\"2 minutos\" \/>\n<script type=\"application\/ld+json\" class=\"yoast-schema-graph\">{\"@context\":\"https:\\\/\\\/schema.org\",\"@graph\":[{\"@type\":\"Article\",\"@id\":\"https:\\\/\\\/comport.es\\\/index.php\\\/noticias\\\/la-bahia-de-algeciras-se-muestra-ante-uno-de-sus-clientes-preferentes\\\/#article\",\"isPartOf\":{\"@id\":\"https:\\\/\\\/comport.es\\\/index.php\\\/noticias\\\/la-bahia-de-algeciras-se-muestra-ante-uno-de-sus-clientes-preferentes\\\/\"},\"author\":{\"name\":\"admincomport\",\"@id\":\"https:\\\/\\\/comport.es\\\/#\\\/schema\\\/person\\\/9277649f8e04dd48c3d73bbaf2c7bebc\"},\"headline\":\"La Bah\u00eda de Algeciras se muestra ante uno de sus clientes preferentes\",\"datePublished\":\"2023-04-21T09:48:42+00:00\",\"mainEntityOfPage\":{\"@id\":\"https:\\\/\\\/comport.es\\\/index.php\\\/noticias\\\/la-bahia-de-algeciras-se-muestra-ante-uno-de-sus-clientes-preferentes\\\/\"},\"wordCount\":258,\"publisher\":{\"@id\":\"https:\\\/\\\/comport.es\\\/#organization\"},\"image\":{\"@id\":\"https:\\\/\\\/comport.es\\\/index.php\\\/noticias\\\/la-bahia-de-algeciras-se-muestra-ante-uno-de-sus-clientes-preferentes\\\/#primaryimage\"},\"thumbnailUrl\":\"https:\\\/\\\/comport.es\\\/wp-content\\\/uploads\\\/2023\\\/04\\\/EAST_MED_23.jpg\",\"articleSection\":[\"Noticias\"],\"inLanguage\":\"es\"},{\"@type\":\"WebPage\",\"@id\":\"https:\\\/\\\/comport.es\\\/index.php\\\/noticias\\\/la-bahia-de-algeciras-se-muestra-ante-uno-de-sus-clientes-preferentes\\\/\",\"url\":\"https:\\\/\\\/comport.es\\\/index.php\\\/noticias\\\/la-bahia-de-algeciras-se-muestra-ante-uno-de-sus-clientes-preferentes\\\/\",\"name\":\"La Bah\u00eda de Algeciras se muestra ante uno de sus clientes preferentes | COMPORT\",\"isPartOf\":{\"@id\":\"https:\\\/\\\/comport.es\\\/#website\"},\"primaryImageOfPage\":{\"@id\":\"https:\\\/\\\/comport.es\\\/index.php\\\/noticias\\\/la-bahia-de-algeciras-se-muestra-ante-uno-de-sus-clientes-preferentes\\\/#primaryimage\"},\"image\":{\"@id\":\"https:\\\/\\\/comport.es\\\/index.php\\\/noticias\\\/la-bahia-de-algeciras-se-muestra-ante-uno-de-sus-clientes-preferentes\\\/#primaryimage\"},\"thumbnailUrl\":\"https:\\\/\\\/comport.es\\\/wp-content\\\/uploads\\\/2023\\\/04\\\/EAST_MED_23.jpg\",\"datePublished\":\"2023-04-21T09:48:42+00:00\",\"breadcrumb\":{\"@id\":\"https:\\\/\\\/comport.es\\\/index.php\\\/noticias\\\/la-bahia-de-algeciras-se-muestra-ante-uno-de-sus-clientes-preferentes\\\/#breadcrumb\"},\"inLanguage\":\"es\",\"potentialAction\":[{\"@type\":\"ReadAction\",\"target\":[\"https:\\\/\\\/comport.es\\\/index.php\\\/noticias\\\/la-bahia-de-algeciras-se-muestra-ante-uno-de-sus-clientes-preferentes\\\/\"]}]},{\"@type\":\"ImageObject\",\"inLanguage\":\"es\",\"@id\":\"https:\\\/\\\/comport.es\\\/index.php\\\/noticias\\\/la-bahia-de-algeciras-se-muestra-ante-uno-de-sus-clientes-preferentes\\\/#primaryimage\",\"url\":\"https:\\\/\\\/comport.es\\\/wp-content\\\/uploads\\\/2023\\\/04\\\/EAST_MED_23.jpg\",\"contentUrl\":\"https:\\\/\\\/comport.es\\\/wp-content\\\/uploads\\\/2023\\\/04\\\/EAST_MED_23.jpg\",\"width\":1920,\"height\":1080},{\"@type\":\"BreadcrumbList\",\"@id\":\"https:\\\/\\\/comport.es\\\/index.php\\\/noticias\\\/la-bahia-de-algeciras-se-muestra-ante-uno-de-sus-clientes-preferentes\\\/#breadcrumb\",\"itemListElement\":[{\"@type\":\"ListItem\",\"position\":1,\"name\":\"Portada\",\"item\":\"https:\\\/\\\/comport.es\\\/\"},{\"@type\":\"ListItem\",\"position\":2,\"name\":\"La Bah\u00eda de Algeciras se muestra ante uno de sus clientes preferentes\"}]},{\"@type\":\"WebSite\",\"@id\":\"https:\\\/\\\/comport.es\\\/#website\",\"url\":\"https:\\\/\\\/comport.es\\\/\",\"name\":\"COMPORT\",\"description\":\"Port Community of Algeciras Bay\",\"publisher\":{\"@id\":\"https:\\\/\\\/comport.es\\\/#organization\"},\"potentialAction\":[{\"@type\":\"SearchAction\",\"target\":{\"@type\":\"EntryPoint\",\"urlTemplate\":\"https:\\\/\\\/comport.es\\\/?s={search_term_string}\"},\"query-input\":{\"@type\":\"PropertyValueSpecification\",\"valueRequired\":true,\"valueName\":\"search_term_string\"}}],\"inLanguage\":\"es\"},{\"@type\":\"Organization\",\"@id\":\"https:\\\/\\\/comport.es\\\/#organization\",\"name\":\"ALGECIRAS PORT COMMUNITY - COMPORT\",\"url\":\"https:\\\/\\\/comport.es\\\/\",\"logo\":{\"@type\":\"ImageObject\",\"inLanguage\":\"es\",\"@id\":\"https:\\\/\\\/comport.es\\\/#\\\/schema\\\/logo\\\/image\\\/\",\"url\":\"https:\\\/\\\/comport.es\\\/wp-content\\\/uploads\\\/2020\\\/10\\\/logo_comport_20m.png\",\"contentUrl\":\"https:\\\/\\\/comport.es\\\/wp-content\\\/uploads\\\/2020\\\/10\\\/logo_comport_20m.png\",\"width\":600,\"height\":170,\"caption\":\"ALGECIRAS PORT COMMUNITY - COMPORT\"},\"image\":{\"@id\":\"https:\\\/\\\/comport.es\\\/#\\\/schema\\\/logo\\\/image\\\/\"}},{\"@type\":\"Person\",\"@id\":\"https:\\\/\\\/comport.es\\\/#\\\/schema\\\/person\\\/9277649f8e04dd48c3d73bbaf2c7bebc\",\"name\":\"admincomport\"}]}<\/script>\n<!-- \/ Yoast SEO plugin. -->","yoast_head_json":{"title":"La Bah\u00eda de Algeciras se muestra ante uno de sus clientes preferentes | COMPORT","robots":{"index":"noindex","follow":"follow"},"og_locale":"es_ES","og_type":"article","og_title":"La Bah\u00eda de Algeciras se muestra ante uno de sus clientes preferentes | COMPORT","og_description":"Una docena de empresas participan en East Med 2023 La delegaci\u00f3n del Puerto Bah\u00eda de Algeciras desplazada hasta Limassol (Chipre) paraparticipar en la East Med 2023, vive, este viernes 21 de abril, el d\u00eda m\u00e1s importante de lamuestra con la participaci\u00f3n masiva de empresas locales [&hellip;]","og_url":"https:\/\/comport.es\/index.php\/noticias\/la-bahia-de-algeciras-se-muestra-ante-uno-de-sus-clientes-preferentes\/","og_site_name":"COMPORT","article_published_time":"2023-04-21T09:48:42+00:00","og_image":[{"width":1920,"height":1080,"url":"https:\/\/comport.es\/wp-content\/uploads\/2023\/04\/EAST_MED_23.jpg","type":"image\/jpeg"}],"author":"admincomport","twitter_card":"summary_large_image","twitter_misc":{"Escrito por":"admincomport","Tiempo de lectura":"2 minutos"},"schema":{"@context":"https:\/\/schema.org","@graph":[{"@type":"Article","@id":"https:\/\/comport.es\/index.php\/noticias\/la-bahia-de-algeciras-se-muestra-ante-uno-de-sus-clientes-preferentes\/#article","isPartOf":{"@id":"https:\/\/comport.es\/index.php\/noticias\/la-bahia-de-algeciras-se-muestra-ante-uno-de-sus-clientes-preferentes\/"},"author":{"name":"admincomport","@id":"https:\/\/comport.es\/#\/schema\/person\/9277649f8e04dd48c3d73bbaf2c7bebc"},"headline":"La Bah\u00eda de Algeciras se muestra ante uno de sus clientes preferentes","datePublished":"2023-04-21T09:48:42+00:00","mainEntityOfPage":{"@id":"https:\/\/comport.es\/index.php\/noticias\/la-bahia-de-algeciras-se-muestra-ante-uno-de-sus-clientes-preferentes\/"},"wordCount":258,"publisher":{"@id":"https:\/\/comport.es\/#organization"},"image":{"@id":"https:\/\/comport.es\/index.php\/noticias\/la-bahia-de-algeciras-se-muestra-ante-uno-de-sus-clientes-preferentes\/#primaryimage"},"thumbnailUrl":"https:\/\/comport.es\/wp-content\/uploads\/2023\/04\/EAST_MED_23.jpg","articleSection":["Noticias"],"inLanguage":"es"},{"@type":"WebPage","@id":"https:\/\/comport.es\/index.php\/noticias\/la-bahia-de-algeciras-se-muestra-ante-uno-de-sus-clientes-preferentes\/","url":"https:\/\/comport.es\/index.php\/noticias\/la-bahia-de-algeciras-se-muestra-ante-uno-de-sus-clientes-preferentes\/","name":"La Bah\u00eda de Algeciras se muestra ante uno de sus clientes preferentes | COMPORT","isPartOf":{"@id":"https:\/\/comport.es\/#website"},"primaryImageOfPage":{"@id":"https:\/\/comport.es\/index.php\/noticias\/la-bahia-de-algeciras-se-muestra-ante-uno-de-sus-clientes-preferentes\/#primaryimage"},"image":{"@id":"https:\/\/comport.es\/index.php\/noticias\/la-bahia-de-algeciras-se-muestra-ante-uno-de-sus-clientes-preferentes\/#primaryimage"},"thumbnailUrl":"https:\/\/comport.es\/wp-content\/uploads\/2023\/04\/EAST_MED_23.jpg","datePublished":"2023-04-21T09:48:42+00:00","breadcrumb":{"@id":"https:\/\/comport.es\/index.php\/noticias\/la-bahia-de-algeciras-se-muestra-ante-uno-de-sus-clientes-preferentes\/#breadcrumb"},"inLanguage":"es","potentialAction":[{"@type":"ReadAction","target":["https:\/\/comport.es\/index.php\/noticias\/la-bahia-de-algeciras-se-muestra-ante-uno-de-sus-clientes-preferentes\/"]}]},{"@type":"ImageObject","inLanguage":"es","@id":"https:\/\/comport.es\/index.php\/noticias\/la-bahia-de-algeciras-se-muestra-ante-uno-de-sus-clientes-preferentes\/#primaryimage","url":"https:\/\/comport.es\/wp-content\/uploads\/2023\/04\/EAST_MED_23.jpg","contentUrl":"https:\/\/comport.es\/wp-content\/uploads\/2023\/04\/EAST_MED_23.jpg","width":1920,"height":1080},{"@type":"BreadcrumbList","@id":"https:\/\/comport.es\/index.php\/noticias\/la-bahia-de-algeciras-se-muestra-ante-uno-de-sus-clientes-preferentes\/#breadcrumb","itemListElement":[{"@type":"ListItem","position":1,"name":"Portada","item":"https:\/\/comport.es\/"},{"@type":"ListItem","position":2,"name":"La Bah\u00eda de Algeciras se muestra ante uno de sus clientes preferentes"}]},{"@type":"WebSite","@id":"https:\/\/comport.es\/#website","url":"https:\/\/comport.es\/","name":"COMPORT","description":"Port Community of Algeciras Bay","publisher":{"@id":"https:\/\/comport.es\/#organization"},"potentialAction":[{"@type":"SearchAction","target":{"@type":"EntryPoint","urlTemplate":"https:\/\/comport.es\/?s={search_term_string}"},"query-input":{"@type":"PropertyValueSpecification","valueRequired":true,"valueName":"search_term_string"}}],"inLanguage":"es"},{"@type":"Organization","@id":"https:\/\/comport.es\/#organization","name":"ALGECIRAS PORT COMMUNITY - COMPORT","url":"https:\/\/comport.es\/","logo":{"@type":"ImageObject","inLanguage":"es","@id":"https:\/\/comport.es\/#\/schema\/logo\/image\/","url":"https:\/\/comport.es\/wp-content\/uploads\/2020\/10\/logo_comport_20m.png","contentUrl":"https:\/\/comport.es\/wp-content\/uploads\/2020\/10\/logo_comport_20m.png","width":600,"height":170,"caption":"ALGECIRAS PORT COMMUNITY - COMPORT"},"image":{"@id":"https:\/\/comport.es\/#\/schema\/logo\/image\/"}},{"@type":"Person","@id":"https:\/\/comport.es\/#\/schema\/person\/9277649f8e04dd48c3d73bbaf2c7bebc","name":"admincomport"}]}},"_links":{"self":[{"href":"https:\/\/comport.es\/index.php\/wp-json\/wp\/v2\/posts\/7985","targetHints":{"allow":["GET"]}}],"collection":[{"href":"https:\/\/comport.es\/index.php\/wp-json\/wp\/v2\/posts"}],"about":[{"href":"https:\/\/comport.es\/index.php\/wp-json\/wp\/v2\/types\/post"}],"author":[{"embeddable":true,"href":"https:\/\/comport.es\/index.php\/wp-json\/wp\/v2\/users\/1"}],"replies":[{"embeddable":true,"href":"https:\/\/comport.es\/index.php\/wp-json\/wp\/v2\/comments?post=7985"}],"version-history":[{"count":1,"href":"https:\/\/comport.es\/index.php\/wp-json\/wp\/v2\/posts\/7985\/revisions"}],"predecessor-version":[{"id":7986,"href":"https:\/\/comport.es\/index.php\/wp-json\/wp\/v2\/posts\/7985\/revisions\/7986"}],"wp:featuredmedia":[{"embeddable":true,"href":"https:\/\/comport.es\/index.php\/wp-json\/wp\/v2\/media\/7983"}],"wp:attachment":[{"href":"https:\/\/comport.es\/index.php\/wp-json\/wp\/v2\/media?parent=7985"}],"wp:term":[{"taxonomy":"category","embeddable":true,"href":"https:\/\/comport.es\/index.php\/wp-json\/wp\/v2\/categories?post=7985"},{"taxonomy":"post_tag","embeddable":true,"href":"https:\/\/comport.es\/index.php\/wp-json\/wp\/v2\/tags?post=7985"}],"curies":[{"name":"wp","href":"https:\/\/api.w.org\/{rel}","templated":true}]}}