{"id":7855,"date":"2023-02-09T13:05:28","date_gmt":"2023-02-09T13:05:28","guid":{"rendered":"https:\/\/comport.es\/?p=7855"},"modified":"2023-03-01T13:08:07","modified_gmt":"2023-03-01T13:08:07","slug":"el-puerto-de-algeciras-lleva-a-berlin-su-potencial-como-conector-del-mercado-agricola-internacional","status":"publish","type":"post","link":"https:\/\/comport.es\/index.php\/noticias\/el-puerto-de-algeciras-lleva-a-berlin-su-potencial-como-conector-del-mercado-agricola-internacional\/","title":{"rendered":"El Puerto de Algeciras lleva a Berl\u00edn su potencial como conector del mercado agr\u00edcola internacional"},"content":{"rendered":"<p style=\"text-align: justify;\"><span style=\"color: #000000;\">El Puerto de Algeciras participa durante esta semana en la feria Fruit Logistica en Berl\u00edn, Alemania. Hasta la capital se ha desplazado una\u00a0<strong>amplia delegaci\u00f3n<\/strong>\u00a0de empresas de la comunidad portuaria para mostrar hasta el viernes las potencialidades que ofrece la d\u00e1rsena del Estrecho para posicionar de la forma m\u00e1s \u00f3ptima la producci\u00f3n agr\u00edcola nacional en los\u00a0<strong>mercados internacionales<\/strong>.<\/span><\/p>\n<p style=\"text-align: justify;\"><span style=\"color: #000000;\">La d\u00e1rsena andaluza oferta una\u00a0<strong>amplia conectividad<\/strong>\u00a0y unos tiempos de tr\u00e1nsito imbatibles para las importaciones desde pa\u00edses productores Iberoamericanos, siendo referente para productos como el aguacate de Per\u00fa o la pi\u00f1a de Costa Rica. Asimismo, las exportaciones nacionales se benefician de las conexiones m\u00e1s r\u00e1pidas como los\u00a0<strong>8 d\u00edas con Nueva York<\/strong>\u00a0o 24 con Shangh\u00e1i.<\/span><\/p>\n<p style=\"text-align: justify;\"><span style=\"color: #000000;\">Durante 2022 la exportaci\u00f3n de mercanc\u00eda refrigerada desde el Puerto de Algeciras\u00a0<strong>creci\u00f3 un 13%.<\/strong>\u00a0Los m\u00e1s destacados fueron los c\u00edtricos, fruta de hueso, o ajos y cebollas, y destinos como Canad\u00e1, EEUU, Republica Dominicana, Filipinas, Corea del Sur o Malasia. As\u00ed, la entidad portuaria canaliza la\u00a0<strong>mitad de los tr\u00e1ficos hortofrut\u00edcolas<\/strong>\u00a0que transitan por los puertos espa\u00f1oles. Adem\u00e1s, el recinto portuario del Estrecho alcanza ya una capacidad de almacenamiento en fr\u00edo que supera los\u00a0<strong>30.000 pallets<\/strong>, mientras que las terminales disponen de 5.264 enchufes para contenedores frigor\u00edficos<\/span><\/p>\n<p style=\"text-align: justify;\"><span style=\"color: #000000;\">El espacio del Puerto de Algeciras en Fruit Logistica est\u00e1 ubicado en el\u00a0<strong>hall 25 stand A-61<\/strong>\u00a0de Ports of Spain, junto al pasillo que conecta con el hall 24. All\u00ed, junto a los responsables de la Autoridad Portuaria y la Comunidad Portuaria, acuden un importante\u00a0<strong>grupo de empresas especializadas<\/strong>\u00a0en transporte frigor\u00edfico como son Americold, Bernardino Abad Algeciras, Partida Logistica, Servicios Auxiliares Mar\u00edtimos Algeciras (SAM Algeciras),TIBA y UCC Logistics Spain.<\/span><\/p>\n<p style=\"text-align: justify;\">\n<p style=\"text-align: justify;\"><span style=\"color: #000000;\"><strong>FUENTE:<\/strong> EUROPA SUR<\/span><\/p>\n","protected":false},"excerpt":{"rendered":"<p>El Puerto de Algeciras participa durante esta semana en la feria Fruit Logistica en Berl\u00edn, Alemania. Hasta la capital se ha desplazado una\u00a0amplia delegaci\u00f3n\u00a0de empresas de la comunidad portuaria para mostrar hasta el viernes las potencialidades que ofrece la d\u00e1rsena del Estrecho para posicionar de [&hellip;]<\/p>\n","protected":false},"author":1,"featured_media":7853,"comment_status":"closed","ping_status":"closed","sticky":false,"template":"","format":"gallery","meta":{"footnotes":""},"categories":[921],"tags":[],"class_list":["post-7855","post","type-post","status-publish","format-gallery","has-post-thumbnail","hentry","category-noticias","post_format-post-format-gallery"],"yoast_head":"<!-- This site is optimized with the Yoast SEO plugin v27.4 - https:\/\/yoast.com\/product\/yoast-seo-wordpress\/ -->\n<title>El Puerto de Algeciras lleva a Berl\u00edn su potencial como conector del mercado agr\u00edcola internacional | COMPORT<\/title>\n<meta name=\"robots\" content=\"noindex, follow\" \/>\n<meta property=\"og:locale\" content=\"es_ES\" \/>\n<meta property=\"og:type\" content=\"article\" \/>\n<meta property=\"og:title\" content=\"El Puerto de Algeciras lleva a Berl\u00edn su potencial como conector del mercado agr\u00edcola internacional | COMPORT\" \/>\n<meta property=\"og:description\" content=\"El Puerto de Algeciras participa durante esta semana en la feria Fruit Logistica en Berl\u00edn, Alemania. Hasta la capital se ha desplazado una\u00a0amplia delegaci\u00f3n\u00a0de empresas de la comunidad portuaria para mostrar hasta el viernes las potencialidades que ofrece la d\u00e1rsena del Estrecho para posicionar de [&hellip;]\" \/>\n<meta property=\"og:url\" content=\"https:\/\/comport.es\/index.php\/noticias\/el-puerto-de-algeciras-lleva-a-berlin-su-potencial-como-conector-del-mercado-agricola-internacional\/\" \/>\n<meta property=\"og:site_name\" content=\"COMPORT\" \/>\n<meta property=\"article:published_time\" content=\"2023-02-09T13:05:28+00:00\" \/>\n<meta property=\"article:modified_time\" content=\"2023-03-01T13:08:07+00:00\" \/>\n<meta property=\"og:image\" content=\"https:\/\/comport.es\/wp-content\/uploads\/2023\/03\/FRUIT_LOGISTICA_23_2.jpg\" \/>\n\t<meta property=\"og:image:width\" content=\"1300\" \/>\n\t<meta property=\"og:image:height\" content=\"722\" \/>\n\t<meta property=\"og:image:type\" content=\"image\/jpeg\" \/>\n<meta name=\"author\" content=\"admincomport\" \/>\n<meta name=\"twitter:card\" content=\"summary_large_image\" \/>\n<meta name=\"twitter:label1\" content=\"Escrito por\" \/>\n\t<meta name=\"twitter:data1\" content=\"admincomport\" \/>\n\t<meta name=\"twitter:label2\" content=\"Tiempo de lectura\" \/>\n\t<meta name=\"twitter:data2\" content=\"2 minutos\" \/>\n<script type=\"application\/ld+json\" class=\"yoast-schema-graph\">{\"@context\":\"https:\\\/\\\/schema.org\",\"@graph\":[{\"@type\":\"Article\",\"@id\":\"https:\\\/\\\/comport.es\\\/index.php\\\/noticias\\\/el-puerto-de-algeciras-lleva-a-berlin-su-potencial-como-conector-del-mercado-agricola-internacional\\\/#article\",\"isPartOf\":{\"@id\":\"https:\\\/\\\/comport.es\\\/index.php\\\/noticias\\\/el-puerto-de-algeciras-lleva-a-berlin-su-potencial-como-conector-del-mercado-agricola-internacional\\\/\"},\"author\":{\"name\":\"admincomport\",\"@id\":\"https:\\\/\\\/comport.es\\\/#\\\/schema\\\/person\\\/9277649f8e04dd48c3d73bbaf2c7bebc\"},\"headline\":\"El Puerto de Algeciras lleva a Berl\u00edn su potencial como conector del mercado agr\u00edcola internacional\",\"datePublished\":\"2023-02-09T13:05:28+00:00\",\"dateModified\":\"2023-03-01T13:08:07+00:00\",\"mainEntityOfPage\":{\"@id\":\"https:\\\/\\\/comport.es\\\/index.php\\\/noticias\\\/el-puerto-de-algeciras-lleva-a-berlin-su-potencial-como-conector-del-mercado-agricola-internacional\\\/\"},\"wordCount\":314,\"publisher\":{\"@id\":\"https:\\\/\\\/comport.es\\\/#organization\"},\"image\":{\"@id\":\"https:\\\/\\\/comport.es\\\/index.php\\\/noticias\\\/el-puerto-de-algeciras-lleva-a-berlin-su-potencial-como-conector-del-mercado-agricola-internacional\\\/#primaryimage\"},\"thumbnailUrl\":\"https:\\\/\\\/comport.es\\\/wp-content\\\/uploads\\\/2023\\\/03\\\/FRUIT_LOGISTICA_23_2.jpg\",\"articleSection\":[\"Noticias\"],\"inLanguage\":\"es\"},{\"@type\":\"WebPage\",\"@id\":\"https:\\\/\\\/comport.es\\\/index.php\\\/noticias\\\/el-puerto-de-algeciras-lleva-a-berlin-su-potencial-como-conector-del-mercado-agricola-internacional\\\/\",\"url\":\"https:\\\/\\\/comport.es\\\/index.php\\\/noticias\\\/el-puerto-de-algeciras-lleva-a-berlin-su-potencial-como-conector-del-mercado-agricola-internacional\\\/\",\"name\":\"El Puerto de Algeciras lleva a Berl\u00edn su potencial como conector del mercado agr\u00edcola internacional | COMPORT\",\"isPartOf\":{\"@id\":\"https:\\\/\\\/comport.es\\\/#website\"},\"primaryImageOfPage\":{\"@id\":\"https:\\\/\\\/comport.es\\\/index.php\\\/noticias\\\/el-puerto-de-algeciras-lleva-a-berlin-su-potencial-como-conector-del-mercado-agricola-internacional\\\/#primaryimage\"},\"image\":{\"@id\":\"https:\\\/\\\/comport.es\\\/index.php\\\/noticias\\\/el-puerto-de-algeciras-lleva-a-berlin-su-potencial-como-conector-del-mercado-agricola-internacional\\\/#primaryimage\"},\"thumbnailUrl\":\"https:\\\/\\\/comport.es\\\/wp-content\\\/uploads\\\/2023\\\/03\\\/FRUIT_LOGISTICA_23_2.jpg\",\"datePublished\":\"2023-02-09T13:05:28+00:00\",\"dateModified\":\"2023-03-01T13:08:07+00:00\",\"breadcrumb\":{\"@id\":\"https:\\\/\\\/comport.es\\\/index.php\\\/noticias\\\/el-puerto-de-algeciras-lleva-a-berlin-su-potencial-como-conector-del-mercado-agricola-internacional\\\/#breadcrumb\"},\"inLanguage\":\"es\",\"potentialAction\":[{\"@type\":\"ReadAction\",\"target\":[\"https:\\\/\\\/comport.es\\\/index.php\\\/noticias\\\/el-puerto-de-algeciras-lleva-a-berlin-su-potencial-como-conector-del-mercado-agricola-internacional\\\/\"]}]},{\"@type\":\"ImageObject\",\"inLanguage\":\"es\",\"@id\":\"https:\\\/\\\/comport.es\\\/index.php\\\/noticias\\\/el-puerto-de-algeciras-lleva-a-berlin-su-potencial-como-conector-del-mercado-agricola-internacional\\\/#primaryimage\",\"url\":\"https:\\\/\\\/comport.es\\\/wp-content\\\/uploads\\\/2023\\\/03\\\/FRUIT_LOGISTICA_23_2.jpg\",\"contentUrl\":\"https:\\\/\\\/comport.es\\\/wp-content\\\/uploads\\\/2023\\\/03\\\/FRUIT_LOGISTICA_23_2.jpg\",\"width\":1300,\"height\":722},{\"@type\":\"BreadcrumbList\",\"@id\":\"https:\\\/\\\/comport.es\\\/index.php\\\/noticias\\\/el-puerto-de-algeciras-lleva-a-berlin-su-potencial-como-conector-del-mercado-agricola-internacional\\\/#breadcrumb\",\"itemListElement\":[{\"@type\":\"ListItem\",\"position\":1,\"name\":\"Portada\",\"item\":\"https:\\\/\\\/comport.es\\\/\"},{\"@type\":\"ListItem\",\"position\":2,\"name\":\"El Puerto de Algeciras lleva a Berl\u00edn su potencial como conector del mercado agr\u00edcola internacional\"}]},{\"@type\":\"WebSite\",\"@id\":\"https:\\\/\\\/comport.es\\\/#website\",\"url\":\"https:\\\/\\\/comport.es\\\/\",\"name\":\"COMPORT\",\"description\":\"Port Community of Algeciras Bay\",\"publisher\":{\"@id\":\"https:\\\/\\\/comport.es\\\/#organization\"},\"potentialAction\":[{\"@type\":\"SearchAction\",\"target\":{\"@type\":\"EntryPoint\",\"urlTemplate\":\"https:\\\/\\\/comport.es\\\/?s={search_term_string}\"},\"query-input\":{\"@type\":\"PropertyValueSpecification\",\"valueRequired\":true,\"valueName\":\"search_term_string\"}}],\"inLanguage\":\"es\"},{\"@type\":\"Organization\",\"@id\":\"https:\\\/\\\/comport.es\\\/#organization\",\"name\":\"ALGECIRAS PORT COMMUNITY - COMPORT\",\"url\":\"https:\\\/\\\/comport.es\\\/\",\"logo\":{\"@type\":\"ImageObject\",\"inLanguage\":\"es\",\"@id\":\"https:\\\/\\\/comport.es\\\/#\\\/schema\\\/logo\\\/image\\\/\",\"url\":\"https:\\\/\\\/comport.es\\\/wp-content\\\/uploads\\\/2020\\\/10\\\/logo_comport_20m.png\",\"contentUrl\":\"https:\\\/\\\/comport.es\\\/wp-content\\\/uploads\\\/2020\\\/10\\\/logo_comport_20m.png\",\"width\":600,\"height\":170,\"caption\":\"ALGECIRAS PORT COMMUNITY - COMPORT\"},\"image\":{\"@id\":\"https:\\\/\\\/comport.es\\\/#\\\/schema\\\/logo\\\/image\\\/\"}},{\"@type\":\"Person\",\"@id\":\"https:\\\/\\\/comport.es\\\/#\\\/schema\\\/person\\\/9277649f8e04dd48c3d73bbaf2c7bebc\",\"name\":\"admincomport\"}]}<\/script>\n<!-- \/ Yoast SEO plugin. -->","yoast_head_json":{"title":"El Puerto de Algeciras lleva a Berl\u00edn su potencial como conector del mercado agr\u00edcola internacional | COMPORT","robots":{"index":"noindex","follow":"follow"},"og_locale":"es_ES","og_type":"article","og_title":"El Puerto de Algeciras lleva a Berl\u00edn su potencial como conector del mercado agr\u00edcola internacional | COMPORT","og_description":"El Puerto de Algeciras participa durante esta semana en la feria Fruit Logistica en Berl\u00edn, Alemania. Hasta la capital se ha desplazado una\u00a0amplia delegaci\u00f3n\u00a0de empresas de la comunidad portuaria para mostrar hasta el viernes las potencialidades que ofrece la d\u00e1rsena del Estrecho para posicionar de [&hellip;]","og_url":"https:\/\/comport.es\/index.php\/noticias\/el-puerto-de-algeciras-lleva-a-berlin-su-potencial-como-conector-del-mercado-agricola-internacional\/","og_site_name":"COMPORT","article_published_time":"2023-02-09T13:05:28+00:00","article_modified_time":"2023-03-01T13:08:07+00:00","og_image":[{"width":1300,"height":722,"url":"https:\/\/comport.es\/wp-content\/uploads\/2023\/03\/FRUIT_LOGISTICA_23_2.jpg","type":"image\/jpeg"}],"author":"admincomport","twitter_card":"summary_large_image","twitter_misc":{"Escrito por":"admincomport","Tiempo de lectura":"2 minutos"},"schema":{"@context":"https:\/\/schema.org","@graph":[{"@type":"Article","@id":"https:\/\/comport.es\/index.php\/noticias\/el-puerto-de-algeciras-lleva-a-berlin-su-potencial-como-conector-del-mercado-agricola-internacional\/#article","isPartOf":{"@id":"https:\/\/comport.es\/index.php\/noticias\/el-puerto-de-algeciras-lleva-a-berlin-su-potencial-como-conector-del-mercado-agricola-internacional\/"},"author":{"name":"admincomport","@id":"https:\/\/comport.es\/#\/schema\/person\/9277649f8e04dd48c3d73bbaf2c7bebc"},"headline":"El Puerto de Algeciras lleva a Berl\u00edn su potencial como conector del mercado agr\u00edcola internacional","datePublished":"2023-02-09T13:05:28+00:00","dateModified":"2023-03-01T13:08:07+00:00","mainEntityOfPage":{"@id":"https:\/\/comport.es\/index.php\/noticias\/el-puerto-de-algeciras-lleva-a-berlin-su-potencial-como-conector-del-mercado-agricola-internacional\/"},"wordCount":314,"publisher":{"@id":"https:\/\/comport.es\/#organization"},"image":{"@id":"https:\/\/comport.es\/index.php\/noticias\/el-puerto-de-algeciras-lleva-a-berlin-su-potencial-como-conector-del-mercado-agricola-internacional\/#primaryimage"},"thumbnailUrl":"https:\/\/comport.es\/wp-content\/uploads\/2023\/03\/FRUIT_LOGISTICA_23_2.jpg","articleSection":["Noticias"],"inLanguage":"es"},{"@type":"WebPage","@id":"https:\/\/comport.es\/index.php\/noticias\/el-puerto-de-algeciras-lleva-a-berlin-su-potencial-como-conector-del-mercado-agricola-internacional\/","url":"https:\/\/comport.es\/index.php\/noticias\/el-puerto-de-algeciras-lleva-a-berlin-su-potencial-como-conector-del-mercado-agricola-internacional\/","name":"El Puerto de Algeciras lleva a Berl\u00edn su potencial como conector del mercado agr\u00edcola internacional | COMPORT","isPartOf":{"@id":"https:\/\/comport.es\/#website"},"primaryImageOfPage":{"@id":"https:\/\/comport.es\/index.php\/noticias\/el-puerto-de-algeciras-lleva-a-berlin-su-potencial-como-conector-del-mercado-agricola-internacional\/#primaryimage"},"image":{"@id":"https:\/\/comport.es\/index.php\/noticias\/el-puerto-de-algeciras-lleva-a-berlin-su-potencial-como-conector-del-mercado-agricola-internacional\/#primaryimage"},"thumbnailUrl":"https:\/\/comport.es\/wp-content\/uploads\/2023\/03\/FRUIT_LOGISTICA_23_2.jpg","datePublished":"2023-02-09T13:05:28+00:00","dateModified":"2023-03-01T13:08:07+00:00","breadcrumb":{"@id":"https:\/\/comport.es\/index.php\/noticias\/el-puerto-de-algeciras-lleva-a-berlin-su-potencial-como-conector-del-mercado-agricola-internacional\/#breadcrumb"},"inLanguage":"es","potentialAction":[{"@type":"ReadAction","target":["https:\/\/comport.es\/index.php\/noticias\/el-puerto-de-algeciras-lleva-a-berlin-su-potencial-como-conector-del-mercado-agricola-internacional\/"]}]},{"@type":"ImageObject","inLanguage":"es","@id":"https:\/\/comport.es\/index.php\/noticias\/el-puerto-de-algeciras-lleva-a-berlin-su-potencial-como-conector-del-mercado-agricola-internacional\/#primaryimage","url":"https:\/\/comport.es\/wp-content\/uploads\/2023\/03\/FRUIT_LOGISTICA_23_2.jpg","contentUrl":"https:\/\/comport.es\/wp-content\/uploads\/2023\/03\/FRUIT_LOGISTICA_23_2.jpg","width":1300,"height":722},{"@type":"BreadcrumbList","@id":"https:\/\/comport.es\/index.php\/noticias\/el-puerto-de-algeciras-lleva-a-berlin-su-potencial-como-conector-del-mercado-agricola-internacional\/#breadcrumb","itemListElement":[{"@type":"ListItem","position":1,"name":"Portada","item":"https:\/\/comport.es\/"},{"@type":"ListItem","position":2,"name":"El Puerto de Algeciras lleva a Berl\u00edn su potencial como conector del mercado agr\u00edcola internacional"}]},{"@type":"WebSite","@id":"https:\/\/comport.es\/#website","url":"https:\/\/comport.es\/","name":"COMPORT","description":"Port Community of Algeciras Bay","publisher":{"@id":"https:\/\/comport.es\/#organization"},"potentialAction":[{"@type":"SearchAction","target":{"@type":"EntryPoint","urlTemplate":"https:\/\/comport.es\/?s={search_term_string}"},"query-input":{"@type":"PropertyValueSpecification","valueRequired":true,"valueName":"search_term_string"}}],"inLanguage":"es"},{"@type":"Organization","@id":"https:\/\/comport.es\/#organization","name":"ALGECIRAS PORT COMMUNITY - COMPORT","url":"https:\/\/comport.es\/","logo":{"@type":"ImageObject","inLanguage":"es","@id":"https:\/\/comport.es\/#\/schema\/logo\/image\/","url":"https:\/\/comport.es\/wp-content\/uploads\/2020\/10\/logo_comport_20m.png","contentUrl":"https:\/\/comport.es\/wp-content\/uploads\/2020\/10\/logo_comport_20m.png","width":600,"height":170,"caption":"ALGECIRAS PORT COMMUNITY - COMPORT"},"image":{"@id":"https:\/\/comport.es\/#\/schema\/logo\/image\/"}},{"@type":"Person","@id":"https:\/\/comport.es\/#\/schema\/person\/9277649f8e04dd48c3d73bbaf2c7bebc","name":"admincomport"}]}},"_links":{"self":[{"href":"https:\/\/comport.es\/index.php\/wp-json\/wp\/v2\/posts\/7855","targetHints":{"allow":["GET"]}}],"collection":[{"href":"https:\/\/comport.es\/index.php\/wp-json\/wp\/v2\/posts"}],"about":[{"href":"https:\/\/comport.es\/index.php\/wp-json\/wp\/v2\/types\/post"}],"author":[{"embeddable":true,"href":"https:\/\/comport.es\/index.php\/wp-json\/wp\/v2\/users\/1"}],"replies":[{"embeddable":true,"href":"https:\/\/comport.es\/index.php\/wp-json\/wp\/v2\/comments?post=7855"}],"version-history":[{"count":1,"href":"https:\/\/comport.es\/index.php\/wp-json\/wp\/v2\/posts\/7855\/revisions"}],"predecessor-version":[{"id":7856,"href":"https:\/\/comport.es\/index.php\/wp-json\/wp\/v2\/posts\/7855\/revisions\/7856"}],"wp:featuredmedia":[{"embeddable":true,"href":"https:\/\/comport.es\/index.php\/wp-json\/wp\/v2\/media\/7853"}],"wp:attachment":[{"href":"https:\/\/comport.es\/index.php\/wp-json\/wp\/v2\/media?parent=7855"}],"wp:term":[{"taxonomy":"category","embeddable":true,"href":"https:\/\/comport.es\/index.php\/wp-json\/wp\/v2\/categories?post=7855"},{"taxonomy":"post_tag","embeddable":true,"href":"https:\/\/comport.es\/index.php\/wp-json\/wp\/v2\/tags?post=7855"}],"curies":[{"name":"wp","href":"https:\/\/api.w.org\/{rel}","templated":true}]}}