{"id":7730,"date":"2022-09-06T12:24:10","date_gmt":"2022-09-06T12:24:10","guid":{"rendered":"https:\/\/comport.es\/?p=7730"},"modified":"2022-09-07T12:26:44","modified_gmt":"2022-09-07T12:26:44","slug":"el-puerto-de-algeciras-comienza-el-curso-comercial-en-la-feria-smm-hamburgo","status":"publish","type":"post","link":"https:\/\/comport.es\/index.php\/noticias\/el-puerto-de-algeciras-comienza-el-curso-comercial-en-la-feria-smm-hamburgo\/","title":{"rendered":"El Puerto de Algeciras comienza el curso comercial en la feria SMM Hamburgo"},"content":{"rendered":"<p style=\"text-align: justify;\"><span style=\"font-size: 14pt;\"><strong><span style=\"color: #000000;\">Una treintena de operadores acompa\u00f1an a la APBA para mostrar al sector la amplia oferta de servicios al buque en el puerto del Estrecho<\/span><\/strong><\/span><\/p>\n<p style=\"text-align: justify;\"><span style=\"color: #000000;\">El Puerto de Algeciras ha iniciado el curso comercial esta semana en la Feria SMM Hamburgo. Hasta Alemania se han desplazado una treintena de empresas del Puerto de Algeciras que junto a la Autoridad Portuaria, la C\u00e1mara de Comercio y la Asociaci\u00f3n Comunidad Portuaria har\u00e1n del stand un punto de encuentro de, como el Estrecho, obligado paso para los operadores internacionales. El espacio del Puerto de Algeciras ubicado en el pabell\u00f3n de Espa\u00f1a acoger\u00e1 este mi\u00e9rcoles la tradicional copa a clientes y amigos.<\/span><\/p>\n<p style=\"text-align: justify;\"><span style=\"color: #000000;\">La transformaci\u00f3n digital, el cambio clim\u00e1tico o la transici\u00f3n energ\u00e9tica mar\u00edtima son los conceptos claves sobre los que girar\u00e1 esta 30\u00aa edici\u00f3n de la cita alemana. El Puerto de Algeciras destacar\u00e1 sus hitos en materia de sostenibilidad, como la gesti\u00f3n del mayor volumen de residuos Marpol del pa\u00eds; las bonificaciones al suministro de LNG a buques con el objetivo de fomentar el uso de combustibles alternativos y de transici\u00f3n que permitan la mejora ambiental y el proceso de descarbonizaci\u00f3n requerido para el transporte mar\u00edtimo mundial; el avance de los proyectos OPS en los diferentes muelles del puerto algecire\u00f1o, con un esfuerzo inversor para los pr\u00f3ximos a\u00f1os que asciende a 30 millones de euros para los que la APBA cuenta con el respaldo del Mecanismo para la Recuperaci\u00f3n y la Resiliencia (MRR) de la UE.<\/span><\/p>\n<p>&nbsp;<\/p>\n<p><span style=\"color: #000000;\"><strong>FUENTE:<\/strong> EUROPASUR<\/span><\/p>\n","protected":false},"excerpt":{"rendered":"<p>Una treintena de operadores acompa\u00f1an a la APBA para mostrar al sector la amplia oferta de servicios al buque en el puerto del Estrecho El Puerto de Algeciras ha iniciado el curso comercial esta semana en la Feria SMM Hamburgo. Hasta Alemania se han desplazado [&hellip;]<\/p>\n","protected":false},"author":1,"featured_media":7729,"comment_status":"open","ping_status":"open","sticky":false,"template":"","format":"standard","meta":{"footnotes":""},"categories":[921],"tags":[],"class_list":["post-7730","post","type-post","status-publish","format-standard","has-post-thumbnail","hentry","category-noticias"],"yoast_head":"<!-- This site is optimized with the Yoast SEO plugin v27.4 - https:\/\/yoast.com\/product\/yoast-seo-wordpress\/ -->\n<title>El Puerto de Algeciras comienza el curso comercial en la feria SMM Hamburgo | COMPORT<\/title>\n<meta name=\"robots\" content=\"noindex, follow\" \/>\n<meta property=\"og:locale\" content=\"es_ES\" \/>\n<meta property=\"og:type\" content=\"article\" \/>\n<meta property=\"og:title\" content=\"El Puerto de Algeciras comienza el curso comercial en la feria SMM Hamburgo | COMPORT\" \/>\n<meta property=\"og:description\" content=\"Una treintena de operadores acompa\u00f1an a la APBA para mostrar al sector la amplia oferta de servicios al buque en el puerto del Estrecho El Puerto de Algeciras ha iniciado el curso comercial esta semana en la Feria SMM Hamburgo. Hasta Alemania se han desplazado [&hellip;]\" \/>\n<meta property=\"og:url\" content=\"https:\/\/comport.es\/index.php\/noticias\/el-puerto-de-algeciras-comienza-el-curso-comercial-en-la-feria-smm-hamburgo\/\" \/>\n<meta property=\"og:site_name\" content=\"COMPORT\" \/>\n<meta property=\"article:published_time\" content=\"2022-09-06T12:24:10+00:00\" \/>\n<meta property=\"article:modified_time\" content=\"2022-09-07T12:26:44+00:00\" \/>\n<meta property=\"og:image\" content=\"https:\/\/comport.es\/wp-content\/uploads\/2022\/09\/comport_SMM22.jpg\" \/>\n\t<meta property=\"og:image:width\" content=\"1300\" \/>\n\t<meta property=\"og:image:height\" content=\"722\" \/>\n\t<meta property=\"og:image:type\" content=\"image\/jpeg\" \/>\n<meta name=\"author\" content=\"admincomport\" \/>\n<meta name=\"twitter:card\" content=\"summary_large_image\" \/>\n<meta name=\"twitter:label1\" content=\"Escrito por\" \/>\n\t<meta name=\"twitter:data1\" content=\"admincomport\" \/>\n\t<meta name=\"twitter:label2\" content=\"Tiempo de lectura\" \/>\n\t<meta name=\"twitter:data2\" content=\"2 minutos\" \/>\n<script type=\"application\/ld+json\" class=\"yoast-schema-graph\">{\"@context\":\"https:\\\/\\\/schema.org\",\"@graph\":[{\"@type\":\"Article\",\"@id\":\"https:\\\/\\\/comport.es\\\/index.php\\\/noticias\\\/el-puerto-de-algeciras-comienza-el-curso-comercial-en-la-feria-smm-hamburgo\\\/#article\",\"isPartOf\":{\"@id\":\"https:\\\/\\\/comport.es\\\/index.php\\\/noticias\\\/el-puerto-de-algeciras-comienza-el-curso-comercial-en-la-feria-smm-hamburgo\\\/\"},\"author\":{\"name\":\"admincomport\",\"@id\":\"https:\\\/\\\/comport.es\\\/#\\\/schema\\\/person\\\/9277649f8e04dd48c3d73bbaf2c7bebc\"},\"headline\":\"El Puerto de Algeciras comienza el curso comercial en la feria SMM Hamburgo\",\"datePublished\":\"2022-09-06T12:24:10+00:00\",\"dateModified\":\"2022-09-07T12:26:44+00:00\",\"mainEntityOfPage\":{\"@id\":\"https:\\\/\\\/comport.es\\\/index.php\\\/noticias\\\/el-puerto-de-algeciras-comienza-el-curso-comercial-en-la-feria-smm-hamburgo\\\/\"},\"wordCount\":277,\"commentCount\":0,\"publisher\":{\"@id\":\"https:\\\/\\\/comport.es\\\/#organization\"},\"image\":{\"@id\":\"https:\\\/\\\/comport.es\\\/index.php\\\/noticias\\\/el-puerto-de-algeciras-comienza-el-curso-comercial-en-la-feria-smm-hamburgo\\\/#primaryimage\"},\"thumbnailUrl\":\"https:\\\/\\\/comport.es\\\/wp-content\\\/uploads\\\/2022\\\/09\\\/comport_SMM22.jpg\",\"articleSection\":[\"Noticias\"],\"inLanguage\":\"es\",\"potentialAction\":[{\"@type\":\"CommentAction\",\"name\":\"Comment\",\"target\":[\"https:\\\/\\\/comport.es\\\/index.php\\\/noticias\\\/el-puerto-de-algeciras-comienza-el-curso-comercial-en-la-feria-smm-hamburgo\\\/#respond\"]}]},{\"@type\":\"WebPage\",\"@id\":\"https:\\\/\\\/comport.es\\\/index.php\\\/noticias\\\/el-puerto-de-algeciras-comienza-el-curso-comercial-en-la-feria-smm-hamburgo\\\/\",\"url\":\"https:\\\/\\\/comport.es\\\/index.php\\\/noticias\\\/el-puerto-de-algeciras-comienza-el-curso-comercial-en-la-feria-smm-hamburgo\\\/\",\"name\":\"El Puerto de Algeciras comienza el curso comercial en la feria SMM Hamburgo | COMPORT\",\"isPartOf\":{\"@id\":\"https:\\\/\\\/comport.es\\\/#website\"},\"primaryImageOfPage\":{\"@id\":\"https:\\\/\\\/comport.es\\\/index.php\\\/noticias\\\/el-puerto-de-algeciras-comienza-el-curso-comercial-en-la-feria-smm-hamburgo\\\/#primaryimage\"},\"image\":{\"@id\":\"https:\\\/\\\/comport.es\\\/index.php\\\/noticias\\\/el-puerto-de-algeciras-comienza-el-curso-comercial-en-la-feria-smm-hamburgo\\\/#primaryimage\"},\"thumbnailUrl\":\"https:\\\/\\\/comport.es\\\/wp-content\\\/uploads\\\/2022\\\/09\\\/comport_SMM22.jpg\",\"datePublished\":\"2022-09-06T12:24:10+00:00\",\"dateModified\":\"2022-09-07T12:26:44+00:00\",\"breadcrumb\":{\"@id\":\"https:\\\/\\\/comport.es\\\/index.php\\\/noticias\\\/el-puerto-de-algeciras-comienza-el-curso-comercial-en-la-feria-smm-hamburgo\\\/#breadcrumb\"},\"inLanguage\":\"es\",\"potentialAction\":[{\"@type\":\"ReadAction\",\"target\":[\"https:\\\/\\\/comport.es\\\/index.php\\\/noticias\\\/el-puerto-de-algeciras-comienza-el-curso-comercial-en-la-feria-smm-hamburgo\\\/\"]}]},{\"@type\":\"ImageObject\",\"inLanguage\":\"es\",\"@id\":\"https:\\\/\\\/comport.es\\\/index.php\\\/noticias\\\/el-puerto-de-algeciras-comienza-el-curso-comercial-en-la-feria-smm-hamburgo\\\/#primaryimage\",\"url\":\"https:\\\/\\\/comport.es\\\/wp-content\\\/uploads\\\/2022\\\/09\\\/comport_SMM22.jpg\",\"contentUrl\":\"https:\\\/\\\/comport.es\\\/wp-content\\\/uploads\\\/2022\\\/09\\\/comport_SMM22.jpg\",\"width\":1300,\"height\":722},{\"@type\":\"BreadcrumbList\",\"@id\":\"https:\\\/\\\/comport.es\\\/index.php\\\/noticias\\\/el-puerto-de-algeciras-comienza-el-curso-comercial-en-la-feria-smm-hamburgo\\\/#breadcrumb\",\"itemListElement\":[{\"@type\":\"ListItem\",\"position\":1,\"name\":\"Portada\",\"item\":\"https:\\\/\\\/comport.es\\\/\"},{\"@type\":\"ListItem\",\"position\":2,\"name\":\"El Puerto de Algeciras comienza el curso comercial en la feria SMM Hamburgo\"}]},{\"@type\":\"WebSite\",\"@id\":\"https:\\\/\\\/comport.es\\\/#website\",\"url\":\"https:\\\/\\\/comport.es\\\/\",\"name\":\"COMPORT\",\"description\":\"Port Community of Algeciras Bay\",\"publisher\":{\"@id\":\"https:\\\/\\\/comport.es\\\/#organization\"},\"potentialAction\":[{\"@type\":\"SearchAction\",\"target\":{\"@type\":\"EntryPoint\",\"urlTemplate\":\"https:\\\/\\\/comport.es\\\/?s={search_term_string}\"},\"query-input\":{\"@type\":\"PropertyValueSpecification\",\"valueRequired\":true,\"valueName\":\"search_term_string\"}}],\"inLanguage\":\"es\"},{\"@type\":\"Organization\",\"@id\":\"https:\\\/\\\/comport.es\\\/#organization\",\"name\":\"ALGECIRAS PORT COMMUNITY - COMPORT\",\"url\":\"https:\\\/\\\/comport.es\\\/\",\"logo\":{\"@type\":\"ImageObject\",\"inLanguage\":\"es\",\"@id\":\"https:\\\/\\\/comport.es\\\/#\\\/schema\\\/logo\\\/image\\\/\",\"url\":\"https:\\\/\\\/comport.es\\\/wp-content\\\/uploads\\\/2020\\\/10\\\/logo_comport_20m.png\",\"contentUrl\":\"https:\\\/\\\/comport.es\\\/wp-content\\\/uploads\\\/2020\\\/10\\\/logo_comport_20m.png\",\"width\":600,\"height\":170,\"caption\":\"ALGECIRAS PORT COMMUNITY - COMPORT\"},\"image\":{\"@id\":\"https:\\\/\\\/comport.es\\\/#\\\/schema\\\/logo\\\/image\\\/\"}},{\"@type\":\"Person\",\"@id\":\"https:\\\/\\\/comport.es\\\/#\\\/schema\\\/person\\\/9277649f8e04dd48c3d73bbaf2c7bebc\",\"name\":\"admincomport\"}]}<\/script>\n<!-- \/ Yoast SEO plugin. -->","yoast_head_json":{"title":"El Puerto de Algeciras comienza el curso comercial en la feria SMM Hamburgo | COMPORT","robots":{"index":"noindex","follow":"follow"},"og_locale":"es_ES","og_type":"article","og_title":"El Puerto de Algeciras comienza el curso comercial en la feria SMM Hamburgo | COMPORT","og_description":"Una treintena de operadores acompa\u00f1an a la APBA para mostrar al sector la amplia oferta de servicios al buque en el puerto del Estrecho El Puerto de Algeciras ha iniciado el curso comercial esta semana en la Feria SMM Hamburgo. Hasta Alemania se han desplazado [&hellip;]","og_url":"https:\/\/comport.es\/index.php\/noticias\/el-puerto-de-algeciras-comienza-el-curso-comercial-en-la-feria-smm-hamburgo\/","og_site_name":"COMPORT","article_published_time":"2022-09-06T12:24:10+00:00","article_modified_time":"2022-09-07T12:26:44+00:00","og_image":[{"width":1300,"height":722,"url":"https:\/\/comport.es\/wp-content\/uploads\/2022\/09\/comport_SMM22.jpg","type":"image\/jpeg"}],"author":"admincomport","twitter_card":"summary_large_image","twitter_misc":{"Escrito por":"admincomport","Tiempo de lectura":"2 minutos"},"schema":{"@context":"https:\/\/schema.org","@graph":[{"@type":"Article","@id":"https:\/\/comport.es\/index.php\/noticias\/el-puerto-de-algeciras-comienza-el-curso-comercial-en-la-feria-smm-hamburgo\/#article","isPartOf":{"@id":"https:\/\/comport.es\/index.php\/noticias\/el-puerto-de-algeciras-comienza-el-curso-comercial-en-la-feria-smm-hamburgo\/"},"author":{"name":"admincomport","@id":"https:\/\/comport.es\/#\/schema\/person\/9277649f8e04dd48c3d73bbaf2c7bebc"},"headline":"El Puerto de Algeciras comienza el curso comercial en la feria SMM Hamburgo","datePublished":"2022-09-06T12:24:10+00:00","dateModified":"2022-09-07T12:26:44+00:00","mainEntityOfPage":{"@id":"https:\/\/comport.es\/index.php\/noticias\/el-puerto-de-algeciras-comienza-el-curso-comercial-en-la-feria-smm-hamburgo\/"},"wordCount":277,"commentCount":0,"publisher":{"@id":"https:\/\/comport.es\/#organization"},"image":{"@id":"https:\/\/comport.es\/index.php\/noticias\/el-puerto-de-algeciras-comienza-el-curso-comercial-en-la-feria-smm-hamburgo\/#primaryimage"},"thumbnailUrl":"https:\/\/comport.es\/wp-content\/uploads\/2022\/09\/comport_SMM22.jpg","articleSection":["Noticias"],"inLanguage":"es","potentialAction":[{"@type":"CommentAction","name":"Comment","target":["https:\/\/comport.es\/index.php\/noticias\/el-puerto-de-algeciras-comienza-el-curso-comercial-en-la-feria-smm-hamburgo\/#respond"]}]},{"@type":"WebPage","@id":"https:\/\/comport.es\/index.php\/noticias\/el-puerto-de-algeciras-comienza-el-curso-comercial-en-la-feria-smm-hamburgo\/","url":"https:\/\/comport.es\/index.php\/noticias\/el-puerto-de-algeciras-comienza-el-curso-comercial-en-la-feria-smm-hamburgo\/","name":"El Puerto de Algeciras comienza el curso comercial en la feria SMM Hamburgo | COMPORT","isPartOf":{"@id":"https:\/\/comport.es\/#website"},"primaryImageOfPage":{"@id":"https:\/\/comport.es\/index.php\/noticias\/el-puerto-de-algeciras-comienza-el-curso-comercial-en-la-feria-smm-hamburgo\/#primaryimage"},"image":{"@id":"https:\/\/comport.es\/index.php\/noticias\/el-puerto-de-algeciras-comienza-el-curso-comercial-en-la-feria-smm-hamburgo\/#primaryimage"},"thumbnailUrl":"https:\/\/comport.es\/wp-content\/uploads\/2022\/09\/comport_SMM22.jpg","datePublished":"2022-09-06T12:24:10+00:00","dateModified":"2022-09-07T12:26:44+00:00","breadcrumb":{"@id":"https:\/\/comport.es\/index.php\/noticias\/el-puerto-de-algeciras-comienza-el-curso-comercial-en-la-feria-smm-hamburgo\/#breadcrumb"},"inLanguage":"es","potentialAction":[{"@type":"ReadAction","target":["https:\/\/comport.es\/index.php\/noticias\/el-puerto-de-algeciras-comienza-el-curso-comercial-en-la-feria-smm-hamburgo\/"]}]},{"@type":"ImageObject","inLanguage":"es","@id":"https:\/\/comport.es\/index.php\/noticias\/el-puerto-de-algeciras-comienza-el-curso-comercial-en-la-feria-smm-hamburgo\/#primaryimage","url":"https:\/\/comport.es\/wp-content\/uploads\/2022\/09\/comport_SMM22.jpg","contentUrl":"https:\/\/comport.es\/wp-content\/uploads\/2022\/09\/comport_SMM22.jpg","width":1300,"height":722},{"@type":"BreadcrumbList","@id":"https:\/\/comport.es\/index.php\/noticias\/el-puerto-de-algeciras-comienza-el-curso-comercial-en-la-feria-smm-hamburgo\/#breadcrumb","itemListElement":[{"@type":"ListItem","position":1,"name":"Portada","item":"https:\/\/comport.es\/"},{"@type":"ListItem","position":2,"name":"El Puerto de Algeciras comienza el curso comercial en la feria SMM Hamburgo"}]},{"@type":"WebSite","@id":"https:\/\/comport.es\/#website","url":"https:\/\/comport.es\/","name":"COMPORT","description":"Port Community of Algeciras Bay","publisher":{"@id":"https:\/\/comport.es\/#organization"},"potentialAction":[{"@type":"SearchAction","target":{"@type":"EntryPoint","urlTemplate":"https:\/\/comport.es\/?s={search_term_string}"},"query-input":{"@type":"PropertyValueSpecification","valueRequired":true,"valueName":"search_term_string"}}],"inLanguage":"es"},{"@type":"Organization","@id":"https:\/\/comport.es\/#organization","name":"ALGECIRAS PORT COMMUNITY - COMPORT","url":"https:\/\/comport.es\/","logo":{"@type":"ImageObject","inLanguage":"es","@id":"https:\/\/comport.es\/#\/schema\/logo\/image\/","url":"https:\/\/comport.es\/wp-content\/uploads\/2020\/10\/logo_comport_20m.png","contentUrl":"https:\/\/comport.es\/wp-content\/uploads\/2020\/10\/logo_comport_20m.png","width":600,"height":170,"caption":"ALGECIRAS PORT COMMUNITY - COMPORT"},"image":{"@id":"https:\/\/comport.es\/#\/schema\/logo\/image\/"}},{"@type":"Person","@id":"https:\/\/comport.es\/#\/schema\/person\/9277649f8e04dd48c3d73bbaf2c7bebc","name":"admincomport"}]}},"_links":{"self":[{"href":"https:\/\/comport.es\/index.php\/wp-json\/wp\/v2\/posts\/7730","targetHints":{"allow":["GET"]}}],"collection":[{"href":"https:\/\/comport.es\/index.php\/wp-json\/wp\/v2\/posts"}],"about":[{"href":"https:\/\/comport.es\/index.php\/wp-json\/wp\/v2\/types\/post"}],"author":[{"embeddable":true,"href":"https:\/\/comport.es\/index.php\/wp-json\/wp\/v2\/users\/1"}],"replies":[{"embeddable":true,"href":"https:\/\/comport.es\/index.php\/wp-json\/wp\/v2\/comments?post=7730"}],"version-history":[{"count":2,"href":"https:\/\/comport.es\/index.php\/wp-json\/wp\/v2\/posts\/7730\/revisions"}],"predecessor-version":[{"id":7732,"href":"https:\/\/comport.es\/index.php\/wp-json\/wp\/v2\/posts\/7730\/revisions\/7732"}],"wp:featuredmedia":[{"embeddable":true,"href":"https:\/\/comport.es\/index.php\/wp-json\/wp\/v2\/media\/7729"}],"wp:attachment":[{"href":"https:\/\/comport.es\/index.php\/wp-json\/wp\/v2\/media?parent=7730"}],"wp:term":[{"taxonomy":"category","embeddable":true,"href":"https:\/\/comport.es\/index.php\/wp-json\/wp\/v2\/categories?post=7730"},{"taxonomy":"post_tag","embeddable":true,"href":"https:\/\/comport.es\/index.php\/wp-json\/wp\/v2\/tags?post=7730"}],"curies":[{"name":"wp","href":"https:\/\/api.w.org\/{rel}","templated":true}]}}