{"id":7722,"date":"2022-07-05T13:32:33","date_gmt":"2022-07-05T13:32:33","guid":{"rendered":"https:\/\/comport.es\/?p=7722"},"modified":"2022-07-05T13:36:30","modified_gmt":"2022-07-05T13:36:30","slug":"comport-rinde-homenaje-a-julio-berzosa","status":"publish","type":"post","link":"https:\/\/comport.es\/index.php\/noticias\/comport-rinde-homenaje-a-julio-berzosa\/","title":{"rendered":"Comport rinde homenaje a Julio Berzosa"},"content":{"rendered":"<h3 style=\"text-align: justify;\"><strong><span style=\"color: #000000;\">La Comunidad Portuaria agradece el trabajo realizado por quien ha sido el Capit\u00e1n Mar\u00edtimo de Algeciras en los \u00faltimos nueve a\u00f1os.<\/span><\/strong><\/h3>\n<p style=\"text-align: justify;\"><span style=\"color: #000000;\">La Comunidad Portuaria de la Bah\u00eda de Algeciras (<strong>Comport<\/strong>) ha celebrado su Asamblea General Ordinaria, en la que ha tenido un especial reconocimiento hacia quien fuese capit\u00e1n mar\u00edtimo de este puerto, <strong>Julio Berzosa<\/strong>, tras su reciente jubilaci\u00f3n, <strong>despu\u00e9s de 37 a\u00f1os de trabajo<\/strong> en dicho organismo, los \u00faltimos 9 como m\u00e1ximo responsable y, por lo tanto, con una estrecha relaci\u00f3n profesional con los empresarios de la Comunidad Portuaria.<\/span><\/p>\n<p style=\"text-align: justify;\"><span style=\"color: #000000;\"><strong>Jose Manuel Tejedor<\/strong>, presidente de la Asociaci\u00f3n, <strong>quiso destacar adem\u00e1s de la excelencia de la trayectoria profesional del galardonado<\/strong>, su valiosa contribuci\u00f3n personal en el Puerto de Algeciras en todo momento pero muy especialmente durante la pandemia, no dejando desamparado a ning\u00fan marinero que hubiese tocado puerto, lo que todos quisieron agradecerle y materializar a trav\u00e9s de la entrega del galard\u00f3n anual de <strong>COMPORT<\/strong>.<\/span><\/p>\n<p style=\"text-align: justify;\"><span style=\"color: #000000;\">Durante el desarrollo de la Asamblea <strong>se aprobaron las cuentas del a\u00f1o 2021<\/strong>, <strong>los presupuestos y cuotas del a\u00f1o en curso<\/strong>, y la incorporaci\u00f3n de nuevos socios a la asociaci\u00f3n, que seg\u00fan Tejedor, sigue creciendo gracias a las nuevas incorporaciones que han permitido llegar a <strong>la cifra, nunca antes alcanzada, de 150 asociados<\/strong>.<\/span><\/p>\n<p style=\"text-align: justify;\"><span style=\"color: #000000;\">Adem\u00e1s, el presidente ha destacado el alto \u00edndice de participaci\u00f3n de las empresas de la Comunidad Portuaria en las acciones comerciales celebradas, presencialmente, este a\u00f1o y ha agradecido el compromiso de las empresas que permite proyectar, en cada evento, una imagen de unidad y profesionalidad.<\/span><\/p>\n<p style=\"text-align: justify;\"><span style=\"color: #000000;\"><strong>Nicol\u00e1s Martinez<\/strong>, jefe de Divisi\u00f3n de Desarrollo de Negocio de la Subdirecci\u00f3n General de Desarrollo y Comercial de la <strong>APBA<\/strong> ha resumido, durante la reuni\u00f3n, las acciones comerciales desarrolladas desde la \u00faltima Asamblea General Ordinaria celebrada virtualmente, en las mismas fechas, el pasado a\u00f1o. La cita tambi\u00e9n ha servido para avanzar el calendario comercial acordado entre COMPORT y la Autoridad Portuaria para el pr\u00f3ximo semestre, en el que destacan acciones comerciales presenciales en Latinoam\u00e9rica, norte de Europa o Marruecos.<\/span><\/p>\n<p style=\"text-align: justify;\"><span style=\"color: #000000;\">El encuentro ha sido clausurado con la intervenci\u00f3n del ingeniero en telecomunicaciones y doctor en Ingenier\u00eda Industrial, Oscar Pern\u00eda, quien present\u00f3 a la Comunidad Portuaria su proyecto Next Port AI, auspiciado por la compa\u00f1\u00eda estadounidense Moffat &amp; Nichol. Durante su intervenci\u00f3n, inform\u00f3 de las ventajas de la tecnificaci\u00f3n de los puertos, explic\u00f3 el funcionamiento de nuevas herramientas tecnol\u00f3gicas respecto de la digitalizaci\u00f3n, automatizaci\u00f3n y optimizaci\u00f3n de los procesos operativos, en los que el uso de los datos y la tecnolog\u00eda permiten la creaci\u00f3n de soluciones tecnol\u00f3gicas para los puertos convirti\u00e9ndolos en los llamados puertos inteligentes y en cuya transformaci\u00f3n se encuentra inmerso el de Algeciras.<\/span><\/p>\n<p style=\"text-align: justify;\"><span style=\"color: #000000;\"><strong>FUENTE:<\/strong> EL ESTRECHO DIGITAL<\/span><\/p>\n","protected":false},"excerpt":{"rendered":"<p>La Comunidad Portuaria agradece el trabajo realizado por quien ha sido el Capit\u00e1n Mar\u00edtimo de Algeciras en los \u00faltimos nueve a\u00f1os. La Comunidad Portuaria de la Bah\u00eda de Algeciras (Comport) ha celebrado su Asamblea General Ordinaria, en la que ha tenido un especial reconocimiento hacia [&hellip;]<\/p>\n","protected":false},"author":1,"featured_media":7720,"comment_status":"open","ping_status":"open","sticky":false,"template":"","format":"gallery","meta":{"footnotes":""},"categories":[921],"tags":[],"class_list":["post-7722","post","type-post","status-publish","format-gallery","has-post-thumbnail","hentry","category-noticias","post_format-post-format-gallery"],"yoast_head":"<!-- This site is optimized with the Yoast SEO plugin v27.4 - https:\/\/yoast.com\/product\/yoast-seo-wordpress\/ -->\n<title>Comport rinde homenaje a Julio Berzosa | COMPORT<\/title>\n<meta name=\"robots\" content=\"noindex, follow\" \/>\n<meta property=\"og:locale\" content=\"es_ES\" \/>\n<meta property=\"og:type\" content=\"article\" \/>\n<meta property=\"og:title\" content=\"Comport rinde homenaje a Julio Berzosa | COMPORT\" \/>\n<meta property=\"og:description\" content=\"La Comunidad Portuaria agradece el trabajo realizado por quien ha sido el Capit\u00e1n Mar\u00edtimo de Algeciras en los \u00faltimos nueve a\u00f1os. La Comunidad Portuaria de la Bah\u00eda de Algeciras (Comport) ha celebrado su Asamblea General Ordinaria, en la que ha tenido un especial reconocimiento hacia [&hellip;]\" \/>\n<meta property=\"og:url\" content=\"https:\/\/comport.es\/index.php\/noticias\/comport-rinde-homenaje-a-julio-berzosa\/\" \/>\n<meta property=\"og:site_name\" content=\"COMPORT\" \/>\n<meta property=\"article:published_time\" content=\"2022-07-05T13:32:33+00:00\" \/>\n<meta property=\"article:modified_time\" content=\"2022-07-05T13:36:30+00:00\" \/>\n<meta property=\"og:image\" content=\"https:\/\/comport.es\/wp-content\/uploads\/2022\/07\/asamblea_junio_22_comport_2.jpg\" \/>\n\t<meta property=\"og:image:width\" content=\"1300\" \/>\n\t<meta property=\"og:image:height\" content=\"722\" \/>\n\t<meta property=\"og:image:type\" content=\"image\/jpeg\" \/>\n<meta name=\"author\" content=\"admincomport\" \/>\n<meta name=\"twitter:card\" content=\"summary_large_image\" \/>\n<meta name=\"twitter:label1\" content=\"Escrito por\" \/>\n\t<meta name=\"twitter:data1\" content=\"admincomport\" \/>\n\t<meta name=\"twitter:label2\" content=\"Tiempo de lectura\" \/>\n\t<meta name=\"twitter:data2\" content=\"2 minutos\" \/>\n<script type=\"application\/ld+json\" class=\"yoast-schema-graph\">{\"@context\":\"https:\\\/\\\/schema.org\",\"@graph\":[{\"@type\":\"Article\",\"@id\":\"https:\\\/\\\/comport.es\\\/index.php\\\/noticias\\\/comport-rinde-homenaje-a-julio-berzosa\\\/#article\",\"isPartOf\":{\"@id\":\"https:\\\/\\\/comport.es\\\/index.php\\\/noticias\\\/comport-rinde-homenaje-a-julio-berzosa\\\/\"},\"author\":{\"name\":\"admincomport\",\"@id\":\"https:\\\/\\\/comport.es\\\/#\\\/schema\\\/person\\\/9277649f8e04dd48c3d73bbaf2c7bebc\"},\"headline\":\"Comport rinde homenaje a Julio Berzosa\",\"datePublished\":\"2022-07-05T13:32:33+00:00\",\"dateModified\":\"2022-07-05T13:36:30+00:00\",\"mainEntityOfPage\":{\"@id\":\"https:\\\/\\\/comport.es\\\/index.php\\\/noticias\\\/comport-rinde-homenaje-a-julio-berzosa\\\/\"},\"wordCount\":489,\"commentCount\":0,\"publisher\":{\"@id\":\"https:\\\/\\\/comport.es\\\/#organization\"},\"image\":{\"@id\":\"https:\\\/\\\/comport.es\\\/index.php\\\/noticias\\\/comport-rinde-homenaje-a-julio-berzosa\\\/#primaryimage\"},\"thumbnailUrl\":\"https:\\\/\\\/comport.es\\\/wp-content\\\/uploads\\\/2022\\\/07\\\/asamblea_junio_22_comport_2.jpg\",\"articleSection\":[\"Noticias\"],\"inLanguage\":\"es\",\"potentialAction\":[{\"@type\":\"CommentAction\",\"name\":\"Comment\",\"target\":[\"https:\\\/\\\/comport.es\\\/index.php\\\/noticias\\\/comport-rinde-homenaje-a-julio-berzosa\\\/#respond\"]}]},{\"@type\":\"WebPage\",\"@id\":\"https:\\\/\\\/comport.es\\\/index.php\\\/noticias\\\/comport-rinde-homenaje-a-julio-berzosa\\\/\",\"url\":\"https:\\\/\\\/comport.es\\\/index.php\\\/noticias\\\/comport-rinde-homenaje-a-julio-berzosa\\\/\",\"name\":\"Comport rinde homenaje a Julio Berzosa | COMPORT\",\"isPartOf\":{\"@id\":\"https:\\\/\\\/comport.es\\\/#website\"},\"primaryImageOfPage\":{\"@id\":\"https:\\\/\\\/comport.es\\\/index.php\\\/noticias\\\/comport-rinde-homenaje-a-julio-berzosa\\\/#primaryimage\"},\"image\":{\"@id\":\"https:\\\/\\\/comport.es\\\/index.php\\\/noticias\\\/comport-rinde-homenaje-a-julio-berzosa\\\/#primaryimage\"},\"thumbnailUrl\":\"https:\\\/\\\/comport.es\\\/wp-content\\\/uploads\\\/2022\\\/07\\\/asamblea_junio_22_comport_2.jpg\",\"datePublished\":\"2022-07-05T13:32:33+00:00\",\"dateModified\":\"2022-07-05T13:36:30+00:00\",\"breadcrumb\":{\"@id\":\"https:\\\/\\\/comport.es\\\/index.php\\\/noticias\\\/comport-rinde-homenaje-a-julio-berzosa\\\/#breadcrumb\"},\"inLanguage\":\"es\",\"potentialAction\":[{\"@type\":\"ReadAction\",\"target\":[\"https:\\\/\\\/comport.es\\\/index.php\\\/noticias\\\/comport-rinde-homenaje-a-julio-berzosa\\\/\"]}]},{\"@type\":\"ImageObject\",\"inLanguage\":\"es\",\"@id\":\"https:\\\/\\\/comport.es\\\/index.php\\\/noticias\\\/comport-rinde-homenaje-a-julio-berzosa\\\/#primaryimage\",\"url\":\"https:\\\/\\\/comport.es\\\/wp-content\\\/uploads\\\/2022\\\/07\\\/asamblea_junio_22_comport_2.jpg\",\"contentUrl\":\"https:\\\/\\\/comport.es\\\/wp-content\\\/uploads\\\/2022\\\/07\\\/asamblea_junio_22_comport_2.jpg\",\"width\":1300,\"height\":722},{\"@type\":\"BreadcrumbList\",\"@id\":\"https:\\\/\\\/comport.es\\\/index.php\\\/noticias\\\/comport-rinde-homenaje-a-julio-berzosa\\\/#breadcrumb\",\"itemListElement\":[{\"@type\":\"ListItem\",\"position\":1,\"name\":\"Portada\",\"item\":\"https:\\\/\\\/comport.es\\\/\"},{\"@type\":\"ListItem\",\"position\":2,\"name\":\"Comport rinde homenaje a Julio Berzosa\"}]},{\"@type\":\"WebSite\",\"@id\":\"https:\\\/\\\/comport.es\\\/#website\",\"url\":\"https:\\\/\\\/comport.es\\\/\",\"name\":\"COMPORT\",\"description\":\"Port Community of Algeciras Bay\",\"publisher\":{\"@id\":\"https:\\\/\\\/comport.es\\\/#organization\"},\"potentialAction\":[{\"@type\":\"SearchAction\",\"target\":{\"@type\":\"EntryPoint\",\"urlTemplate\":\"https:\\\/\\\/comport.es\\\/?s={search_term_string}\"},\"query-input\":{\"@type\":\"PropertyValueSpecification\",\"valueRequired\":true,\"valueName\":\"search_term_string\"}}],\"inLanguage\":\"es\"},{\"@type\":\"Organization\",\"@id\":\"https:\\\/\\\/comport.es\\\/#organization\",\"name\":\"ALGECIRAS PORT COMMUNITY - COMPORT\",\"url\":\"https:\\\/\\\/comport.es\\\/\",\"logo\":{\"@type\":\"ImageObject\",\"inLanguage\":\"es\",\"@id\":\"https:\\\/\\\/comport.es\\\/#\\\/schema\\\/logo\\\/image\\\/\",\"url\":\"https:\\\/\\\/comport.es\\\/wp-content\\\/uploads\\\/2020\\\/10\\\/logo_comport_20m.png\",\"contentUrl\":\"https:\\\/\\\/comport.es\\\/wp-content\\\/uploads\\\/2020\\\/10\\\/logo_comport_20m.png\",\"width\":600,\"height\":170,\"caption\":\"ALGECIRAS PORT COMMUNITY - COMPORT\"},\"image\":{\"@id\":\"https:\\\/\\\/comport.es\\\/#\\\/schema\\\/logo\\\/image\\\/\"}},{\"@type\":\"Person\",\"@id\":\"https:\\\/\\\/comport.es\\\/#\\\/schema\\\/person\\\/9277649f8e04dd48c3d73bbaf2c7bebc\",\"name\":\"admincomport\"}]}<\/script>\n<!-- \/ Yoast SEO plugin. -->","yoast_head_json":{"title":"Comport rinde homenaje a Julio Berzosa | COMPORT","robots":{"index":"noindex","follow":"follow"},"og_locale":"es_ES","og_type":"article","og_title":"Comport rinde homenaje a Julio Berzosa | COMPORT","og_description":"La Comunidad Portuaria agradece el trabajo realizado por quien ha sido el Capit\u00e1n Mar\u00edtimo de Algeciras en los \u00faltimos nueve a\u00f1os. La Comunidad Portuaria de la Bah\u00eda de Algeciras (Comport) ha celebrado su Asamblea General Ordinaria, en la que ha tenido un especial reconocimiento hacia [&hellip;]","og_url":"https:\/\/comport.es\/index.php\/noticias\/comport-rinde-homenaje-a-julio-berzosa\/","og_site_name":"COMPORT","article_published_time":"2022-07-05T13:32:33+00:00","article_modified_time":"2022-07-05T13:36:30+00:00","og_image":[{"width":1300,"height":722,"url":"https:\/\/comport.es\/wp-content\/uploads\/2022\/07\/asamblea_junio_22_comport_2.jpg","type":"image\/jpeg"}],"author":"admincomport","twitter_card":"summary_large_image","twitter_misc":{"Escrito por":"admincomport","Tiempo de lectura":"2 minutos"},"schema":{"@context":"https:\/\/schema.org","@graph":[{"@type":"Article","@id":"https:\/\/comport.es\/index.php\/noticias\/comport-rinde-homenaje-a-julio-berzosa\/#article","isPartOf":{"@id":"https:\/\/comport.es\/index.php\/noticias\/comport-rinde-homenaje-a-julio-berzosa\/"},"author":{"name":"admincomport","@id":"https:\/\/comport.es\/#\/schema\/person\/9277649f8e04dd48c3d73bbaf2c7bebc"},"headline":"Comport rinde homenaje a Julio Berzosa","datePublished":"2022-07-05T13:32:33+00:00","dateModified":"2022-07-05T13:36:30+00:00","mainEntityOfPage":{"@id":"https:\/\/comport.es\/index.php\/noticias\/comport-rinde-homenaje-a-julio-berzosa\/"},"wordCount":489,"commentCount":0,"publisher":{"@id":"https:\/\/comport.es\/#organization"},"image":{"@id":"https:\/\/comport.es\/index.php\/noticias\/comport-rinde-homenaje-a-julio-berzosa\/#primaryimage"},"thumbnailUrl":"https:\/\/comport.es\/wp-content\/uploads\/2022\/07\/asamblea_junio_22_comport_2.jpg","articleSection":["Noticias"],"inLanguage":"es","potentialAction":[{"@type":"CommentAction","name":"Comment","target":["https:\/\/comport.es\/index.php\/noticias\/comport-rinde-homenaje-a-julio-berzosa\/#respond"]}]},{"@type":"WebPage","@id":"https:\/\/comport.es\/index.php\/noticias\/comport-rinde-homenaje-a-julio-berzosa\/","url":"https:\/\/comport.es\/index.php\/noticias\/comport-rinde-homenaje-a-julio-berzosa\/","name":"Comport rinde homenaje a Julio Berzosa | COMPORT","isPartOf":{"@id":"https:\/\/comport.es\/#website"},"primaryImageOfPage":{"@id":"https:\/\/comport.es\/index.php\/noticias\/comport-rinde-homenaje-a-julio-berzosa\/#primaryimage"},"image":{"@id":"https:\/\/comport.es\/index.php\/noticias\/comport-rinde-homenaje-a-julio-berzosa\/#primaryimage"},"thumbnailUrl":"https:\/\/comport.es\/wp-content\/uploads\/2022\/07\/asamblea_junio_22_comport_2.jpg","datePublished":"2022-07-05T13:32:33+00:00","dateModified":"2022-07-05T13:36:30+00:00","breadcrumb":{"@id":"https:\/\/comport.es\/index.php\/noticias\/comport-rinde-homenaje-a-julio-berzosa\/#breadcrumb"},"inLanguage":"es","potentialAction":[{"@type":"ReadAction","target":["https:\/\/comport.es\/index.php\/noticias\/comport-rinde-homenaje-a-julio-berzosa\/"]}]},{"@type":"ImageObject","inLanguage":"es","@id":"https:\/\/comport.es\/index.php\/noticias\/comport-rinde-homenaje-a-julio-berzosa\/#primaryimage","url":"https:\/\/comport.es\/wp-content\/uploads\/2022\/07\/asamblea_junio_22_comport_2.jpg","contentUrl":"https:\/\/comport.es\/wp-content\/uploads\/2022\/07\/asamblea_junio_22_comport_2.jpg","width":1300,"height":722},{"@type":"BreadcrumbList","@id":"https:\/\/comport.es\/index.php\/noticias\/comport-rinde-homenaje-a-julio-berzosa\/#breadcrumb","itemListElement":[{"@type":"ListItem","position":1,"name":"Portada","item":"https:\/\/comport.es\/"},{"@type":"ListItem","position":2,"name":"Comport rinde homenaje a Julio Berzosa"}]},{"@type":"WebSite","@id":"https:\/\/comport.es\/#website","url":"https:\/\/comport.es\/","name":"COMPORT","description":"Port Community of Algeciras Bay","publisher":{"@id":"https:\/\/comport.es\/#organization"},"potentialAction":[{"@type":"SearchAction","target":{"@type":"EntryPoint","urlTemplate":"https:\/\/comport.es\/?s={search_term_string}"},"query-input":{"@type":"PropertyValueSpecification","valueRequired":true,"valueName":"search_term_string"}}],"inLanguage":"es"},{"@type":"Organization","@id":"https:\/\/comport.es\/#organization","name":"ALGECIRAS PORT COMMUNITY - COMPORT","url":"https:\/\/comport.es\/","logo":{"@type":"ImageObject","inLanguage":"es","@id":"https:\/\/comport.es\/#\/schema\/logo\/image\/","url":"https:\/\/comport.es\/wp-content\/uploads\/2020\/10\/logo_comport_20m.png","contentUrl":"https:\/\/comport.es\/wp-content\/uploads\/2020\/10\/logo_comport_20m.png","width":600,"height":170,"caption":"ALGECIRAS PORT COMMUNITY - COMPORT"},"image":{"@id":"https:\/\/comport.es\/#\/schema\/logo\/image\/"}},{"@type":"Person","@id":"https:\/\/comport.es\/#\/schema\/person\/9277649f8e04dd48c3d73bbaf2c7bebc","name":"admincomport"}]}},"_links":{"self":[{"href":"https:\/\/comport.es\/index.php\/wp-json\/wp\/v2\/posts\/7722","targetHints":{"allow":["GET"]}}],"collection":[{"href":"https:\/\/comport.es\/index.php\/wp-json\/wp\/v2\/posts"}],"about":[{"href":"https:\/\/comport.es\/index.php\/wp-json\/wp\/v2\/types\/post"}],"author":[{"embeddable":true,"href":"https:\/\/comport.es\/index.php\/wp-json\/wp\/v2\/users\/1"}],"replies":[{"embeddable":true,"href":"https:\/\/comport.es\/index.php\/wp-json\/wp\/v2\/comments?post=7722"}],"version-history":[{"count":5,"href":"https:\/\/comport.es\/index.php\/wp-json\/wp\/v2\/posts\/7722\/revisions"}],"predecessor-version":[{"id":7727,"href":"https:\/\/comport.es\/index.php\/wp-json\/wp\/v2\/posts\/7722\/revisions\/7727"}],"wp:featuredmedia":[{"embeddable":true,"href":"https:\/\/comport.es\/index.php\/wp-json\/wp\/v2\/media\/7720"}],"wp:attachment":[{"href":"https:\/\/comport.es\/index.php\/wp-json\/wp\/v2\/media?parent=7722"}],"wp:term":[{"taxonomy":"category","embeddable":true,"href":"https:\/\/comport.es\/index.php\/wp-json\/wp\/v2\/categories?post=7722"},{"taxonomy":"post_tag","embeddable":true,"href":"https:\/\/comport.es\/index.php\/wp-json\/wp\/v2\/tags?post=7722"}],"curies":[{"name":"wp","href":"https:\/\/api.w.org\/{rel}","templated":true}]}}