{"id":7706,"date":"2022-06-09T08:30:10","date_gmt":"2022-06-09T08:30:10","guid":{"rendered":"https:\/\/comport.es\/?p=7706"},"modified":"2022-06-09T08:32:07","modified_gmt":"2022-06-09T08:32:07","slug":"la-comunidad-portuaria-de-algeciras-habla-de-una-cita-historica","status":"publish","type":"post","link":"https:\/\/comport.es\/index.php\/noticias\/la-comunidad-portuaria-de-algeciras-habla-de-una-cita-historica\/","title":{"rendered":"La Comunidad Portuaria de Algeciras habla de \u201cuna cita hist\u00f3rica\u201d"},"content":{"rendered":"<h3 style=\"text-align: justify;\"><span style=\"color: #000000;\">Posidonia 2022 desborda las expectativas de las empresas de la Bah\u00eda algecire\u00f1a.<\/span><\/h3>\n<p style=\"text-align: justify;\"><span style=\"color: #000000;\">La Comunidad Portuaria de la Bah\u00eda de Algeciras ha celebrado su tradicional recepci\u00f3n a los empresarios del sector mar\u00edtimos que han acudido a la cita con Posidonia 2022, la muestra que organizan el Ministerio de Asuntos Mar\u00edtimos y Pol\u00edtica Insular, la Uni\u00f3n de Armadores Griegos y la C\u00e1mara Hel\u00e9nica de Navegaci\u00f3n, con el apoyo del Municipio de El Pireo y el Comit\u00e9 de Cooperaci\u00f3n Naviera Griega.<\/span><\/p>\n<p><span style=\"color: #000000;\">Por primera vez, se han desplazado hasta Atenas, un total de 29 empresas y casi medio centenar de personas, pertenecientes a compa\u00f1\u00edas del arco de la Bah\u00eda de Algeciras, que junto a COMPORT y la Autoridad Portuaria han mostrado en un stand propio de la exposici\u00f3n, las potencialidades que en los diferentes sectores mar\u00edtimo-portuarios ofrece el puerto algecire\u00f1o.<\/span><\/p>\n<p><span style=\"color: #000000;\">En esta edici\u00f3n de 2022 y tras dos a\u00f1os de pandemia, Posidonia se ha presentado como la mayor muestra de su historia en t\u00e9rminos de espacio, ya que ha logrado cubrir todo el espacio de exposici\u00f3n con 1.948 empresas de 88 pa\u00edses que exponen sus productos y servicios, adem\u00e1s, de un total de 24 Pabellones Nacionales de Europa, Am\u00e9rica del Norte y Asia que muestran sus credenciales mar\u00edtimas a los m\u00e1s de 18.000 visitantes internacionales y griegos.<\/span><\/p>\n<p style=\"text-align: justify;\"><span style=\"color: #000000;\">Este mi\u00e9rcoles, Algeciras ha ofrecido su recepci\u00f3n, dentro del programa de 68 conferencias y seminarios que se ejecutan en paralelo para ofrecer a los visitantes, acceso a la informaci\u00f3n y los conocimientos propios de la industria naviera, reguladores y funcionarios gubernamentales de todo el mundo.<\/span><\/p>\n<p><span style=\"color: #000000;\">El presidente de COMPORT, Jos\u00e9 Manuel Tejedor, ha valorado de forma muy positiva la presencia de la Comunidad algecire\u00f1a, dado que el stand de la APBA est\u00e1 siendo muy visitado, \u201cporque se ha podido montar un espacio propio, digno de un puerto como el de<\/span><br \/>\n<span style=\"color: #000000;\">Algeciras\u201d, ha manifestado Tejedor.<\/span><\/p>\n<p style=\"text-align: justify;\"><span style=\"color: #000000;\">Se espera que en los d\u00edas que dura Posidonia, un total de 10 ministros de las naciones mar\u00edtimas, as\u00ed como el comisario europeo de Transportes, visiten la muestra. Muchos de ellos, pasar\u00e1n por el stand del puerto algecire\u00f1o, dado que Grecia es \u201ccliente TOP\u201d de estas instalaciones en la zona del Estrecho de Gibraltar. Otra atracci\u00f3n clave para el evento de este a\u00f1o son las m\u00e1s de 30 nuevas empresas tecnol\u00f3gicas que mostrar\u00e1n sus innovaciones tecnol\u00f3gicas dise\u00f1adas para proporcionar soluciones digitales a diversos desaf\u00edos y problemas que enfrenta la industria.<\/span><\/p>\n<p style=\"text-align: justify;\"><span style=\"color: #000000;\"><strong>FUENTE:<\/strong> EL ESTRECHO DIGITAL<\/span><\/p>\n","protected":false},"excerpt":{"rendered":"<p>Posidonia 2022 desborda las expectativas de las empresas de la Bah\u00eda algecire\u00f1a. La Comunidad Portuaria de la Bah\u00eda de Algeciras ha celebrado su tradicional recepci\u00f3n a los empresarios del sector mar\u00edtimos que han acudido a la cita con Posidonia 2022, la muestra que organizan el [&hellip;]<\/p>\n","protected":false},"author":1,"featured_media":7707,"comment_status":"open","ping_status":"open","sticky":false,"template":"","format":"standard","meta":{"footnotes":""},"categories":[921],"tags":[],"class_list":["post-7706","post","type-post","status-publish","format-standard","has-post-thumbnail","hentry","category-noticias"],"yoast_head":"<!-- This site is optimized with the Yoast SEO plugin v27.4 - https:\/\/yoast.com\/product\/yoast-seo-wordpress\/ -->\n<title>La Comunidad Portuaria de Algeciras habla de \u201cuna cita hist\u00f3rica\u201d | COMPORT<\/title>\n<meta name=\"robots\" content=\"noindex, follow\" \/>\n<meta property=\"og:locale\" content=\"es_ES\" \/>\n<meta property=\"og:type\" content=\"article\" \/>\n<meta property=\"og:title\" content=\"La Comunidad Portuaria de Algeciras habla de \u201cuna cita hist\u00f3rica\u201d | COMPORT\" \/>\n<meta property=\"og:description\" content=\"Posidonia 2022 desborda las expectativas de las empresas de la Bah\u00eda algecire\u00f1a. La Comunidad Portuaria de la Bah\u00eda de Algeciras ha celebrado su tradicional recepci\u00f3n a los empresarios del sector mar\u00edtimos que han acudido a la cita con Posidonia 2022, la muestra que organizan el [&hellip;]\" \/>\n<meta property=\"og:url\" content=\"https:\/\/comport.es\/index.php\/noticias\/la-comunidad-portuaria-de-algeciras-habla-de-una-cita-historica\/\" \/>\n<meta property=\"og:site_name\" content=\"COMPORT\" \/>\n<meta property=\"article:published_time\" content=\"2022-06-09T08:30:10+00:00\" \/>\n<meta property=\"article:modified_time\" content=\"2022-06-09T08:32:07+00:00\" \/>\n<meta property=\"og:image\" content=\"https:\/\/comport.es\/wp-content\/uploads\/2022\/06\/posidonia22_comport.jpg\" \/>\n\t<meta property=\"og:image:width\" content=\"1300\" \/>\n\t<meta property=\"og:image:height\" content=\"722\" \/>\n\t<meta property=\"og:image:type\" content=\"image\/jpeg\" \/>\n<meta name=\"author\" content=\"admincomport\" \/>\n<meta name=\"twitter:card\" content=\"summary_large_image\" \/>\n<meta name=\"twitter:label1\" content=\"Escrito por\" \/>\n\t<meta name=\"twitter:data1\" content=\"admincomport\" \/>\n\t<meta name=\"twitter:label2\" content=\"Tiempo de lectura\" \/>\n\t<meta name=\"twitter:data2\" content=\"2 minutos\" \/>\n<script type=\"application\/ld+json\" class=\"yoast-schema-graph\">{\"@context\":\"https:\\\/\\\/schema.org\",\"@graph\":[{\"@type\":\"Article\",\"@id\":\"https:\\\/\\\/comport.es\\\/index.php\\\/noticias\\\/la-comunidad-portuaria-de-algeciras-habla-de-una-cita-historica\\\/#article\",\"isPartOf\":{\"@id\":\"https:\\\/\\\/comport.es\\\/index.php\\\/noticias\\\/la-comunidad-portuaria-de-algeciras-habla-de-una-cita-historica\\\/\"},\"author\":{\"name\":\"admincomport\",\"@id\":\"https:\\\/\\\/comport.es\\\/#\\\/schema\\\/person\\\/9277649f8e04dd48c3d73bbaf2c7bebc\"},\"headline\":\"La Comunidad Portuaria de Algeciras habla de \u201cuna cita hist\u00f3rica\u201d\",\"datePublished\":\"2022-06-09T08:30:10+00:00\",\"dateModified\":\"2022-06-09T08:32:07+00:00\",\"mainEntityOfPage\":{\"@id\":\"https:\\\/\\\/comport.es\\\/index.php\\\/noticias\\\/la-comunidad-portuaria-de-algeciras-habla-de-una-cita-historica\\\/\"},\"wordCount\":443,\"commentCount\":0,\"publisher\":{\"@id\":\"https:\\\/\\\/comport.es\\\/#organization\"},\"image\":{\"@id\":\"https:\\\/\\\/comport.es\\\/index.php\\\/noticias\\\/la-comunidad-portuaria-de-algeciras-habla-de-una-cita-historica\\\/#primaryimage\"},\"thumbnailUrl\":\"https:\\\/\\\/comport.es\\\/wp-content\\\/uploads\\\/2022\\\/06\\\/posidonia22_comport.jpg\",\"articleSection\":[\"Noticias\"],\"inLanguage\":\"es\",\"potentialAction\":[{\"@type\":\"CommentAction\",\"name\":\"Comment\",\"target\":[\"https:\\\/\\\/comport.es\\\/index.php\\\/noticias\\\/la-comunidad-portuaria-de-algeciras-habla-de-una-cita-historica\\\/#respond\"]}]},{\"@type\":\"WebPage\",\"@id\":\"https:\\\/\\\/comport.es\\\/index.php\\\/noticias\\\/la-comunidad-portuaria-de-algeciras-habla-de-una-cita-historica\\\/\",\"url\":\"https:\\\/\\\/comport.es\\\/index.php\\\/noticias\\\/la-comunidad-portuaria-de-algeciras-habla-de-una-cita-historica\\\/\",\"name\":\"La Comunidad Portuaria de Algeciras habla de \u201cuna cita hist\u00f3rica\u201d | COMPORT\",\"isPartOf\":{\"@id\":\"https:\\\/\\\/comport.es\\\/#website\"},\"primaryImageOfPage\":{\"@id\":\"https:\\\/\\\/comport.es\\\/index.php\\\/noticias\\\/la-comunidad-portuaria-de-algeciras-habla-de-una-cita-historica\\\/#primaryimage\"},\"image\":{\"@id\":\"https:\\\/\\\/comport.es\\\/index.php\\\/noticias\\\/la-comunidad-portuaria-de-algeciras-habla-de-una-cita-historica\\\/#primaryimage\"},\"thumbnailUrl\":\"https:\\\/\\\/comport.es\\\/wp-content\\\/uploads\\\/2022\\\/06\\\/posidonia22_comport.jpg\",\"datePublished\":\"2022-06-09T08:30:10+00:00\",\"dateModified\":\"2022-06-09T08:32:07+00:00\",\"breadcrumb\":{\"@id\":\"https:\\\/\\\/comport.es\\\/index.php\\\/noticias\\\/la-comunidad-portuaria-de-algeciras-habla-de-una-cita-historica\\\/#breadcrumb\"},\"inLanguage\":\"es\",\"potentialAction\":[{\"@type\":\"ReadAction\",\"target\":[\"https:\\\/\\\/comport.es\\\/index.php\\\/noticias\\\/la-comunidad-portuaria-de-algeciras-habla-de-una-cita-historica\\\/\"]}]},{\"@type\":\"ImageObject\",\"inLanguage\":\"es\",\"@id\":\"https:\\\/\\\/comport.es\\\/index.php\\\/noticias\\\/la-comunidad-portuaria-de-algeciras-habla-de-una-cita-historica\\\/#primaryimage\",\"url\":\"https:\\\/\\\/comport.es\\\/wp-content\\\/uploads\\\/2022\\\/06\\\/posidonia22_comport.jpg\",\"contentUrl\":\"https:\\\/\\\/comport.es\\\/wp-content\\\/uploads\\\/2022\\\/06\\\/posidonia22_comport.jpg\",\"width\":1300,\"height\":722},{\"@type\":\"BreadcrumbList\",\"@id\":\"https:\\\/\\\/comport.es\\\/index.php\\\/noticias\\\/la-comunidad-portuaria-de-algeciras-habla-de-una-cita-historica\\\/#breadcrumb\",\"itemListElement\":[{\"@type\":\"ListItem\",\"position\":1,\"name\":\"Portada\",\"item\":\"https:\\\/\\\/comport.es\\\/\"},{\"@type\":\"ListItem\",\"position\":2,\"name\":\"La Comunidad Portuaria de Algeciras habla de \u201cuna cita hist\u00f3rica\u201d\"}]},{\"@type\":\"WebSite\",\"@id\":\"https:\\\/\\\/comport.es\\\/#website\",\"url\":\"https:\\\/\\\/comport.es\\\/\",\"name\":\"COMPORT\",\"description\":\"Port Community of Algeciras Bay\",\"publisher\":{\"@id\":\"https:\\\/\\\/comport.es\\\/#organization\"},\"potentialAction\":[{\"@type\":\"SearchAction\",\"target\":{\"@type\":\"EntryPoint\",\"urlTemplate\":\"https:\\\/\\\/comport.es\\\/?s={search_term_string}\"},\"query-input\":{\"@type\":\"PropertyValueSpecification\",\"valueRequired\":true,\"valueName\":\"search_term_string\"}}],\"inLanguage\":\"es\"},{\"@type\":\"Organization\",\"@id\":\"https:\\\/\\\/comport.es\\\/#organization\",\"name\":\"ALGECIRAS PORT COMMUNITY - COMPORT\",\"url\":\"https:\\\/\\\/comport.es\\\/\",\"logo\":{\"@type\":\"ImageObject\",\"inLanguage\":\"es\",\"@id\":\"https:\\\/\\\/comport.es\\\/#\\\/schema\\\/logo\\\/image\\\/\",\"url\":\"https:\\\/\\\/comport.es\\\/wp-content\\\/uploads\\\/2020\\\/10\\\/logo_comport_20m.png\",\"contentUrl\":\"https:\\\/\\\/comport.es\\\/wp-content\\\/uploads\\\/2020\\\/10\\\/logo_comport_20m.png\",\"width\":600,\"height\":170,\"caption\":\"ALGECIRAS PORT COMMUNITY - COMPORT\"},\"image\":{\"@id\":\"https:\\\/\\\/comport.es\\\/#\\\/schema\\\/logo\\\/image\\\/\"}},{\"@type\":\"Person\",\"@id\":\"https:\\\/\\\/comport.es\\\/#\\\/schema\\\/person\\\/9277649f8e04dd48c3d73bbaf2c7bebc\",\"name\":\"admincomport\"}]}<\/script>\n<!-- \/ Yoast SEO plugin. -->","yoast_head_json":{"title":"La Comunidad Portuaria de Algeciras habla de \u201cuna cita hist\u00f3rica\u201d | COMPORT","robots":{"index":"noindex","follow":"follow"},"og_locale":"es_ES","og_type":"article","og_title":"La Comunidad Portuaria de Algeciras habla de \u201cuna cita hist\u00f3rica\u201d | COMPORT","og_description":"Posidonia 2022 desborda las expectativas de las empresas de la Bah\u00eda algecire\u00f1a. La Comunidad Portuaria de la Bah\u00eda de Algeciras ha celebrado su tradicional recepci\u00f3n a los empresarios del sector mar\u00edtimos que han acudido a la cita con Posidonia 2022, la muestra que organizan el [&hellip;]","og_url":"https:\/\/comport.es\/index.php\/noticias\/la-comunidad-portuaria-de-algeciras-habla-de-una-cita-historica\/","og_site_name":"COMPORT","article_published_time":"2022-06-09T08:30:10+00:00","article_modified_time":"2022-06-09T08:32:07+00:00","og_image":[{"width":1300,"height":722,"url":"https:\/\/comport.es\/wp-content\/uploads\/2022\/06\/posidonia22_comport.jpg","type":"image\/jpeg"}],"author":"admincomport","twitter_card":"summary_large_image","twitter_misc":{"Escrito por":"admincomport","Tiempo de lectura":"2 minutos"},"schema":{"@context":"https:\/\/schema.org","@graph":[{"@type":"Article","@id":"https:\/\/comport.es\/index.php\/noticias\/la-comunidad-portuaria-de-algeciras-habla-de-una-cita-historica\/#article","isPartOf":{"@id":"https:\/\/comport.es\/index.php\/noticias\/la-comunidad-portuaria-de-algeciras-habla-de-una-cita-historica\/"},"author":{"name":"admincomport","@id":"https:\/\/comport.es\/#\/schema\/person\/9277649f8e04dd48c3d73bbaf2c7bebc"},"headline":"La Comunidad Portuaria de Algeciras habla de \u201cuna cita hist\u00f3rica\u201d","datePublished":"2022-06-09T08:30:10+00:00","dateModified":"2022-06-09T08:32:07+00:00","mainEntityOfPage":{"@id":"https:\/\/comport.es\/index.php\/noticias\/la-comunidad-portuaria-de-algeciras-habla-de-una-cita-historica\/"},"wordCount":443,"commentCount":0,"publisher":{"@id":"https:\/\/comport.es\/#organization"},"image":{"@id":"https:\/\/comport.es\/index.php\/noticias\/la-comunidad-portuaria-de-algeciras-habla-de-una-cita-historica\/#primaryimage"},"thumbnailUrl":"https:\/\/comport.es\/wp-content\/uploads\/2022\/06\/posidonia22_comport.jpg","articleSection":["Noticias"],"inLanguage":"es","potentialAction":[{"@type":"CommentAction","name":"Comment","target":["https:\/\/comport.es\/index.php\/noticias\/la-comunidad-portuaria-de-algeciras-habla-de-una-cita-historica\/#respond"]}]},{"@type":"WebPage","@id":"https:\/\/comport.es\/index.php\/noticias\/la-comunidad-portuaria-de-algeciras-habla-de-una-cita-historica\/","url":"https:\/\/comport.es\/index.php\/noticias\/la-comunidad-portuaria-de-algeciras-habla-de-una-cita-historica\/","name":"La Comunidad Portuaria de Algeciras habla de \u201cuna cita hist\u00f3rica\u201d | COMPORT","isPartOf":{"@id":"https:\/\/comport.es\/#website"},"primaryImageOfPage":{"@id":"https:\/\/comport.es\/index.php\/noticias\/la-comunidad-portuaria-de-algeciras-habla-de-una-cita-historica\/#primaryimage"},"image":{"@id":"https:\/\/comport.es\/index.php\/noticias\/la-comunidad-portuaria-de-algeciras-habla-de-una-cita-historica\/#primaryimage"},"thumbnailUrl":"https:\/\/comport.es\/wp-content\/uploads\/2022\/06\/posidonia22_comport.jpg","datePublished":"2022-06-09T08:30:10+00:00","dateModified":"2022-06-09T08:32:07+00:00","breadcrumb":{"@id":"https:\/\/comport.es\/index.php\/noticias\/la-comunidad-portuaria-de-algeciras-habla-de-una-cita-historica\/#breadcrumb"},"inLanguage":"es","potentialAction":[{"@type":"ReadAction","target":["https:\/\/comport.es\/index.php\/noticias\/la-comunidad-portuaria-de-algeciras-habla-de-una-cita-historica\/"]}]},{"@type":"ImageObject","inLanguage":"es","@id":"https:\/\/comport.es\/index.php\/noticias\/la-comunidad-portuaria-de-algeciras-habla-de-una-cita-historica\/#primaryimage","url":"https:\/\/comport.es\/wp-content\/uploads\/2022\/06\/posidonia22_comport.jpg","contentUrl":"https:\/\/comport.es\/wp-content\/uploads\/2022\/06\/posidonia22_comport.jpg","width":1300,"height":722},{"@type":"BreadcrumbList","@id":"https:\/\/comport.es\/index.php\/noticias\/la-comunidad-portuaria-de-algeciras-habla-de-una-cita-historica\/#breadcrumb","itemListElement":[{"@type":"ListItem","position":1,"name":"Portada","item":"https:\/\/comport.es\/"},{"@type":"ListItem","position":2,"name":"La Comunidad Portuaria de Algeciras habla de \u201cuna cita hist\u00f3rica\u201d"}]},{"@type":"WebSite","@id":"https:\/\/comport.es\/#website","url":"https:\/\/comport.es\/","name":"COMPORT","description":"Port Community of Algeciras Bay","publisher":{"@id":"https:\/\/comport.es\/#organization"},"potentialAction":[{"@type":"SearchAction","target":{"@type":"EntryPoint","urlTemplate":"https:\/\/comport.es\/?s={search_term_string}"},"query-input":{"@type":"PropertyValueSpecification","valueRequired":true,"valueName":"search_term_string"}}],"inLanguage":"es"},{"@type":"Organization","@id":"https:\/\/comport.es\/#organization","name":"ALGECIRAS PORT COMMUNITY - COMPORT","url":"https:\/\/comport.es\/","logo":{"@type":"ImageObject","inLanguage":"es","@id":"https:\/\/comport.es\/#\/schema\/logo\/image\/","url":"https:\/\/comport.es\/wp-content\/uploads\/2020\/10\/logo_comport_20m.png","contentUrl":"https:\/\/comport.es\/wp-content\/uploads\/2020\/10\/logo_comport_20m.png","width":600,"height":170,"caption":"ALGECIRAS PORT COMMUNITY - COMPORT"},"image":{"@id":"https:\/\/comport.es\/#\/schema\/logo\/image\/"}},{"@type":"Person","@id":"https:\/\/comport.es\/#\/schema\/person\/9277649f8e04dd48c3d73bbaf2c7bebc","name":"admincomport"}]}},"_links":{"self":[{"href":"https:\/\/comport.es\/index.php\/wp-json\/wp\/v2\/posts\/7706","targetHints":{"allow":["GET"]}}],"collection":[{"href":"https:\/\/comport.es\/index.php\/wp-json\/wp\/v2\/posts"}],"about":[{"href":"https:\/\/comport.es\/index.php\/wp-json\/wp\/v2\/types\/post"}],"author":[{"embeddable":true,"href":"https:\/\/comport.es\/index.php\/wp-json\/wp\/v2\/users\/1"}],"replies":[{"embeddable":true,"href":"https:\/\/comport.es\/index.php\/wp-json\/wp\/v2\/comments?post=7706"}],"version-history":[{"count":2,"href":"https:\/\/comport.es\/index.php\/wp-json\/wp\/v2\/posts\/7706\/revisions"}],"predecessor-version":[{"id":7709,"href":"https:\/\/comport.es\/index.php\/wp-json\/wp\/v2\/posts\/7706\/revisions\/7709"}],"wp:featuredmedia":[{"embeddable":true,"href":"https:\/\/comport.es\/index.php\/wp-json\/wp\/v2\/media\/7707"}],"wp:attachment":[{"href":"https:\/\/comport.es\/index.php\/wp-json\/wp\/v2\/media?parent=7706"}],"wp:term":[{"taxonomy":"category","embeddable":true,"href":"https:\/\/comport.es\/index.php\/wp-json\/wp\/v2\/categories?post=7706"},{"taxonomy":"post_tag","embeddable":true,"href":"https:\/\/comport.es\/index.php\/wp-json\/wp\/v2\/tags?post=7706"}],"curies":[{"name":"wp","href":"https:\/\/api.w.org\/{rel}","templated":true}]}}