{"id":7694,"date":"2022-05-25T10:36:06","date_gmt":"2022-05-25T10:36:06","guid":{"rendered":"https:\/\/comport.es\/?p=7694"},"modified":"2022-05-25T10:38:27","modified_gmt":"2022-05-25T10:38:27","slug":"breakbulk-europe-2022","status":"publish","type":"post","link":"https:\/\/comport.es\/index.php\/feder\/breakbulk-europe-2022\/","title":{"rendered":"BREAKBULK EUROPE 2022 &#8211; Rotterdam  17\/19 de MAYO"},"content":{"rendered":"<p><img loading=\"lazy\" decoding=\"async\" class=\"alignnone wp-image-6136 size-full\" src=\"http:\/.es\/wp-content\/uploads\/2018\/09\/ferder.jpg\" alt=\"\" width=\"1300\" height=\"125\" srcset=\"https:\/\/comport.es\/wp-content\/uploads\/2018\/09\/ferder.jpg 1300w, https:\/\/comport.es\/wp-content\/uploads\/2018\/09\/ferder-300x29.jpg 300w, https:\/\/comport.es\/wp-content\/uploads\/2018\/09\/ferder-768x74.jpg 768w, https:\/\/comport.es\/wp-content\/uploads\/2018\/09\/ferder-1024x98.jpg 1024w\" sizes=\"auto, (max-width: 1300px) 100vw, 1300px\" \/><\/p>\n<p style=\"text-align: justify;\"><span style=\"color: #000000;\"><strong>COMPORT BAHIA DE ALGECIRAS ALGECIRAS<\/strong> ha sido beneficiaria del Fondo Europeo de Desarrollo Regional, cuyo objetivo es conseguir un tejido empresarial m\u00e1s competitivo y gracias al que ha acudido a la <strong>feria Breakbulk Europe 2022<\/strong> para fomentar su internacionalizaci\u00f3n. Esta acci\u00f3n ha tenido lugar en <strong>Rotterdam (Holanda) los d\u00edas 17\/19 de Mayo de 2022<\/strong>. Para ello, ha contado con el apoyo del Programa Internacional de Promoci\u00f3n de la C\u00e1mara de Comercio del Campo de Gibraltar.<\/span><\/p>\n","protected":false},"excerpt":{"rendered":"<p>COMPORT BAHIA DE ALGECIRAS ALGECIRAS ha sido beneficiaria del Fondo Europeo de Desarrollo Regional, cuyo objetivo es conseguir un tejido empresarial m\u00e1s competitivo y gracias al que ha acudido a la feria Breakbulk Europe 2022 para fomentar su internacionalizaci\u00f3n. Esta acci\u00f3n ha tenido lugar en [&hellip;]<\/p>\n","protected":false},"author":1,"featured_media":7693,"comment_status":"open","ping_status":"open","sticky":false,"template":"","format":"standard","meta":{"footnotes":""},"categories":[930],"tags":[],"class_list":["post-7694","post","type-post","status-publish","format-standard","has-post-thumbnail","hentry","category-feder"],"yoast_head":"<!-- This site is optimized with the Yoast SEO plugin v27.4 - https:\/\/yoast.com\/product\/yoast-seo-wordpress\/ -->\n<title>BREAKBULK EUROPE 2022 - Rotterdam 17\/19 de MAYO | COMPORT<\/title>\n<meta name=\"robots\" content=\"noindex, follow\" \/>\n<meta property=\"og:locale\" content=\"es_ES\" \/>\n<meta property=\"og:type\" content=\"article\" \/>\n<meta property=\"og:title\" content=\"BREAKBULK EUROPE 2022 - Rotterdam 17\/19 de MAYO | COMPORT\" \/>\n<meta property=\"og:description\" content=\"COMPORT BAHIA DE ALGECIRAS ALGECIRAS ha sido beneficiaria del Fondo Europeo de Desarrollo Regional, cuyo objetivo es conseguir un tejido empresarial m\u00e1s competitivo y gracias al que ha acudido a la feria Breakbulk Europe 2022 para fomentar su internacionalizaci\u00f3n. Esta acci\u00f3n ha tenido lugar en [&hellip;]\" \/>\n<meta property=\"og:url\" content=\"https:\/\/comport.es\/index.php\/feder\/breakbulk-europe-2022\/\" \/>\n<meta property=\"og:site_name\" content=\"COMPORT\" \/>\n<meta property=\"article:published_time\" content=\"2022-05-25T10:36:06+00:00\" \/>\n<meta property=\"article:modified_time\" content=\"2022-05-25T10:38:27+00:00\" \/>\n<meta property=\"og:image\" content=\"https:\/\/comport.es\/wp-content\/uploads\/2022\/05\/BREAKBULK.jpg\" \/>\n\t<meta property=\"og:image:width\" content=\"1300\" \/>\n\t<meta property=\"og:image:height\" content=\"772\" \/>\n\t<meta property=\"og:image:type\" content=\"image\/jpeg\" \/>\n<meta name=\"author\" content=\"admincomport\" \/>\n<meta name=\"twitter:card\" content=\"summary_large_image\" \/>\n<meta name=\"twitter:label1\" content=\"Escrito por\" \/>\n\t<meta name=\"twitter:data1\" content=\"admincomport\" \/>\n\t<meta name=\"twitter:label2\" content=\"Tiempo de lectura\" \/>\n\t<meta name=\"twitter:data2\" content=\"1 minuto\" \/>\n<script type=\"application\/ld+json\" class=\"yoast-schema-graph\">{\"@context\":\"https:\\\/\\\/schema.org\",\"@graph\":[{\"@type\":\"Article\",\"@id\":\"https:\\\/\\\/comport.es\\\/index.php\\\/feder\\\/breakbulk-europe-2022\\\/#article\",\"isPartOf\":{\"@id\":\"https:\\\/\\\/comport.es\\\/index.php\\\/feder\\\/breakbulk-europe-2022\\\/\"},\"author\":{\"name\":\"admincomport\",\"@id\":\"https:\\\/\\\/comport.es\\\/#\\\/schema\\\/person\\\/9277649f8e04dd48c3d73bbaf2c7bebc\"},\"headline\":\"BREAKBULK EUROPE 2022 &#8211; Rotterdam 17\\\/19 de MAYO\",\"datePublished\":\"2022-05-25T10:36:06+00:00\",\"dateModified\":\"2022-05-25T10:38:27+00:00\",\"mainEntityOfPage\":{\"@id\":\"https:\\\/\\\/comport.es\\\/index.php\\\/feder\\\/breakbulk-europe-2022\\\/\"},\"wordCount\":84,\"commentCount\":0,\"publisher\":{\"@id\":\"https:\\\/\\\/comport.es\\\/#organization\"},\"image\":{\"@id\":\"https:\\\/\\\/comport.es\\\/index.php\\\/feder\\\/breakbulk-europe-2022\\\/#primaryimage\"},\"thumbnailUrl\":\"https:\\\/\\\/comport.es\\\/wp-content\\\/uploads\\\/2022\\\/05\\\/BREAKBULK.jpg\",\"articleSection\":[\"FEDER\"],\"inLanguage\":\"es\",\"potentialAction\":[{\"@type\":\"CommentAction\",\"name\":\"Comment\",\"target\":[\"https:\\\/\\\/comport.es\\\/index.php\\\/feder\\\/breakbulk-europe-2022\\\/#respond\"]}]},{\"@type\":\"WebPage\",\"@id\":\"https:\\\/\\\/comport.es\\\/index.php\\\/feder\\\/breakbulk-europe-2022\\\/\",\"url\":\"https:\\\/\\\/comport.es\\\/index.php\\\/feder\\\/breakbulk-europe-2022\\\/\",\"name\":\"BREAKBULK EUROPE 2022 - Rotterdam 17\\\/19 de MAYO | COMPORT\",\"isPartOf\":{\"@id\":\"https:\\\/\\\/comport.es\\\/#website\"},\"primaryImageOfPage\":{\"@id\":\"https:\\\/\\\/comport.es\\\/index.php\\\/feder\\\/breakbulk-europe-2022\\\/#primaryimage\"},\"image\":{\"@id\":\"https:\\\/\\\/comport.es\\\/index.php\\\/feder\\\/breakbulk-europe-2022\\\/#primaryimage\"},\"thumbnailUrl\":\"https:\\\/\\\/comport.es\\\/wp-content\\\/uploads\\\/2022\\\/05\\\/BREAKBULK.jpg\",\"datePublished\":\"2022-05-25T10:36:06+00:00\",\"dateModified\":\"2022-05-25T10:38:27+00:00\",\"breadcrumb\":{\"@id\":\"https:\\\/\\\/comport.es\\\/index.php\\\/feder\\\/breakbulk-europe-2022\\\/#breadcrumb\"},\"inLanguage\":\"es\",\"potentialAction\":[{\"@type\":\"ReadAction\",\"target\":[\"https:\\\/\\\/comport.es\\\/index.php\\\/feder\\\/breakbulk-europe-2022\\\/\"]}]},{\"@type\":\"ImageObject\",\"inLanguage\":\"es\",\"@id\":\"https:\\\/\\\/comport.es\\\/index.php\\\/feder\\\/breakbulk-europe-2022\\\/#primaryimage\",\"url\":\"https:\\\/\\\/comport.es\\\/wp-content\\\/uploads\\\/2022\\\/05\\\/BREAKBULK.jpg\",\"contentUrl\":\"https:\\\/\\\/comport.es\\\/wp-content\\\/uploads\\\/2022\\\/05\\\/BREAKBULK.jpg\",\"width\":1300,\"height\":772},{\"@type\":\"BreadcrumbList\",\"@id\":\"https:\\\/\\\/comport.es\\\/index.php\\\/feder\\\/breakbulk-europe-2022\\\/#breadcrumb\",\"itemListElement\":[{\"@type\":\"ListItem\",\"position\":1,\"name\":\"Portada\",\"item\":\"https:\\\/\\\/comport.es\\\/\"},{\"@type\":\"ListItem\",\"position\":2,\"name\":\"BREAKBULK EUROPE 2022 &#8211; Rotterdam 17\\\/19 de MAYO\"}]},{\"@type\":\"WebSite\",\"@id\":\"https:\\\/\\\/comport.es\\\/#website\",\"url\":\"https:\\\/\\\/comport.es\\\/\",\"name\":\"COMPORT\",\"description\":\"Port Community of Algeciras Bay\",\"publisher\":{\"@id\":\"https:\\\/\\\/comport.es\\\/#organization\"},\"potentialAction\":[{\"@type\":\"SearchAction\",\"target\":{\"@type\":\"EntryPoint\",\"urlTemplate\":\"https:\\\/\\\/comport.es\\\/?s={search_term_string}\"},\"query-input\":{\"@type\":\"PropertyValueSpecification\",\"valueRequired\":true,\"valueName\":\"search_term_string\"}}],\"inLanguage\":\"es\"},{\"@type\":\"Organization\",\"@id\":\"https:\\\/\\\/comport.es\\\/#organization\",\"name\":\"ALGECIRAS PORT COMMUNITY - COMPORT\",\"url\":\"https:\\\/\\\/comport.es\\\/\",\"logo\":{\"@type\":\"ImageObject\",\"inLanguage\":\"es\",\"@id\":\"https:\\\/\\\/comport.es\\\/#\\\/schema\\\/logo\\\/image\\\/\",\"url\":\"https:\\\/\\\/comport.es\\\/wp-content\\\/uploads\\\/2020\\\/10\\\/logo_comport_20m.png\",\"contentUrl\":\"https:\\\/\\\/comport.es\\\/wp-content\\\/uploads\\\/2020\\\/10\\\/logo_comport_20m.png\",\"width\":600,\"height\":170,\"caption\":\"ALGECIRAS PORT COMMUNITY - COMPORT\"},\"image\":{\"@id\":\"https:\\\/\\\/comport.es\\\/#\\\/schema\\\/logo\\\/image\\\/\"}},{\"@type\":\"Person\",\"@id\":\"https:\\\/\\\/comport.es\\\/#\\\/schema\\\/person\\\/9277649f8e04dd48c3d73bbaf2c7bebc\",\"name\":\"admincomport\"}]}<\/script>\n<!-- \/ Yoast SEO plugin. -->","yoast_head_json":{"title":"BREAKBULK EUROPE 2022 - Rotterdam 17\/19 de MAYO | COMPORT","robots":{"index":"noindex","follow":"follow"},"og_locale":"es_ES","og_type":"article","og_title":"BREAKBULK EUROPE 2022 - Rotterdam 17\/19 de MAYO | COMPORT","og_description":"COMPORT BAHIA DE ALGECIRAS ALGECIRAS ha sido beneficiaria del Fondo Europeo de Desarrollo Regional, cuyo objetivo es conseguir un tejido empresarial m\u00e1s competitivo y gracias al que ha acudido a la feria Breakbulk Europe 2022 para fomentar su internacionalizaci\u00f3n. Esta acci\u00f3n ha tenido lugar en [&hellip;]","og_url":"https:\/\/comport.es\/index.php\/feder\/breakbulk-europe-2022\/","og_site_name":"COMPORT","article_published_time":"2022-05-25T10:36:06+00:00","article_modified_time":"2022-05-25T10:38:27+00:00","og_image":[{"width":1300,"height":772,"url":"https:\/\/comport.es\/wp-content\/uploads\/2022\/05\/BREAKBULK.jpg","type":"image\/jpeg"}],"author":"admincomport","twitter_card":"summary_large_image","twitter_misc":{"Escrito por":"admincomport","Tiempo de lectura":"1 minuto"},"schema":{"@context":"https:\/\/schema.org","@graph":[{"@type":"Article","@id":"https:\/\/comport.es\/index.php\/feder\/breakbulk-europe-2022\/#article","isPartOf":{"@id":"https:\/\/comport.es\/index.php\/feder\/breakbulk-europe-2022\/"},"author":{"name":"admincomport","@id":"https:\/\/comport.es\/#\/schema\/person\/9277649f8e04dd48c3d73bbaf2c7bebc"},"headline":"BREAKBULK EUROPE 2022 &#8211; Rotterdam 17\/19 de MAYO","datePublished":"2022-05-25T10:36:06+00:00","dateModified":"2022-05-25T10:38:27+00:00","mainEntityOfPage":{"@id":"https:\/\/comport.es\/index.php\/feder\/breakbulk-europe-2022\/"},"wordCount":84,"commentCount":0,"publisher":{"@id":"https:\/\/comport.es\/#organization"},"image":{"@id":"https:\/\/comport.es\/index.php\/feder\/breakbulk-europe-2022\/#primaryimage"},"thumbnailUrl":"https:\/\/comport.es\/wp-content\/uploads\/2022\/05\/BREAKBULK.jpg","articleSection":["FEDER"],"inLanguage":"es","potentialAction":[{"@type":"CommentAction","name":"Comment","target":["https:\/\/comport.es\/index.php\/feder\/breakbulk-europe-2022\/#respond"]}]},{"@type":"WebPage","@id":"https:\/\/comport.es\/index.php\/feder\/breakbulk-europe-2022\/","url":"https:\/\/comport.es\/index.php\/feder\/breakbulk-europe-2022\/","name":"BREAKBULK EUROPE 2022 - Rotterdam 17\/19 de MAYO | COMPORT","isPartOf":{"@id":"https:\/\/comport.es\/#website"},"primaryImageOfPage":{"@id":"https:\/\/comport.es\/index.php\/feder\/breakbulk-europe-2022\/#primaryimage"},"image":{"@id":"https:\/\/comport.es\/index.php\/feder\/breakbulk-europe-2022\/#primaryimage"},"thumbnailUrl":"https:\/\/comport.es\/wp-content\/uploads\/2022\/05\/BREAKBULK.jpg","datePublished":"2022-05-25T10:36:06+00:00","dateModified":"2022-05-25T10:38:27+00:00","breadcrumb":{"@id":"https:\/\/comport.es\/index.php\/feder\/breakbulk-europe-2022\/#breadcrumb"},"inLanguage":"es","potentialAction":[{"@type":"ReadAction","target":["https:\/\/comport.es\/index.php\/feder\/breakbulk-europe-2022\/"]}]},{"@type":"ImageObject","inLanguage":"es","@id":"https:\/\/comport.es\/index.php\/feder\/breakbulk-europe-2022\/#primaryimage","url":"https:\/\/comport.es\/wp-content\/uploads\/2022\/05\/BREAKBULK.jpg","contentUrl":"https:\/\/comport.es\/wp-content\/uploads\/2022\/05\/BREAKBULK.jpg","width":1300,"height":772},{"@type":"BreadcrumbList","@id":"https:\/\/comport.es\/index.php\/feder\/breakbulk-europe-2022\/#breadcrumb","itemListElement":[{"@type":"ListItem","position":1,"name":"Portada","item":"https:\/\/comport.es\/"},{"@type":"ListItem","position":2,"name":"BREAKBULK EUROPE 2022 &#8211; Rotterdam 17\/19 de MAYO"}]},{"@type":"WebSite","@id":"https:\/\/comport.es\/#website","url":"https:\/\/comport.es\/","name":"COMPORT","description":"Port Community of Algeciras Bay","publisher":{"@id":"https:\/\/comport.es\/#organization"},"potentialAction":[{"@type":"SearchAction","target":{"@type":"EntryPoint","urlTemplate":"https:\/\/comport.es\/?s={search_term_string}"},"query-input":{"@type":"PropertyValueSpecification","valueRequired":true,"valueName":"search_term_string"}}],"inLanguage":"es"},{"@type":"Organization","@id":"https:\/\/comport.es\/#organization","name":"ALGECIRAS PORT COMMUNITY - COMPORT","url":"https:\/\/comport.es\/","logo":{"@type":"ImageObject","inLanguage":"es","@id":"https:\/\/comport.es\/#\/schema\/logo\/image\/","url":"https:\/\/comport.es\/wp-content\/uploads\/2020\/10\/logo_comport_20m.png","contentUrl":"https:\/\/comport.es\/wp-content\/uploads\/2020\/10\/logo_comport_20m.png","width":600,"height":170,"caption":"ALGECIRAS PORT COMMUNITY - COMPORT"},"image":{"@id":"https:\/\/comport.es\/#\/schema\/logo\/image\/"}},{"@type":"Person","@id":"https:\/\/comport.es\/#\/schema\/person\/9277649f8e04dd48c3d73bbaf2c7bebc","name":"admincomport"}]}},"_links":{"self":[{"href":"https:\/\/comport.es\/index.php\/wp-json\/wp\/v2\/posts\/7694","targetHints":{"allow":["GET"]}}],"collection":[{"href":"https:\/\/comport.es\/index.php\/wp-json\/wp\/v2\/posts"}],"about":[{"href":"https:\/\/comport.es\/index.php\/wp-json\/wp\/v2\/types\/post"}],"author":[{"embeddable":true,"href":"https:\/\/comport.es\/index.php\/wp-json\/wp\/v2\/users\/1"}],"replies":[{"embeddable":true,"href":"https:\/\/comport.es\/index.php\/wp-json\/wp\/v2\/comments?post=7694"}],"version-history":[{"count":4,"href":"https:\/\/comport.es\/index.php\/wp-json\/wp\/v2\/posts\/7694\/revisions"}],"predecessor-version":[{"id":7698,"href":"https:\/\/comport.es\/index.php\/wp-json\/wp\/v2\/posts\/7694\/revisions\/7698"}],"wp:featuredmedia":[{"embeddable":true,"href":"https:\/\/comport.es\/index.php\/wp-json\/wp\/v2\/media\/7693"}],"wp:attachment":[{"href":"https:\/\/comport.es\/index.php\/wp-json\/wp\/v2\/media?parent=7694"}],"wp:term":[{"taxonomy":"category","embeddable":true,"href":"https:\/\/comport.es\/index.php\/wp-json\/wp\/v2\/categories?post=7694"},{"taxonomy":"post_tag","embeddable":true,"href":"https:\/\/comport.es\/index.php\/wp-json\/wp\/v2\/tags?post=7694"}],"curies":[{"name":"wp","href":"https:\/\/api.w.org\/{rel}","templated":true}]}}