{"id":7691,"date":"2022-05-25T10:22:40","date_gmt":"2022-05-25T10:22:40","guid":{"rendered":"https:\/\/comport.es\/?p=7691"},"modified":"2022-05-25T10:22:40","modified_gmt":"2022-05-25T10:22:40","slug":"empresarios-de-costa-rica-buscan-ampliar-su-mercado-a-traves-del-puerto-de-algeciras","status":"publish","type":"post","link":"https:\/\/comport.es\/index.php\/noticias\/empresarios-de-costa-rica-buscan-ampliar-su-mercado-a-traves-del-puerto-de-algeciras\/","title":{"rendered":"Empresarios de Costa Rica buscan ampliar su mercado a trav\u00e9s del Puerto de Algeciras"},"content":{"rendered":"<p style=\"text-align: justify;\"><span style=\"color: #000000;\">La Promotora de Comercio Exterior del pa\u00eds centroamericano pretende convertir el muelle algecire\u00f1o, que canaliza el 43% de sus exportaciones, en su \u201cim\u00e1n de negocios\u201d<\/span><\/p>\n<p class=\"mce\" style=\"text-align: justify;\"><span style=\"color: #000000;\">Empresarios hortofrut\u00edcolas de <strong class=\"mce\">Costa Rica<\/strong>, junto a responsables de Promotora de Comercio Exterior del pa\u00eds centroamericano (Procomer), se han desplazado hasta el <strong class=\"mce\">Puerto de Algeciras<\/strong> para fortalecer las relaciones comerciales que ambas partes iniciaron en 2015 y materializaron en 2019 con la firma de un memorando de entendimiento. Se trata de una visita \u201cestrat\u00e9gica\u201d para el pa\u00eds centroamericano, como explica el director de Exportaci\u00f3n de Procomer, \u00c1varo Piedra, quien aboga por convertir el Puerto de Algeciras en \u201cel <strong class=\"mce\">im\u00e1n de negocios para Costa Rica<\/strong>\u201d.<\/span><\/p>\n<p class=\"mce\" style=\"text-align: justify;\"><span style=\"color: #000000;\">El presidente de la Autoridad Portuaria Bah\u00eda de Algeciras (APBA), <strong class=\"mce\">Gerardo Landaluce,<\/strong> destaca que Algeciras se consolida como un puerto estrat\u00e9gico para el comercio internacional de las empresas costarricenses y como facilitador de apertur<strong class=\"mce\">a a nuevos mercados y negocios<\/strong> en el Sur de Europa, tanto en el Mediterr\u00e1neo como en el Norte de \u00c1frica. Muestra de las buenas relaciones entre el Puerto de Algeciras y el pa\u00eds caribe\u00f1o es que el puerto algecire\u00f1o fue invitado el pasado marzo por los reyes de Espa\u00f1a al almuerzo en honor al que fuera presidente de la Rep\u00fablica, <strong class=\"mce\">Carlos Alvarado Quesada<\/strong>, ante su despedida en el cargo.<\/span><\/p>\n<h2 class=\"mce\" style=\"text-align: justify;\"><span style=\"color: #000000;\">Primer socio comercial<\/span><\/h2>\n<p class=\"mce\" style=\"text-align: justify;\"><span style=\"color: #000000;\">Costa Rica es el <strong class=\"mce\">primer socio comercial para tr\u00e1ficos refrigerados<\/strong> del Puerto de Algeciras, principalmente para productos como<strong class=\"mce\"> pi\u00f1a o banana<\/strong>, y un sector emergente como es el de las plantas ornamentales hacia los viveros andaluces. El Puerto de Algeciras acoge <strong class=\"mce\">el 43% de las exportaciones costarricenses a Espa\u00f1a<\/strong>, cifra que llega al 80% en caso de productos como la pi\u00f1a de Costa Rica que se importa en Espa\u00f1a y que antes llegaba hasta la Pen\u00ednsula desde otras d\u00e1rsenas europeas. Adem\u00e1s, el Puerto de Algeciras canaliza gran parte de las exportaciones de <strong class=\"mce\">aceite de oliva andaluz hacia el pa\u00eds caribe\u00f1o<\/strong>.<\/span><\/p>\n<p class=\"mce\" style=\"text-align: justify;\"><span style=\"color: #000000;\">Los Puertos de Algeciras y Mo\u00edn est\u00e1n conectados de forma directa por el servicio <strong class=\"mce\">MedCaribe<\/strong>, de las navieras CMA-CGM y Marfret, con un tiempo de tr\u00e1nsito de tan solo<strong class=\"mce\"> 12 d\u00edas<\/strong>.<\/span><\/p>\n<h2 class=\"mce\" style=\"text-align: justify;\"><span style=\"color: #000000;\">Agenda<\/span><\/h2>\n<p class=\"mce\" style=\"text-align: justify;\"><span style=\"color: #000000;\">Adem\u00e1s de un amplio programa de trabajo entre los empresarios de ambos enclaves, la agenda contempla visitas a instalaciones de<strong class=\"mce\"> almacenamiento refrigerado<\/strong>, la terminal de contenedores de <strong class=\"mce\">Total Terminal International Algeciras<\/strong> (TTI Algeciras), la <strong class=\"mce\">Zona de Actividades Log\u00edsticas<\/strong> (ZAL) y el P<strong class=\"mce\">uesto de Control Fronterizo<\/strong> (PCF).<\/span><\/p>\n<p class=\"mce\" style=\"text-align: justify;\"><span style=\"color: #000000;\">La Misi\u00f3n Comercial Inversa est\u00e1 organizada por <strong class=\"mce\">Extenda<\/strong> con fondos ITI y participan u<strong class=\"mce\">na docena de empresarios costarricenses<\/strong> de las compa\u00f1\u00edas Grupo Ac\u00f3n, Tropicales del Valle, BYC Exportadores del Valle de Ujarr\u00e1s, Alitropic, Inversiones Palmeto, Exportadora R&amp;S Ornamentales y Tropifoods. Por parte de la <strong class=\"mce\">Comunidad Portuaria de Algeciras<\/strong> participan representantes de las empresas Algetransit, Almacenamiento Fr\u00edo y Log\u00edstica del Sur, Americold Algeciras, Bernardino Abad, ECS 360, J. Ronco y C\u00eda, Logistika 360, Macpherson Marine Surveyors, Mar\u00edtima del Mediterr\u00e1neo, Oper Reefer Forwarding, SAM Algeciras, TTI Algeciras, Transbull y Transcoma Global Logistics.<\/span><\/p>\n<p>&nbsp;<\/p>\n<p><strong>FUENTE:<\/strong> EUROPA SUR<\/p>\n","protected":false},"excerpt":{"rendered":"<p>La Promotora de Comercio Exterior del pa\u00eds centroamericano pretende convertir el muelle algecire\u00f1o, que canaliza el 43% de sus exportaciones, en su \u201cim\u00e1n de negocios\u201d Empresarios hortofrut\u00edcolas de Costa Rica, junto a responsables de Promotora de Comercio Exterior del pa\u00eds centroamericano (Procomer), se han desplazado [&hellip;]<\/p>\n","protected":false},"author":1,"featured_media":7690,"comment_status":"open","ping_status":"open","sticky":false,"template":"","format":"standard","meta":{"footnotes":""},"categories":[921],"tags":[],"class_list":["post-7691","post","type-post","status-publish","format-standard","has-post-thumbnail","hentry","category-noticias"],"yoast_head":"<!-- This site is optimized with the Yoast SEO plugin v27.4 - https:\/\/yoast.com\/product\/yoast-seo-wordpress\/ -->\n<title>Empresarios de Costa Rica buscan ampliar su mercado a trav\u00e9s del Puerto de Algeciras | COMPORT<\/title>\n<meta name=\"robots\" content=\"noindex, follow\" \/>\n<meta property=\"og:locale\" content=\"es_ES\" \/>\n<meta property=\"og:type\" content=\"article\" \/>\n<meta property=\"og:title\" content=\"Empresarios de Costa Rica buscan ampliar su mercado a trav\u00e9s del Puerto de Algeciras | COMPORT\" \/>\n<meta property=\"og:description\" content=\"La Promotora de Comercio Exterior del pa\u00eds centroamericano pretende convertir el muelle algecire\u00f1o, que canaliza el 43% de sus exportaciones, en su \u201cim\u00e1n de negocios\u201d Empresarios hortofrut\u00edcolas de Costa Rica, junto a responsables de Promotora de Comercio Exterior del pa\u00eds centroamericano (Procomer), se han desplazado [&hellip;]\" \/>\n<meta property=\"og:url\" content=\"https:\/\/comport.es\/index.php\/noticias\/empresarios-de-costa-rica-buscan-ampliar-su-mercado-a-traves-del-puerto-de-algeciras\/\" \/>\n<meta property=\"og:site_name\" content=\"COMPORT\" \/>\n<meta property=\"article:published_time\" content=\"2022-05-25T10:22:40+00:00\" \/>\n<meta property=\"og:image\" content=\"https:\/\/comport.es\/wp-content\/uploads\/2022\/05\/COSTA_RICA.jpg\" \/>\n\t<meta property=\"og:image:width\" content=\"1300\" \/>\n\t<meta property=\"og:image:height\" content=\"722\" \/>\n\t<meta property=\"og:image:type\" content=\"image\/jpeg\" \/>\n<meta name=\"author\" content=\"admincomport\" \/>\n<meta name=\"twitter:card\" content=\"summary_large_image\" \/>\n<meta name=\"twitter:label1\" content=\"Escrito por\" \/>\n\t<meta name=\"twitter:data1\" content=\"admincomport\" \/>\n\t<meta name=\"twitter:label2\" content=\"Tiempo de lectura\" \/>\n\t<meta name=\"twitter:data2\" content=\"3 minutos\" \/>\n<script type=\"application\/ld+json\" class=\"yoast-schema-graph\">{\"@context\":\"https:\\\/\\\/schema.org\",\"@graph\":[{\"@type\":\"Article\",\"@id\":\"https:\\\/\\\/comport.es\\\/index.php\\\/noticias\\\/empresarios-de-costa-rica-buscan-ampliar-su-mercado-a-traves-del-puerto-de-algeciras\\\/#article\",\"isPartOf\":{\"@id\":\"https:\\\/\\\/comport.es\\\/index.php\\\/noticias\\\/empresarios-de-costa-rica-buscan-ampliar-su-mercado-a-traves-del-puerto-de-algeciras\\\/\"},\"author\":{\"name\":\"admincomport\",\"@id\":\"https:\\\/\\\/comport.es\\\/#\\\/schema\\\/person\\\/9277649f8e04dd48c3d73bbaf2c7bebc\"},\"headline\":\"Empresarios de Costa Rica buscan ampliar su mercado a trav\u00e9s del Puerto de Algeciras\",\"datePublished\":\"2022-05-25T10:22:40+00:00\",\"mainEntityOfPage\":{\"@id\":\"https:\\\/\\\/comport.es\\\/index.php\\\/noticias\\\/empresarios-de-costa-rica-buscan-ampliar-su-mercado-a-traves-del-puerto-de-algeciras\\\/\"},\"wordCount\":538,\"commentCount\":0,\"publisher\":{\"@id\":\"https:\\\/\\\/comport.es\\\/#organization\"},\"image\":{\"@id\":\"https:\\\/\\\/comport.es\\\/index.php\\\/noticias\\\/empresarios-de-costa-rica-buscan-ampliar-su-mercado-a-traves-del-puerto-de-algeciras\\\/#primaryimage\"},\"thumbnailUrl\":\"https:\\\/\\\/comport.es\\\/wp-content\\\/uploads\\\/2022\\\/05\\\/COSTA_RICA.jpg\",\"articleSection\":[\"Noticias\"],\"inLanguage\":\"es\",\"potentialAction\":[{\"@type\":\"CommentAction\",\"name\":\"Comment\",\"target\":[\"https:\\\/\\\/comport.es\\\/index.php\\\/noticias\\\/empresarios-de-costa-rica-buscan-ampliar-su-mercado-a-traves-del-puerto-de-algeciras\\\/#respond\"]}]},{\"@type\":\"WebPage\",\"@id\":\"https:\\\/\\\/comport.es\\\/index.php\\\/noticias\\\/empresarios-de-costa-rica-buscan-ampliar-su-mercado-a-traves-del-puerto-de-algeciras\\\/\",\"url\":\"https:\\\/\\\/comport.es\\\/index.php\\\/noticias\\\/empresarios-de-costa-rica-buscan-ampliar-su-mercado-a-traves-del-puerto-de-algeciras\\\/\",\"name\":\"Empresarios de Costa Rica buscan ampliar su mercado a trav\u00e9s del Puerto de Algeciras | COMPORT\",\"isPartOf\":{\"@id\":\"https:\\\/\\\/comport.es\\\/#website\"},\"primaryImageOfPage\":{\"@id\":\"https:\\\/\\\/comport.es\\\/index.php\\\/noticias\\\/empresarios-de-costa-rica-buscan-ampliar-su-mercado-a-traves-del-puerto-de-algeciras\\\/#primaryimage\"},\"image\":{\"@id\":\"https:\\\/\\\/comport.es\\\/index.php\\\/noticias\\\/empresarios-de-costa-rica-buscan-ampliar-su-mercado-a-traves-del-puerto-de-algeciras\\\/#primaryimage\"},\"thumbnailUrl\":\"https:\\\/\\\/comport.es\\\/wp-content\\\/uploads\\\/2022\\\/05\\\/COSTA_RICA.jpg\",\"datePublished\":\"2022-05-25T10:22:40+00:00\",\"breadcrumb\":{\"@id\":\"https:\\\/\\\/comport.es\\\/index.php\\\/noticias\\\/empresarios-de-costa-rica-buscan-ampliar-su-mercado-a-traves-del-puerto-de-algeciras\\\/#breadcrumb\"},\"inLanguage\":\"es\",\"potentialAction\":[{\"@type\":\"ReadAction\",\"target\":[\"https:\\\/\\\/comport.es\\\/index.php\\\/noticias\\\/empresarios-de-costa-rica-buscan-ampliar-su-mercado-a-traves-del-puerto-de-algeciras\\\/\"]}]},{\"@type\":\"ImageObject\",\"inLanguage\":\"es\",\"@id\":\"https:\\\/\\\/comport.es\\\/index.php\\\/noticias\\\/empresarios-de-costa-rica-buscan-ampliar-su-mercado-a-traves-del-puerto-de-algeciras\\\/#primaryimage\",\"url\":\"https:\\\/\\\/comport.es\\\/wp-content\\\/uploads\\\/2022\\\/05\\\/COSTA_RICA.jpg\",\"contentUrl\":\"https:\\\/\\\/comport.es\\\/wp-content\\\/uploads\\\/2022\\\/05\\\/COSTA_RICA.jpg\",\"width\":1300,\"height\":722},{\"@type\":\"BreadcrumbList\",\"@id\":\"https:\\\/\\\/comport.es\\\/index.php\\\/noticias\\\/empresarios-de-costa-rica-buscan-ampliar-su-mercado-a-traves-del-puerto-de-algeciras\\\/#breadcrumb\",\"itemListElement\":[{\"@type\":\"ListItem\",\"position\":1,\"name\":\"Portada\",\"item\":\"https:\\\/\\\/comport.es\\\/\"},{\"@type\":\"ListItem\",\"position\":2,\"name\":\"Empresarios de Costa Rica buscan ampliar su mercado a trav\u00e9s del Puerto de Algeciras\"}]},{\"@type\":\"WebSite\",\"@id\":\"https:\\\/\\\/comport.es\\\/#website\",\"url\":\"https:\\\/\\\/comport.es\\\/\",\"name\":\"COMPORT\",\"description\":\"Port Community of Algeciras Bay\",\"publisher\":{\"@id\":\"https:\\\/\\\/comport.es\\\/#organization\"},\"potentialAction\":[{\"@type\":\"SearchAction\",\"target\":{\"@type\":\"EntryPoint\",\"urlTemplate\":\"https:\\\/\\\/comport.es\\\/?s={search_term_string}\"},\"query-input\":{\"@type\":\"PropertyValueSpecification\",\"valueRequired\":true,\"valueName\":\"search_term_string\"}}],\"inLanguage\":\"es\"},{\"@type\":\"Organization\",\"@id\":\"https:\\\/\\\/comport.es\\\/#organization\",\"name\":\"ALGECIRAS PORT COMMUNITY - COMPORT\",\"url\":\"https:\\\/\\\/comport.es\\\/\",\"logo\":{\"@type\":\"ImageObject\",\"inLanguage\":\"es\",\"@id\":\"https:\\\/\\\/comport.es\\\/#\\\/schema\\\/logo\\\/image\\\/\",\"url\":\"https:\\\/\\\/comport.es\\\/wp-content\\\/uploads\\\/2020\\\/10\\\/logo_comport_20m.png\",\"contentUrl\":\"https:\\\/\\\/comport.es\\\/wp-content\\\/uploads\\\/2020\\\/10\\\/logo_comport_20m.png\",\"width\":600,\"height\":170,\"caption\":\"ALGECIRAS PORT COMMUNITY - COMPORT\"},\"image\":{\"@id\":\"https:\\\/\\\/comport.es\\\/#\\\/schema\\\/logo\\\/image\\\/\"}},{\"@type\":\"Person\",\"@id\":\"https:\\\/\\\/comport.es\\\/#\\\/schema\\\/person\\\/9277649f8e04dd48c3d73bbaf2c7bebc\",\"name\":\"admincomport\"}]}<\/script>\n<!-- \/ Yoast SEO plugin. -->","yoast_head_json":{"title":"Empresarios de Costa Rica buscan ampliar su mercado a trav\u00e9s del Puerto de Algeciras | COMPORT","robots":{"index":"noindex","follow":"follow"},"og_locale":"es_ES","og_type":"article","og_title":"Empresarios de Costa Rica buscan ampliar su mercado a trav\u00e9s del Puerto de Algeciras | COMPORT","og_description":"La Promotora de Comercio Exterior del pa\u00eds centroamericano pretende convertir el muelle algecire\u00f1o, que canaliza el 43% de sus exportaciones, en su \u201cim\u00e1n de negocios\u201d Empresarios hortofrut\u00edcolas de Costa Rica, junto a responsables de Promotora de Comercio Exterior del pa\u00eds centroamericano (Procomer), se han desplazado [&hellip;]","og_url":"https:\/\/comport.es\/index.php\/noticias\/empresarios-de-costa-rica-buscan-ampliar-su-mercado-a-traves-del-puerto-de-algeciras\/","og_site_name":"COMPORT","article_published_time":"2022-05-25T10:22:40+00:00","og_image":[{"width":1300,"height":722,"url":"https:\/\/comport.es\/wp-content\/uploads\/2022\/05\/COSTA_RICA.jpg","type":"image\/jpeg"}],"author":"admincomport","twitter_card":"summary_large_image","twitter_misc":{"Escrito por":"admincomport","Tiempo de lectura":"3 minutos"},"schema":{"@context":"https:\/\/schema.org","@graph":[{"@type":"Article","@id":"https:\/\/comport.es\/index.php\/noticias\/empresarios-de-costa-rica-buscan-ampliar-su-mercado-a-traves-del-puerto-de-algeciras\/#article","isPartOf":{"@id":"https:\/\/comport.es\/index.php\/noticias\/empresarios-de-costa-rica-buscan-ampliar-su-mercado-a-traves-del-puerto-de-algeciras\/"},"author":{"name":"admincomport","@id":"https:\/\/comport.es\/#\/schema\/person\/9277649f8e04dd48c3d73bbaf2c7bebc"},"headline":"Empresarios de Costa Rica buscan ampliar su mercado a trav\u00e9s del Puerto de Algeciras","datePublished":"2022-05-25T10:22:40+00:00","mainEntityOfPage":{"@id":"https:\/\/comport.es\/index.php\/noticias\/empresarios-de-costa-rica-buscan-ampliar-su-mercado-a-traves-del-puerto-de-algeciras\/"},"wordCount":538,"commentCount":0,"publisher":{"@id":"https:\/\/comport.es\/#organization"},"image":{"@id":"https:\/\/comport.es\/index.php\/noticias\/empresarios-de-costa-rica-buscan-ampliar-su-mercado-a-traves-del-puerto-de-algeciras\/#primaryimage"},"thumbnailUrl":"https:\/\/comport.es\/wp-content\/uploads\/2022\/05\/COSTA_RICA.jpg","articleSection":["Noticias"],"inLanguage":"es","potentialAction":[{"@type":"CommentAction","name":"Comment","target":["https:\/\/comport.es\/index.php\/noticias\/empresarios-de-costa-rica-buscan-ampliar-su-mercado-a-traves-del-puerto-de-algeciras\/#respond"]}]},{"@type":"WebPage","@id":"https:\/\/comport.es\/index.php\/noticias\/empresarios-de-costa-rica-buscan-ampliar-su-mercado-a-traves-del-puerto-de-algeciras\/","url":"https:\/\/comport.es\/index.php\/noticias\/empresarios-de-costa-rica-buscan-ampliar-su-mercado-a-traves-del-puerto-de-algeciras\/","name":"Empresarios de Costa Rica buscan ampliar su mercado a trav\u00e9s del Puerto de Algeciras | COMPORT","isPartOf":{"@id":"https:\/\/comport.es\/#website"},"primaryImageOfPage":{"@id":"https:\/\/comport.es\/index.php\/noticias\/empresarios-de-costa-rica-buscan-ampliar-su-mercado-a-traves-del-puerto-de-algeciras\/#primaryimage"},"image":{"@id":"https:\/\/comport.es\/index.php\/noticias\/empresarios-de-costa-rica-buscan-ampliar-su-mercado-a-traves-del-puerto-de-algeciras\/#primaryimage"},"thumbnailUrl":"https:\/\/comport.es\/wp-content\/uploads\/2022\/05\/COSTA_RICA.jpg","datePublished":"2022-05-25T10:22:40+00:00","breadcrumb":{"@id":"https:\/\/comport.es\/index.php\/noticias\/empresarios-de-costa-rica-buscan-ampliar-su-mercado-a-traves-del-puerto-de-algeciras\/#breadcrumb"},"inLanguage":"es","potentialAction":[{"@type":"ReadAction","target":["https:\/\/comport.es\/index.php\/noticias\/empresarios-de-costa-rica-buscan-ampliar-su-mercado-a-traves-del-puerto-de-algeciras\/"]}]},{"@type":"ImageObject","inLanguage":"es","@id":"https:\/\/comport.es\/index.php\/noticias\/empresarios-de-costa-rica-buscan-ampliar-su-mercado-a-traves-del-puerto-de-algeciras\/#primaryimage","url":"https:\/\/comport.es\/wp-content\/uploads\/2022\/05\/COSTA_RICA.jpg","contentUrl":"https:\/\/comport.es\/wp-content\/uploads\/2022\/05\/COSTA_RICA.jpg","width":1300,"height":722},{"@type":"BreadcrumbList","@id":"https:\/\/comport.es\/index.php\/noticias\/empresarios-de-costa-rica-buscan-ampliar-su-mercado-a-traves-del-puerto-de-algeciras\/#breadcrumb","itemListElement":[{"@type":"ListItem","position":1,"name":"Portada","item":"https:\/\/comport.es\/"},{"@type":"ListItem","position":2,"name":"Empresarios de Costa Rica buscan ampliar su mercado a trav\u00e9s del Puerto de Algeciras"}]},{"@type":"WebSite","@id":"https:\/\/comport.es\/#website","url":"https:\/\/comport.es\/","name":"COMPORT","description":"Port Community of Algeciras Bay","publisher":{"@id":"https:\/\/comport.es\/#organization"},"potentialAction":[{"@type":"SearchAction","target":{"@type":"EntryPoint","urlTemplate":"https:\/\/comport.es\/?s={search_term_string}"},"query-input":{"@type":"PropertyValueSpecification","valueRequired":true,"valueName":"search_term_string"}}],"inLanguage":"es"},{"@type":"Organization","@id":"https:\/\/comport.es\/#organization","name":"ALGECIRAS PORT COMMUNITY - COMPORT","url":"https:\/\/comport.es\/","logo":{"@type":"ImageObject","inLanguage":"es","@id":"https:\/\/comport.es\/#\/schema\/logo\/image\/","url":"https:\/\/comport.es\/wp-content\/uploads\/2020\/10\/logo_comport_20m.png","contentUrl":"https:\/\/comport.es\/wp-content\/uploads\/2020\/10\/logo_comport_20m.png","width":600,"height":170,"caption":"ALGECIRAS PORT COMMUNITY - COMPORT"},"image":{"@id":"https:\/\/comport.es\/#\/schema\/logo\/image\/"}},{"@type":"Person","@id":"https:\/\/comport.es\/#\/schema\/person\/9277649f8e04dd48c3d73bbaf2c7bebc","name":"admincomport"}]}},"_links":{"self":[{"href":"https:\/\/comport.es\/index.php\/wp-json\/wp\/v2\/posts\/7691","targetHints":{"allow":["GET"]}}],"collection":[{"href":"https:\/\/comport.es\/index.php\/wp-json\/wp\/v2\/posts"}],"about":[{"href":"https:\/\/comport.es\/index.php\/wp-json\/wp\/v2\/types\/post"}],"author":[{"embeddable":true,"href":"https:\/\/comport.es\/index.php\/wp-json\/wp\/v2\/users\/1"}],"replies":[{"embeddable":true,"href":"https:\/\/comport.es\/index.php\/wp-json\/wp\/v2\/comments?post=7691"}],"version-history":[{"count":1,"href":"https:\/\/comport.es\/index.php\/wp-json\/wp\/v2\/posts\/7691\/revisions"}],"predecessor-version":[{"id":7692,"href":"https:\/\/comport.es\/index.php\/wp-json\/wp\/v2\/posts\/7691\/revisions\/7692"}],"wp:featuredmedia":[{"embeddable":true,"href":"https:\/\/comport.es\/index.php\/wp-json\/wp\/v2\/media\/7690"}],"wp:attachment":[{"href":"https:\/\/comport.es\/index.php\/wp-json\/wp\/v2\/media?parent=7691"}],"wp:term":[{"taxonomy":"category","embeddable":true,"href":"https:\/\/comport.es\/index.php\/wp-json\/wp\/v2\/categories?post=7691"},{"taxonomy":"post_tag","embeddable":true,"href":"https:\/\/comport.es\/index.php\/wp-json\/wp\/v2\/tags?post=7691"}],"curies":[{"name":"wp","href":"https:\/\/api.w.org\/{rel}","templated":true}]}}