{"id":7158,"date":"2020-02-08T22:04:34","date_gmt":"2020-02-08T22:04:34","guid":{"rendered":"https:\/\/comport.es\/?p=7158"},"modified":"2021-01-05T22:05:34","modified_gmt":"2021-01-05T22:05:34","slug":"el-puerto-de-algeciras-concluye-su-participacion-en-fruit-logistica-2","status":"publish","type":"post","link":"https:\/\/comport.es\/index.php\/en\/news\/el-puerto-de-algeciras-concluye-su-participacion-en-fruit-logistica-2\/","title":{"rendered":"El Puerto de Algeciras concluye su participaci\u00f3n en Fruit Log\u00edstica"},"content":{"rendered":"<h3>La Autoridad Portuaria muestra al sector la reducci\u00f3n de los tiempos de importaci\u00f3n con los principales pa\u00edses productores hortofrut\u00edcolas.<\/h3>\n<p>El Puerto de Algeciras concluye este viernes su participaci\u00f3n en la feria comercial Fruit Log\u00edstica en Berl\u00edn, donde esta semana la Autoridad Portuaria y las empresas que operan en los muelles del Estrecho han mostrado su oferta al sector productor y distribuidor mundial. El Puerto defiende ser la mejor opci\u00f3n log\u00edstica para posicionar de la forma m\u00e1s \u00f3ptima la producci\u00f3n agr\u00edcola en la mesa del consumidor.<\/p>\n<p>A la mayor conectividad del sector, el Puerto de Algeciras ha aprovechado esta cita mundial para anunciar la reducci\u00f3n de los tiempos de importaci\u00f3n de pa\u00edses productores como Costa Rica, M\u00e9xico, Rep\u00fablica Dominicana, Colombia y Per\u00fa.<\/p>\n<p><strong><span style=\"font-size: 14pt;\">El Puerto de Algeciras mantiene el liderazgo nacional en el tr\u00e1fico de productos hortofrut\u00edcolas.<\/span><\/strong><\/p>\n<p>En 2019, el Puerto de Algeciras mantuvo el liderazgo como principal puerto del pa\u00eds por tr\u00e1fico de productos hortofrut\u00edcolas. El volumen de este tipo de mercanc\u00edas creci\u00f3 un 11% hasta superar los 4,7 millones de toneladas, el 40% del trasiego de este tipo de productos que elige los puertos espa\u00f1oles para traspasar fronteras.<\/p>\n<p>Adem\u00e1s de la Autoridad Portuaria de Algeciras (APBA) han acudido a Fruit Log\u00edstica las empresas Algetransit, Agromerchants, Bernardino Abad, Deposito Aduanero y Logistico Sur de Europa (DALSE), ECS 360, Maritima del Estrecho, Nieves Operador Logistico, Noatum Maritime Marmedsa, Oper Reefer Forwarding, Partida Logistics, Romeu y Cia, SAM Algeciras y Tr\u00e1nsito 2000.<\/p>\n<p>&nbsp;<\/p>\n<p><strong>FUENTE:<\/strong> EUROPASUR<\/p>\n","protected":false},"excerpt":{"rendered":"<p>La Autoridad Portuaria muestra al sector la reducci\u00f3n de los tiempos de importaci\u00f3n con los principales pa\u00edses productores hortofrut\u00edcolas. El Puerto de Algeciras concluye este viernes su participaci\u00f3n en la feria comercial Fruit Log\u00edstica en Berl\u00edn, donde esta semana la Autoridad Portuaria y las empresas [&hellip;]<\/p>\n","protected":false},"author":1,"featured_media":6572,"comment_status":"closed","ping_status":"closed","sticky":false,"template":"","format":"standard","meta":{"footnotes":""},"categories":[1800],"tags":[],"class_list":["post-7158","post","type-post","status-publish","format-standard","has-post-thumbnail","hentry","category-news"],"yoast_head":"<!-- This site is optimized with the Yoast SEO plugin v27.4 - https:\/\/yoast.com\/product\/yoast-seo-wordpress\/ -->\n<title>El Puerto de Algeciras concluye su participaci\u00f3n en Fruit Log\u00edstica | COMPORT<\/title>\n<meta name=\"robots\" content=\"noindex, follow\" \/>\n<meta property=\"og:locale\" content=\"es_ES\" \/>\n<meta property=\"og:type\" content=\"article\" \/>\n<meta property=\"og:title\" content=\"El Puerto de Algeciras concluye su participaci\u00f3n en Fruit Log\u00edstica | COMPORT\" \/>\n<meta property=\"og:description\" content=\"La Autoridad Portuaria muestra al sector la reducci\u00f3n de los tiempos de importaci\u00f3n con los principales pa\u00edses productores hortofrut\u00edcolas. El Puerto de Algeciras concluye este viernes su participaci\u00f3n en la feria comercial Fruit Log\u00edstica en Berl\u00edn, donde esta semana la Autoridad Portuaria y las empresas [&hellip;]\" \/>\n<meta property=\"og:url\" content=\"https:\/\/comport.es\/index.php\/en\/news\/el-puerto-de-algeciras-concluye-su-participacion-en-fruit-logistica-2\/\" \/>\n<meta property=\"og:site_name\" content=\"COMPORT\" \/>\n<meta property=\"article:published_time\" content=\"2020-02-08T22:04:34+00:00\" \/>\n<meta property=\"article:modified_time\" content=\"2021-01-05T22:05:34+00:00\" \/>\n<meta property=\"og:image\" content=\"https:\/\/comport.es\/wp-content\/uploads\/2020\/02\/fruitlogistica2020.jpg\" \/>\n\t<meta property=\"og:image:width\" content=\"1300\" \/>\n\t<meta property=\"og:image:height\" content=\"722\" \/>\n\t<meta property=\"og:image:type\" content=\"image\/jpeg\" \/>\n<meta name=\"author\" content=\"admincomport\" \/>\n<meta name=\"twitter:card\" content=\"summary_large_image\" \/>\n<meta name=\"twitter:label1\" content=\"Escrito por\" \/>\n\t<meta name=\"twitter:data1\" content=\"admincomport\" \/>\n\t<meta name=\"twitter:label2\" content=\"Tiempo de lectura\" \/>\n\t<meta name=\"twitter:data2\" content=\"1 minuto\" \/>\n<script type=\"application\/ld+json\" class=\"yoast-schema-graph\">{\"@context\":\"https:\\\/\\\/schema.org\",\"@graph\":[{\"@type\":\"Article\",\"@id\":\"https:\\\/\\\/comport.es\\\/index.php\\\/en\\\/news\\\/el-puerto-de-algeciras-concluye-su-participacion-en-fruit-logistica-2\\\/#article\",\"isPartOf\":{\"@id\":\"https:\\\/\\\/comport.es\\\/index.php\\\/en\\\/news\\\/el-puerto-de-algeciras-concluye-su-participacion-en-fruit-logistica-2\\\/\"},\"author\":{\"name\":\"admincomport\",\"@id\":\"https:\\\/\\\/comport.es\\\/#\\\/schema\\\/person\\\/9277649f8e04dd48c3d73bbaf2c7bebc\"},\"headline\":\"El Puerto de Algeciras concluye su participaci\u00f3n en Fruit Log\u00edstica\",\"datePublished\":\"2020-02-08T22:04:34+00:00\",\"dateModified\":\"2021-01-05T22:05:34+00:00\",\"mainEntityOfPage\":{\"@id\":\"https:\\\/\\\/comport.es\\\/index.php\\\/en\\\/news\\\/el-puerto-de-algeciras-concluye-su-participacion-en-fruit-logistica-2\\\/\"},\"wordCount\":275,\"publisher\":{\"@id\":\"https:\\\/\\\/comport.es\\\/#organization\"},\"image\":{\"@id\":\"https:\\\/\\\/comport.es\\\/index.php\\\/en\\\/news\\\/el-puerto-de-algeciras-concluye-su-participacion-en-fruit-logistica-2\\\/#primaryimage\"},\"thumbnailUrl\":\"https:\\\/\\\/comport.es\\\/wp-content\\\/uploads\\\/2020\\\/02\\\/fruitlogistica2020.jpg\",\"articleSection\":[\"NEWS\"],\"inLanguage\":\"es\"},{\"@type\":\"WebPage\",\"@id\":\"https:\\\/\\\/comport.es\\\/index.php\\\/en\\\/news\\\/el-puerto-de-algeciras-concluye-su-participacion-en-fruit-logistica-2\\\/\",\"url\":\"https:\\\/\\\/comport.es\\\/index.php\\\/en\\\/news\\\/el-puerto-de-algeciras-concluye-su-participacion-en-fruit-logistica-2\\\/\",\"name\":\"El Puerto de Algeciras concluye su participaci\u00f3n en Fruit Log\u00edstica | COMPORT\",\"isPartOf\":{\"@id\":\"https:\\\/\\\/comport.es\\\/#website\"},\"primaryImageOfPage\":{\"@id\":\"https:\\\/\\\/comport.es\\\/index.php\\\/en\\\/news\\\/el-puerto-de-algeciras-concluye-su-participacion-en-fruit-logistica-2\\\/#primaryimage\"},\"image\":{\"@id\":\"https:\\\/\\\/comport.es\\\/index.php\\\/en\\\/news\\\/el-puerto-de-algeciras-concluye-su-participacion-en-fruit-logistica-2\\\/#primaryimage\"},\"thumbnailUrl\":\"https:\\\/\\\/comport.es\\\/wp-content\\\/uploads\\\/2020\\\/02\\\/fruitlogistica2020.jpg\",\"datePublished\":\"2020-02-08T22:04:34+00:00\",\"dateModified\":\"2021-01-05T22:05:34+00:00\",\"breadcrumb\":{\"@id\":\"https:\\\/\\\/comport.es\\\/index.php\\\/en\\\/news\\\/el-puerto-de-algeciras-concluye-su-participacion-en-fruit-logistica-2\\\/#breadcrumb\"},\"inLanguage\":\"es\",\"potentialAction\":[{\"@type\":\"ReadAction\",\"target\":[\"https:\\\/\\\/comport.es\\\/index.php\\\/en\\\/news\\\/el-puerto-de-algeciras-concluye-su-participacion-en-fruit-logistica-2\\\/\"]}]},{\"@type\":\"ImageObject\",\"inLanguage\":\"es\",\"@id\":\"https:\\\/\\\/comport.es\\\/index.php\\\/en\\\/news\\\/el-puerto-de-algeciras-concluye-su-participacion-en-fruit-logistica-2\\\/#primaryimage\",\"url\":\"https:\\\/\\\/comport.es\\\/wp-content\\\/uploads\\\/2020\\\/02\\\/fruitlogistica2020.jpg\",\"contentUrl\":\"https:\\\/\\\/comport.es\\\/wp-content\\\/uploads\\\/2020\\\/02\\\/fruitlogistica2020.jpg\",\"width\":1300,\"height\":722},{\"@type\":\"BreadcrumbList\",\"@id\":\"https:\\\/\\\/comport.es\\\/index.php\\\/en\\\/news\\\/el-puerto-de-algeciras-concluye-su-participacion-en-fruit-logistica-2\\\/#breadcrumb\",\"itemListElement\":[{\"@type\":\"ListItem\",\"position\":1,\"name\":\"Portada\",\"item\":\"https:\\\/\\\/comport.es\\\/\"},{\"@type\":\"ListItem\",\"position\":2,\"name\":\"El Puerto de Algeciras concluye su participaci\u00f3n en Fruit Log\u00edstica\"}]},{\"@type\":\"WebSite\",\"@id\":\"https:\\\/\\\/comport.es\\\/#website\",\"url\":\"https:\\\/\\\/comport.es\\\/\",\"name\":\"COMPORT\",\"description\":\"Port Community of Algeciras Bay\",\"publisher\":{\"@id\":\"https:\\\/\\\/comport.es\\\/#organization\"},\"potentialAction\":[{\"@type\":\"SearchAction\",\"target\":{\"@type\":\"EntryPoint\",\"urlTemplate\":\"https:\\\/\\\/comport.es\\\/?s={search_term_string}\"},\"query-input\":{\"@type\":\"PropertyValueSpecification\",\"valueRequired\":true,\"valueName\":\"search_term_string\"}}],\"inLanguage\":\"es\"},{\"@type\":\"Organization\",\"@id\":\"https:\\\/\\\/comport.es\\\/#organization\",\"name\":\"ALGECIRAS PORT COMMUNITY - COMPORT\",\"url\":\"https:\\\/\\\/comport.es\\\/\",\"logo\":{\"@type\":\"ImageObject\",\"inLanguage\":\"es\",\"@id\":\"https:\\\/\\\/comport.es\\\/#\\\/schema\\\/logo\\\/image\\\/\",\"url\":\"https:\\\/\\\/comport.es\\\/wp-content\\\/uploads\\\/2020\\\/10\\\/logo_comport_20m.png\",\"contentUrl\":\"https:\\\/\\\/comport.es\\\/wp-content\\\/uploads\\\/2020\\\/10\\\/logo_comport_20m.png\",\"width\":600,\"height\":170,\"caption\":\"ALGECIRAS PORT COMMUNITY - COMPORT\"},\"image\":{\"@id\":\"https:\\\/\\\/comport.es\\\/#\\\/schema\\\/logo\\\/image\\\/\"}},{\"@type\":\"Person\",\"@id\":\"https:\\\/\\\/comport.es\\\/#\\\/schema\\\/person\\\/9277649f8e04dd48c3d73bbaf2c7bebc\",\"name\":\"admincomport\"}]}<\/script>\n<!-- \/ Yoast SEO plugin. -->","yoast_head_json":{"title":"El Puerto de Algeciras concluye su participaci\u00f3n en Fruit Log\u00edstica | COMPORT","robots":{"index":"noindex","follow":"follow"},"og_locale":"es_ES","og_type":"article","og_title":"El Puerto de Algeciras concluye su participaci\u00f3n en Fruit Log\u00edstica | COMPORT","og_description":"La Autoridad Portuaria muestra al sector la reducci\u00f3n de los tiempos de importaci\u00f3n con los principales pa\u00edses productores hortofrut\u00edcolas. El Puerto de Algeciras concluye este viernes su participaci\u00f3n en la feria comercial Fruit Log\u00edstica en Berl\u00edn, donde esta semana la Autoridad Portuaria y las empresas [&hellip;]","og_url":"https:\/\/comport.es\/index.php\/en\/news\/el-puerto-de-algeciras-concluye-su-participacion-en-fruit-logistica-2\/","og_site_name":"COMPORT","article_published_time":"2020-02-08T22:04:34+00:00","article_modified_time":"2021-01-05T22:05:34+00:00","og_image":[{"width":1300,"height":722,"url":"https:\/\/comport.es\/wp-content\/uploads\/2020\/02\/fruitlogistica2020.jpg","type":"image\/jpeg"}],"author":"admincomport","twitter_card":"summary_large_image","twitter_misc":{"Escrito por":"admincomport","Tiempo de lectura":"1 minuto"},"schema":{"@context":"https:\/\/schema.org","@graph":[{"@type":"Article","@id":"https:\/\/comport.es\/index.php\/en\/news\/el-puerto-de-algeciras-concluye-su-participacion-en-fruit-logistica-2\/#article","isPartOf":{"@id":"https:\/\/comport.es\/index.php\/en\/news\/el-puerto-de-algeciras-concluye-su-participacion-en-fruit-logistica-2\/"},"author":{"name":"admincomport","@id":"https:\/\/comport.es\/#\/schema\/person\/9277649f8e04dd48c3d73bbaf2c7bebc"},"headline":"El Puerto de Algeciras concluye su participaci\u00f3n en Fruit Log\u00edstica","datePublished":"2020-02-08T22:04:34+00:00","dateModified":"2021-01-05T22:05:34+00:00","mainEntityOfPage":{"@id":"https:\/\/comport.es\/index.php\/en\/news\/el-puerto-de-algeciras-concluye-su-participacion-en-fruit-logistica-2\/"},"wordCount":275,"publisher":{"@id":"https:\/\/comport.es\/#organization"},"image":{"@id":"https:\/\/comport.es\/index.php\/en\/news\/el-puerto-de-algeciras-concluye-su-participacion-en-fruit-logistica-2\/#primaryimage"},"thumbnailUrl":"https:\/\/comport.es\/wp-content\/uploads\/2020\/02\/fruitlogistica2020.jpg","articleSection":["NEWS"],"inLanguage":"es"},{"@type":"WebPage","@id":"https:\/\/comport.es\/index.php\/en\/news\/el-puerto-de-algeciras-concluye-su-participacion-en-fruit-logistica-2\/","url":"https:\/\/comport.es\/index.php\/en\/news\/el-puerto-de-algeciras-concluye-su-participacion-en-fruit-logistica-2\/","name":"El Puerto de Algeciras concluye su participaci\u00f3n en Fruit Log\u00edstica | COMPORT","isPartOf":{"@id":"https:\/\/comport.es\/#website"},"primaryImageOfPage":{"@id":"https:\/\/comport.es\/index.php\/en\/news\/el-puerto-de-algeciras-concluye-su-participacion-en-fruit-logistica-2\/#primaryimage"},"image":{"@id":"https:\/\/comport.es\/index.php\/en\/news\/el-puerto-de-algeciras-concluye-su-participacion-en-fruit-logistica-2\/#primaryimage"},"thumbnailUrl":"https:\/\/comport.es\/wp-content\/uploads\/2020\/02\/fruitlogistica2020.jpg","datePublished":"2020-02-08T22:04:34+00:00","dateModified":"2021-01-05T22:05:34+00:00","breadcrumb":{"@id":"https:\/\/comport.es\/index.php\/en\/news\/el-puerto-de-algeciras-concluye-su-participacion-en-fruit-logistica-2\/#breadcrumb"},"inLanguage":"es","potentialAction":[{"@type":"ReadAction","target":["https:\/\/comport.es\/index.php\/en\/news\/el-puerto-de-algeciras-concluye-su-participacion-en-fruit-logistica-2\/"]}]},{"@type":"ImageObject","inLanguage":"es","@id":"https:\/\/comport.es\/index.php\/en\/news\/el-puerto-de-algeciras-concluye-su-participacion-en-fruit-logistica-2\/#primaryimage","url":"https:\/\/comport.es\/wp-content\/uploads\/2020\/02\/fruitlogistica2020.jpg","contentUrl":"https:\/\/comport.es\/wp-content\/uploads\/2020\/02\/fruitlogistica2020.jpg","width":1300,"height":722},{"@type":"BreadcrumbList","@id":"https:\/\/comport.es\/index.php\/en\/news\/el-puerto-de-algeciras-concluye-su-participacion-en-fruit-logistica-2\/#breadcrumb","itemListElement":[{"@type":"ListItem","position":1,"name":"Portada","item":"https:\/\/comport.es\/"},{"@type":"ListItem","position":2,"name":"El Puerto de Algeciras concluye su participaci\u00f3n en Fruit Log\u00edstica"}]},{"@type":"WebSite","@id":"https:\/\/comport.es\/#website","url":"https:\/\/comport.es\/","name":"COMPORT","description":"Port Community of Algeciras Bay","publisher":{"@id":"https:\/\/comport.es\/#organization"},"potentialAction":[{"@type":"SearchAction","target":{"@type":"EntryPoint","urlTemplate":"https:\/\/comport.es\/?s={search_term_string}"},"query-input":{"@type":"PropertyValueSpecification","valueRequired":true,"valueName":"search_term_string"}}],"inLanguage":"es"},{"@type":"Organization","@id":"https:\/\/comport.es\/#organization","name":"ALGECIRAS PORT COMMUNITY - COMPORT","url":"https:\/\/comport.es\/","logo":{"@type":"ImageObject","inLanguage":"es","@id":"https:\/\/comport.es\/#\/schema\/logo\/image\/","url":"https:\/\/comport.es\/wp-content\/uploads\/2020\/10\/logo_comport_20m.png","contentUrl":"https:\/\/comport.es\/wp-content\/uploads\/2020\/10\/logo_comport_20m.png","width":600,"height":170,"caption":"ALGECIRAS PORT COMMUNITY - COMPORT"},"image":{"@id":"https:\/\/comport.es\/#\/schema\/logo\/image\/"}},{"@type":"Person","@id":"https:\/\/comport.es\/#\/schema\/person\/9277649f8e04dd48c3d73bbaf2c7bebc","name":"admincomport"}]}},"_links":{"self":[{"href":"https:\/\/comport.es\/index.php\/wp-json\/wp\/v2\/posts\/7158","targetHints":{"allow":["GET"]}}],"collection":[{"href":"https:\/\/comport.es\/index.php\/wp-json\/wp\/v2\/posts"}],"about":[{"href":"https:\/\/comport.es\/index.php\/wp-json\/wp\/v2\/types\/post"}],"author":[{"embeddable":true,"href":"https:\/\/comport.es\/index.php\/wp-json\/wp\/v2\/users\/1"}],"replies":[{"embeddable":true,"href":"https:\/\/comport.es\/index.php\/wp-json\/wp\/v2\/comments?post=7158"}],"version-history":[{"count":1,"href":"https:\/\/comport.es\/index.php\/wp-json\/wp\/v2\/posts\/7158\/revisions"}],"predecessor-version":[{"id":7159,"href":"https:\/\/comport.es\/index.php\/wp-json\/wp\/v2\/posts\/7158\/revisions\/7159"}],"wp:featuredmedia":[{"embeddable":true,"href":"https:\/\/comport.es\/index.php\/wp-json\/wp\/v2\/media\/6572"}],"wp:attachment":[{"href":"https:\/\/comport.es\/index.php\/wp-json\/wp\/v2\/media?parent=7158"}],"wp:term":[{"taxonomy":"category","embeddable":true,"href":"https:\/\/comport.es\/index.php\/wp-json\/wp\/v2\/categories?post=7158"},{"taxonomy":"post_tag","embeddable":true,"href":"https:\/\/comport.es\/index.php\/wp-json\/wp\/v2\/tags?post=7158"}],"curies":[{"name":"wp","href":"https:\/\/api.w.org\/{rel}","templated":true}]}}