{"id":6959,"date":"2021-01-05T17:39:41","date_gmt":"2021-01-05T17:39:41","guid":{"rendered":"https:\/\/comport.es\/?p=6959"},"modified":"2026-04-24T08:40:35","modified_gmt":"2026-04-24T08:40:35","slug":"vicerrectorado-del-campus-bahia-algeciras-de-la-universidad-de-cadiz-2","status":"publish","type":"post","link":"https:\/\/comport.es\/index.php\/en\/official-organisations\/vicerrectorado-del-campus-bahia-algeciras-de-la-universidad-de-cadiz-2\/","title":{"rendered":"VICERRECTORADO DEL CAMPUS BAHIA ALGECIRAS DE LA UNIVERSIDAD DE C\u00c1DIZ"},"content":{"rendered":"<p style=\"text-align: justify;\">Los desaf\u00edos futuros a los que se presenta la UCA en la pr\u00f3xima d\u00e9cada est\u00e1n relacionados con el nuevo marco legislativo derivado de la aprobaci\u00f3n de la LOU; la estabilizaci\u00f3n del n\u00famero de alumnos debido a la disminuci\u00f3n demogr\u00e1fica; la entrada en vigor de un nuevo programa de financiaci\u00f3n de las universidades andaluzas, que contempla desde hace a\u00f1os la introducci\u00f3n de programas de evaluaci\u00f3n de la calidad de las titulaciones impartidas; la irrupci\u00f3n de las nuevas tecnolog\u00edas de la informaci\u00f3n y comunicaci\u00f3n y su adaptaci\u00f3n a la educaci\u00f3n y, por \u00faltimo, aunque no menos importante, la colaboraci\u00f3n permanente con las instituciones y sectores socioecon\u00f3micos de la provincia de C\u00e1diz, para contribuir a su desarrollo.<\/p>\n<p>&nbsp;<\/p>\n<h3 style=\"text-align: justify;\"><span style=\"color: #000000;\"><strong>Contact<\/strong><\/span><\/h3>\n<p style=\"text-align: justify;\"><span style=\"color: #000000;\"><strong>ADDRESS: <\/strong>Centro de Innovaci\u00f3n UCA-SEA. Lago Mar\u00edtimo- Llano Amarillo. 11202. Algeciras (C\u00e1diz).<\/span><\/p>\n<p style=\"text-align: justify;\"><span style=\"color: #000000;\"><strong>TEL: +<\/strong>34 956 028 197<\/span><\/p>\n<p style=\"text-align: justify;\"><span style=\"color: #000000;\"><strong>EMAIL:\u00a0<\/strong><\/span><a href=\"mailto:campusbahiadealgeciras@uca.es\">campusbahiadealgeciras@uca.es<\/a><\/p>\n<p style=\"text-align: justify;\"><span style=\"color: #000000;\"><strong>WEB:\u00a0<\/strong> <a href=\"http:\/\/www.uca.es\" target=\"_blank\" rel=\"noopener\">www.uca.es<\/a><\/span><\/p>\n<hr \/>\n<p><iframe loading=\"lazy\" style=\"border: 0;\" src=\"https:\/\/www.google.com\/maps\/embed?pb=!1m18!1m12!1m3!1d5487.832869552641!2d-5.4474616226852834!3d36.137007372443854!2m3!1f0!2f0!3f0!3m2!1i1024!2i768!4f13.1!3m3!1m2!1s0xd0c94cb0090d497%3A0xbe14a8d995cfe74a!2sUCA%3A%20Vicerrectorado%20del%20Campus%20Bahia%20de%20Algeciras!5e1!3m2!1ses!2ses!4v1776938333964!5m2!1ses!2ses\" width=\"100%\" height=\"350\" allowfullscreen=\"allowfullscreen\"><\/iframe><\/p>\n","protected":false},"excerpt":{"rendered":"<p>Los desaf\u00edos futuros a los que se presenta la UCA en la pr\u00f3xima d\u00e9cada est\u00e1n relacionados con el nuevo marco legislativo derivado de la aprobaci\u00f3n de la LOU; la estabilizaci\u00f3n del n\u00famero de alumnos debido a la disminuci\u00f3n demogr\u00e1fica; la entrada en vigor de un [&hellip;]<\/p>\n","protected":false},"author":1,"featured_media":4825,"comment_status":"open","ping_status":"open","sticky":false,"template":"","format":"standard","meta":{"footnotes":""},"categories":[1832],"tags":[],"class_list":["post-6959","post","type-post","status-publish","format-standard","has-post-thumbnail","hentry","category-official-organisations"],"yoast_head":"<!-- This site is optimized with the Yoast SEO plugin v27.4 - https:\/\/yoast.com\/product\/yoast-seo-wordpress\/ -->\n<title>VICERRECTORADO DEL CAMPUS BAHIA ALGECIRAS DE LA UNIVERSIDAD DE C\u00c1DIZ | COMPORT<\/title>\n<meta name=\"robots\" content=\"noindex, follow\" \/>\n<meta property=\"og:locale\" content=\"es_ES\" \/>\n<meta property=\"og:type\" content=\"article\" \/>\n<meta property=\"og:title\" content=\"VICERRECTORADO DEL CAMPUS BAHIA ALGECIRAS DE LA UNIVERSIDAD DE C\u00c1DIZ | COMPORT\" \/>\n<meta property=\"og:description\" content=\"Los desaf\u00edos futuros a los que se presenta la UCA en la pr\u00f3xima d\u00e9cada est\u00e1n relacionados con el nuevo marco legislativo derivado de la aprobaci\u00f3n de la LOU; la estabilizaci\u00f3n del n\u00famero de alumnos debido a la disminuci\u00f3n demogr\u00e1fica; la entrada en vigor de un [&hellip;]\" \/>\n<meta property=\"og:url\" content=\"https:\/\/comport.es\/index.php\/en\/official-organisations\/vicerrectorado-del-campus-bahia-algeciras-de-la-universidad-de-cadiz-2\/\" \/>\n<meta property=\"og:site_name\" content=\"COMPORT\" \/>\n<meta property=\"article:published_time\" content=\"2021-01-05T17:39:41+00:00\" \/>\n<meta property=\"article:modified_time\" content=\"2026-04-24T08:40:35+00:00\" \/>\n<meta property=\"og:image\" content=\"https:\/\/comport.es\/wp-content\/uploads\/2016\/11\/uca-1.png\" \/>\n\t<meta property=\"og:image:width\" content=\"1300\" \/>\n\t<meta property=\"og:image:height\" content=\"722\" \/>\n\t<meta property=\"og:image:type\" content=\"image\/png\" \/>\n<meta name=\"author\" content=\"admincomport\" \/>\n<meta name=\"twitter:card\" content=\"summary_large_image\" \/>\n<meta name=\"twitter:label1\" content=\"Escrito por\" \/>\n\t<meta name=\"twitter:data1\" content=\"admincomport\" \/>\n\t<meta name=\"twitter:label2\" content=\"Tiempo de lectura\" \/>\n\t<meta name=\"twitter:data2\" content=\"1 minuto\" \/>\n<script type=\"application\/ld+json\" class=\"yoast-schema-graph\">{\"@context\":\"https:\\\/\\\/schema.org\",\"@graph\":[{\"@type\":\"Article\",\"@id\":\"https:\\\/\\\/comport.es\\\/index.php\\\/en\\\/official-organisations\\\/vicerrectorado-del-campus-bahia-algeciras-de-la-universidad-de-cadiz-2\\\/#article\",\"isPartOf\":{\"@id\":\"https:\\\/\\\/comport.es\\\/index.php\\\/en\\\/official-organisations\\\/vicerrectorado-del-campus-bahia-algeciras-de-la-universidad-de-cadiz-2\\\/\"},\"author\":{\"name\":\"admincomport\",\"@id\":\"https:\\\/\\\/comport.es\\\/#\\\/schema\\\/person\\\/9277649f8e04dd48c3d73bbaf2c7bebc\"},\"headline\":\"VICERRECTORADO DEL CAMPUS BAHIA ALGECIRAS DE LA UNIVERSIDAD DE C\u00c1DIZ\",\"datePublished\":\"2021-01-05T17:39:41+00:00\",\"dateModified\":\"2026-04-24T08:40:35+00:00\",\"mainEntityOfPage\":{\"@id\":\"https:\\\/\\\/comport.es\\\/index.php\\\/en\\\/official-organisations\\\/vicerrectorado-del-campus-bahia-algeciras-de-la-universidad-de-cadiz-2\\\/\"},\"wordCount\":172,\"commentCount\":0,\"publisher\":{\"@id\":\"https:\\\/\\\/comport.es\\\/#organization\"},\"image\":{\"@id\":\"https:\\\/\\\/comport.es\\\/index.php\\\/en\\\/official-organisations\\\/vicerrectorado-del-campus-bahia-algeciras-de-la-universidad-de-cadiz-2\\\/#primaryimage\"},\"thumbnailUrl\":\"https:\\\/\\\/comport.es\\\/wp-content\\\/uploads\\\/2016\\\/11\\\/uca-1.png\",\"articleSection\":[\"OFFICIAL ORGANISATIONS\"],\"inLanguage\":\"es\",\"potentialAction\":[{\"@type\":\"CommentAction\",\"name\":\"Comment\",\"target\":[\"https:\\\/\\\/comport.es\\\/index.php\\\/en\\\/official-organisations\\\/vicerrectorado-del-campus-bahia-algeciras-de-la-universidad-de-cadiz-2\\\/#respond\"]}]},{\"@type\":\"WebPage\",\"@id\":\"https:\\\/\\\/comport.es\\\/index.php\\\/en\\\/official-organisations\\\/vicerrectorado-del-campus-bahia-algeciras-de-la-universidad-de-cadiz-2\\\/\",\"url\":\"https:\\\/\\\/comport.es\\\/index.php\\\/en\\\/official-organisations\\\/vicerrectorado-del-campus-bahia-algeciras-de-la-universidad-de-cadiz-2\\\/\",\"name\":\"VICERRECTORADO DEL CAMPUS BAHIA ALGECIRAS DE LA UNIVERSIDAD DE C\u00c1DIZ | COMPORT\",\"isPartOf\":{\"@id\":\"https:\\\/\\\/comport.es\\\/#website\"},\"primaryImageOfPage\":{\"@id\":\"https:\\\/\\\/comport.es\\\/index.php\\\/en\\\/official-organisations\\\/vicerrectorado-del-campus-bahia-algeciras-de-la-universidad-de-cadiz-2\\\/#primaryimage\"},\"image\":{\"@id\":\"https:\\\/\\\/comport.es\\\/index.php\\\/en\\\/official-organisations\\\/vicerrectorado-del-campus-bahia-algeciras-de-la-universidad-de-cadiz-2\\\/#primaryimage\"},\"thumbnailUrl\":\"https:\\\/\\\/comport.es\\\/wp-content\\\/uploads\\\/2016\\\/11\\\/uca-1.png\",\"datePublished\":\"2021-01-05T17:39:41+00:00\",\"dateModified\":\"2026-04-24T08:40:35+00:00\",\"breadcrumb\":{\"@id\":\"https:\\\/\\\/comport.es\\\/index.php\\\/en\\\/official-organisations\\\/vicerrectorado-del-campus-bahia-algeciras-de-la-universidad-de-cadiz-2\\\/#breadcrumb\"},\"inLanguage\":\"es\",\"potentialAction\":[{\"@type\":\"ReadAction\",\"target\":[\"https:\\\/\\\/comport.es\\\/index.php\\\/en\\\/official-organisations\\\/vicerrectorado-del-campus-bahia-algeciras-de-la-universidad-de-cadiz-2\\\/\"]}]},{\"@type\":\"ImageObject\",\"inLanguage\":\"es\",\"@id\":\"https:\\\/\\\/comport.es\\\/index.php\\\/en\\\/official-organisations\\\/vicerrectorado-del-campus-bahia-algeciras-de-la-universidad-de-cadiz-2\\\/#primaryimage\",\"url\":\"https:\\\/\\\/comport.es\\\/wp-content\\\/uploads\\\/2016\\\/11\\\/uca-1.png\",\"contentUrl\":\"https:\\\/\\\/comport.es\\\/wp-content\\\/uploads\\\/2016\\\/11\\\/uca-1.png\",\"width\":1300,\"height\":722},{\"@type\":\"BreadcrumbList\",\"@id\":\"https:\\\/\\\/comport.es\\\/index.php\\\/en\\\/official-organisations\\\/vicerrectorado-del-campus-bahia-algeciras-de-la-universidad-de-cadiz-2\\\/#breadcrumb\",\"itemListElement\":[{\"@type\":\"ListItem\",\"position\":1,\"name\":\"Portada\",\"item\":\"https:\\\/\\\/comport.es\\\/\"},{\"@type\":\"ListItem\",\"position\":2,\"name\":\"VICERRECTORADO DEL CAMPUS BAHIA ALGECIRAS DE LA UNIVERSIDAD DE C\u00c1DIZ\"}]},{\"@type\":\"WebSite\",\"@id\":\"https:\\\/\\\/comport.es\\\/#website\",\"url\":\"https:\\\/\\\/comport.es\\\/\",\"name\":\"COMPORT\",\"description\":\"Port Community of Algeciras Bay\",\"publisher\":{\"@id\":\"https:\\\/\\\/comport.es\\\/#organization\"},\"potentialAction\":[{\"@type\":\"SearchAction\",\"target\":{\"@type\":\"EntryPoint\",\"urlTemplate\":\"https:\\\/\\\/comport.es\\\/?s={search_term_string}\"},\"query-input\":{\"@type\":\"PropertyValueSpecification\",\"valueRequired\":true,\"valueName\":\"search_term_string\"}}],\"inLanguage\":\"es\"},{\"@type\":\"Organization\",\"@id\":\"https:\\\/\\\/comport.es\\\/#organization\",\"name\":\"ALGECIRAS PORT COMMUNITY - COMPORT\",\"url\":\"https:\\\/\\\/comport.es\\\/\",\"logo\":{\"@type\":\"ImageObject\",\"inLanguage\":\"es\",\"@id\":\"https:\\\/\\\/comport.es\\\/#\\\/schema\\\/logo\\\/image\\\/\",\"url\":\"https:\\\/\\\/comport.es\\\/wp-content\\\/uploads\\\/2020\\\/10\\\/logo_comport_20m.png\",\"contentUrl\":\"https:\\\/\\\/comport.es\\\/wp-content\\\/uploads\\\/2020\\\/10\\\/logo_comport_20m.png\",\"width\":600,\"height\":170,\"caption\":\"ALGECIRAS PORT COMMUNITY - COMPORT\"},\"image\":{\"@id\":\"https:\\\/\\\/comport.es\\\/#\\\/schema\\\/logo\\\/image\\\/\"}},{\"@type\":\"Person\",\"@id\":\"https:\\\/\\\/comport.es\\\/#\\\/schema\\\/person\\\/9277649f8e04dd48c3d73bbaf2c7bebc\",\"name\":\"admincomport\"}]}<\/script>\n<!-- \/ Yoast SEO plugin. -->","yoast_head_json":{"title":"VICERRECTORADO DEL CAMPUS BAHIA ALGECIRAS DE LA UNIVERSIDAD DE C\u00c1DIZ | COMPORT","robots":{"index":"noindex","follow":"follow"},"og_locale":"es_ES","og_type":"article","og_title":"VICERRECTORADO DEL CAMPUS BAHIA ALGECIRAS DE LA UNIVERSIDAD DE C\u00c1DIZ | COMPORT","og_description":"Los desaf\u00edos futuros a los que se presenta la UCA en la pr\u00f3xima d\u00e9cada est\u00e1n relacionados con el nuevo marco legislativo derivado de la aprobaci\u00f3n de la LOU; la estabilizaci\u00f3n del n\u00famero de alumnos debido a la disminuci\u00f3n demogr\u00e1fica; la entrada en vigor de un [&hellip;]","og_url":"https:\/\/comport.es\/index.php\/en\/official-organisations\/vicerrectorado-del-campus-bahia-algeciras-de-la-universidad-de-cadiz-2\/","og_site_name":"COMPORT","article_published_time":"2021-01-05T17:39:41+00:00","article_modified_time":"2026-04-24T08:40:35+00:00","og_image":[{"width":1300,"height":722,"url":"https:\/\/comport.es\/wp-content\/uploads\/2016\/11\/uca-1.png","type":"image\/png"}],"author":"admincomport","twitter_card":"summary_large_image","twitter_misc":{"Escrito por":"admincomport","Tiempo de lectura":"1 minuto"},"schema":{"@context":"https:\/\/schema.org","@graph":[{"@type":"Article","@id":"https:\/\/comport.es\/index.php\/en\/official-organisations\/vicerrectorado-del-campus-bahia-algeciras-de-la-universidad-de-cadiz-2\/#article","isPartOf":{"@id":"https:\/\/comport.es\/index.php\/en\/official-organisations\/vicerrectorado-del-campus-bahia-algeciras-de-la-universidad-de-cadiz-2\/"},"author":{"name":"admincomport","@id":"https:\/\/comport.es\/#\/schema\/person\/9277649f8e04dd48c3d73bbaf2c7bebc"},"headline":"VICERRECTORADO DEL CAMPUS BAHIA ALGECIRAS DE LA UNIVERSIDAD DE C\u00c1DIZ","datePublished":"2021-01-05T17:39:41+00:00","dateModified":"2026-04-24T08:40:35+00:00","mainEntityOfPage":{"@id":"https:\/\/comport.es\/index.php\/en\/official-organisations\/vicerrectorado-del-campus-bahia-algeciras-de-la-universidad-de-cadiz-2\/"},"wordCount":172,"commentCount":0,"publisher":{"@id":"https:\/\/comport.es\/#organization"},"image":{"@id":"https:\/\/comport.es\/index.php\/en\/official-organisations\/vicerrectorado-del-campus-bahia-algeciras-de-la-universidad-de-cadiz-2\/#primaryimage"},"thumbnailUrl":"https:\/\/comport.es\/wp-content\/uploads\/2016\/11\/uca-1.png","articleSection":["OFFICIAL ORGANISATIONS"],"inLanguage":"es","potentialAction":[{"@type":"CommentAction","name":"Comment","target":["https:\/\/comport.es\/index.php\/en\/official-organisations\/vicerrectorado-del-campus-bahia-algeciras-de-la-universidad-de-cadiz-2\/#respond"]}]},{"@type":"WebPage","@id":"https:\/\/comport.es\/index.php\/en\/official-organisations\/vicerrectorado-del-campus-bahia-algeciras-de-la-universidad-de-cadiz-2\/","url":"https:\/\/comport.es\/index.php\/en\/official-organisations\/vicerrectorado-del-campus-bahia-algeciras-de-la-universidad-de-cadiz-2\/","name":"VICERRECTORADO DEL CAMPUS BAHIA ALGECIRAS DE LA UNIVERSIDAD DE C\u00c1DIZ | COMPORT","isPartOf":{"@id":"https:\/\/comport.es\/#website"},"primaryImageOfPage":{"@id":"https:\/\/comport.es\/index.php\/en\/official-organisations\/vicerrectorado-del-campus-bahia-algeciras-de-la-universidad-de-cadiz-2\/#primaryimage"},"image":{"@id":"https:\/\/comport.es\/index.php\/en\/official-organisations\/vicerrectorado-del-campus-bahia-algeciras-de-la-universidad-de-cadiz-2\/#primaryimage"},"thumbnailUrl":"https:\/\/comport.es\/wp-content\/uploads\/2016\/11\/uca-1.png","datePublished":"2021-01-05T17:39:41+00:00","dateModified":"2026-04-24T08:40:35+00:00","breadcrumb":{"@id":"https:\/\/comport.es\/index.php\/en\/official-organisations\/vicerrectorado-del-campus-bahia-algeciras-de-la-universidad-de-cadiz-2\/#breadcrumb"},"inLanguage":"es","potentialAction":[{"@type":"ReadAction","target":["https:\/\/comport.es\/index.php\/en\/official-organisations\/vicerrectorado-del-campus-bahia-algeciras-de-la-universidad-de-cadiz-2\/"]}]},{"@type":"ImageObject","inLanguage":"es","@id":"https:\/\/comport.es\/index.php\/en\/official-organisations\/vicerrectorado-del-campus-bahia-algeciras-de-la-universidad-de-cadiz-2\/#primaryimage","url":"https:\/\/comport.es\/wp-content\/uploads\/2016\/11\/uca-1.png","contentUrl":"https:\/\/comport.es\/wp-content\/uploads\/2016\/11\/uca-1.png","width":1300,"height":722},{"@type":"BreadcrumbList","@id":"https:\/\/comport.es\/index.php\/en\/official-organisations\/vicerrectorado-del-campus-bahia-algeciras-de-la-universidad-de-cadiz-2\/#breadcrumb","itemListElement":[{"@type":"ListItem","position":1,"name":"Portada","item":"https:\/\/comport.es\/"},{"@type":"ListItem","position":2,"name":"VICERRECTORADO DEL CAMPUS BAHIA ALGECIRAS DE LA UNIVERSIDAD DE C\u00c1DIZ"}]},{"@type":"WebSite","@id":"https:\/\/comport.es\/#website","url":"https:\/\/comport.es\/","name":"COMPORT","description":"Port Community of Algeciras Bay","publisher":{"@id":"https:\/\/comport.es\/#organization"},"potentialAction":[{"@type":"SearchAction","target":{"@type":"EntryPoint","urlTemplate":"https:\/\/comport.es\/?s={search_term_string}"},"query-input":{"@type":"PropertyValueSpecification","valueRequired":true,"valueName":"search_term_string"}}],"inLanguage":"es"},{"@type":"Organization","@id":"https:\/\/comport.es\/#organization","name":"ALGECIRAS PORT COMMUNITY - COMPORT","url":"https:\/\/comport.es\/","logo":{"@type":"ImageObject","inLanguage":"es","@id":"https:\/\/comport.es\/#\/schema\/logo\/image\/","url":"https:\/\/comport.es\/wp-content\/uploads\/2020\/10\/logo_comport_20m.png","contentUrl":"https:\/\/comport.es\/wp-content\/uploads\/2020\/10\/logo_comport_20m.png","width":600,"height":170,"caption":"ALGECIRAS PORT COMMUNITY - COMPORT"},"image":{"@id":"https:\/\/comport.es\/#\/schema\/logo\/image\/"}},{"@type":"Person","@id":"https:\/\/comport.es\/#\/schema\/person\/9277649f8e04dd48c3d73bbaf2c7bebc","name":"admincomport"}]}},"_links":{"self":[{"href":"https:\/\/comport.es\/index.php\/wp-json\/wp\/v2\/posts\/6959","targetHints":{"allow":["GET"]}}],"collection":[{"href":"https:\/\/comport.es\/index.php\/wp-json\/wp\/v2\/posts"}],"about":[{"href":"https:\/\/comport.es\/index.php\/wp-json\/wp\/v2\/types\/post"}],"author":[{"embeddable":true,"href":"https:\/\/comport.es\/index.php\/wp-json\/wp\/v2\/users\/1"}],"replies":[{"embeddable":true,"href":"https:\/\/comport.es\/index.php\/wp-json\/wp\/v2\/comments?post=6959"}],"version-history":[{"count":5,"href":"https:\/\/comport.es\/index.php\/wp-json\/wp\/v2\/posts\/6959\/revisions"}],"predecessor-version":[{"id":8831,"href":"https:\/\/comport.es\/index.php\/wp-json\/wp\/v2\/posts\/6959\/revisions\/8831"}],"wp:featuredmedia":[{"embeddable":true,"href":"https:\/\/comport.es\/index.php\/wp-json\/wp\/v2\/media\/4825"}],"wp:attachment":[{"href":"https:\/\/comport.es\/index.php\/wp-json\/wp\/v2\/media?parent=6959"}],"wp:term":[{"taxonomy":"category","embeddable":true,"href":"https:\/\/comport.es\/index.php\/wp-json\/wp\/v2\/categories?post=6959"},{"taxonomy":"post_tag","embeddable":true,"href":"https:\/\/comport.es\/index.php\/wp-json\/wp\/v2\/tags?post=6959"}],"curies":[{"name":"wp","href":"https:\/\/api.w.org\/{rel}","templated":true}]}}