{"id":6957,"date":"2021-01-05T17:38:42","date_gmt":"2021-01-05T17:38:42","guid":{"rendered":"https:\/\/comport.es\/?p=6957"},"modified":"2021-01-05T17:38:42","modified_gmt":"2021-01-05T17:38:42","slug":"red-logistica-de-andalucia","status":"publish","type":"post","link":"https:\/\/comport.es\/index.php\/en\/official-organisations\/red-logistica-de-andalucia\/","title":{"rendered":"RED LOG\u00cdSTICA DE ANDALUC\u00cdA"},"content":{"rendered":"<h3 style=\"text-align: justify;\"><span style=\"color: #000000;\"><strong>Contact<\/strong><\/span><\/h3>\n<p style=\"text-align: justify;\"><span style=\"color: #000000;\"><strong>ADDRESS: <\/strong>Edificio de Servicios \u00c1rea de El fresno. ZAL Bah\u00eda de Algeciras.. 11370. LOS BARRIOS.<\/span><\/p>\n<p style=\"text-align: justify;\"><span style=\"color: #000000;\"><strong>TEL: +<\/strong>34 956 688 307<\/span><\/p>\n<p style=\"text-align: justify;\"><span style=\"color: #000000;\"><strong>EMAIL:\u00a0<\/strong> <a href=\"mailto:info@redlogisticadeandalucia.es\">info@redlogisticadeandalucia.es<\/a><\/span><\/p>\n<p style=\"text-align: justify;\"><span style=\"color: #000000;\"><strong>WEB:\u00a0<\/strong> <a href=\"http:\/\/www.redlogisticadeandalucia.es\" target=\"_blank\" rel=\"noopener\">www.redlogisticadeandalucia.es<\/a><\/span><\/p>\n<hr \/>\n<p><iframe loading=\"lazy\" style=\"border: 0;\" src=\"https:\/\/www.google.com\/maps\/embed?pb=!1m18!1m12!1m3!1d13649.932340240866!2d-5.464774899690992!3d36.167647113254205!2m3!1f0!2f0!3f0!3m2!1i1024!2i768!4f13.1!3m3!1m2!1s0x0%3A0x5bb353902e15f4d8!2s%C3%81rea+Log%C3%ADstica+Bah%C3%ADa+de+Algeciras.+Sector+El+Fresno.+Red+Log%C3%ADstica+de+Andaluc%C3%ADa.!5e0!3m2!1ses!2ses!4v1478771323946\" width=\"100%\" height=\"350\" frameborder=\"0\" allowfullscreen=\"allowfullscreen\"><\/iframe><\/p>\n","protected":false},"excerpt":{"rendered":"<p>Contact ADDRESS: Edificio de Servicios \u00c1rea de El fresno. ZAL Bah\u00eda de Algeciras.. 11370. LOS BARRIOS. TEL: +34 956 688 307 EMAIL:\u00a0 info@redlogisticadeandalucia.es WEB:\u00a0 www.redlogisticadeandalucia.es<\/p>\n","protected":false},"author":1,"featured_media":4827,"comment_status":"open","ping_status":"open","sticky":false,"template":"","format":"standard","meta":{"footnotes":""},"categories":[1832],"tags":[],"class_list":["post-6957","post","type-post","status-publish","format-standard","has-post-thumbnail","hentry","category-official-organisations"],"yoast_head":"<!-- This site is optimized with the Yoast SEO plugin v27.4 - https:\/\/yoast.com\/product\/yoast-seo-wordpress\/ -->\n<title>RED LOG\u00cdSTICA DE ANDALUC\u00cdA | COMPORT<\/title>\n<meta name=\"robots\" content=\"noindex, follow\" \/>\n<meta property=\"og:locale\" content=\"es_ES\" \/>\n<meta property=\"og:type\" content=\"article\" \/>\n<meta property=\"og:title\" content=\"RED LOG\u00cdSTICA DE ANDALUC\u00cdA | COMPORT\" \/>\n<meta property=\"og:description\" content=\"Contact ADDRESS: Edificio de Servicios \u00c1rea de El fresno. ZAL Bah\u00eda de Algeciras.. 11370. LOS BARRIOS. TEL: +34 956 688 307 EMAIL:\u00a0 info@redlogisticadeandalucia.es WEB:\u00a0 www.redlogisticadeandalucia.es\" \/>\n<meta property=\"og:url\" content=\"https:\/\/comport.es\/index.php\/en\/official-organisations\/red-logistica-de-andalucia\/\" \/>\n<meta property=\"og:site_name\" content=\"COMPORT\" \/>\n<meta property=\"article:published_time\" content=\"2021-01-05T17:38:42+00:00\" \/>\n<meta property=\"og:image\" content=\"https:\/\/comport.es\/wp-content\/uploads\/2016\/11\/redlogistica-1.png\" \/>\n\t<meta property=\"og:image:width\" content=\"1300\" \/>\n\t<meta property=\"og:image:height\" content=\"722\" \/>\n\t<meta property=\"og:image:type\" content=\"image\/png\" \/>\n<meta name=\"author\" content=\"admincomport\" \/>\n<meta name=\"twitter:card\" content=\"summary_large_image\" \/>\n<meta name=\"twitter:label1\" content=\"Escrito por\" \/>\n\t<meta name=\"twitter:data1\" content=\"admincomport\" \/>\n<script type=\"application\/ld+json\" class=\"yoast-schema-graph\">{\"@context\":\"https:\\\/\\\/schema.org\",\"@graph\":[{\"@type\":\"Article\",\"@id\":\"https:\\\/\\\/comport.es\\\/index.php\\\/en\\\/official-organisations\\\/red-logistica-de-andalucia\\\/#article\",\"isPartOf\":{\"@id\":\"https:\\\/\\\/comport.es\\\/index.php\\\/en\\\/official-organisations\\\/red-logistica-de-andalucia\\\/\"},\"author\":{\"name\":\"admincomport\",\"@id\":\"https:\\\/\\\/comport.es\\\/#\\\/schema\\\/person\\\/9277649f8e04dd48c3d73bbaf2c7bebc\"},\"headline\":\"RED LOG\u00cdSTICA DE ANDALUC\u00cdA\",\"datePublished\":\"2021-01-05T17:38:42+00:00\",\"mainEntityOfPage\":{\"@id\":\"https:\\\/\\\/comport.es\\\/index.php\\\/en\\\/official-organisations\\\/red-logistica-de-andalucia\\\/\"},\"wordCount\":31,\"commentCount\":0,\"publisher\":{\"@id\":\"https:\\\/\\\/comport.es\\\/#organization\"},\"image\":{\"@id\":\"https:\\\/\\\/comport.es\\\/index.php\\\/en\\\/official-organisations\\\/red-logistica-de-andalucia\\\/#primaryimage\"},\"thumbnailUrl\":\"https:\\\/\\\/comport.es\\\/wp-content\\\/uploads\\\/2016\\\/11\\\/redlogistica-1.png\",\"articleSection\":[\"OFFICIAL ORGANISATIONS\"],\"inLanguage\":\"es\",\"potentialAction\":[{\"@type\":\"CommentAction\",\"name\":\"Comment\",\"target\":[\"https:\\\/\\\/comport.es\\\/index.php\\\/en\\\/official-organisations\\\/red-logistica-de-andalucia\\\/#respond\"]}]},{\"@type\":\"WebPage\",\"@id\":\"https:\\\/\\\/comport.es\\\/index.php\\\/en\\\/official-organisations\\\/red-logistica-de-andalucia\\\/\",\"url\":\"https:\\\/\\\/comport.es\\\/index.php\\\/en\\\/official-organisations\\\/red-logistica-de-andalucia\\\/\",\"name\":\"RED LOG\u00cdSTICA DE ANDALUC\u00cdA | COMPORT\",\"isPartOf\":{\"@id\":\"https:\\\/\\\/comport.es\\\/#website\"},\"primaryImageOfPage\":{\"@id\":\"https:\\\/\\\/comport.es\\\/index.php\\\/en\\\/official-organisations\\\/red-logistica-de-andalucia\\\/#primaryimage\"},\"image\":{\"@id\":\"https:\\\/\\\/comport.es\\\/index.php\\\/en\\\/official-organisations\\\/red-logistica-de-andalucia\\\/#primaryimage\"},\"thumbnailUrl\":\"https:\\\/\\\/comport.es\\\/wp-content\\\/uploads\\\/2016\\\/11\\\/redlogistica-1.png\",\"datePublished\":\"2021-01-05T17:38:42+00:00\",\"breadcrumb\":{\"@id\":\"https:\\\/\\\/comport.es\\\/index.php\\\/en\\\/official-organisations\\\/red-logistica-de-andalucia\\\/#breadcrumb\"},\"inLanguage\":\"es\",\"potentialAction\":[{\"@type\":\"ReadAction\",\"target\":[\"https:\\\/\\\/comport.es\\\/index.php\\\/en\\\/official-organisations\\\/red-logistica-de-andalucia\\\/\"]}]},{\"@type\":\"ImageObject\",\"inLanguage\":\"es\",\"@id\":\"https:\\\/\\\/comport.es\\\/index.php\\\/en\\\/official-organisations\\\/red-logistica-de-andalucia\\\/#primaryimage\",\"url\":\"https:\\\/\\\/comport.es\\\/wp-content\\\/uploads\\\/2016\\\/11\\\/redlogistica-1.png\",\"contentUrl\":\"https:\\\/\\\/comport.es\\\/wp-content\\\/uploads\\\/2016\\\/11\\\/redlogistica-1.png\",\"width\":1300,\"height\":722},{\"@type\":\"BreadcrumbList\",\"@id\":\"https:\\\/\\\/comport.es\\\/index.php\\\/en\\\/official-organisations\\\/red-logistica-de-andalucia\\\/#breadcrumb\",\"itemListElement\":[{\"@type\":\"ListItem\",\"position\":1,\"name\":\"Portada\",\"item\":\"https:\\\/\\\/comport.es\\\/\"},{\"@type\":\"ListItem\",\"position\":2,\"name\":\"RED LOG\u00cdSTICA DE ANDALUC\u00cdA\"}]},{\"@type\":\"WebSite\",\"@id\":\"https:\\\/\\\/comport.es\\\/#website\",\"url\":\"https:\\\/\\\/comport.es\\\/\",\"name\":\"COMPORT\",\"description\":\"Port Community of Algeciras Bay\",\"publisher\":{\"@id\":\"https:\\\/\\\/comport.es\\\/#organization\"},\"potentialAction\":[{\"@type\":\"SearchAction\",\"target\":{\"@type\":\"EntryPoint\",\"urlTemplate\":\"https:\\\/\\\/comport.es\\\/?s={search_term_string}\"},\"query-input\":{\"@type\":\"PropertyValueSpecification\",\"valueRequired\":true,\"valueName\":\"search_term_string\"}}],\"inLanguage\":\"es\"},{\"@type\":\"Organization\",\"@id\":\"https:\\\/\\\/comport.es\\\/#organization\",\"name\":\"ALGECIRAS PORT COMMUNITY - COMPORT\",\"url\":\"https:\\\/\\\/comport.es\\\/\",\"logo\":{\"@type\":\"ImageObject\",\"inLanguage\":\"es\",\"@id\":\"https:\\\/\\\/comport.es\\\/#\\\/schema\\\/logo\\\/image\\\/\",\"url\":\"https:\\\/\\\/comport.es\\\/wp-content\\\/uploads\\\/2020\\\/10\\\/logo_comport_20m.png\",\"contentUrl\":\"https:\\\/\\\/comport.es\\\/wp-content\\\/uploads\\\/2020\\\/10\\\/logo_comport_20m.png\",\"width\":600,\"height\":170,\"caption\":\"ALGECIRAS PORT COMMUNITY - COMPORT\"},\"image\":{\"@id\":\"https:\\\/\\\/comport.es\\\/#\\\/schema\\\/logo\\\/image\\\/\"}},{\"@type\":\"Person\",\"@id\":\"https:\\\/\\\/comport.es\\\/#\\\/schema\\\/person\\\/9277649f8e04dd48c3d73bbaf2c7bebc\",\"name\":\"admincomport\"}]}<\/script>\n<!-- \/ Yoast SEO plugin. -->","yoast_head_json":{"title":"RED LOG\u00cdSTICA DE ANDALUC\u00cdA | COMPORT","robots":{"index":"noindex","follow":"follow"},"og_locale":"es_ES","og_type":"article","og_title":"RED LOG\u00cdSTICA DE ANDALUC\u00cdA | COMPORT","og_description":"Contact ADDRESS: Edificio de Servicios \u00c1rea de El fresno. ZAL Bah\u00eda de Algeciras.. 11370. LOS BARRIOS. TEL: +34 956 688 307 EMAIL:\u00a0 info@redlogisticadeandalucia.es WEB:\u00a0 www.redlogisticadeandalucia.es","og_url":"https:\/\/comport.es\/index.php\/en\/official-organisations\/red-logistica-de-andalucia\/","og_site_name":"COMPORT","article_published_time":"2021-01-05T17:38:42+00:00","og_image":[{"width":1300,"height":722,"url":"https:\/\/comport.es\/wp-content\/uploads\/2016\/11\/redlogistica-1.png","type":"image\/png"}],"author":"admincomport","twitter_card":"summary_large_image","twitter_misc":{"Escrito por":"admincomport"},"schema":{"@context":"https:\/\/schema.org","@graph":[{"@type":"Article","@id":"https:\/\/comport.es\/index.php\/en\/official-organisations\/red-logistica-de-andalucia\/#article","isPartOf":{"@id":"https:\/\/comport.es\/index.php\/en\/official-organisations\/red-logistica-de-andalucia\/"},"author":{"name":"admincomport","@id":"https:\/\/comport.es\/#\/schema\/person\/9277649f8e04dd48c3d73bbaf2c7bebc"},"headline":"RED LOG\u00cdSTICA DE ANDALUC\u00cdA","datePublished":"2021-01-05T17:38:42+00:00","mainEntityOfPage":{"@id":"https:\/\/comport.es\/index.php\/en\/official-organisations\/red-logistica-de-andalucia\/"},"wordCount":31,"commentCount":0,"publisher":{"@id":"https:\/\/comport.es\/#organization"},"image":{"@id":"https:\/\/comport.es\/index.php\/en\/official-organisations\/red-logistica-de-andalucia\/#primaryimage"},"thumbnailUrl":"https:\/\/comport.es\/wp-content\/uploads\/2016\/11\/redlogistica-1.png","articleSection":["OFFICIAL ORGANISATIONS"],"inLanguage":"es","potentialAction":[{"@type":"CommentAction","name":"Comment","target":["https:\/\/comport.es\/index.php\/en\/official-organisations\/red-logistica-de-andalucia\/#respond"]}]},{"@type":"WebPage","@id":"https:\/\/comport.es\/index.php\/en\/official-organisations\/red-logistica-de-andalucia\/","url":"https:\/\/comport.es\/index.php\/en\/official-organisations\/red-logistica-de-andalucia\/","name":"RED LOG\u00cdSTICA DE ANDALUC\u00cdA | COMPORT","isPartOf":{"@id":"https:\/\/comport.es\/#website"},"primaryImageOfPage":{"@id":"https:\/\/comport.es\/index.php\/en\/official-organisations\/red-logistica-de-andalucia\/#primaryimage"},"image":{"@id":"https:\/\/comport.es\/index.php\/en\/official-organisations\/red-logistica-de-andalucia\/#primaryimage"},"thumbnailUrl":"https:\/\/comport.es\/wp-content\/uploads\/2016\/11\/redlogistica-1.png","datePublished":"2021-01-05T17:38:42+00:00","breadcrumb":{"@id":"https:\/\/comport.es\/index.php\/en\/official-organisations\/red-logistica-de-andalucia\/#breadcrumb"},"inLanguage":"es","potentialAction":[{"@type":"ReadAction","target":["https:\/\/comport.es\/index.php\/en\/official-organisations\/red-logistica-de-andalucia\/"]}]},{"@type":"ImageObject","inLanguage":"es","@id":"https:\/\/comport.es\/index.php\/en\/official-organisations\/red-logistica-de-andalucia\/#primaryimage","url":"https:\/\/comport.es\/wp-content\/uploads\/2016\/11\/redlogistica-1.png","contentUrl":"https:\/\/comport.es\/wp-content\/uploads\/2016\/11\/redlogistica-1.png","width":1300,"height":722},{"@type":"BreadcrumbList","@id":"https:\/\/comport.es\/index.php\/en\/official-organisations\/red-logistica-de-andalucia\/#breadcrumb","itemListElement":[{"@type":"ListItem","position":1,"name":"Portada","item":"https:\/\/comport.es\/"},{"@type":"ListItem","position":2,"name":"RED LOG\u00cdSTICA DE ANDALUC\u00cdA"}]},{"@type":"WebSite","@id":"https:\/\/comport.es\/#website","url":"https:\/\/comport.es\/","name":"COMPORT","description":"Port Community of Algeciras Bay","publisher":{"@id":"https:\/\/comport.es\/#organization"},"potentialAction":[{"@type":"SearchAction","target":{"@type":"EntryPoint","urlTemplate":"https:\/\/comport.es\/?s={search_term_string}"},"query-input":{"@type":"PropertyValueSpecification","valueRequired":true,"valueName":"search_term_string"}}],"inLanguage":"es"},{"@type":"Organization","@id":"https:\/\/comport.es\/#organization","name":"ALGECIRAS PORT COMMUNITY - COMPORT","url":"https:\/\/comport.es\/","logo":{"@type":"ImageObject","inLanguage":"es","@id":"https:\/\/comport.es\/#\/schema\/logo\/image\/","url":"https:\/\/comport.es\/wp-content\/uploads\/2020\/10\/logo_comport_20m.png","contentUrl":"https:\/\/comport.es\/wp-content\/uploads\/2020\/10\/logo_comport_20m.png","width":600,"height":170,"caption":"ALGECIRAS PORT COMMUNITY - COMPORT"},"image":{"@id":"https:\/\/comport.es\/#\/schema\/logo\/image\/"}},{"@type":"Person","@id":"https:\/\/comport.es\/#\/schema\/person\/9277649f8e04dd48c3d73bbaf2c7bebc","name":"admincomport"}]}},"_links":{"self":[{"href":"https:\/\/comport.es\/index.php\/wp-json\/wp\/v2\/posts\/6957","targetHints":{"allow":["GET"]}}],"collection":[{"href":"https:\/\/comport.es\/index.php\/wp-json\/wp\/v2\/posts"}],"about":[{"href":"https:\/\/comport.es\/index.php\/wp-json\/wp\/v2\/types\/post"}],"author":[{"embeddable":true,"href":"https:\/\/comport.es\/index.php\/wp-json\/wp\/v2\/users\/1"}],"replies":[{"embeddable":true,"href":"https:\/\/comport.es\/index.php\/wp-json\/wp\/v2\/comments?post=6957"}],"version-history":[{"count":1,"href":"https:\/\/comport.es\/index.php\/wp-json\/wp\/v2\/posts\/6957\/revisions"}],"predecessor-version":[{"id":6958,"href":"https:\/\/comport.es\/index.php\/wp-json\/wp\/v2\/posts\/6957\/revisions\/6958"}],"wp:featuredmedia":[{"embeddable":true,"href":"https:\/\/comport.es\/index.php\/wp-json\/wp\/v2\/media\/4827"}],"wp:attachment":[{"href":"https:\/\/comport.es\/index.php\/wp-json\/wp\/v2\/media?parent=6957"}],"wp:term":[{"taxonomy":"category","embeddable":true,"href":"https:\/\/comport.es\/index.php\/wp-json\/wp\/v2\/categories?post=6957"},{"taxonomy":"post_tag","embeddable":true,"href":"https:\/\/comport.es\/index.php\/wp-json\/wp\/v2\/tags?post=6957"}],"curies":[{"name":"wp","href":"https:\/\/api.w.org\/{rel}","templated":true}]}}