{"id":6955,"date":"2021-01-05T17:37:54","date_gmt":"2021-01-05T17:37:54","guid":{"rendered":"https:\/\/comport.es\/?p=6955"},"modified":"2021-01-05T17:37:54","modified_gmt":"2021-01-05T17:37:54","slug":"fundacion-campus-tecnologico-de-algeciras-2","status":"publish","type":"post","link":"https:\/\/comport.es\/index.php\/en\/official-organisations\/fundacion-campus-tecnologico-de-algeciras-2\/","title":{"rendered":"FUNDACI\u00d3N CAMPUS TECN\u00d3LOGICO DE ALGECIRAS"},"content":{"rendered":"<p style=\"text-align: justify;\">Es una instituci\u00f3n promovida por las Consejer\u00edas de Innovaci\u00f3n, Ciencia y Empresa, Educaci\u00f3n y Empleo de la Junta de Andaluc\u00eda, la Universidad de C\u00e1diz y el Ayuntamiento de Algeciras con el fin de responder a las necesidades de la sociedad para mejorar su calidad de vida y el desarrollo econ\u00f3mico de la Bah\u00eda de Algeciras, a trav\u00e9s de un proyecto innovador que integra el conjunto de formaci\u00f3n, capacitaci\u00f3n investigaci\u00f3n e innovaci\u00f3n vinculados a la sociedad del conocimiento, mediante una estructura \u00fanica que coordina la formaci\u00f3n profesional, la formaci\u00f3n ocupacional, la educaci\u00f3n Superior y los centros I+D+I de la Bah\u00eda de Algeciras y su entorno.<\/p>\n<p>&nbsp;<\/p>\n<h3 style=\"text-align: justify;\"><span style=\"color: #000000;\"><strong>Contact<\/strong><\/span><\/h3>\n<p style=\"text-align: justify;\"><span style=\"color: #000000;\"><strong>ADDRESS: <\/strong>Avda. Capit\u00e1n Onta\u00f1\u00f3n s\/n. Edificio I+D+i del Campus Tecnol\u00f3gico de Algeciras. 11202 Algeciras (C\u00e1diz)<\/span><\/p>\n<p style=\"text-align: justify;\"><span style=\"color: #000000;\"><strong>TEL: +<\/strong>34 956 028 198<\/span><\/p>\n<p style=\"text-align: justify;\"><span style=\"color: #000000;\"><strong>EMAIL:\u00a0<\/strong> <a href=\"mailto:secretaria@campustecnologico-algeciras.es\">secretaria@campustecnologico-algeciras.es<\/a><\/span><\/p>\n<p style=\"text-align: justify;\"><span style=\"color: #000000;\"><strong>WEB:\u00a0<\/strong> <a href=\"http:\/\/www.campustecnologicoalgeciras.es\" target=\"_blank\" rel=\"noopener\">www.campustecnologicoalgeciras.es<\/a><\/span><strong>\u00a0<span style=\"color: #000000;\">\u00a0<\/span><\/strong><\/p>\n<hr \/>\n<p><iframe loading=\"lazy\" style=\"border: 0;\" src=\"https:\/\/www.google.com\/maps\/embed?pb=!1m18!1m12!1m3!1d3222.2407319454333!2d-5.4501520839895266!3d36.13635141248282!2m3!1f0!2f0!3f0!3m2!1i1024!2i768!4f13.1!3m3!1m2!1s0xd0c94cd9772c4eb%3A0x566185ad602c6d31!2sEdificio+I%2BD%2Bi!5e0!3m2!1ses!2ses!4v1536577597991\" width=\"100%\" height=\"350\" frameborder=\"0\" allowfullscreen=\"allowfullscreen\"><span data-mce-type=\"bookmark\" style=\"display: inline-block; width: 0px; overflow: hidden; line-height: 0;\" class=\"mce_SELRES_start\">\ufeff<\/span><\/iframe><\/p>\n","protected":false},"excerpt":{"rendered":"<p>Es una instituci\u00f3n promovida por las Consejer\u00edas de Innovaci\u00f3n, Ciencia y Empresa, Educaci\u00f3n y Empleo de la Junta de Andaluc\u00eda, la Universidad de C\u00e1diz y el Ayuntamiento de Algeciras con el fin de responder a las necesidades de la sociedad para mejorar su calidad de [&hellip;]<\/p>\n","protected":false},"author":1,"featured_media":4826,"comment_status":"open","ping_status":"open","sticky":false,"template":"","format":"standard","meta":{"footnotes":""},"categories":[1832],"tags":[],"class_list":["post-6955","post","type-post","status-publish","format-standard","has-post-thumbnail","hentry","category-official-organisations"],"yoast_head":"<!-- This site is optimized with the Yoast SEO plugin v27.4 - https:\/\/yoast.com\/product\/yoast-seo-wordpress\/ -->\n<title>FUNDACI\u00d3N CAMPUS TECN\u00d3LOGICO DE ALGECIRAS | COMPORT<\/title>\n<meta name=\"robots\" content=\"noindex, follow\" \/>\n<meta property=\"og:locale\" content=\"es_ES\" \/>\n<meta property=\"og:type\" content=\"article\" \/>\n<meta property=\"og:title\" content=\"FUNDACI\u00d3N CAMPUS TECN\u00d3LOGICO DE ALGECIRAS | COMPORT\" \/>\n<meta property=\"og:description\" content=\"Es una instituci\u00f3n promovida por las Consejer\u00edas de Innovaci\u00f3n, Ciencia y Empresa, Educaci\u00f3n y Empleo de la Junta de Andaluc\u00eda, la Universidad de C\u00e1diz y el Ayuntamiento de Algeciras con el fin de responder a las necesidades de la sociedad para mejorar su calidad de [&hellip;]\" \/>\n<meta property=\"og:url\" content=\"https:\/\/comport.es\/index.php\/en\/official-organisations\/fundacion-campus-tecnologico-de-algeciras-2\/\" \/>\n<meta property=\"og:site_name\" content=\"COMPORT\" \/>\n<meta property=\"article:published_time\" content=\"2021-01-05T17:37:54+00:00\" \/>\n<meta property=\"og:image\" content=\"https:\/\/comport.es\/wp-content\/uploads\/2016\/11\/campustecnologico-1.png\" \/>\n\t<meta property=\"og:image:width\" content=\"1300\" \/>\n\t<meta property=\"og:image:height\" content=\"722\" \/>\n\t<meta property=\"og:image:type\" content=\"image\/png\" \/>\n<meta name=\"author\" content=\"admincomport\" \/>\n<meta name=\"twitter:card\" content=\"summary_large_image\" \/>\n<meta name=\"twitter:label1\" content=\"Escrito por\" \/>\n\t<meta name=\"twitter:data1\" content=\"admincomport\" \/>\n\t<meta name=\"twitter:label2\" content=\"Tiempo de lectura\" \/>\n\t<meta name=\"twitter:data2\" content=\"1 minuto\" \/>\n<script type=\"application\/ld+json\" class=\"yoast-schema-graph\">{\"@context\":\"https:\\\/\\\/schema.org\",\"@graph\":[{\"@type\":\"Article\",\"@id\":\"https:\\\/\\\/comport.es\\\/index.php\\\/en\\\/official-organisations\\\/fundacion-campus-tecnologico-de-algeciras-2\\\/#article\",\"isPartOf\":{\"@id\":\"https:\\\/\\\/comport.es\\\/index.php\\\/en\\\/official-organisations\\\/fundacion-campus-tecnologico-de-algeciras-2\\\/\"},\"author\":{\"name\":\"admincomport\",\"@id\":\"https:\\\/\\\/comport.es\\\/#\\\/schema\\\/person\\\/9277649f8e04dd48c3d73bbaf2c7bebc\"},\"headline\":\"FUNDACI\u00d3N CAMPUS TECN\u00d3LOGICO DE ALGECIRAS\",\"datePublished\":\"2021-01-05T17:37:54+00:00\",\"mainEntityOfPage\":{\"@id\":\"https:\\\/\\\/comport.es\\\/index.php\\\/en\\\/official-organisations\\\/fundacion-campus-tecnologico-de-algeciras-2\\\/\"},\"wordCount\":162,\"commentCount\":0,\"publisher\":{\"@id\":\"https:\\\/\\\/comport.es\\\/#organization\"},\"image\":{\"@id\":\"https:\\\/\\\/comport.es\\\/index.php\\\/en\\\/official-organisations\\\/fundacion-campus-tecnologico-de-algeciras-2\\\/#primaryimage\"},\"thumbnailUrl\":\"https:\\\/\\\/comport.es\\\/wp-content\\\/uploads\\\/2016\\\/11\\\/campustecnologico-1.png\",\"articleSection\":[\"OFFICIAL ORGANISATIONS\"],\"inLanguage\":\"es\",\"potentialAction\":[{\"@type\":\"CommentAction\",\"name\":\"Comment\",\"target\":[\"https:\\\/\\\/comport.es\\\/index.php\\\/en\\\/official-organisations\\\/fundacion-campus-tecnologico-de-algeciras-2\\\/#respond\"]}]},{\"@type\":\"WebPage\",\"@id\":\"https:\\\/\\\/comport.es\\\/index.php\\\/en\\\/official-organisations\\\/fundacion-campus-tecnologico-de-algeciras-2\\\/\",\"url\":\"https:\\\/\\\/comport.es\\\/index.php\\\/en\\\/official-organisations\\\/fundacion-campus-tecnologico-de-algeciras-2\\\/\",\"name\":\"FUNDACI\u00d3N CAMPUS TECN\u00d3LOGICO DE ALGECIRAS | COMPORT\",\"isPartOf\":{\"@id\":\"https:\\\/\\\/comport.es\\\/#website\"},\"primaryImageOfPage\":{\"@id\":\"https:\\\/\\\/comport.es\\\/index.php\\\/en\\\/official-organisations\\\/fundacion-campus-tecnologico-de-algeciras-2\\\/#primaryimage\"},\"image\":{\"@id\":\"https:\\\/\\\/comport.es\\\/index.php\\\/en\\\/official-organisations\\\/fundacion-campus-tecnologico-de-algeciras-2\\\/#primaryimage\"},\"thumbnailUrl\":\"https:\\\/\\\/comport.es\\\/wp-content\\\/uploads\\\/2016\\\/11\\\/campustecnologico-1.png\",\"datePublished\":\"2021-01-05T17:37:54+00:00\",\"breadcrumb\":{\"@id\":\"https:\\\/\\\/comport.es\\\/index.php\\\/en\\\/official-organisations\\\/fundacion-campus-tecnologico-de-algeciras-2\\\/#breadcrumb\"},\"inLanguage\":\"es\",\"potentialAction\":[{\"@type\":\"ReadAction\",\"target\":[\"https:\\\/\\\/comport.es\\\/index.php\\\/en\\\/official-organisations\\\/fundacion-campus-tecnologico-de-algeciras-2\\\/\"]}]},{\"@type\":\"ImageObject\",\"inLanguage\":\"es\",\"@id\":\"https:\\\/\\\/comport.es\\\/index.php\\\/en\\\/official-organisations\\\/fundacion-campus-tecnologico-de-algeciras-2\\\/#primaryimage\",\"url\":\"https:\\\/\\\/comport.es\\\/wp-content\\\/uploads\\\/2016\\\/11\\\/campustecnologico-1.png\",\"contentUrl\":\"https:\\\/\\\/comport.es\\\/wp-content\\\/uploads\\\/2016\\\/11\\\/campustecnologico-1.png\",\"width\":1300,\"height\":722},{\"@type\":\"BreadcrumbList\",\"@id\":\"https:\\\/\\\/comport.es\\\/index.php\\\/en\\\/official-organisations\\\/fundacion-campus-tecnologico-de-algeciras-2\\\/#breadcrumb\",\"itemListElement\":[{\"@type\":\"ListItem\",\"position\":1,\"name\":\"Portada\",\"item\":\"https:\\\/\\\/comport.es\\\/\"},{\"@type\":\"ListItem\",\"position\":2,\"name\":\"FUNDACI\u00d3N CAMPUS TECN\u00d3LOGICO DE ALGECIRAS\"}]},{\"@type\":\"WebSite\",\"@id\":\"https:\\\/\\\/comport.es\\\/#website\",\"url\":\"https:\\\/\\\/comport.es\\\/\",\"name\":\"COMPORT\",\"description\":\"Port Community of Algeciras Bay\",\"publisher\":{\"@id\":\"https:\\\/\\\/comport.es\\\/#organization\"},\"potentialAction\":[{\"@type\":\"SearchAction\",\"target\":{\"@type\":\"EntryPoint\",\"urlTemplate\":\"https:\\\/\\\/comport.es\\\/?s={search_term_string}\"},\"query-input\":{\"@type\":\"PropertyValueSpecification\",\"valueRequired\":true,\"valueName\":\"search_term_string\"}}],\"inLanguage\":\"es\"},{\"@type\":\"Organization\",\"@id\":\"https:\\\/\\\/comport.es\\\/#organization\",\"name\":\"ALGECIRAS PORT COMMUNITY - COMPORT\",\"url\":\"https:\\\/\\\/comport.es\\\/\",\"logo\":{\"@type\":\"ImageObject\",\"inLanguage\":\"es\",\"@id\":\"https:\\\/\\\/comport.es\\\/#\\\/schema\\\/logo\\\/image\\\/\",\"url\":\"https:\\\/\\\/comport.es\\\/wp-content\\\/uploads\\\/2020\\\/10\\\/logo_comport_20m.png\",\"contentUrl\":\"https:\\\/\\\/comport.es\\\/wp-content\\\/uploads\\\/2020\\\/10\\\/logo_comport_20m.png\",\"width\":600,\"height\":170,\"caption\":\"ALGECIRAS PORT COMMUNITY - COMPORT\"},\"image\":{\"@id\":\"https:\\\/\\\/comport.es\\\/#\\\/schema\\\/logo\\\/image\\\/\"}},{\"@type\":\"Person\",\"@id\":\"https:\\\/\\\/comport.es\\\/#\\\/schema\\\/person\\\/9277649f8e04dd48c3d73bbaf2c7bebc\",\"name\":\"admincomport\"}]}<\/script>\n<!-- \/ Yoast SEO plugin. -->","yoast_head_json":{"title":"FUNDACI\u00d3N CAMPUS TECN\u00d3LOGICO DE ALGECIRAS | COMPORT","robots":{"index":"noindex","follow":"follow"},"og_locale":"es_ES","og_type":"article","og_title":"FUNDACI\u00d3N CAMPUS TECN\u00d3LOGICO DE ALGECIRAS | COMPORT","og_description":"Es una instituci\u00f3n promovida por las Consejer\u00edas de Innovaci\u00f3n, Ciencia y Empresa, Educaci\u00f3n y Empleo de la Junta de Andaluc\u00eda, la Universidad de C\u00e1diz y el Ayuntamiento de Algeciras con el fin de responder a las necesidades de la sociedad para mejorar su calidad de [&hellip;]","og_url":"https:\/\/comport.es\/index.php\/en\/official-organisations\/fundacion-campus-tecnologico-de-algeciras-2\/","og_site_name":"COMPORT","article_published_time":"2021-01-05T17:37:54+00:00","og_image":[{"width":1300,"height":722,"url":"https:\/\/comport.es\/wp-content\/uploads\/2016\/11\/campustecnologico-1.png","type":"image\/png"}],"author":"admincomport","twitter_card":"summary_large_image","twitter_misc":{"Escrito por":"admincomport","Tiempo de lectura":"1 minuto"},"schema":{"@context":"https:\/\/schema.org","@graph":[{"@type":"Article","@id":"https:\/\/comport.es\/index.php\/en\/official-organisations\/fundacion-campus-tecnologico-de-algeciras-2\/#article","isPartOf":{"@id":"https:\/\/comport.es\/index.php\/en\/official-organisations\/fundacion-campus-tecnologico-de-algeciras-2\/"},"author":{"name":"admincomport","@id":"https:\/\/comport.es\/#\/schema\/person\/9277649f8e04dd48c3d73bbaf2c7bebc"},"headline":"FUNDACI\u00d3N CAMPUS TECN\u00d3LOGICO DE ALGECIRAS","datePublished":"2021-01-05T17:37:54+00:00","mainEntityOfPage":{"@id":"https:\/\/comport.es\/index.php\/en\/official-organisations\/fundacion-campus-tecnologico-de-algeciras-2\/"},"wordCount":162,"commentCount":0,"publisher":{"@id":"https:\/\/comport.es\/#organization"},"image":{"@id":"https:\/\/comport.es\/index.php\/en\/official-organisations\/fundacion-campus-tecnologico-de-algeciras-2\/#primaryimage"},"thumbnailUrl":"https:\/\/comport.es\/wp-content\/uploads\/2016\/11\/campustecnologico-1.png","articleSection":["OFFICIAL ORGANISATIONS"],"inLanguage":"es","potentialAction":[{"@type":"CommentAction","name":"Comment","target":["https:\/\/comport.es\/index.php\/en\/official-organisations\/fundacion-campus-tecnologico-de-algeciras-2\/#respond"]}]},{"@type":"WebPage","@id":"https:\/\/comport.es\/index.php\/en\/official-organisations\/fundacion-campus-tecnologico-de-algeciras-2\/","url":"https:\/\/comport.es\/index.php\/en\/official-organisations\/fundacion-campus-tecnologico-de-algeciras-2\/","name":"FUNDACI\u00d3N CAMPUS TECN\u00d3LOGICO DE ALGECIRAS | COMPORT","isPartOf":{"@id":"https:\/\/comport.es\/#website"},"primaryImageOfPage":{"@id":"https:\/\/comport.es\/index.php\/en\/official-organisations\/fundacion-campus-tecnologico-de-algeciras-2\/#primaryimage"},"image":{"@id":"https:\/\/comport.es\/index.php\/en\/official-organisations\/fundacion-campus-tecnologico-de-algeciras-2\/#primaryimage"},"thumbnailUrl":"https:\/\/comport.es\/wp-content\/uploads\/2016\/11\/campustecnologico-1.png","datePublished":"2021-01-05T17:37:54+00:00","breadcrumb":{"@id":"https:\/\/comport.es\/index.php\/en\/official-organisations\/fundacion-campus-tecnologico-de-algeciras-2\/#breadcrumb"},"inLanguage":"es","potentialAction":[{"@type":"ReadAction","target":["https:\/\/comport.es\/index.php\/en\/official-organisations\/fundacion-campus-tecnologico-de-algeciras-2\/"]}]},{"@type":"ImageObject","inLanguage":"es","@id":"https:\/\/comport.es\/index.php\/en\/official-organisations\/fundacion-campus-tecnologico-de-algeciras-2\/#primaryimage","url":"https:\/\/comport.es\/wp-content\/uploads\/2016\/11\/campustecnologico-1.png","contentUrl":"https:\/\/comport.es\/wp-content\/uploads\/2016\/11\/campustecnologico-1.png","width":1300,"height":722},{"@type":"BreadcrumbList","@id":"https:\/\/comport.es\/index.php\/en\/official-organisations\/fundacion-campus-tecnologico-de-algeciras-2\/#breadcrumb","itemListElement":[{"@type":"ListItem","position":1,"name":"Portada","item":"https:\/\/comport.es\/"},{"@type":"ListItem","position":2,"name":"FUNDACI\u00d3N CAMPUS TECN\u00d3LOGICO DE ALGECIRAS"}]},{"@type":"WebSite","@id":"https:\/\/comport.es\/#website","url":"https:\/\/comport.es\/","name":"COMPORT","description":"Port Community of Algeciras Bay","publisher":{"@id":"https:\/\/comport.es\/#organization"},"potentialAction":[{"@type":"SearchAction","target":{"@type":"EntryPoint","urlTemplate":"https:\/\/comport.es\/?s={search_term_string}"},"query-input":{"@type":"PropertyValueSpecification","valueRequired":true,"valueName":"search_term_string"}}],"inLanguage":"es"},{"@type":"Organization","@id":"https:\/\/comport.es\/#organization","name":"ALGECIRAS PORT COMMUNITY - COMPORT","url":"https:\/\/comport.es\/","logo":{"@type":"ImageObject","inLanguage":"es","@id":"https:\/\/comport.es\/#\/schema\/logo\/image\/","url":"https:\/\/comport.es\/wp-content\/uploads\/2020\/10\/logo_comport_20m.png","contentUrl":"https:\/\/comport.es\/wp-content\/uploads\/2020\/10\/logo_comport_20m.png","width":600,"height":170,"caption":"ALGECIRAS PORT COMMUNITY - COMPORT"},"image":{"@id":"https:\/\/comport.es\/#\/schema\/logo\/image\/"}},{"@type":"Person","@id":"https:\/\/comport.es\/#\/schema\/person\/9277649f8e04dd48c3d73bbaf2c7bebc","name":"admincomport"}]}},"_links":{"self":[{"href":"https:\/\/comport.es\/index.php\/wp-json\/wp\/v2\/posts\/6955","targetHints":{"allow":["GET"]}}],"collection":[{"href":"https:\/\/comport.es\/index.php\/wp-json\/wp\/v2\/posts"}],"about":[{"href":"https:\/\/comport.es\/index.php\/wp-json\/wp\/v2\/types\/post"}],"author":[{"embeddable":true,"href":"https:\/\/comport.es\/index.php\/wp-json\/wp\/v2\/users\/1"}],"replies":[{"embeddable":true,"href":"https:\/\/comport.es\/index.php\/wp-json\/wp\/v2\/comments?post=6955"}],"version-history":[{"count":1,"href":"https:\/\/comport.es\/index.php\/wp-json\/wp\/v2\/posts\/6955\/revisions"}],"predecessor-version":[{"id":6956,"href":"https:\/\/comport.es\/index.php\/wp-json\/wp\/v2\/posts\/6955\/revisions\/6956"}],"wp:featuredmedia":[{"embeddable":true,"href":"https:\/\/comport.es\/index.php\/wp-json\/wp\/v2\/media\/4826"}],"wp:attachment":[{"href":"https:\/\/comport.es\/index.php\/wp-json\/wp\/v2\/media?parent=6955"}],"wp:term":[{"taxonomy":"category","embeddable":true,"href":"https:\/\/comport.es\/index.php\/wp-json\/wp\/v2\/categories?post=6955"},{"taxonomy":"post_tag","embeddable":true,"href":"https:\/\/comport.es\/index.php\/wp-json\/wp\/v2\/tags?post=6955"}],"curies":[{"name":"wp","href":"https:\/\/api.w.org\/{rel}","templated":true}]}}