{"id":6619,"date":"2020-09-23T18:07:12","date_gmt":"2020-09-23T18:07:12","guid":{"rendered":"http:\/\/comport.es\/?p=6619"},"modified":"2020-09-24T18:09:21","modified_gmt":"2020-09-24T18:09:21","slug":"comport-inicia-un-nuevo-proceso-electoral","status":"publish","type":"post","link":"https:\/\/comport.es\/index.php\/noticias\/comport-inicia-un-nuevo-proceso-electoral\/","title":{"rendered":"COMPORT inicia un nuevo proceso electoral"},"content":{"rendered":"<p style=\"text-align: justify;\"><span style=\"font-size: 14pt; color: #000000;\"><strong>La Asamblea General Extraordinaria Electoral se celebrar\u00e1 el 21 de octubre<\/strong><\/span><\/p>\n<p style=\"text-align: justify;\"><span style=\"color: #000000;\">La Junta Directiva de COMPORT ha iniciado el proceso de elecciones a presidente y Junta directiva, tras la reuni\u00f3n mantenida en la sede de la C\u00e1mara de Comercio del Campo de Gibraltar.<\/span><\/p>\n<p style=\"text-align: justify;\"><span style=\"color: #000000;\">Con fecha 22 de septiembre, se ha puesto en marcha la maquinaria electoral para sustituir a la actual direcci\u00f3n de la Comunidad Portuaria (COMPORT) de la Bah\u00eda de Algeciras como consecuencia de la finalizaci\u00f3n del mandato de los actuales mandatarios, tal como establecen los estatutos de la asociaci\u00f3n.<\/span><\/p>\n<p style=\"text-align: justify;\"><span style=\"color: #000000;\">La fecha de celebraci\u00f3n de la Asamblea General Extraordinaria Electoral, durante la cual ser\u00e1 elegida nueva Presidencia y Junta Directiva, ha sido fijada en base a lo establecido en los mismos estatutos, y tendr\u00e1 lugar el pr\u00f3ximo d\u00eda 21 de Octubre, en las instalaciones del Hotel Albor\u00e1n.<\/span><\/p>\n<p>&nbsp;<\/p>\n<p><span style=\"color: #000000;\"><strong>FUENTE:<\/strong> EL ESTRECHO DIGITAL<\/span><\/p>\n","protected":false},"excerpt":{"rendered":"<p>La Asamblea General Extraordinaria Electoral se celebrar\u00e1 el 21 de octubre La Junta Directiva de COMPORT ha iniciado el proceso de elecciones a presidente y Junta directiva, tras la reuni\u00f3n mantenida en la sede de la C\u00e1mara de Comercio del Campo de Gibraltar. Con fecha [&hellip;]<\/p>\n","protected":false},"author":1,"featured_media":6620,"comment_status":"open","ping_status":"open","sticky":false,"template":"","format":"standard","meta":{"footnotes":""},"categories":[921],"tags":[],"class_list":["post-6619","post","type-post","status-publish","format-standard","has-post-thumbnail","hentry","category-noticias"],"yoast_head":"<!-- This site is optimized with the Yoast SEO plugin v27.4 - https:\/\/yoast.com\/product\/yoast-seo-wordpress\/ -->\n<title>COMPORT inicia un nuevo proceso electoral | COMPORT<\/title>\n<meta name=\"robots\" content=\"noindex, follow\" \/>\n<meta property=\"og:locale\" content=\"es_ES\" \/>\n<meta property=\"og:type\" content=\"article\" \/>\n<meta property=\"og:title\" content=\"COMPORT inicia un nuevo proceso electoral | COMPORT\" \/>\n<meta property=\"og:description\" content=\"La Asamblea General Extraordinaria Electoral se celebrar\u00e1 el 21 de octubre La Junta Directiva de COMPORT ha iniciado el proceso de elecciones a presidente y Junta directiva, tras la reuni\u00f3n mantenida en la sede de la C\u00e1mara de Comercio del Campo de Gibraltar. Con fecha [&hellip;]\" \/>\n<meta property=\"og:url\" content=\"https:\/\/comport.es\/index.php\/noticias\/comport-inicia-un-nuevo-proceso-electoral\/\" \/>\n<meta property=\"og:site_name\" content=\"COMPORT\" \/>\n<meta property=\"article:published_time\" content=\"2020-09-23T18:07:12+00:00\" \/>\n<meta property=\"article:modified_time\" content=\"2020-09-24T18:09:21+00:00\" \/>\n<meta property=\"og:image\" content=\"https:\/\/comport.es\/wp-content\/uploads\/2020\/09\/elecciones2020.jpg\" \/>\n\t<meta property=\"og:image:width\" content=\"1300\" \/>\n\t<meta property=\"og:image:height\" content=\"722\" \/>\n\t<meta property=\"og:image:type\" content=\"image\/jpeg\" \/>\n<meta name=\"author\" content=\"admincomport\" \/>\n<meta name=\"twitter:card\" content=\"summary_large_image\" \/>\n<meta name=\"twitter:label1\" content=\"Escrito por\" \/>\n\t<meta name=\"twitter:data1\" content=\"admincomport\" \/>\n\t<meta name=\"twitter:label2\" content=\"Tiempo de lectura\" \/>\n\t<meta name=\"twitter:data2\" content=\"1 minuto\" \/>\n<script type=\"application\/ld+json\" class=\"yoast-schema-graph\">{\"@context\":\"https:\\\/\\\/schema.org\",\"@graph\":[{\"@type\":\"Article\",\"@id\":\"https:\\\/\\\/comport.es\\\/index.php\\\/noticias\\\/comport-inicia-un-nuevo-proceso-electoral\\\/#article\",\"isPartOf\":{\"@id\":\"https:\\\/\\\/comport.es\\\/index.php\\\/noticias\\\/comport-inicia-un-nuevo-proceso-electoral\\\/\"},\"author\":{\"name\":\"admincomport\",\"@id\":\"https:\\\/\\\/comport.es\\\/#\\\/schema\\\/person\\\/9277649f8e04dd48c3d73bbaf2c7bebc\"},\"headline\":\"COMPORT inicia un nuevo proceso electoral\",\"datePublished\":\"2020-09-23T18:07:12+00:00\",\"dateModified\":\"2020-09-24T18:09:21+00:00\",\"mainEntityOfPage\":{\"@id\":\"https:\\\/\\\/comport.es\\\/index.php\\\/noticias\\\/comport-inicia-un-nuevo-proceso-electoral\\\/\"},\"wordCount\":156,\"commentCount\":0,\"publisher\":{\"@id\":\"https:\\\/\\\/comport.es\\\/#organization\"},\"image\":{\"@id\":\"https:\\\/\\\/comport.es\\\/index.php\\\/noticias\\\/comport-inicia-un-nuevo-proceso-electoral\\\/#primaryimage\"},\"thumbnailUrl\":\"https:\\\/\\\/comport.es\\\/wp-content\\\/uploads\\\/2020\\\/09\\\/elecciones2020.jpg\",\"articleSection\":[\"Noticias\"],\"inLanguage\":\"es\",\"potentialAction\":[{\"@type\":\"CommentAction\",\"name\":\"Comment\",\"target\":[\"https:\\\/\\\/comport.es\\\/index.php\\\/noticias\\\/comport-inicia-un-nuevo-proceso-electoral\\\/#respond\"]}]},{\"@type\":\"WebPage\",\"@id\":\"https:\\\/\\\/comport.es\\\/index.php\\\/noticias\\\/comport-inicia-un-nuevo-proceso-electoral\\\/\",\"url\":\"https:\\\/\\\/comport.es\\\/index.php\\\/noticias\\\/comport-inicia-un-nuevo-proceso-electoral\\\/\",\"name\":\"COMPORT inicia un nuevo proceso electoral | COMPORT\",\"isPartOf\":{\"@id\":\"https:\\\/\\\/comport.es\\\/#website\"},\"primaryImageOfPage\":{\"@id\":\"https:\\\/\\\/comport.es\\\/index.php\\\/noticias\\\/comport-inicia-un-nuevo-proceso-electoral\\\/#primaryimage\"},\"image\":{\"@id\":\"https:\\\/\\\/comport.es\\\/index.php\\\/noticias\\\/comport-inicia-un-nuevo-proceso-electoral\\\/#primaryimage\"},\"thumbnailUrl\":\"https:\\\/\\\/comport.es\\\/wp-content\\\/uploads\\\/2020\\\/09\\\/elecciones2020.jpg\",\"datePublished\":\"2020-09-23T18:07:12+00:00\",\"dateModified\":\"2020-09-24T18:09:21+00:00\",\"breadcrumb\":{\"@id\":\"https:\\\/\\\/comport.es\\\/index.php\\\/noticias\\\/comport-inicia-un-nuevo-proceso-electoral\\\/#breadcrumb\"},\"inLanguage\":\"es\",\"potentialAction\":[{\"@type\":\"ReadAction\",\"target\":[\"https:\\\/\\\/comport.es\\\/index.php\\\/noticias\\\/comport-inicia-un-nuevo-proceso-electoral\\\/\"]}]},{\"@type\":\"ImageObject\",\"inLanguage\":\"es\",\"@id\":\"https:\\\/\\\/comport.es\\\/index.php\\\/noticias\\\/comport-inicia-un-nuevo-proceso-electoral\\\/#primaryimage\",\"url\":\"https:\\\/\\\/comport.es\\\/wp-content\\\/uploads\\\/2020\\\/09\\\/elecciones2020.jpg\",\"contentUrl\":\"https:\\\/\\\/comport.es\\\/wp-content\\\/uploads\\\/2020\\\/09\\\/elecciones2020.jpg\",\"width\":1300,\"height\":722},{\"@type\":\"BreadcrumbList\",\"@id\":\"https:\\\/\\\/comport.es\\\/index.php\\\/noticias\\\/comport-inicia-un-nuevo-proceso-electoral\\\/#breadcrumb\",\"itemListElement\":[{\"@type\":\"ListItem\",\"position\":1,\"name\":\"Portada\",\"item\":\"https:\\\/\\\/comport.es\\\/\"},{\"@type\":\"ListItem\",\"position\":2,\"name\":\"COMPORT inicia un nuevo proceso electoral\"}]},{\"@type\":\"WebSite\",\"@id\":\"https:\\\/\\\/comport.es\\\/#website\",\"url\":\"https:\\\/\\\/comport.es\\\/\",\"name\":\"COMPORT\",\"description\":\"Port Community of Algeciras Bay\",\"publisher\":{\"@id\":\"https:\\\/\\\/comport.es\\\/#organization\"},\"potentialAction\":[{\"@type\":\"SearchAction\",\"target\":{\"@type\":\"EntryPoint\",\"urlTemplate\":\"https:\\\/\\\/comport.es\\\/?s={search_term_string}\"},\"query-input\":{\"@type\":\"PropertyValueSpecification\",\"valueRequired\":true,\"valueName\":\"search_term_string\"}}],\"inLanguage\":\"es\"},{\"@type\":\"Organization\",\"@id\":\"https:\\\/\\\/comport.es\\\/#organization\",\"name\":\"ALGECIRAS PORT COMMUNITY - COMPORT\",\"url\":\"https:\\\/\\\/comport.es\\\/\",\"logo\":{\"@type\":\"ImageObject\",\"inLanguage\":\"es\",\"@id\":\"https:\\\/\\\/comport.es\\\/#\\\/schema\\\/logo\\\/image\\\/\",\"url\":\"https:\\\/\\\/comport.es\\\/wp-content\\\/uploads\\\/2020\\\/10\\\/logo_comport_20m.png\",\"contentUrl\":\"https:\\\/\\\/comport.es\\\/wp-content\\\/uploads\\\/2020\\\/10\\\/logo_comport_20m.png\",\"width\":600,\"height\":170,\"caption\":\"ALGECIRAS PORT COMMUNITY - COMPORT\"},\"image\":{\"@id\":\"https:\\\/\\\/comport.es\\\/#\\\/schema\\\/logo\\\/image\\\/\"}},{\"@type\":\"Person\",\"@id\":\"https:\\\/\\\/comport.es\\\/#\\\/schema\\\/person\\\/9277649f8e04dd48c3d73bbaf2c7bebc\",\"name\":\"admincomport\"}]}<\/script>\n<!-- \/ Yoast SEO plugin. -->","yoast_head_json":{"title":"COMPORT inicia un nuevo proceso electoral | COMPORT","robots":{"index":"noindex","follow":"follow"},"og_locale":"es_ES","og_type":"article","og_title":"COMPORT inicia un nuevo proceso electoral | COMPORT","og_description":"La Asamblea General Extraordinaria Electoral se celebrar\u00e1 el 21 de octubre La Junta Directiva de COMPORT ha iniciado el proceso de elecciones a presidente y Junta directiva, tras la reuni\u00f3n mantenida en la sede de la C\u00e1mara de Comercio del Campo de Gibraltar. Con fecha [&hellip;]","og_url":"https:\/\/comport.es\/index.php\/noticias\/comport-inicia-un-nuevo-proceso-electoral\/","og_site_name":"COMPORT","article_published_time":"2020-09-23T18:07:12+00:00","article_modified_time":"2020-09-24T18:09:21+00:00","og_image":[{"width":1300,"height":722,"url":"https:\/\/comport.es\/wp-content\/uploads\/2020\/09\/elecciones2020.jpg","type":"image\/jpeg"}],"author":"admincomport","twitter_card":"summary_large_image","twitter_misc":{"Escrito por":"admincomport","Tiempo de lectura":"1 minuto"},"schema":{"@context":"https:\/\/schema.org","@graph":[{"@type":"Article","@id":"https:\/\/comport.es\/index.php\/noticias\/comport-inicia-un-nuevo-proceso-electoral\/#article","isPartOf":{"@id":"https:\/\/comport.es\/index.php\/noticias\/comport-inicia-un-nuevo-proceso-electoral\/"},"author":{"name":"admincomport","@id":"https:\/\/comport.es\/#\/schema\/person\/9277649f8e04dd48c3d73bbaf2c7bebc"},"headline":"COMPORT inicia un nuevo proceso electoral","datePublished":"2020-09-23T18:07:12+00:00","dateModified":"2020-09-24T18:09:21+00:00","mainEntityOfPage":{"@id":"https:\/\/comport.es\/index.php\/noticias\/comport-inicia-un-nuevo-proceso-electoral\/"},"wordCount":156,"commentCount":0,"publisher":{"@id":"https:\/\/comport.es\/#organization"},"image":{"@id":"https:\/\/comport.es\/index.php\/noticias\/comport-inicia-un-nuevo-proceso-electoral\/#primaryimage"},"thumbnailUrl":"https:\/\/comport.es\/wp-content\/uploads\/2020\/09\/elecciones2020.jpg","articleSection":["Noticias"],"inLanguage":"es","potentialAction":[{"@type":"CommentAction","name":"Comment","target":["https:\/\/comport.es\/index.php\/noticias\/comport-inicia-un-nuevo-proceso-electoral\/#respond"]}]},{"@type":"WebPage","@id":"https:\/\/comport.es\/index.php\/noticias\/comport-inicia-un-nuevo-proceso-electoral\/","url":"https:\/\/comport.es\/index.php\/noticias\/comport-inicia-un-nuevo-proceso-electoral\/","name":"COMPORT inicia un nuevo proceso electoral | COMPORT","isPartOf":{"@id":"https:\/\/comport.es\/#website"},"primaryImageOfPage":{"@id":"https:\/\/comport.es\/index.php\/noticias\/comport-inicia-un-nuevo-proceso-electoral\/#primaryimage"},"image":{"@id":"https:\/\/comport.es\/index.php\/noticias\/comport-inicia-un-nuevo-proceso-electoral\/#primaryimage"},"thumbnailUrl":"https:\/\/comport.es\/wp-content\/uploads\/2020\/09\/elecciones2020.jpg","datePublished":"2020-09-23T18:07:12+00:00","dateModified":"2020-09-24T18:09:21+00:00","breadcrumb":{"@id":"https:\/\/comport.es\/index.php\/noticias\/comport-inicia-un-nuevo-proceso-electoral\/#breadcrumb"},"inLanguage":"es","potentialAction":[{"@type":"ReadAction","target":["https:\/\/comport.es\/index.php\/noticias\/comport-inicia-un-nuevo-proceso-electoral\/"]}]},{"@type":"ImageObject","inLanguage":"es","@id":"https:\/\/comport.es\/index.php\/noticias\/comport-inicia-un-nuevo-proceso-electoral\/#primaryimage","url":"https:\/\/comport.es\/wp-content\/uploads\/2020\/09\/elecciones2020.jpg","contentUrl":"https:\/\/comport.es\/wp-content\/uploads\/2020\/09\/elecciones2020.jpg","width":1300,"height":722},{"@type":"BreadcrumbList","@id":"https:\/\/comport.es\/index.php\/noticias\/comport-inicia-un-nuevo-proceso-electoral\/#breadcrumb","itemListElement":[{"@type":"ListItem","position":1,"name":"Portada","item":"https:\/\/comport.es\/"},{"@type":"ListItem","position":2,"name":"COMPORT inicia un nuevo proceso electoral"}]},{"@type":"WebSite","@id":"https:\/\/comport.es\/#website","url":"https:\/\/comport.es\/","name":"COMPORT","description":"Port Community of Algeciras Bay","publisher":{"@id":"https:\/\/comport.es\/#organization"},"potentialAction":[{"@type":"SearchAction","target":{"@type":"EntryPoint","urlTemplate":"https:\/\/comport.es\/?s={search_term_string}"},"query-input":{"@type":"PropertyValueSpecification","valueRequired":true,"valueName":"search_term_string"}}],"inLanguage":"es"},{"@type":"Organization","@id":"https:\/\/comport.es\/#organization","name":"ALGECIRAS PORT COMMUNITY - COMPORT","url":"https:\/\/comport.es\/","logo":{"@type":"ImageObject","inLanguage":"es","@id":"https:\/\/comport.es\/#\/schema\/logo\/image\/","url":"https:\/\/comport.es\/wp-content\/uploads\/2020\/10\/logo_comport_20m.png","contentUrl":"https:\/\/comport.es\/wp-content\/uploads\/2020\/10\/logo_comport_20m.png","width":600,"height":170,"caption":"ALGECIRAS PORT COMMUNITY - COMPORT"},"image":{"@id":"https:\/\/comport.es\/#\/schema\/logo\/image\/"}},{"@type":"Person","@id":"https:\/\/comport.es\/#\/schema\/person\/9277649f8e04dd48c3d73bbaf2c7bebc","name":"admincomport"}]}},"_links":{"self":[{"href":"https:\/\/comport.es\/index.php\/wp-json\/wp\/v2\/posts\/6619","targetHints":{"allow":["GET"]}}],"collection":[{"href":"https:\/\/comport.es\/index.php\/wp-json\/wp\/v2\/posts"}],"about":[{"href":"https:\/\/comport.es\/index.php\/wp-json\/wp\/v2\/types\/post"}],"author":[{"embeddable":true,"href":"https:\/\/comport.es\/index.php\/wp-json\/wp\/v2\/users\/1"}],"replies":[{"embeddable":true,"href":"https:\/\/comport.es\/index.php\/wp-json\/wp\/v2\/comments?post=6619"}],"version-history":[{"count":5,"href":"https:\/\/comport.es\/index.php\/wp-json\/wp\/v2\/posts\/6619\/revisions"}],"predecessor-version":[{"id":6625,"href":"https:\/\/comport.es\/index.php\/wp-json\/wp\/v2\/posts\/6619\/revisions\/6625"}],"wp:featuredmedia":[{"embeddable":true,"href":"https:\/\/comport.es\/index.php\/wp-json\/wp\/v2\/media\/6620"}],"wp:attachment":[{"href":"https:\/\/comport.es\/index.php\/wp-json\/wp\/v2\/media?parent=6619"}],"wp:term":[{"taxonomy":"category","embeddable":true,"href":"https:\/\/comport.es\/index.php\/wp-json\/wp\/v2\/categories?post=6619"},{"taxonomy":"post_tag","embeddable":true,"href":"https:\/\/comport.es\/index.php\/wp-json\/wp\/v2\/tags?post=6619"}],"curies":[{"name":"wp","href":"https:\/\/api.w.org\/{rel}","templated":true}]}}