{"id":6610,"date":"2020-08-31T08:17:11","date_gmt":"2020-08-31T08:17:11","guid":{"rendered":"http:\/\/comport.es\/?p=6610"},"modified":"2020-09-01T08:19:58","modified_gmt":"2020-09-01T08:19:58","slug":"el-trafico-de-mercancias-del-puerto-de-algeciras-vuelve-a-niveles-precovid-durante-el-mes-de-julio","status":"publish","type":"post","link":"https:\/\/comport.es\/index.php\/noticias\/el-trafico-de-mercancias-del-puerto-de-algeciras-vuelve-a-niveles-precovid-durante-el-mes-de-julio\/","title":{"rendered":"El tr\u00e1fico de mercanc\u00edas del puerto de Algeciras vuelve a niveles `preCOVID\u00b4 durante el mes de julio."},"content":{"rendered":"<p style=\"text-align: justify;\">El tr\u00e1fico de mercanc\u00edas en el puerto de Algeciras volvi\u00f3 a registrar niveles `preCOVID\u00b4 durante el mes de julio, con una actividad que supera los 9\u00b43 millones de toneladas (+1\u00b46%), tr\u00e1fico total que en 2020 s\u00f3lo ha sido superado en enero. La mejora de los graneles l\u00edquidos, la mercanc\u00eda general y la contenerizada en la primera mitad del verano sostienen estos n\u00fameros que, por otro lado, caen a m\u00ednimos en pasajeros debido al mantenimiento del cierre de la frontera con Marruecos. S\u00ed opera, en cambio, la l\u00ednea Algeciras-Ceuta, que, junto a las repatriaciones desde Marruecos, suman 115.000 pasajeros en julio (-88%), frente a los 900.000 que utilizaron el enlace mar\u00edtimo del Estrecho en el mismo mes del a\u00f1o pasado.<\/p>\n<p>&nbsp;<\/p>\n<p style=\"text-align: justify;\"><strong>ACUMULADO ENERO \u2013 JULIO.<\/strong> Con todo, en los siete primeros meses del a\u00f1o el puerto de Algeciras suma un tr\u00e1fico total acumulado de <strong>62\u00b48 millones de toneladas<\/strong> (-3\u00b45%), engrosado fundamentalmente por los 17\u00b41 millones de toneladas de graneles l\u00edquidos (-3\u00b475%) y 37\u00b47 millones de toneladas de mercanc\u00eda contenerizada (-0\u00b47%). El tr\u00e1fico de contenedores supera los 2\u00b49 millones de Teus (-1\u00b49%), destacando el crecimiento del tr\u00e1nsito nacional y los contenedores de importaci\u00f3n.<\/p>\n<p>&nbsp;<\/p>\n<p style=\"text-align: justify;\">El cierre de la frontera con Marruecos no afecta al tr\u00e1nsito de mercanc\u00edas entre ambos lados del Estrecho, actividad que entre enero y julio ha canalizado 217.565 camiones (-3\u00b49%), con un descenso del 35% en la l\u00ednea Algeciras-Ceuta, y un mantenimiento de la actividad en la l\u00ednea Algeciras-T\u00e1nger Med (-0\u00b41%).<\/p>\n<p>&nbsp;<\/p>\n<p style=\"text-align: justify;\"><strong>El bunkering<\/strong> supera el mill\u00f3n de toneladas (-25\u00b46%) con un destacado crecimiento del suministro de combustible en fondeo de hasta el 29%, alcanzando las 808.065 toneladas de productos. Los Graneles S\u00f3lidos se limitan a 308.177 toneladas (-58\u00b47%), mientras que la descarga de pesca fresca en lonja baja a 334 toneladas (-8\u00b46%).<\/p>\n<p>&nbsp;<\/p>\n<p><strong>FUENTE<\/strong>: EL ESTRECHO DIGITAL<\/p>\n","protected":false},"excerpt":{"rendered":"<p>El tr\u00e1fico de mercanc\u00edas en el puerto de Algeciras volvi\u00f3 a registrar niveles `preCOVID\u00b4 durante el mes de julio, con una actividad que supera los 9\u00b43 millones de toneladas (+1\u00b46%), tr\u00e1fico total que en 2020 s\u00f3lo ha sido superado en enero. La mejora de los [&hellip;]<\/p>\n","protected":false},"author":1,"featured_media":6611,"comment_status":"open","ping_status":"open","sticky":false,"template":"","format":"standard","meta":{"footnotes":""},"categories":[921],"tags":[],"class_list":["post-6610","post","type-post","status-publish","format-standard","has-post-thumbnail","hentry","category-noticias"],"yoast_head":"<!-- This site is optimized with the Yoast SEO plugin v27.4 - https:\/\/yoast.com\/product\/yoast-seo-wordpress\/ -->\n<title>El tr\u00e1fico de mercanc\u00edas del puerto de Algeciras vuelve a niveles `preCOVID\u00b4 durante el mes de julio. | COMPORT<\/title>\n<meta name=\"robots\" content=\"noindex, follow\" \/>\n<meta property=\"og:locale\" content=\"es_ES\" \/>\n<meta property=\"og:type\" content=\"article\" \/>\n<meta property=\"og:title\" content=\"El tr\u00e1fico de mercanc\u00edas del puerto de Algeciras vuelve a niveles `preCOVID\u00b4 durante el mes de julio. | COMPORT\" \/>\n<meta property=\"og:description\" content=\"El tr\u00e1fico de mercanc\u00edas en el puerto de Algeciras volvi\u00f3 a registrar niveles `preCOVID\u00b4 durante el mes de julio, con una actividad que supera los 9\u00b43 millones de toneladas (+1\u00b46%), tr\u00e1fico total que en 2020 s\u00f3lo ha sido superado en enero. La mejora de los [&hellip;]\" \/>\n<meta property=\"og:url\" content=\"https:\/\/comport.es\/index.php\/noticias\/el-trafico-de-mercancias-del-puerto-de-algeciras-vuelve-a-niveles-precovid-durante-el-mes-de-julio\/\" \/>\n<meta property=\"og:site_name\" content=\"COMPORT\" \/>\n<meta property=\"article:published_time\" content=\"2020-08-31T08:17:11+00:00\" \/>\n<meta property=\"article:modified_time\" content=\"2020-09-01T08:19:58+00:00\" \/>\n<meta property=\"og:image\" content=\"https:\/\/comport.es\/wp-content\/uploads\/2020\/09\/apmt_algeciras.jpg\" \/>\n\t<meta property=\"og:image:width\" content=\"1300\" \/>\n\t<meta property=\"og:image:height\" content=\"722\" \/>\n\t<meta property=\"og:image:type\" content=\"image\/jpeg\" \/>\n<meta name=\"author\" content=\"admincomport\" \/>\n<meta name=\"twitter:card\" content=\"summary_large_image\" \/>\n<meta name=\"twitter:label1\" content=\"Escrito por\" \/>\n\t<meta name=\"twitter:data1\" content=\"admincomport\" \/>\n\t<meta name=\"twitter:label2\" content=\"Tiempo de lectura\" \/>\n\t<meta name=\"twitter:data2\" content=\"2 minutos\" \/>\n<script type=\"application\/ld+json\" class=\"yoast-schema-graph\">{\"@context\":\"https:\\\/\\\/schema.org\",\"@graph\":[{\"@type\":\"Article\",\"@id\":\"https:\\\/\\\/comport.es\\\/index.php\\\/noticias\\\/el-trafico-de-mercancias-del-puerto-de-algeciras-vuelve-a-niveles-precovid-durante-el-mes-de-julio\\\/#article\",\"isPartOf\":{\"@id\":\"https:\\\/\\\/comport.es\\\/index.php\\\/noticias\\\/el-trafico-de-mercancias-del-puerto-de-algeciras-vuelve-a-niveles-precovid-durante-el-mes-de-julio\\\/\"},\"author\":{\"name\":\"admincomport\",\"@id\":\"https:\\\/\\\/comport.es\\\/#\\\/schema\\\/person\\\/9277649f8e04dd48c3d73bbaf2c7bebc\"},\"headline\":\"El tr\u00e1fico de mercanc\u00edas del puerto de Algeciras vuelve a niveles `preCOVID\u00b4 durante el mes de julio.\",\"datePublished\":\"2020-08-31T08:17:11+00:00\",\"dateModified\":\"2020-09-01T08:19:58+00:00\",\"mainEntityOfPage\":{\"@id\":\"https:\\\/\\\/comport.es\\\/index.php\\\/noticias\\\/el-trafico-de-mercancias-del-puerto-de-algeciras-vuelve-a-niveles-precovid-durante-el-mes-de-julio\\\/\"},\"wordCount\":327,\"commentCount\":0,\"publisher\":{\"@id\":\"https:\\\/\\\/comport.es\\\/#organization\"},\"image\":{\"@id\":\"https:\\\/\\\/comport.es\\\/index.php\\\/noticias\\\/el-trafico-de-mercancias-del-puerto-de-algeciras-vuelve-a-niveles-precovid-durante-el-mes-de-julio\\\/#primaryimage\"},\"thumbnailUrl\":\"https:\\\/\\\/comport.es\\\/wp-content\\\/uploads\\\/2020\\\/09\\\/apmt_algeciras.jpg\",\"articleSection\":[\"Noticias\"],\"inLanguage\":\"es\",\"potentialAction\":[{\"@type\":\"CommentAction\",\"name\":\"Comment\",\"target\":[\"https:\\\/\\\/comport.es\\\/index.php\\\/noticias\\\/el-trafico-de-mercancias-del-puerto-de-algeciras-vuelve-a-niveles-precovid-durante-el-mes-de-julio\\\/#respond\"]}]},{\"@type\":\"WebPage\",\"@id\":\"https:\\\/\\\/comport.es\\\/index.php\\\/noticias\\\/el-trafico-de-mercancias-del-puerto-de-algeciras-vuelve-a-niveles-precovid-durante-el-mes-de-julio\\\/\",\"url\":\"https:\\\/\\\/comport.es\\\/index.php\\\/noticias\\\/el-trafico-de-mercancias-del-puerto-de-algeciras-vuelve-a-niveles-precovid-durante-el-mes-de-julio\\\/\",\"name\":\"El tr\u00e1fico de mercanc\u00edas del puerto de Algeciras vuelve a niveles `preCOVID\u00b4 durante el mes de julio. | COMPORT\",\"isPartOf\":{\"@id\":\"https:\\\/\\\/comport.es\\\/#website\"},\"primaryImageOfPage\":{\"@id\":\"https:\\\/\\\/comport.es\\\/index.php\\\/noticias\\\/el-trafico-de-mercancias-del-puerto-de-algeciras-vuelve-a-niveles-precovid-durante-el-mes-de-julio\\\/#primaryimage\"},\"image\":{\"@id\":\"https:\\\/\\\/comport.es\\\/index.php\\\/noticias\\\/el-trafico-de-mercancias-del-puerto-de-algeciras-vuelve-a-niveles-precovid-durante-el-mes-de-julio\\\/#primaryimage\"},\"thumbnailUrl\":\"https:\\\/\\\/comport.es\\\/wp-content\\\/uploads\\\/2020\\\/09\\\/apmt_algeciras.jpg\",\"datePublished\":\"2020-08-31T08:17:11+00:00\",\"dateModified\":\"2020-09-01T08:19:58+00:00\",\"breadcrumb\":{\"@id\":\"https:\\\/\\\/comport.es\\\/index.php\\\/noticias\\\/el-trafico-de-mercancias-del-puerto-de-algeciras-vuelve-a-niveles-precovid-durante-el-mes-de-julio\\\/#breadcrumb\"},\"inLanguage\":\"es\",\"potentialAction\":[{\"@type\":\"ReadAction\",\"target\":[\"https:\\\/\\\/comport.es\\\/index.php\\\/noticias\\\/el-trafico-de-mercancias-del-puerto-de-algeciras-vuelve-a-niveles-precovid-durante-el-mes-de-julio\\\/\"]}]},{\"@type\":\"ImageObject\",\"inLanguage\":\"es\",\"@id\":\"https:\\\/\\\/comport.es\\\/index.php\\\/noticias\\\/el-trafico-de-mercancias-del-puerto-de-algeciras-vuelve-a-niveles-precovid-durante-el-mes-de-julio\\\/#primaryimage\",\"url\":\"https:\\\/\\\/comport.es\\\/wp-content\\\/uploads\\\/2020\\\/09\\\/apmt_algeciras.jpg\",\"contentUrl\":\"https:\\\/\\\/comport.es\\\/wp-content\\\/uploads\\\/2020\\\/09\\\/apmt_algeciras.jpg\",\"width\":1300,\"height\":722},{\"@type\":\"BreadcrumbList\",\"@id\":\"https:\\\/\\\/comport.es\\\/index.php\\\/noticias\\\/el-trafico-de-mercancias-del-puerto-de-algeciras-vuelve-a-niveles-precovid-durante-el-mes-de-julio\\\/#breadcrumb\",\"itemListElement\":[{\"@type\":\"ListItem\",\"position\":1,\"name\":\"Portada\",\"item\":\"https:\\\/\\\/comport.es\\\/\"},{\"@type\":\"ListItem\",\"position\":2,\"name\":\"El tr\u00e1fico de mercanc\u00edas del puerto de Algeciras vuelve a niveles `preCOVID\u00b4 durante el mes de julio.\"}]},{\"@type\":\"WebSite\",\"@id\":\"https:\\\/\\\/comport.es\\\/#website\",\"url\":\"https:\\\/\\\/comport.es\\\/\",\"name\":\"COMPORT\",\"description\":\"Port Community of Algeciras Bay\",\"publisher\":{\"@id\":\"https:\\\/\\\/comport.es\\\/#organization\"},\"potentialAction\":[{\"@type\":\"SearchAction\",\"target\":{\"@type\":\"EntryPoint\",\"urlTemplate\":\"https:\\\/\\\/comport.es\\\/?s={search_term_string}\"},\"query-input\":{\"@type\":\"PropertyValueSpecification\",\"valueRequired\":true,\"valueName\":\"search_term_string\"}}],\"inLanguage\":\"es\"},{\"@type\":\"Organization\",\"@id\":\"https:\\\/\\\/comport.es\\\/#organization\",\"name\":\"ALGECIRAS PORT COMMUNITY - COMPORT\",\"url\":\"https:\\\/\\\/comport.es\\\/\",\"logo\":{\"@type\":\"ImageObject\",\"inLanguage\":\"es\",\"@id\":\"https:\\\/\\\/comport.es\\\/#\\\/schema\\\/logo\\\/image\\\/\",\"url\":\"https:\\\/\\\/comport.es\\\/wp-content\\\/uploads\\\/2020\\\/10\\\/logo_comport_20m.png\",\"contentUrl\":\"https:\\\/\\\/comport.es\\\/wp-content\\\/uploads\\\/2020\\\/10\\\/logo_comport_20m.png\",\"width\":600,\"height\":170,\"caption\":\"ALGECIRAS PORT COMMUNITY - COMPORT\"},\"image\":{\"@id\":\"https:\\\/\\\/comport.es\\\/#\\\/schema\\\/logo\\\/image\\\/\"}},{\"@type\":\"Person\",\"@id\":\"https:\\\/\\\/comport.es\\\/#\\\/schema\\\/person\\\/9277649f8e04dd48c3d73bbaf2c7bebc\",\"name\":\"admincomport\"}]}<\/script>\n<!-- \/ Yoast SEO plugin. -->","yoast_head_json":{"title":"El tr\u00e1fico de mercanc\u00edas del puerto de Algeciras vuelve a niveles `preCOVID\u00b4 durante el mes de julio. | COMPORT","robots":{"index":"noindex","follow":"follow"},"og_locale":"es_ES","og_type":"article","og_title":"El tr\u00e1fico de mercanc\u00edas del puerto de Algeciras vuelve a niveles `preCOVID\u00b4 durante el mes de julio. | COMPORT","og_description":"El tr\u00e1fico de mercanc\u00edas en el puerto de Algeciras volvi\u00f3 a registrar niveles `preCOVID\u00b4 durante el mes de julio, con una actividad que supera los 9\u00b43 millones de toneladas (+1\u00b46%), tr\u00e1fico total que en 2020 s\u00f3lo ha sido superado en enero. La mejora de los [&hellip;]","og_url":"https:\/\/comport.es\/index.php\/noticias\/el-trafico-de-mercancias-del-puerto-de-algeciras-vuelve-a-niveles-precovid-durante-el-mes-de-julio\/","og_site_name":"COMPORT","article_published_time":"2020-08-31T08:17:11+00:00","article_modified_time":"2020-09-01T08:19:58+00:00","og_image":[{"width":1300,"height":722,"url":"https:\/\/comport.es\/wp-content\/uploads\/2020\/09\/apmt_algeciras.jpg","type":"image\/jpeg"}],"author":"admincomport","twitter_card":"summary_large_image","twitter_misc":{"Escrito por":"admincomport","Tiempo de lectura":"2 minutos"},"schema":{"@context":"https:\/\/schema.org","@graph":[{"@type":"Article","@id":"https:\/\/comport.es\/index.php\/noticias\/el-trafico-de-mercancias-del-puerto-de-algeciras-vuelve-a-niveles-precovid-durante-el-mes-de-julio\/#article","isPartOf":{"@id":"https:\/\/comport.es\/index.php\/noticias\/el-trafico-de-mercancias-del-puerto-de-algeciras-vuelve-a-niveles-precovid-durante-el-mes-de-julio\/"},"author":{"name":"admincomport","@id":"https:\/\/comport.es\/#\/schema\/person\/9277649f8e04dd48c3d73bbaf2c7bebc"},"headline":"El tr\u00e1fico de mercanc\u00edas del puerto de Algeciras vuelve a niveles `preCOVID\u00b4 durante el mes de julio.","datePublished":"2020-08-31T08:17:11+00:00","dateModified":"2020-09-01T08:19:58+00:00","mainEntityOfPage":{"@id":"https:\/\/comport.es\/index.php\/noticias\/el-trafico-de-mercancias-del-puerto-de-algeciras-vuelve-a-niveles-precovid-durante-el-mes-de-julio\/"},"wordCount":327,"commentCount":0,"publisher":{"@id":"https:\/\/comport.es\/#organization"},"image":{"@id":"https:\/\/comport.es\/index.php\/noticias\/el-trafico-de-mercancias-del-puerto-de-algeciras-vuelve-a-niveles-precovid-durante-el-mes-de-julio\/#primaryimage"},"thumbnailUrl":"https:\/\/comport.es\/wp-content\/uploads\/2020\/09\/apmt_algeciras.jpg","articleSection":["Noticias"],"inLanguage":"es","potentialAction":[{"@type":"CommentAction","name":"Comment","target":["https:\/\/comport.es\/index.php\/noticias\/el-trafico-de-mercancias-del-puerto-de-algeciras-vuelve-a-niveles-precovid-durante-el-mes-de-julio\/#respond"]}]},{"@type":"WebPage","@id":"https:\/\/comport.es\/index.php\/noticias\/el-trafico-de-mercancias-del-puerto-de-algeciras-vuelve-a-niveles-precovid-durante-el-mes-de-julio\/","url":"https:\/\/comport.es\/index.php\/noticias\/el-trafico-de-mercancias-del-puerto-de-algeciras-vuelve-a-niveles-precovid-durante-el-mes-de-julio\/","name":"El tr\u00e1fico de mercanc\u00edas del puerto de Algeciras vuelve a niveles `preCOVID\u00b4 durante el mes de julio. | COMPORT","isPartOf":{"@id":"https:\/\/comport.es\/#website"},"primaryImageOfPage":{"@id":"https:\/\/comport.es\/index.php\/noticias\/el-trafico-de-mercancias-del-puerto-de-algeciras-vuelve-a-niveles-precovid-durante-el-mes-de-julio\/#primaryimage"},"image":{"@id":"https:\/\/comport.es\/index.php\/noticias\/el-trafico-de-mercancias-del-puerto-de-algeciras-vuelve-a-niveles-precovid-durante-el-mes-de-julio\/#primaryimage"},"thumbnailUrl":"https:\/\/comport.es\/wp-content\/uploads\/2020\/09\/apmt_algeciras.jpg","datePublished":"2020-08-31T08:17:11+00:00","dateModified":"2020-09-01T08:19:58+00:00","breadcrumb":{"@id":"https:\/\/comport.es\/index.php\/noticias\/el-trafico-de-mercancias-del-puerto-de-algeciras-vuelve-a-niveles-precovid-durante-el-mes-de-julio\/#breadcrumb"},"inLanguage":"es","potentialAction":[{"@type":"ReadAction","target":["https:\/\/comport.es\/index.php\/noticias\/el-trafico-de-mercancias-del-puerto-de-algeciras-vuelve-a-niveles-precovid-durante-el-mes-de-julio\/"]}]},{"@type":"ImageObject","inLanguage":"es","@id":"https:\/\/comport.es\/index.php\/noticias\/el-trafico-de-mercancias-del-puerto-de-algeciras-vuelve-a-niveles-precovid-durante-el-mes-de-julio\/#primaryimage","url":"https:\/\/comport.es\/wp-content\/uploads\/2020\/09\/apmt_algeciras.jpg","contentUrl":"https:\/\/comport.es\/wp-content\/uploads\/2020\/09\/apmt_algeciras.jpg","width":1300,"height":722},{"@type":"BreadcrumbList","@id":"https:\/\/comport.es\/index.php\/noticias\/el-trafico-de-mercancias-del-puerto-de-algeciras-vuelve-a-niveles-precovid-durante-el-mes-de-julio\/#breadcrumb","itemListElement":[{"@type":"ListItem","position":1,"name":"Portada","item":"https:\/\/comport.es\/"},{"@type":"ListItem","position":2,"name":"El tr\u00e1fico de mercanc\u00edas del puerto de Algeciras vuelve a niveles `preCOVID\u00b4 durante el mes de julio."}]},{"@type":"WebSite","@id":"https:\/\/comport.es\/#website","url":"https:\/\/comport.es\/","name":"COMPORT","description":"Port Community of Algeciras Bay","publisher":{"@id":"https:\/\/comport.es\/#organization"},"potentialAction":[{"@type":"SearchAction","target":{"@type":"EntryPoint","urlTemplate":"https:\/\/comport.es\/?s={search_term_string}"},"query-input":{"@type":"PropertyValueSpecification","valueRequired":true,"valueName":"search_term_string"}}],"inLanguage":"es"},{"@type":"Organization","@id":"https:\/\/comport.es\/#organization","name":"ALGECIRAS PORT COMMUNITY - COMPORT","url":"https:\/\/comport.es\/","logo":{"@type":"ImageObject","inLanguage":"es","@id":"https:\/\/comport.es\/#\/schema\/logo\/image\/","url":"https:\/\/comport.es\/wp-content\/uploads\/2020\/10\/logo_comport_20m.png","contentUrl":"https:\/\/comport.es\/wp-content\/uploads\/2020\/10\/logo_comport_20m.png","width":600,"height":170,"caption":"ALGECIRAS PORT COMMUNITY - COMPORT"},"image":{"@id":"https:\/\/comport.es\/#\/schema\/logo\/image\/"}},{"@type":"Person","@id":"https:\/\/comport.es\/#\/schema\/person\/9277649f8e04dd48c3d73bbaf2c7bebc","name":"admincomport"}]}},"_links":{"self":[{"href":"https:\/\/comport.es\/index.php\/wp-json\/wp\/v2\/posts\/6610","targetHints":{"allow":["GET"]}}],"collection":[{"href":"https:\/\/comport.es\/index.php\/wp-json\/wp\/v2\/posts"}],"about":[{"href":"https:\/\/comport.es\/index.php\/wp-json\/wp\/v2\/types\/post"}],"author":[{"embeddable":true,"href":"https:\/\/comport.es\/index.php\/wp-json\/wp\/v2\/users\/1"}],"replies":[{"embeddable":true,"href":"https:\/\/comport.es\/index.php\/wp-json\/wp\/v2\/comments?post=6610"}],"version-history":[{"count":1,"href":"https:\/\/comport.es\/index.php\/wp-json\/wp\/v2\/posts\/6610\/revisions"}],"predecessor-version":[{"id":6612,"href":"https:\/\/comport.es\/index.php\/wp-json\/wp\/v2\/posts\/6610\/revisions\/6612"}],"wp:featuredmedia":[{"embeddable":true,"href":"https:\/\/comport.es\/index.php\/wp-json\/wp\/v2\/media\/6611"}],"wp:attachment":[{"href":"https:\/\/comport.es\/index.php\/wp-json\/wp\/v2\/media?parent=6610"}],"wp:term":[{"taxonomy":"category","embeddable":true,"href":"https:\/\/comport.es\/index.php\/wp-json\/wp\/v2\/categories?post=6610"},{"taxonomy":"post_tag","embeddable":true,"href":"https:\/\/comport.es\/index.php\/wp-json\/wp\/v2\/tags?post=6610"}],"curies":[{"name":"wp","href":"https:\/\/api.w.org\/{rel}","templated":true}]}}