{"id":6601,"date":"2020-06-05T06:45:22","date_gmt":"2020-06-05T06:45:22","guid":{"rendered":"http:\/\/comport.es\/?p=6601"},"modified":"2020-06-12T06:49:22","modified_gmt":"2020-06-12T06:49:22","slug":"comport-se-reprograma-ante-los-efectos-del-covid19","status":"publish","type":"post","link":"https:\/\/comport.es\/index.php\/noticias\/comport-se-reprograma-ante-los-efectos-del-covid19\/","title":{"rendered":"COMPORT \u00abse reprograma\u00bb ante los efectos del COVID19"},"content":{"rendered":"<p style=\"text-align: justify;\"><span style=\"font-size: 14pt;\"><strong>Se ha acordado posponer la celebraci\u00f3n de sus asambleas, tanto la General Ordinaria como la Extraordinaria<\/strong><\/span><\/p>\n<p style=\"text-align: justify;\">La junta directiva de COMPORT (Comunidad Portuaria de la Bah\u00eda de Algeciras) ha retomado diversos asuntos que se vieron interrumpidos como consecuencia de la crisis sanitaria provocada por el COVID19 y como consecuencia de la declaraci\u00f3n del estado de alarma por parte del Gobierno. En este sentido la junta directiva de COMPORT ha acordado posponer la celebraci\u00f3n de sus asambleas, tanto la General Ordinaria como la Extraordinaria, hasta despu\u00e9s de los meses de verano, en una fecha que se determinar\u00e1 en la primera reuni\u00f3n del mes de Septiembre. Durante la reuni\u00f3n celebrada en la sede de la C\u00e1mara de Comercio del Campo de GIbraltar se revis\u00f3 la programaci\u00f3n comercial prevista, inevitablemente sujeta a la evoluci\u00f3n de la situaci\u00f3n sanitaria mundial.<\/p>\n<p>Exposiciones internacionales habituales en el calendario comercial tales como Breakbulk Europe o Posidonia Atenas aplazan su celebraci\u00f3n al segundo semestre del a\u00f1o, mientras que otras ferias como SMM Hamburgo se reprograman al pr\u00f3ximo a\u00f1o. Adem\u00e1s de las ferias, el calendario comercial contempla el desarrollo de acciones directas que igualmente ven condicionada su celebraci\u00f3n durante este a\u00f1o. En este sentido la reuni\u00f3n sirvi\u00f3 de debate para reflexionar e intercambiar impresiones sobre la necesidad de adaptaci\u00f3n de la labor comercial a la situaci\u00f3n y nuevos tiempos, debiendo replantear y complementar el modelo tradicional de promoci\u00f3n comercial sujeto a desplazamientos, al haberse visto fuertemente sacudido por la situaci\u00f3n sanitaria actual.<\/p>\n<p>&nbsp;<\/p>\n<p><strong>FUENTE:<\/strong> EL ESTRECHO DIGITAL<\/p>\n","protected":false},"excerpt":{"rendered":"<p>Se ha acordado posponer la celebraci\u00f3n de sus asambleas, tanto la General Ordinaria como la Extraordinaria La junta directiva de COMPORT (Comunidad Portuaria de la Bah\u00eda de Algeciras) ha retomado diversos asuntos que se vieron interrumpidos como consecuencia de la crisis sanitaria provocada por el [&hellip;]<\/p>\n","protected":false},"author":1,"featured_media":6600,"comment_status":"open","ping_status":"open","sticky":false,"template":"","format":"standard","meta":{"footnotes":""},"categories":[921],"tags":[],"class_list":["post-6601","post","type-post","status-publish","format-standard","has-post-thumbnail","hentry","category-noticias"],"yoast_head":"<!-- This site is optimized with the Yoast SEO plugin v27.4 - https:\/\/yoast.com\/product\/yoast-seo-wordpress\/ -->\n<title>COMPORT \u00abse reprograma\u00bb ante los efectos del COVID19 | COMPORT<\/title>\n<meta name=\"robots\" content=\"noindex, follow\" \/>\n<meta property=\"og:locale\" content=\"es_ES\" \/>\n<meta property=\"og:type\" content=\"article\" \/>\n<meta property=\"og:title\" content=\"COMPORT \u00abse reprograma\u00bb ante los efectos del COVID19 | COMPORT\" \/>\n<meta property=\"og:description\" content=\"Se ha acordado posponer la celebraci\u00f3n de sus asambleas, tanto la General Ordinaria como la Extraordinaria La junta directiva de COMPORT (Comunidad Portuaria de la Bah\u00eda de Algeciras) ha retomado diversos asuntos que se vieron interrumpidos como consecuencia de la crisis sanitaria provocada por el [&hellip;]\" \/>\n<meta property=\"og:url\" content=\"https:\/\/comport.es\/index.php\/noticias\/comport-se-reprograma-ante-los-efectos-del-covid19\/\" \/>\n<meta property=\"og:site_name\" content=\"COMPORT\" \/>\n<meta property=\"article:published_time\" content=\"2020-06-05T06:45:22+00:00\" \/>\n<meta property=\"article:modified_time\" content=\"2020-06-12T06:49:22+00:00\" \/>\n<meta property=\"og:image\" content=\"https:\/\/comport.es\/wp-content\/uploads\/2020\/06\/junta_comport.jpg\" \/>\n\t<meta property=\"og:image:width\" content=\"1600\" \/>\n\t<meta property=\"og:image:height\" content=\"683\" \/>\n\t<meta property=\"og:image:type\" content=\"image\/jpeg\" \/>\n<meta name=\"author\" content=\"admincomport\" \/>\n<meta name=\"twitter:card\" content=\"summary_large_image\" \/>\n<meta name=\"twitter:label1\" content=\"Escrito por\" \/>\n\t<meta name=\"twitter:data1\" content=\"admincomport\" \/>\n\t<meta name=\"twitter:label2\" content=\"Tiempo de lectura\" \/>\n\t<meta name=\"twitter:data2\" content=\"1 minuto\" \/>\n<script type=\"application\/ld+json\" class=\"yoast-schema-graph\">{\"@context\":\"https:\\\/\\\/schema.org\",\"@graph\":[{\"@type\":\"Article\",\"@id\":\"https:\\\/\\\/comport.es\\\/index.php\\\/noticias\\\/comport-se-reprograma-ante-los-efectos-del-covid19\\\/#article\",\"isPartOf\":{\"@id\":\"https:\\\/\\\/comport.es\\\/index.php\\\/noticias\\\/comport-se-reprograma-ante-los-efectos-del-covid19\\\/\"},\"author\":{\"name\":\"admincomport\",\"@id\":\"https:\\\/\\\/comport.es\\\/#\\\/schema\\\/person\\\/9277649f8e04dd48c3d73bbaf2c7bebc\"},\"headline\":\"COMPORT \u00abse reprograma\u00bb ante los efectos del COVID19\",\"datePublished\":\"2020-06-05T06:45:22+00:00\",\"dateModified\":\"2020-06-12T06:49:22+00:00\",\"mainEntityOfPage\":{\"@id\":\"https:\\\/\\\/comport.es\\\/index.php\\\/noticias\\\/comport-se-reprograma-ante-los-efectos-del-covid19\\\/\"},\"wordCount\":279,\"commentCount\":0,\"publisher\":{\"@id\":\"https:\\\/\\\/comport.es\\\/#organization\"},\"image\":{\"@id\":\"https:\\\/\\\/comport.es\\\/index.php\\\/noticias\\\/comport-se-reprograma-ante-los-efectos-del-covid19\\\/#primaryimage\"},\"thumbnailUrl\":\"https:\\\/\\\/comport.es\\\/wp-content\\\/uploads\\\/2020\\\/06\\\/junta_comport.jpg\",\"articleSection\":[\"Noticias\"],\"inLanguage\":\"es\",\"potentialAction\":[{\"@type\":\"CommentAction\",\"name\":\"Comment\",\"target\":[\"https:\\\/\\\/comport.es\\\/index.php\\\/noticias\\\/comport-se-reprograma-ante-los-efectos-del-covid19\\\/#respond\"]}]},{\"@type\":\"WebPage\",\"@id\":\"https:\\\/\\\/comport.es\\\/index.php\\\/noticias\\\/comport-se-reprograma-ante-los-efectos-del-covid19\\\/\",\"url\":\"https:\\\/\\\/comport.es\\\/index.php\\\/noticias\\\/comport-se-reprograma-ante-los-efectos-del-covid19\\\/\",\"name\":\"COMPORT \u00abse reprograma\u00bb ante los efectos del COVID19 | COMPORT\",\"isPartOf\":{\"@id\":\"https:\\\/\\\/comport.es\\\/#website\"},\"primaryImageOfPage\":{\"@id\":\"https:\\\/\\\/comport.es\\\/index.php\\\/noticias\\\/comport-se-reprograma-ante-los-efectos-del-covid19\\\/#primaryimage\"},\"image\":{\"@id\":\"https:\\\/\\\/comport.es\\\/index.php\\\/noticias\\\/comport-se-reprograma-ante-los-efectos-del-covid19\\\/#primaryimage\"},\"thumbnailUrl\":\"https:\\\/\\\/comport.es\\\/wp-content\\\/uploads\\\/2020\\\/06\\\/junta_comport.jpg\",\"datePublished\":\"2020-06-05T06:45:22+00:00\",\"dateModified\":\"2020-06-12T06:49:22+00:00\",\"breadcrumb\":{\"@id\":\"https:\\\/\\\/comport.es\\\/index.php\\\/noticias\\\/comport-se-reprograma-ante-los-efectos-del-covid19\\\/#breadcrumb\"},\"inLanguage\":\"es\",\"potentialAction\":[{\"@type\":\"ReadAction\",\"target\":[\"https:\\\/\\\/comport.es\\\/index.php\\\/noticias\\\/comport-se-reprograma-ante-los-efectos-del-covid19\\\/\"]}]},{\"@type\":\"ImageObject\",\"inLanguage\":\"es\",\"@id\":\"https:\\\/\\\/comport.es\\\/index.php\\\/noticias\\\/comport-se-reprograma-ante-los-efectos-del-covid19\\\/#primaryimage\",\"url\":\"https:\\\/\\\/comport.es\\\/wp-content\\\/uploads\\\/2020\\\/06\\\/junta_comport.jpg\",\"contentUrl\":\"https:\\\/\\\/comport.es\\\/wp-content\\\/uploads\\\/2020\\\/06\\\/junta_comport.jpg\",\"width\":1600,\"height\":683},{\"@type\":\"BreadcrumbList\",\"@id\":\"https:\\\/\\\/comport.es\\\/index.php\\\/noticias\\\/comport-se-reprograma-ante-los-efectos-del-covid19\\\/#breadcrumb\",\"itemListElement\":[{\"@type\":\"ListItem\",\"position\":1,\"name\":\"Portada\",\"item\":\"https:\\\/\\\/comport.es\\\/\"},{\"@type\":\"ListItem\",\"position\":2,\"name\":\"COMPORT \u00abse reprograma\u00bb ante los efectos del COVID19\"}]},{\"@type\":\"WebSite\",\"@id\":\"https:\\\/\\\/comport.es\\\/#website\",\"url\":\"https:\\\/\\\/comport.es\\\/\",\"name\":\"COMPORT\",\"description\":\"Port Community of Algeciras Bay\",\"publisher\":{\"@id\":\"https:\\\/\\\/comport.es\\\/#organization\"},\"potentialAction\":[{\"@type\":\"SearchAction\",\"target\":{\"@type\":\"EntryPoint\",\"urlTemplate\":\"https:\\\/\\\/comport.es\\\/?s={search_term_string}\"},\"query-input\":{\"@type\":\"PropertyValueSpecification\",\"valueRequired\":true,\"valueName\":\"search_term_string\"}}],\"inLanguage\":\"es\"},{\"@type\":\"Organization\",\"@id\":\"https:\\\/\\\/comport.es\\\/#organization\",\"name\":\"ALGECIRAS PORT COMMUNITY - COMPORT\",\"url\":\"https:\\\/\\\/comport.es\\\/\",\"logo\":{\"@type\":\"ImageObject\",\"inLanguage\":\"es\",\"@id\":\"https:\\\/\\\/comport.es\\\/#\\\/schema\\\/logo\\\/image\\\/\",\"url\":\"https:\\\/\\\/comport.es\\\/wp-content\\\/uploads\\\/2020\\\/10\\\/logo_comport_20m.png\",\"contentUrl\":\"https:\\\/\\\/comport.es\\\/wp-content\\\/uploads\\\/2020\\\/10\\\/logo_comport_20m.png\",\"width\":600,\"height\":170,\"caption\":\"ALGECIRAS PORT COMMUNITY - COMPORT\"},\"image\":{\"@id\":\"https:\\\/\\\/comport.es\\\/#\\\/schema\\\/logo\\\/image\\\/\"}},{\"@type\":\"Person\",\"@id\":\"https:\\\/\\\/comport.es\\\/#\\\/schema\\\/person\\\/9277649f8e04dd48c3d73bbaf2c7bebc\",\"name\":\"admincomport\"}]}<\/script>\n<!-- \/ Yoast SEO plugin. -->","yoast_head_json":{"title":"COMPORT \u00abse reprograma\u00bb ante los efectos del COVID19 | COMPORT","robots":{"index":"noindex","follow":"follow"},"og_locale":"es_ES","og_type":"article","og_title":"COMPORT \u00abse reprograma\u00bb ante los efectos del COVID19 | COMPORT","og_description":"Se ha acordado posponer la celebraci\u00f3n de sus asambleas, tanto la General Ordinaria como la Extraordinaria La junta directiva de COMPORT (Comunidad Portuaria de la Bah\u00eda de Algeciras) ha retomado diversos asuntos que se vieron interrumpidos como consecuencia de la crisis sanitaria provocada por el [&hellip;]","og_url":"https:\/\/comport.es\/index.php\/noticias\/comport-se-reprograma-ante-los-efectos-del-covid19\/","og_site_name":"COMPORT","article_published_time":"2020-06-05T06:45:22+00:00","article_modified_time":"2020-06-12T06:49:22+00:00","og_image":[{"width":1600,"height":683,"url":"https:\/\/comport.es\/wp-content\/uploads\/2020\/06\/junta_comport.jpg","type":"image\/jpeg"}],"author":"admincomport","twitter_card":"summary_large_image","twitter_misc":{"Escrito por":"admincomport","Tiempo de lectura":"1 minuto"},"schema":{"@context":"https:\/\/schema.org","@graph":[{"@type":"Article","@id":"https:\/\/comport.es\/index.php\/noticias\/comport-se-reprograma-ante-los-efectos-del-covid19\/#article","isPartOf":{"@id":"https:\/\/comport.es\/index.php\/noticias\/comport-se-reprograma-ante-los-efectos-del-covid19\/"},"author":{"name":"admincomport","@id":"https:\/\/comport.es\/#\/schema\/person\/9277649f8e04dd48c3d73bbaf2c7bebc"},"headline":"COMPORT \u00abse reprograma\u00bb ante los efectos del COVID19","datePublished":"2020-06-05T06:45:22+00:00","dateModified":"2020-06-12T06:49:22+00:00","mainEntityOfPage":{"@id":"https:\/\/comport.es\/index.php\/noticias\/comport-se-reprograma-ante-los-efectos-del-covid19\/"},"wordCount":279,"commentCount":0,"publisher":{"@id":"https:\/\/comport.es\/#organization"},"image":{"@id":"https:\/\/comport.es\/index.php\/noticias\/comport-se-reprograma-ante-los-efectos-del-covid19\/#primaryimage"},"thumbnailUrl":"https:\/\/comport.es\/wp-content\/uploads\/2020\/06\/junta_comport.jpg","articleSection":["Noticias"],"inLanguage":"es","potentialAction":[{"@type":"CommentAction","name":"Comment","target":["https:\/\/comport.es\/index.php\/noticias\/comport-se-reprograma-ante-los-efectos-del-covid19\/#respond"]}]},{"@type":"WebPage","@id":"https:\/\/comport.es\/index.php\/noticias\/comport-se-reprograma-ante-los-efectos-del-covid19\/","url":"https:\/\/comport.es\/index.php\/noticias\/comport-se-reprograma-ante-los-efectos-del-covid19\/","name":"COMPORT \u00abse reprograma\u00bb ante los efectos del COVID19 | COMPORT","isPartOf":{"@id":"https:\/\/comport.es\/#website"},"primaryImageOfPage":{"@id":"https:\/\/comport.es\/index.php\/noticias\/comport-se-reprograma-ante-los-efectos-del-covid19\/#primaryimage"},"image":{"@id":"https:\/\/comport.es\/index.php\/noticias\/comport-se-reprograma-ante-los-efectos-del-covid19\/#primaryimage"},"thumbnailUrl":"https:\/\/comport.es\/wp-content\/uploads\/2020\/06\/junta_comport.jpg","datePublished":"2020-06-05T06:45:22+00:00","dateModified":"2020-06-12T06:49:22+00:00","breadcrumb":{"@id":"https:\/\/comport.es\/index.php\/noticias\/comport-se-reprograma-ante-los-efectos-del-covid19\/#breadcrumb"},"inLanguage":"es","potentialAction":[{"@type":"ReadAction","target":["https:\/\/comport.es\/index.php\/noticias\/comport-se-reprograma-ante-los-efectos-del-covid19\/"]}]},{"@type":"ImageObject","inLanguage":"es","@id":"https:\/\/comport.es\/index.php\/noticias\/comport-se-reprograma-ante-los-efectos-del-covid19\/#primaryimage","url":"https:\/\/comport.es\/wp-content\/uploads\/2020\/06\/junta_comport.jpg","contentUrl":"https:\/\/comport.es\/wp-content\/uploads\/2020\/06\/junta_comport.jpg","width":1600,"height":683},{"@type":"BreadcrumbList","@id":"https:\/\/comport.es\/index.php\/noticias\/comport-se-reprograma-ante-los-efectos-del-covid19\/#breadcrumb","itemListElement":[{"@type":"ListItem","position":1,"name":"Portada","item":"https:\/\/comport.es\/"},{"@type":"ListItem","position":2,"name":"COMPORT \u00abse reprograma\u00bb ante los efectos del COVID19"}]},{"@type":"WebSite","@id":"https:\/\/comport.es\/#website","url":"https:\/\/comport.es\/","name":"COMPORT","description":"Port Community of Algeciras Bay","publisher":{"@id":"https:\/\/comport.es\/#organization"},"potentialAction":[{"@type":"SearchAction","target":{"@type":"EntryPoint","urlTemplate":"https:\/\/comport.es\/?s={search_term_string}"},"query-input":{"@type":"PropertyValueSpecification","valueRequired":true,"valueName":"search_term_string"}}],"inLanguage":"es"},{"@type":"Organization","@id":"https:\/\/comport.es\/#organization","name":"ALGECIRAS PORT COMMUNITY - COMPORT","url":"https:\/\/comport.es\/","logo":{"@type":"ImageObject","inLanguage":"es","@id":"https:\/\/comport.es\/#\/schema\/logo\/image\/","url":"https:\/\/comport.es\/wp-content\/uploads\/2020\/10\/logo_comport_20m.png","contentUrl":"https:\/\/comport.es\/wp-content\/uploads\/2020\/10\/logo_comport_20m.png","width":600,"height":170,"caption":"ALGECIRAS PORT COMMUNITY - COMPORT"},"image":{"@id":"https:\/\/comport.es\/#\/schema\/logo\/image\/"}},{"@type":"Person","@id":"https:\/\/comport.es\/#\/schema\/person\/9277649f8e04dd48c3d73bbaf2c7bebc","name":"admincomport"}]}},"_links":{"self":[{"href":"https:\/\/comport.es\/index.php\/wp-json\/wp\/v2\/posts\/6601","targetHints":{"allow":["GET"]}}],"collection":[{"href":"https:\/\/comport.es\/index.php\/wp-json\/wp\/v2\/posts"}],"about":[{"href":"https:\/\/comport.es\/index.php\/wp-json\/wp\/v2\/types\/post"}],"author":[{"embeddable":true,"href":"https:\/\/comport.es\/index.php\/wp-json\/wp\/v2\/users\/1"}],"replies":[{"embeddable":true,"href":"https:\/\/comport.es\/index.php\/wp-json\/wp\/v2\/comments?post=6601"}],"version-history":[{"count":2,"href":"https:\/\/comport.es\/index.php\/wp-json\/wp\/v2\/posts\/6601\/revisions"}],"predecessor-version":[{"id":6603,"href":"https:\/\/comport.es\/index.php\/wp-json\/wp\/v2\/posts\/6601\/revisions\/6603"}],"wp:featuredmedia":[{"embeddable":true,"href":"https:\/\/comport.es\/index.php\/wp-json\/wp\/v2\/media\/6600"}],"wp:attachment":[{"href":"https:\/\/comport.es\/index.php\/wp-json\/wp\/v2\/media?parent=6601"}],"wp:term":[{"taxonomy":"category","embeddable":true,"href":"https:\/\/comport.es\/index.php\/wp-json\/wp\/v2\/categories?post=6601"},{"taxonomy":"post_tag","embeddable":true,"href":"https:\/\/comport.es\/index.php\/wp-json\/wp\/v2\/tags?post=6601"}],"curies":[{"name":"wp","href":"https:\/\/api.w.org\/{rel}","templated":true}]}}