{"id":6587,"date":"2020-04-24T16:57:31","date_gmt":"2020-04-24T16:57:31","guid":{"rendered":"http:\/\/comport.es\/?p=6587"},"modified":"2020-04-29T17:00:38","modified_gmt":"2020-04-29T17:00:38","slug":"al-puerto-de-algeciras-no-lo-para-ni-el-coronavirus","status":"publish","type":"post","link":"https:\/\/comport.es\/index.php\/noticias\/al-puerto-de-algeciras-no-lo-para-ni-el-coronavirus\/","title":{"rendered":"Al puerto de Algeciras no lo para ni el coronavirus"},"content":{"rendered":"<h3><strong>La d\u00e1rsena de la Bah\u00eda sigue creciendo un 0\u00b47% a pesar de la situaci\u00f3n de crisis sanitaria<\/strong><\/h3>\n<p style=\"text-align: justify;\">El Puerto de Algeciras ha cerrado el primer trimestre de 2020 en positivo, sumando un Tr\u00e1fico Total de 27\u00b43 millones de toneladas de mercanc\u00edas, lo que supone un crecimiento del 0\u00b47% respecto al mismo periodo del a\u00f1o anterior. El buen comportamiento de los dos primeros meses del a\u00f1o compensa el descenso -en un 10%- del Tr\u00e1fico Total en el mes de marzo, lastrado fundamentalmente por el descenso en un 20% de los Graneles, en especial, la descarga de crudo, que se ha reducido en un 32%.<\/p>\n<p style=\"text-align: justify;\"><span style=\"font-size: 14pt;\"><strong><em>El Tr\u00e1fico de Contenedores sigue imparable en ambas terminales del Puerto de Algeciras<\/em><\/strong><\/span><\/p>\n<p style=\"text-align: justify;\">El Tr\u00e1fico de Contenedores sigue imparable en ambas terminales del Puerto de Algeciras, manteniendo el pulso en este trimestre, con un acumulado de 1\u00b43 millones de Teus, lo que supone un 5\u00b47 % m\u00e1s, tras un leve descenso del 2% en marzo.<\/p>\n<p style=\"text-align: justify;\">La entrada en vigor del Estado de Alarma en la madrugada del 15 de marzo, s\u00ed se ha hecho notar en el Tr\u00e1fico de Pasajeros en el enlace mar\u00edtimo del Estrecho, que est\u00e1 paralizado desde entonces. La consecuencia es que en marzo esta actividad se redujo a la mitad.<\/p>\n<p style=\"text-align: justify;\">Las l\u00edneas Algeciras-Ceuta y Algeciras-T\u00e1nger Med, s\u00ed est\u00e1n operativas para mercanc\u00edas (camiones y semirremolques). En el primero de los casos, se mantiene la conexi\u00f3n mar\u00edtima con entre 1 y 3 salidas diarias para asegurar el abastecimiento de la Ciudad Aut\u00f3noma de Ceuta; mientras que en el segundo las navieras est\u00e1n ofertando, de media, una docena de salidas diarias en la l\u00ednea Algeciras-T\u00e1nger Med.<\/p>\n<p style=\"text-align: justify;\">Este servicio ha sido utilizado en marzo por 33.000 camiones y semirremolques, creciendo un 4\u00b43 %; cifra que en el total del trimestre supera \u2013 por primera vez \u2013 los 100.000 camiones en el acumulado del primer trimestre del a\u00f1o, creciendo un 14\u00b43%. En el caso de la l\u00ednea Algeciras-Ceuta, el trayecto s\u00ed est\u00e1 operativo para pasajeros que deban desplazarse por fuerza mayor y dispongan de autorizaci\u00f3n de la Delegaci\u00f3n del Gobierno en la Ciudad Aut\u00f3noma.<\/p>\n<p>&nbsp;<\/p>\n<p><strong>FUENTE:<\/strong> EL ESTRECHO DIGITAL<\/p>\n","protected":false},"excerpt":{"rendered":"<p>La d\u00e1rsena de la Bah\u00eda sigue creciendo un 0\u00b47% a pesar de la situaci\u00f3n de crisis sanitaria El Puerto de Algeciras ha cerrado el primer trimestre de 2020 en positivo, sumando un Tr\u00e1fico Total de 27\u00b43 millones de toneladas de mercanc\u00edas, lo que supone un [&hellip;]<\/p>\n","protected":false},"author":1,"featured_media":6586,"comment_status":"closed","ping_status":"closed","sticky":false,"template":"","format":"standard","meta":{"footnotes":""},"categories":[921],"tags":[],"class_list":["post-6587","post","type-post","status-publish","format-standard","has-post-thumbnail","hentry","category-noticias"],"yoast_head":"<!-- This site is optimized with the Yoast SEO plugin v27.4 - https:\/\/yoast.com\/product\/yoast-seo-wordpress\/ -->\n<title>Al puerto de Algeciras no lo para ni el coronavirus | COMPORT<\/title>\n<meta name=\"robots\" content=\"noindex, follow\" \/>\n<meta property=\"og:locale\" content=\"es_ES\" \/>\n<meta property=\"og:type\" content=\"article\" \/>\n<meta property=\"og:title\" content=\"Al puerto de Algeciras no lo para ni el coronavirus | COMPORT\" \/>\n<meta property=\"og:description\" content=\"La d\u00e1rsena de la Bah\u00eda sigue creciendo un 0\u00b47% a pesar de la situaci\u00f3n de crisis sanitaria El Puerto de Algeciras ha cerrado el primer trimestre de 2020 en positivo, sumando un Tr\u00e1fico Total de 27\u00b43 millones de toneladas de mercanc\u00edas, lo que supone un [&hellip;]\" \/>\n<meta property=\"og:url\" content=\"https:\/\/comport.es\/index.php\/noticias\/al-puerto-de-algeciras-no-lo-para-ni-el-coronavirus\/\" \/>\n<meta property=\"og:site_name\" content=\"COMPORT\" \/>\n<meta property=\"article:published_time\" content=\"2020-04-24T16:57:31+00:00\" \/>\n<meta property=\"article:modified_time\" content=\"2020-04-29T17:00:38+00:00\" \/>\n<meta property=\"og:image\" content=\"https:\/\/comport.es\/wp-content\/uploads\/2020\/04\/puerto-de-algeciras-imparable.jpg\" \/>\n\t<meta property=\"og:image:width\" content=\"1300\" \/>\n\t<meta property=\"og:image:height\" content=\"722\" \/>\n\t<meta property=\"og:image:type\" content=\"image\/jpeg\" \/>\n<meta name=\"author\" content=\"admincomport\" \/>\n<meta name=\"twitter:card\" content=\"summary_large_image\" \/>\n<meta name=\"twitter:label1\" content=\"Escrito por\" \/>\n\t<meta name=\"twitter:data1\" content=\"admincomport\" \/>\n\t<meta name=\"twitter:label2\" content=\"Tiempo de lectura\" \/>\n\t<meta name=\"twitter:data2\" content=\"2 minutos\" \/>\n<script type=\"application\/ld+json\" class=\"yoast-schema-graph\">{\"@context\":\"https:\\\/\\\/schema.org\",\"@graph\":[{\"@type\":\"Article\",\"@id\":\"https:\\\/\\\/comport.es\\\/index.php\\\/noticias\\\/al-puerto-de-algeciras-no-lo-para-ni-el-coronavirus\\\/#article\",\"isPartOf\":{\"@id\":\"https:\\\/\\\/comport.es\\\/index.php\\\/noticias\\\/al-puerto-de-algeciras-no-lo-para-ni-el-coronavirus\\\/\"},\"author\":{\"name\":\"admincomport\",\"@id\":\"https:\\\/\\\/comport.es\\\/#\\\/schema\\\/person\\\/9277649f8e04dd48c3d73bbaf2c7bebc\"},\"headline\":\"Al puerto de Algeciras no lo para ni el coronavirus\",\"datePublished\":\"2020-04-24T16:57:31+00:00\",\"dateModified\":\"2020-04-29T17:00:38+00:00\",\"mainEntityOfPage\":{\"@id\":\"https:\\\/\\\/comport.es\\\/index.php\\\/noticias\\\/al-puerto-de-algeciras-no-lo-para-ni-el-coronavirus\\\/\"},\"wordCount\":369,\"publisher\":{\"@id\":\"https:\\\/\\\/comport.es\\\/#organization\"},\"image\":{\"@id\":\"https:\\\/\\\/comport.es\\\/index.php\\\/noticias\\\/al-puerto-de-algeciras-no-lo-para-ni-el-coronavirus\\\/#primaryimage\"},\"thumbnailUrl\":\"https:\\\/\\\/comport.es\\\/wp-content\\\/uploads\\\/2020\\\/04\\\/puerto-de-algeciras-imparable.jpg\",\"articleSection\":[\"Noticias\"],\"inLanguage\":\"es\"},{\"@type\":\"WebPage\",\"@id\":\"https:\\\/\\\/comport.es\\\/index.php\\\/noticias\\\/al-puerto-de-algeciras-no-lo-para-ni-el-coronavirus\\\/\",\"url\":\"https:\\\/\\\/comport.es\\\/index.php\\\/noticias\\\/al-puerto-de-algeciras-no-lo-para-ni-el-coronavirus\\\/\",\"name\":\"Al puerto de Algeciras no lo para ni el coronavirus | COMPORT\",\"isPartOf\":{\"@id\":\"https:\\\/\\\/comport.es\\\/#website\"},\"primaryImageOfPage\":{\"@id\":\"https:\\\/\\\/comport.es\\\/index.php\\\/noticias\\\/al-puerto-de-algeciras-no-lo-para-ni-el-coronavirus\\\/#primaryimage\"},\"image\":{\"@id\":\"https:\\\/\\\/comport.es\\\/index.php\\\/noticias\\\/al-puerto-de-algeciras-no-lo-para-ni-el-coronavirus\\\/#primaryimage\"},\"thumbnailUrl\":\"https:\\\/\\\/comport.es\\\/wp-content\\\/uploads\\\/2020\\\/04\\\/puerto-de-algeciras-imparable.jpg\",\"datePublished\":\"2020-04-24T16:57:31+00:00\",\"dateModified\":\"2020-04-29T17:00:38+00:00\",\"breadcrumb\":{\"@id\":\"https:\\\/\\\/comport.es\\\/index.php\\\/noticias\\\/al-puerto-de-algeciras-no-lo-para-ni-el-coronavirus\\\/#breadcrumb\"},\"inLanguage\":\"es\",\"potentialAction\":[{\"@type\":\"ReadAction\",\"target\":[\"https:\\\/\\\/comport.es\\\/index.php\\\/noticias\\\/al-puerto-de-algeciras-no-lo-para-ni-el-coronavirus\\\/\"]}]},{\"@type\":\"ImageObject\",\"inLanguage\":\"es\",\"@id\":\"https:\\\/\\\/comport.es\\\/index.php\\\/noticias\\\/al-puerto-de-algeciras-no-lo-para-ni-el-coronavirus\\\/#primaryimage\",\"url\":\"https:\\\/\\\/comport.es\\\/wp-content\\\/uploads\\\/2020\\\/04\\\/puerto-de-algeciras-imparable.jpg\",\"contentUrl\":\"https:\\\/\\\/comport.es\\\/wp-content\\\/uploads\\\/2020\\\/04\\\/puerto-de-algeciras-imparable.jpg\",\"width\":1300,\"height\":722},{\"@type\":\"BreadcrumbList\",\"@id\":\"https:\\\/\\\/comport.es\\\/index.php\\\/noticias\\\/al-puerto-de-algeciras-no-lo-para-ni-el-coronavirus\\\/#breadcrumb\",\"itemListElement\":[{\"@type\":\"ListItem\",\"position\":1,\"name\":\"Portada\",\"item\":\"https:\\\/\\\/comport.es\\\/\"},{\"@type\":\"ListItem\",\"position\":2,\"name\":\"Al puerto de Algeciras no lo para ni el coronavirus\"}]},{\"@type\":\"WebSite\",\"@id\":\"https:\\\/\\\/comport.es\\\/#website\",\"url\":\"https:\\\/\\\/comport.es\\\/\",\"name\":\"COMPORT\",\"description\":\"Port Community of Algeciras Bay\",\"publisher\":{\"@id\":\"https:\\\/\\\/comport.es\\\/#organization\"},\"potentialAction\":[{\"@type\":\"SearchAction\",\"target\":{\"@type\":\"EntryPoint\",\"urlTemplate\":\"https:\\\/\\\/comport.es\\\/?s={search_term_string}\"},\"query-input\":{\"@type\":\"PropertyValueSpecification\",\"valueRequired\":true,\"valueName\":\"search_term_string\"}}],\"inLanguage\":\"es\"},{\"@type\":\"Organization\",\"@id\":\"https:\\\/\\\/comport.es\\\/#organization\",\"name\":\"ALGECIRAS PORT COMMUNITY - COMPORT\",\"url\":\"https:\\\/\\\/comport.es\\\/\",\"logo\":{\"@type\":\"ImageObject\",\"inLanguage\":\"es\",\"@id\":\"https:\\\/\\\/comport.es\\\/#\\\/schema\\\/logo\\\/image\\\/\",\"url\":\"https:\\\/\\\/comport.es\\\/wp-content\\\/uploads\\\/2020\\\/10\\\/logo_comport_20m.png\",\"contentUrl\":\"https:\\\/\\\/comport.es\\\/wp-content\\\/uploads\\\/2020\\\/10\\\/logo_comport_20m.png\",\"width\":600,\"height\":170,\"caption\":\"ALGECIRAS PORT COMMUNITY - COMPORT\"},\"image\":{\"@id\":\"https:\\\/\\\/comport.es\\\/#\\\/schema\\\/logo\\\/image\\\/\"}},{\"@type\":\"Person\",\"@id\":\"https:\\\/\\\/comport.es\\\/#\\\/schema\\\/person\\\/9277649f8e04dd48c3d73bbaf2c7bebc\",\"name\":\"admincomport\"}]}<\/script>\n<!-- \/ Yoast SEO plugin. -->","yoast_head_json":{"title":"Al puerto de Algeciras no lo para ni el coronavirus | COMPORT","robots":{"index":"noindex","follow":"follow"},"og_locale":"es_ES","og_type":"article","og_title":"Al puerto de Algeciras no lo para ni el coronavirus | COMPORT","og_description":"La d\u00e1rsena de la Bah\u00eda sigue creciendo un 0\u00b47% a pesar de la situaci\u00f3n de crisis sanitaria El Puerto de Algeciras ha cerrado el primer trimestre de 2020 en positivo, sumando un Tr\u00e1fico Total de 27\u00b43 millones de toneladas de mercanc\u00edas, lo que supone un [&hellip;]","og_url":"https:\/\/comport.es\/index.php\/noticias\/al-puerto-de-algeciras-no-lo-para-ni-el-coronavirus\/","og_site_name":"COMPORT","article_published_time":"2020-04-24T16:57:31+00:00","article_modified_time":"2020-04-29T17:00:38+00:00","og_image":[{"width":1300,"height":722,"url":"https:\/\/comport.es\/wp-content\/uploads\/2020\/04\/puerto-de-algeciras-imparable.jpg","type":"image\/jpeg"}],"author":"admincomport","twitter_card":"summary_large_image","twitter_misc":{"Escrito por":"admincomport","Tiempo de lectura":"2 minutos"},"schema":{"@context":"https:\/\/schema.org","@graph":[{"@type":"Article","@id":"https:\/\/comport.es\/index.php\/noticias\/al-puerto-de-algeciras-no-lo-para-ni-el-coronavirus\/#article","isPartOf":{"@id":"https:\/\/comport.es\/index.php\/noticias\/al-puerto-de-algeciras-no-lo-para-ni-el-coronavirus\/"},"author":{"name":"admincomport","@id":"https:\/\/comport.es\/#\/schema\/person\/9277649f8e04dd48c3d73bbaf2c7bebc"},"headline":"Al puerto de Algeciras no lo para ni el coronavirus","datePublished":"2020-04-24T16:57:31+00:00","dateModified":"2020-04-29T17:00:38+00:00","mainEntityOfPage":{"@id":"https:\/\/comport.es\/index.php\/noticias\/al-puerto-de-algeciras-no-lo-para-ni-el-coronavirus\/"},"wordCount":369,"publisher":{"@id":"https:\/\/comport.es\/#organization"},"image":{"@id":"https:\/\/comport.es\/index.php\/noticias\/al-puerto-de-algeciras-no-lo-para-ni-el-coronavirus\/#primaryimage"},"thumbnailUrl":"https:\/\/comport.es\/wp-content\/uploads\/2020\/04\/puerto-de-algeciras-imparable.jpg","articleSection":["Noticias"],"inLanguage":"es"},{"@type":"WebPage","@id":"https:\/\/comport.es\/index.php\/noticias\/al-puerto-de-algeciras-no-lo-para-ni-el-coronavirus\/","url":"https:\/\/comport.es\/index.php\/noticias\/al-puerto-de-algeciras-no-lo-para-ni-el-coronavirus\/","name":"Al puerto de Algeciras no lo para ni el coronavirus | COMPORT","isPartOf":{"@id":"https:\/\/comport.es\/#website"},"primaryImageOfPage":{"@id":"https:\/\/comport.es\/index.php\/noticias\/al-puerto-de-algeciras-no-lo-para-ni-el-coronavirus\/#primaryimage"},"image":{"@id":"https:\/\/comport.es\/index.php\/noticias\/al-puerto-de-algeciras-no-lo-para-ni-el-coronavirus\/#primaryimage"},"thumbnailUrl":"https:\/\/comport.es\/wp-content\/uploads\/2020\/04\/puerto-de-algeciras-imparable.jpg","datePublished":"2020-04-24T16:57:31+00:00","dateModified":"2020-04-29T17:00:38+00:00","breadcrumb":{"@id":"https:\/\/comport.es\/index.php\/noticias\/al-puerto-de-algeciras-no-lo-para-ni-el-coronavirus\/#breadcrumb"},"inLanguage":"es","potentialAction":[{"@type":"ReadAction","target":["https:\/\/comport.es\/index.php\/noticias\/al-puerto-de-algeciras-no-lo-para-ni-el-coronavirus\/"]}]},{"@type":"ImageObject","inLanguage":"es","@id":"https:\/\/comport.es\/index.php\/noticias\/al-puerto-de-algeciras-no-lo-para-ni-el-coronavirus\/#primaryimage","url":"https:\/\/comport.es\/wp-content\/uploads\/2020\/04\/puerto-de-algeciras-imparable.jpg","contentUrl":"https:\/\/comport.es\/wp-content\/uploads\/2020\/04\/puerto-de-algeciras-imparable.jpg","width":1300,"height":722},{"@type":"BreadcrumbList","@id":"https:\/\/comport.es\/index.php\/noticias\/al-puerto-de-algeciras-no-lo-para-ni-el-coronavirus\/#breadcrumb","itemListElement":[{"@type":"ListItem","position":1,"name":"Portada","item":"https:\/\/comport.es\/"},{"@type":"ListItem","position":2,"name":"Al puerto de Algeciras no lo para ni el coronavirus"}]},{"@type":"WebSite","@id":"https:\/\/comport.es\/#website","url":"https:\/\/comport.es\/","name":"COMPORT","description":"Port Community of Algeciras Bay","publisher":{"@id":"https:\/\/comport.es\/#organization"},"potentialAction":[{"@type":"SearchAction","target":{"@type":"EntryPoint","urlTemplate":"https:\/\/comport.es\/?s={search_term_string}"},"query-input":{"@type":"PropertyValueSpecification","valueRequired":true,"valueName":"search_term_string"}}],"inLanguage":"es"},{"@type":"Organization","@id":"https:\/\/comport.es\/#organization","name":"ALGECIRAS PORT COMMUNITY - COMPORT","url":"https:\/\/comport.es\/","logo":{"@type":"ImageObject","inLanguage":"es","@id":"https:\/\/comport.es\/#\/schema\/logo\/image\/","url":"https:\/\/comport.es\/wp-content\/uploads\/2020\/10\/logo_comport_20m.png","contentUrl":"https:\/\/comport.es\/wp-content\/uploads\/2020\/10\/logo_comport_20m.png","width":600,"height":170,"caption":"ALGECIRAS PORT COMMUNITY - COMPORT"},"image":{"@id":"https:\/\/comport.es\/#\/schema\/logo\/image\/"}},{"@type":"Person","@id":"https:\/\/comport.es\/#\/schema\/person\/9277649f8e04dd48c3d73bbaf2c7bebc","name":"admincomport"}]}},"_links":{"self":[{"href":"https:\/\/comport.es\/index.php\/wp-json\/wp\/v2\/posts\/6587","targetHints":{"allow":["GET"]}}],"collection":[{"href":"https:\/\/comport.es\/index.php\/wp-json\/wp\/v2\/posts"}],"about":[{"href":"https:\/\/comport.es\/index.php\/wp-json\/wp\/v2\/types\/post"}],"author":[{"embeddable":true,"href":"https:\/\/comport.es\/index.php\/wp-json\/wp\/v2\/users\/1"}],"replies":[{"embeddable":true,"href":"https:\/\/comport.es\/index.php\/wp-json\/wp\/v2\/comments?post=6587"}],"version-history":[{"count":4,"href":"https:\/\/comport.es\/index.php\/wp-json\/wp\/v2\/posts\/6587\/revisions"}],"predecessor-version":[{"id":6591,"href":"https:\/\/comport.es\/index.php\/wp-json\/wp\/v2\/posts\/6587\/revisions\/6591"}],"wp:featuredmedia":[{"embeddable":true,"href":"https:\/\/comport.es\/index.php\/wp-json\/wp\/v2\/media\/6586"}],"wp:attachment":[{"href":"https:\/\/comport.es\/index.php\/wp-json\/wp\/v2\/media?parent=6587"}],"wp:term":[{"taxonomy":"category","embeddable":true,"href":"https:\/\/comport.es\/index.php\/wp-json\/wp\/v2\/categories?post=6587"},{"taxonomy":"post_tag","embeddable":true,"href":"https:\/\/comport.es\/index.php\/wp-json\/wp\/v2\/tags?post=6587"}],"curies":[{"name":"wp","href":"https:\/\/api.w.org\/{rel}","templated":true}]}}