{"id":6224,"date":"2018-10-08T11:09:14","date_gmt":"2018-10-08T11:09:14","guid":{"rendered":"http:\/\/comport.es\/?p=6224"},"modified":"2018-10-10T11:17:21","modified_gmt":"2018-10-10T11:17:21","slug":"algeciras-cierra-con-exito-su-participacion-en-la-feria-conxemar-de-vigo","status":"publish","type":"post","link":"https:\/\/comport.es\/index.php\/noticias\/algeciras-cierra-con-exito-su-participacion-en-la-feria-conxemar-de-vigo\/","title":{"rendered":"Algeciras cierra con \u00e9xito su participaci\u00f3n en la Feria Conxemar de Vigo"},"content":{"rendered":"<p style=\"text-align: justify;\"><strong>La Autoridad Portuaria de Algeciras ha cerrado su participaci\u00f3n en la Feria Internacional de Productos del Mar Congelados (Conxemar), celebrada un a\u00f1o m\u00e1s en la ciudad de Vigo, hasta donde se han desplazado responsables del puerto junto a empresas como Agro Merchants, Algetransit, Bernardino Abad, Dalse, Grupo Sam, Iberia Cranes&amp;Containers, Mar\u00edtima Del Estrecho, Partida o Tiba.<\/strong><\/p>\n<p style=\"text-align: justify;\">Una importante representaci\u00f3n en una cita en la que el puerto del Estrecho es referente en entrada de pesca congelada. As\u00ed, hasta agosto las terminales del enclave hab\u00edan manipulado m\u00e1s de dos millones de toneladas de pesca congelada, fundamentalmente procedente de Sudam\u00e9rica y con un crecimiento del 60% en el producto procedente de Chile.<\/p>\n<p style=\"text-align: justify;\">Conxemar clausur\u00f3 su XX edici\u00f3n tras tres d\u00edas de intensa actividad empresarial y con la visita de 35.448 profesionales (un 13% m\u00e1s respecto a la edici\u00f3n de 2017). Los profesionales que visitaron la feria llegaron de 106 pa\u00edses de todo el mundo, destacando Espa\u00f1a, Portugal, Italia y Francia. El n\u00famero de expositores total este a\u00f1o alcanz\u00f3 los 742, un 21% m\u00e1s que el a\u00f1o pasado.<\/p>\n<p>&nbsp;<\/p>\n<p><strong>FUENTE:<\/strong>\u00a0NAUCHERglobal<\/p>\n","protected":false},"excerpt":{"rendered":"<p>La Autoridad Portuaria de Algeciras ha cerrado su participaci\u00f3n en la Feria Internacional de Productos del Mar Congelados (Conxemar), celebrada un a\u00f1o m\u00e1s en la ciudad de Vigo, hasta donde se han desplazado responsables del puerto junto a empresas como Agro Merchants, Algetransit, Bernardino Abad, [&hellip;]<\/p>\n","protected":false},"author":1,"featured_media":6225,"comment_status":"open","ping_status":"open","sticky":false,"template":"","format":"standard","meta":{"footnotes":""},"categories":[921],"tags":[936,935,932,931,934,933],"class_list":["post-6224","post","type-post","status-publish","format-standard","has-post-thumbnail","hentry","category-noticias","tag-algeciras","tag-apba","tag-comport","tag-feria-conxemar-2018","tag-kreativos","tag-port-of-algeciras"],"yoast_head":"<!-- This site is optimized with the Yoast SEO plugin v27.4 - https:\/\/yoast.com\/product\/yoast-seo-wordpress\/ -->\n<title>Algeciras cierra con \u00e9xito su participaci\u00f3n en la Feria Conxemar de Vigo | COMPORT<\/title>\n<meta name=\"robots\" content=\"noindex, follow\" \/>\n<meta property=\"og:locale\" content=\"es_ES\" \/>\n<meta property=\"og:type\" content=\"article\" \/>\n<meta property=\"og:title\" content=\"Algeciras cierra con \u00e9xito su participaci\u00f3n en la Feria Conxemar de Vigo | COMPORT\" \/>\n<meta property=\"og:description\" content=\"La Autoridad Portuaria de Algeciras ha cerrado su participaci\u00f3n en la Feria Internacional de Productos del Mar Congelados (Conxemar), celebrada un a\u00f1o m\u00e1s en la ciudad de Vigo, hasta donde se han desplazado responsables del puerto junto a empresas como Agro Merchants, Algetransit, Bernardino Abad, [&hellip;]\" \/>\n<meta property=\"og:url\" content=\"https:\/\/comport.es\/index.php\/noticias\/algeciras-cierra-con-exito-su-participacion-en-la-feria-conxemar-de-vigo\/\" \/>\n<meta property=\"og:site_name\" content=\"COMPORT\" \/>\n<meta property=\"article:published_time\" content=\"2018-10-08T11:09:14+00:00\" \/>\n<meta property=\"article:modified_time\" content=\"2018-10-10T11:17:21+00:00\" \/>\n<meta property=\"og:image\" content=\"https:\/\/comport.es\/wp-content\/uploads\/2018\/10\/conxemar2018.jpg\" \/>\n\t<meta property=\"og:image:width\" content=\"1300\" \/>\n\t<meta property=\"og:image:height\" content=\"722\" \/>\n\t<meta property=\"og:image:type\" content=\"image\/jpeg\" \/>\n<meta name=\"author\" content=\"admincomport\" \/>\n<meta name=\"twitter:card\" content=\"summary_large_image\" \/>\n<meta name=\"twitter:label1\" content=\"Escrito por\" \/>\n\t<meta name=\"twitter:data1\" content=\"admincomport\" \/>\n\t<meta name=\"twitter:label2\" content=\"Tiempo de lectura\" \/>\n\t<meta name=\"twitter:data2\" content=\"1 minuto\" \/>\n<script type=\"application\/ld+json\" class=\"yoast-schema-graph\">{\"@context\":\"https:\\\/\\\/schema.org\",\"@graph\":[{\"@type\":\"Article\",\"@id\":\"https:\\\/\\\/comport.es\\\/index.php\\\/noticias\\\/algeciras-cierra-con-exito-su-participacion-en-la-feria-conxemar-de-vigo\\\/#article\",\"isPartOf\":{\"@id\":\"https:\\\/\\\/comport.es\\\/index.php\\\/noticias\\\/algeciras-cierra-con-exito-su-participacion-en-la-feria-conxemar-de-vigo\\\/\"},\"author\":{\"name\":\"admincomport\",\"@id\":\"https:\\\/\\\/comport.es\\\/#\\\/schema\\\/person\\\/9277649f8e04dd48c3d73bbaf2c7bebc\"},\"headline\":\"Algeciras cierra con \u00e9xito su participaci\u00f3n en la Feria Conxemar de Vigo\",\"datePublished\":\"2018-10-08T11:09:14+00:00\",\"dateModified\":\"2018-10-10T11:17:21+00:00\",\"mainEntityOfPage\":{\"@id\":\"https:\\\/\\\/comport.es\\\/index.php\\\/noticias\\\/algeciras-cierra-con-exito-su-participacion-en-la-feria-conxemar-de-vigo\\\/\"},\"wordCount\":204,\"commentCount\":0,\"publisher\":{\"@id\":\"https:\\\/\\\/comport.es\\\/#organization\"},\"image\":{\"@id\":\"https:\\\/\\\/comport.es\\\/index.php\\\/noticias\\\/algeciras-cierra-con-exito-su-participacion-en-la-feria-conxemar-de-vigo\\\/#primaryimage\"},\"thumbnailUrl\":\"https:\\\/\\\/comport.es\\\/wp-content\\\/uploads\\\/2018\\\/10\\\/conxemar2018.jpg\",\"keywords\":[\"ALGECIRAS\",\"APBA\",\"COMPORT\",\"FERIA CONXEMAR 2018\",\"KREATIVOS\",\"PORT OF ALGECIRAS\"],\"articleSection\":[\"Noticias\"],\"inLanguage\":\"es\",\"potentialAction\":[{\"@type\":\"CommentAction\",\"name\":\"Comment\",\"target\":[\"https:\\\/\\\/comport.es\\\/index.php\\\/noticias\\\/algeciras-cierra-con-exito-su-participacion-en-la-feria-conxemar-de-vigo\\\/#respond\"]}]},{\"@type\":\"WebPage\",\"@id\":\"https:\\\/\\\/comport.es\\\/index.php\\\/noticias\\\/algeciras-cierra-con-exito-su-participacion-en-la-feria-conxemar-de-vigo\\\/\",\"url\":\"https:\\\/\\\/comport.es\\\/index.php\\\/noticias\\\/algeciras-cierra-con-exito-su-participacion-en-la-feria-conxemar-de-vigo\\\/\",\"name\":\"Algeciras cierra con \u00e9xito su participaci\u00f3n en la Feria Conxemar de Vigo | COMPORT\",\"isPartOf\":{\"@id\":\"https:\\\/\\\/comport.es\\\/#website\"},\"primaryImageOfPage\":{\"@id\":\"https:\\\/\\\/comport.es\\\/index.php\\\/noticias\\\/algeciras-cierra-con-exito-su-participacion-en-la-feria-conxemar-de-vigo\\\/#primaryimage\"},\"image\":{\"@id\":\"https:\\\/\\\/comport.es\\\/index.php\\\/noticias\\\/algeciras-cierra-con-exito-su-participacion-en-la-feria-conxemar-de-vigo\\\/#primaryimage\"},\"thumbnailUrl\":\"https:\\\/\\\/comport.es\\\/wp-content\\\/uploads\\\/2018\\\/10\\\/conxemar2018.jpg\",\"datePublished\":\"2018-10-08T11:09:14+00:00\",\"dateModified\":\"2018-10-10T11:17:21+00:00\",\"breadcrumb\":{\"@id\":\"https:\\\/\\\/comport.es\\\/index.php\\\/noticias\\\/algeciras-cierra-con-exito-su-participacion-en-la-feria-conxemar-de-vigo\\\/#breadcrumb\"},\"inLanguage\":\"es\",\"potentialAction\":[{\"@type\":\"ReadAction\",\"target\":[\"https:\\\/\\\/comport.es\\\/index.php\\\/noticias\\\/algeciras-cierra-con-exito-su-participacion-en-la-feria-conxemar-de-vigo\\\/\"]}]},{\"@type\":\"ImageObject\",\"inLanguage\":\"es\",\"@id\":\"https:\\\/\\\/comport.es\\\/index.php\\\/noticias\\\/algeciras-cierra-con-exito-su-participacion-en-la-feria-conxemar-de-vigo\\\/#primaryimage\",\"url\":\"https:\\\/\\\/comport.es\\\/wp-content\\\/uploads\\\/2018\\\/10\\\/conxemar2018.jpg\",\"contentUrl\":\"https:\\\/\\\/comport.es\\\/wp-content\\\/uploads\\\/2018\\\/10\\\/conxemar2018.jpg\",\"width\":1300,\"height\":722},{\"@type\":\"BreadcrumbList\",\"@id\":\"https:\\\/\\\/comport.es\\\/index.php\\\/noticias\\\/algeciras-cierra-con-exito-su-participacion-en-la-feria-conxemar-de-vigo\\\/#breadcrumb\",\"itemListElement\":[{\"@type\":\"ListItem\",\"position\":1,\"name\":\"Portada\",\"item\":\"https:\\\/\\\/comport.es\\\/\"},{\"@type\":\"ListItem\",\"position\":2,\"name\":\"Algeciras cierra con \u00e9xito su participaci\u00f3n en la Feria Conxemar de Vigo\"}]},{\"@type\":\"WebSite\",\"@id\":\"https:\\\/\\\/comport.es\\\/#website\",\"url\":\"https:\\\/\\\/comport.es\\\/\",\"name\":\"COMPORT\",\"description\":\"Port Community of Algeciras Bay\",\"publisher\":{\"@id\":\"https:\\\/\\\/comport.es\\\/#organization\"},\"potentialAction\":[{\"@type\":\"SearchAction\",\"target\":{\"@type\":\"EntryPoint\",\"urlTemplate\":\"https:\\\/\\\/comport.es\\\/?s={search_term_string}\"},\"query-input\":{\"@type\":\"PropertyValueSpecification\",\"valueRequired\":true,\"valueName\":\"search_term_string\"}}],\"inLanguage\":\"es\"},{\"@type\":\"Organization\",\"@id\":\"https:\\\/\\\/comport.es\\\/#organization\",\"name\":\"ALGECIRAS PORT COMMUNITY - COMPORT\",\"url\":\"https:\\\/\\\/comport.es\\\/\",\"logo\":{\"@type\":\"ImageObject\",\"inLanguage\":\"es\",\"@id\":\"https:\\\/\\\/comport.es\\\/#\\\/schema\\\/logo\\\/image\\\/\",\"url\":\"https:\\\/\\\/comport.es\\\/wp-content\\\/uploads\\\/2020\\\/10\\\/logo_comport_20m.png\",\"contentUrl\":\"https:\\\/\\\/comport.es\\\/wp-content\\\/uploads\\\/2020\\\/10\\\/logo_comport_20m.png\",\"width\":600,\"height\":170,\"caption\":\"ALGECIRAS PORT COMMUNITY - COMPORT\"},\"image\":{\"@id\":\"https:\\\/\\\/comport.es\\\/#\\\/schema\\\/logo\\\/image\\\/\"}},{\"@type\":\"Person\",\"@id\":\"https:\\\/\\\/comport.es\\\/#\\\/schema\\\/person\\\/9277649f8e04dd48c3d73bbaf2c7bebc\",\"name\":\"admincomport\"}]}<\/script>\n<!-- \/ Yoast SEO plugin. -->","yoast_head_json":{"title":"Algeciras cierra con \u00e9xito su participaci\u00f3n en la Feria Conxemar de Vigo | COMPORT","robots":{"index":"noindex","follow":"follow"},"og_locale":"es_ES","og_type":"article","og_title":"Algeciras cierra con \u00e9xito su participaci\u00f3n en la Feria Conxemar de Vigo | COMPORT","og_description":"La Autoridad Portuaria de Algeciras ha cerrado su participaci\u00f3n en la Feria Internacional de Productos del Mar Congelados (Conxemar), celebrada un a\u00f1o m\u00e1s en la ciudad de Vigo, hasta donde se han desplazado responsables del puerto junto a empresas como Agro Merchants, Algetransit, Bernardino Abad, [&hellip;]","og_url":"https:\/\/comport.es\/index.php\/noticias\/algeciras-cierra-con-exito-su-participacion-en-la-feria-conxemar-de-vigo\/","og_site_name":"COMPORT","article_published_time":"2018-10-08T11:09:14+00:00","article_modified_time":"2018-10-10T11:17:21+00:00","og_image":[{"width":1300,"height":722,"url":"https:\/\/comport.es\/wp-content\/uploads\/2018\/10\/conxemar2018.jpg","type":"image\/jpeg"}],"author":"admincomport","twitter_card":"summary_large_image","twitter_misc":{"Escrito por":"admincomport","Tiempo de lectura":"1 minuto"},"schema":{"@context":"https:\/\/schema.org","@graph":[{"@type":"Article","@id":"https:\/\/comport.es\/index.php\/noticias\/algeciras-cierra-con-exito-su-participacion-en-la-feria-conxemar-de-vigo\/#article","isPartOf":{"@id":"https:\/\/comport.es\/index.php\/noticias\/algeciras-cierra-con-exito-su-participacion-en-la-feria-conxemar-de-vigo\/"},"author":{"name":"admincomport","@id":"https:\/\/comport.es\/#\/schema\/person\/9277649f8e04dd48c3d73bbaf2c7bebc"},"headline":"Algeciras cierra con \u00e9xito su participaci\u00f3n en la Feria Conxemar de Vigo","datePublished":"2018-10-08T11:09:14+00:00","dateModified":"2018-10-10T11:17:21+00:00","mainEntityOfPage":{"@id":"https:\/\/comport.es\/index.php\/noticias\/algeciras-cierra-con-exito-su-participacion-en-la-feria-conxemar-de-vigo\/"},"wordCount":204,"commentCount":0,"publisher":{"@id":"https:\/\/comport.es\/#organization"},"image":{"@id":"https:\/\/comport.es\/index.php\/noticias\/algeciras-cierra-con-exito-su-participacion-en-la-feria-conxemar-de-vigo\/#primaryimage"},"thumbnailUrl":"https:\/\/comport.es\/wp-content\/uploads\/2018\/10\/conxemar2018.jpg","keywords":["ALGECIRAS","APBA","COMPORT","FERIA CONXEMAR 2018","KREATIVOS","PORT OF ALGECIRAS"],"articleSection":["Noticias"],"inLanguage":"es","potentialAction":[{"@type":"CommentAction","name":"Comment","target":["https:\/\/comport.es\/index.php\/noticias\/algeciras-cierra-con-exito-su-participacion-en-la-feria-conxemar-de-vigo\/#respond"]}]},{"@type":"WebPage","@id":"https:\/\/comport.es\/index.php\/noticias\/algeciras-cierra-con-exito-su-participacion-en-la-feria-conxemar-de-vigo\/","url":"https:\/\/comport.es\/index.php\/noticias\/algeciras-cierra-con-exito-su-participacion-en-la-feria-conxemar-de-vigo\/","name":"Algeciras cierra con \u00e9xito su participaci\u00f3n en la Feria Conxemar de Vigo | COMPORT","isPartOf":{"@id":"https:\/\/comport.es\/#website"},"primaryImageOfPage":{"@id":"https:\/\/comport.es\/index.php\/noticias\/algeciras-cierra-con-exito-su-participacion-en-la-feria-conxemar-de-vigo\/#primaryimage"},"image":{"@id":"https:\/\/comport.es\/index.php\/noticias\/algeciras-cierra-con-exito-su-participacion-en-la-feria-conxemar-de-vigo\/#primaryimage"},"thumbnailUrl":"https:\/\/comport.es\/wp-content\/uploads\/2018\/10\/conxemar2018.jpg","datePublished":"2018-10-08T11:09:14+00:00","dateModified":"2018-10-10T11:17:21+00:00","breadcrumb":{"@id":"https:\/\/comport.es\/index.php\/noticias\/algeciras-cierra-con-exito-su-participacion-en-la-feria-conxemar-de-vigo\/#breadcrumb"},"inLanguage":"es","potentialAction":[{"@type":"ReadAction","target":["https:\/\/comport.es\/index.php\/noticias\/algeciras-cierra-con-exito-su-participacion-en-la-feria-conxemar-de-vigo\/"]}]},{"@type":"ImageObject","inLanguage":"es","@id":"https:\/\/comport.es\/index.php\/noticias\/algeciras-cierra-con-exito-su-participacion-en-la-feria-conxemar-de-vigo\/#primaryimage","url":"https:\/\/comport.es\/wp-content\/uploads\/2018\/10\/conxemar2018.jpg","contentUrl":"https:\/\/comport.es\/wp-content\/uploads\/2018\/10\/conxemar2018.jpg","width":1300,"height":722},{"@type":"BreadcrumbList","@id":"https:\/\/comport.es\/index.php\/noticias\/algeciras-cierra-con-exito-su-participacion-en-la-feria-conxemar-de-vigo\/#breadcrumb","itemListElement":[{"@type":"ListItem","position":1,"name":"Portada","item":"https:\/\/comport.es\/"},{"@type":"ListItem","position":2,"name":"Algeciras cierra con \u00e9xito su participaci\u00f3n en la Feria Conxemar de Vigo"}]},{"@type":"WebSite","@id":"https:\/\/comport.es\/#website","url":"https:\/\/comport.es\/","name":"COMPORT","description":"Port Community of Algeciras Bay","publisher":{"@id":"https:\/\/comport.es\/#organization"},"potentialAction":[{"@type":"SearchAction","target":{"@type":"EntryPoint","urlTemplate":"https:\/\/comport.es\/?s={search_term_string}"},"query-input":{"@type":"PropertyValueSpecification","valueRequired":true,"valueName":"search_term_string"}}],"inLanguage":"es"},{"@type":"Organization","@id":"https:\/\/comport.es\/#organization","name":"ALGECIRAS PORT COMMUNITY - COMPORT","url":"https:\/\/comport.es\/","logo":{"@type":"ImageObject","inLanguage":"es","@id":"https:\/\/comport.es\/#\/schema\/logo\/image\/","url":"https:\/\/comport.es\/wp-content\/uploads\/2020\/10\/logo_comport_20m.png","contentUrl":"https:\/\/comport.es\/wp-content\/uploads\/2020\/10\/logo_comport_20m.png","width":600,"height":170,"caption":"ALGECIRAS PORT COMMUNITY - COMPORT"},"image":{"@id":"https:\/\/comport.es\/#\/schema\/logo\/image\/"}},{"@type":"Person","@id":"https:\/\/comport.es\/#\/schema\/person\/9277649f8e04dd48c3d73bbaf2c7bebc","name":"admincomport"}]}},"_links":{"self":[{"href":"https:\/\/comport.es\/index.php\/wp-json\/wp\/v2\/posts\/6224","targetHints":{"allow":["GET"]}}],"collection":[{"href":"https:\/\/comport.es\/index.php\/wp-json\/wp\/v2\/posts"}],"about":[{"href":"https:\/\/comport.es\/index.php\/wp-json\/wp\/v2\/types\/post"}],"author":[{"embeddable":true,"href":"https:\/\/comport.es\/index.php\/wp-json\/wp\/v2\/users\/1"}],"replies":[{"embeddable":true,"href":"https:\/\/comport.es\/index.php\/wp-json\/wp\/v2\/comments?post=6224"}],"version-history":[{"count":1,"href":"https:\/\/comport.es\/index.php\/wp-json\/wp\/v2\/posts\/6224\/revisions"}],"predecessor-version":[{"id":6226,"href":"https:\/\/comport.es\/index.php\/wp-json\/wp\/v2\/posts\/6224\/revisions\/6226"}],"wp:featuredmedia":[{"embeddable":true,"href":"https:\/\/comport.es\/index.php\/wp-json\/wp\/v2\/media\/6225"}],"wp:attachment":[{"href":"https:\/\/comport.es\/index.php\/wp-json\/wp\/v2\/media?parent=6224"}],"wp:term":[{"taxonomy":"category","embeddable":true,"href":"https:\/\/comport.es\/index.php\/wp-json\/wp\/v2\/categories?post=6224"},{"taxonomy":"post_tag","embeddable":true,"href":"https:\/\/comport.es\/index.php\/wp-json\/wp\/v2\/tags?post=6224"}],"curies":[{"name":"wp","href":"https:\/\/api.w.org\/{rel}","templated":true}]}}