{"id":6087,"date":"2018-09-14T09:29:40","date_gmt":"2018-09-14T09:29:40","guid":{"rendered":"http:\/.es\/?p=6087"},"modified":"2018-09-18T09:04:36","modified_gmt":"2018-09-18T09:04:36","slug":"ningbo-nanjing-y-feria-transport-logistic","status":"publish","type":"post","link":"https:\/\/comport.es\/index.php\/feder\/ningbo-nanjing-y-feria-transport-logistic\/","title":{"rendered":"Ningbo, Nanjing y Feria Transport Logistic"},"content":{"rendered":"<p><img loading=\"lazy\" decoding=\"async\" class=\"alignnone wp-image-6136 size-full\" src=\"http:\/.es\/wp-content\/uploads\/2018\/09\/ferder.jpg\" alt=\"\" width=\"1300\" height=\"125\" srcset=\"https:\/\/comport.es\/wp-content\/uploads\/2018\/09\/ferder.jpg 1300w, https:\/\/comport.es\/wp-content\/uploads\/2018\/09\/ferder-300x29.jpg 300w, https:\/\/comport.es\/wp-content\/uploads\/2018\/09\/ferder-768x74.jpg 768w, https:\/\/comport.es\/wp-content\/uploads\/2018\/09\/ferder-1024x98.jpg 1024w\" sizes=\"auto, (max-width: 1300px) 100vw, 1300px\" \/><\/p>\n<p><strong>COMPORT BAHIA DE ALGECIRAS<\/strong> ha sido beneficiaria del Fondo Europeo de Desarrollo Regional cuyo objetivo es conseguir un tejido empresarial m\u00e1s competitivo y gracias al que ha participado en el <strong>Encuentro empresarial Ningbo, Nanjing y visita a Feria Transport Logistic<\/strong> (Shanghai-China) para fomentar su internacionalizaci\u00f3n . Esta acci\u00f3n ha tenido lugar del 12 al 20 de mayo de 2018. Para ello ha contado con el apoyo del Programa Internacional de Promoci\u00f3n de la C\u00e1mara de Comercio del Campo de Gibraltar.<\/p>\n","protected":false},"excerpt":{"rendered":"<p>COMPORT BAHIA DE ALGECIRAS ha sido beneficiaria del Fondo Europeo de Desarrollo Regional cuyo objetivo es conseguir un tejido empresarial m\u00e1s competitivo y gracias al que ha participado en el Encuentro empresarial Ningbo, Nanjing y visita a Feria Transport Logistic (Shanghai-China) para fomentar su internacionalizaci\u00f3n [&hellip;]<\/p>\n","protected":false},"author":1,"featured_media":6102,"comment_status":"open","ping_status":"open","sticky":false,"template":"","format":"standard","meta":{"footnotes":""},"categories":[930],"tags":[],"class_list":["post-6087","post","type-post","status-publish","format-standard","has-post-thumbnail","hentry","category-feder"],"yoast_head":"<!-- This site is optimized with the Yoast SEO plugin v27.4 - https:\/\/yoast.com\/product\/yoast-seo-wordpress\/ -->\n<title>Ningbo, Nanjing y Feria Transport Logistic | COMPORT<\/title>\n<meta name=\"robots\" content=\"noindex, follow\" \/>\n<meta property=\"og:locale\" content=\"es_ES\" \/>\n<meta property=\"og:type\" content=\"article\" \/>\n<meta property=\"og:title\" content=\"Ningbo, Nanjing y Feria Transport Logistic | COMPORT\" \/>\n<meta property=\"og:description\" content=\"COMPORT BAHIA DE ALGECIRAS ha sido beneficiaria del Fondo Europeo de Desarrollo Regional cuyo objetivo es conseguir un tejido empresarial m\u00e1s competitivo y gracias al que ha participado en el Encuentro empresarial Ningbo, Nanjing y visita a Feria Transport Logistic (Shanghai-China) para fomentar su internacionalizaci\u00f3n [&hellip;]\" \/>\n<meta property=\"og:url\" content=\"https:\/\/comport.es\/index.php\/feder\/ningbo-nanjing-y-feria-transport-logistic\/\" \/>\n<meta property=\"og:site_name\" content=\"COMPORT\" \/>\n<meta property=\"article:published_time\" content=\"2018-09-14T09:29:40+00:00\" \/>\n<meta property=\"article:modified_time\" content=\"2018-09-18T09:04:36+00:00\" \/>\n<meta property=\"og:image\" content=\"https:\/\/comport.es\/wp-content\/uploads\/2018\/09\/feder-transport-logistic.jpg\" \/>\n\t<meta property=\"og:image:width\" content=\"1300\" \/>\n\t<meta property=\"og:image:height\" content=\"772\" \/>\n\t<meta property=\"og:image:type\" content=\"image\/jpeg\" \/>\n<meta name=\"author\" content=\"admincomport\" \/>\n<meta name=\"twitter:card\" content=\"summary_large_image\" \/>\n<meta name=\"twitter:label1\" content=\"Escrito por\" \/>\n\t<meta name=\"twitter:data1\" content=\"admincomport\" \/>\n<script type=\"application\/ld+json\" class=\"yoast-schema-graph\">{\"@context\":\"https:\\\/\\\/schema.org\",\"@graph\":[{\"@type\":\"Article\",\"@id\":\"https:\\\/\\\/comport.es\\\/index.php\\\/feder\\\/ningbo-nanjing-y-feria-transport-logistic\\\/#article\",\"isPartOf\":{\"@id\":\"https:\\\/\\\/comport.es\\\/index.php\\\/feder\\\/ningbo-nanjing-y-feria-transport-logistic\\\/\"},\"author\":{\"name\":\"admincomport\",\"@id\":\"https:\\\/\\\/comport.es\\\/#\\\/schema\\\/person\\\/9277649f8e04dd48c3d73bbaf2c7bebc\"},\"headline\":\"Ningbo, Nanjing y Feria Transport Logistic\",\"datePublished\":\"2018-09-14T09:29:40+00:00\",\"dateModified\":\"2018-09-18T09:04:36+00:00\",\"mainEntityOfPage\":{\"@id\":\"https:\\\/\\\/comport.es\\\/index.php\\\/feder\\\/ningbo-nanjing-y-feria-transport-logistic\\\/\"},\"wordCount\":87,\"commentCount\":0,\"publisher\":{\"@id\":\"https:\\\/\\\/comport.es\\\/#organization\"},\"image\":{\"@id\":\"https:\\\/\\\/comport.es\\\/index.php\\\/feder\\\/ningbo-nanjing-y-feria-transport-logistic\\\/#primaryimage\"},\"thumbnailUrl\":\"https:\\\/\\\/comport.es\\\/wp-content\\\/uploads\\\/2018\\\/09\\\/feder-transport-logistic.jpg\",\"articleSection\":[\"FEDER\"],\"inLanguage\":\"es\",\"potentialAction\":[{\"@type\":\"CommentAction\",\"name\":\"Comment\",\"target\":[\"https:\\\/\\\/comport.es\\\/index.php\\\/feder\\\/ningbo-nanjing-y-feria-transport-logistic\\\/#respond\"]}]},{\"@type\":\"WebPage\",\"@id\":\"https:\\\/\\\/comport.es\\\/index.php\\\/feder\\\/ningbo-nanjing-y-feria-transport-logistic\\\/\",\"url\":\"https:\\\/\\\/comport.es\\\/index.php\\\/feder\\\/ningbo-nanjing-y-feria-transport-logistic\\\/\",\"name\":\"Ningbo, Nanjing y Feria Transport Logistic | COMPORT\",\"isPartOf\":{\"@id\":\"https:\\\/\\\/comport.es\\\/#website\"},\"primaryImageOfPage\":{\"@id\":\"https:\\\/\\\/comport.es\\\/index.php\\\/feder\\\/ningbo-nanjing-y-feria-transport-logistic\\\/#primaryimage\"},\"image\":{\"@id\":\"https:\\\/\\\/comport.es\\\/index.php\\\/feder\\\/ningbo-nanjing-y-feria-transport-logistic\\\/#primaryimage\"},\"thumbnailUrl\":\"https:\\\/\\\/comport.es\\\/wp-content\\\/uploads\\\/2018\\\/09\\\/feder-transport-logistic.jpg\",\"datePublished\":\"2018-09-14T09:29:40+00:00\",\"dateModified\":\"2018-09-18T09:04:36+00:00\",\"breadcrumb\":{\"@id\":\"https:\\\/\\\/comport.es\\\/index.php\\\/feder\\\/ningbo-nanjing-y-feria-transport-logistic\\\/#breadcrumb\"},\"inLanguage\":\"es\",\"potentialAction\":[{\"@type\":\"ReadAction\",\"target\":[\"https:\\\/\\\/comport.es\\\/index.php\\\/feder\\\/ningbo-nanjing-y-feria-transport-logistic\\\/\"]}]},{\"@type\":\"ImageObject\",\"inLanguage\":\"es\",\"@id\":\"https:\\\/\\\/comport.es\\\/index.php\\\/feder\\\/ningbo-nanjing-y-feria-transport-logistic\\\/#primaryimage\",\"url\":\"https:\\\/\\\/comport.es\\\/wp-content\\\/uploads\\\/2018\\\/09\\\/feder-transport-logistic.jpg\",\"contentUrl\":\"https:\\\/\\\/comport.es\\\/wp-content\\\/uploads\\\/2018\\\/09\\\/feder-transport-logistic.jpg\",\"width\":1300,\"height\":772},{\"@type\":\"BreadcrumbList\",\"@id\":\"https:\\\/\\\/comport.es\\\/index.php\\\/feder\\\/ningbo-nanjing-y-feria-transport-logistic\\\/#breadcrumb\",\"itemListElement\":[{\"@type\":\"ListItem\",\"position\":1,\"name\":\"Portada\",\"item\":\"https:\\\/\\\/comport.es\\\/\"},{\"@type\":\"ListItem\",\"position\":2,\"name\":\"Ningbo, Nanjing y Feria Transport Logistic\"}]},{\"@type\":\"WebSite\",\"@id\":\"https:\\\/\\\/comport.es\\\/#website\",\"url\":\"https:\\\/\\\/comport.es\\\/\",\"name\":\"COMPORT\",\"description\":\"Port Community of Algeciras Bay\",\"publisher\":{\"@id\":\"https:\\\/\\\/comport.es\\\/#organization\"},\"potentialAction\":[{\"@type\":\"SearchAction\",\"target\":{\"@type\":\"EntryPoint\",\"urlTemplate\":\"https:\\\/\\\/comport.es\\\/?s={search_term_string}\"},\"query-input\":{\"@type\":\"PropertyValueSpecification\",\"valueRequired\":true,\"valueName\":\"search_term_string\"}}],\"inLanguage\":\"es\"},{\"@type\":\"Organization\",\"@id\":\"https:\\\/\\\/comport.es\\\/#organization\",\"name\":\"ALGECIRAS PORT COMMUNITY - COMPORT\",\"url\":\"https:\\\/\\\/comport.es\\\/\",\"logo\":{\"@type\":\"ImageObject\",\"inLanguage\":\"es\",\"@id\":\"https:\\\/\\\/comport.es\\\/#\\\/schema\\\/logo\\\/image\\\/\",\"url\":\"https:\\\/\\\/comport.es\\\/wp-content\\\/uploads\\\/2020\\\/10\\\/logo_comport_20m.png\",\"contentUrl\":\"https:\\\/\\\/comport.es\\\/wp-content\\\/uploads\\\/2020\\\/10\\\/logo_comport_20m.png\",\"width\":600,\"height\":170,\"caption\":\"ALGECIRAS PORT COMMUNITY - COMPORT\"},\"image\":{\"@id\":\"https:\\\/\\\/comport.es\\\/#\\\/schema\\\/logo\\\/image\\\/\"}},{\"@type\":\"Person\",\"@id\":\"https:\\\/\\\/comport.es\\\/#\\\/schema\\\/person\\\/9277649f8e04dd48c3d73bbaf2c7bebc\",\"name\":\"admincomport\"}]}<\/script>\n<!-- \/ Yoast SEO plugin. -->","yoast_head_json":{"title":"Ningbo, Nanjing y Feria Transport Logistic | COMPORT","robots":{"index":"noindex","follow":"follow"},"og_locale":"es_ES","og_type":"article","og_title":"Ningbo, Nanjing y Feria Transport Logistic | COMPORT","og_description":"COMPORT BAHIA DE ALGECIRAS ha sido beneficiaria del Fondo Europeo de Desarrollo Regional cuyo objetivo es conseguir un tejido empresarial m\u00e1s competitivo y gracias al que ha participado en el Encuentro empresarial Ningbo, Nanjing y visita a Feria Transport Logistic (Shanghai-China) para fomentar su internacionalizaci\u00f3n [&hellip;]","og_url":"https:\/\/comport.es\/index.php\/feder\/ningbo-nanjing-y-feria-transport-logistic\/","og_site_name":"COMPORT","article_published_time":"2018-09-14T09:29:40+00:00","article_modified_time":"2018-09-18T09:04:36+00:00","og_image":[{"width":1300,"height":772,"url":"https:\/\/comport.es\/wp-content\/uploads\/2018\/09\/feder-transport-logistic.jpg","type":"image\/jpeg"}],"author":"admincomport","twitter_card":"summary_large_image","twitter_misc":{"Escrito por":"admincomport"},"schema":{"@context":"https:\/\/schema.org","@graph":[{"@type":"Article","@id":"https:\/\/comport.es\/index.php\/feder\/ningbo-nanjing-y-feria-transport-logistic\/#article","isPartOf":{"@id":"https:\/\/comport.es\/index.php\/feder\/ningbo-nanjing-y-feria-transport-logistic\/"},"author":{"name":"admincomport","@id":"https:\/\/comport.es\/#\/schema\/person\/9277649f8e04dd48c3d73bbaf2c7bebc"},"headline":"Ningbo, Nanjing y Feria Transport Logistic","datePublished":"2018-09-14T09:29:40+00:00","dateModified":"2018-09-18T09:04:36+00:00","mainEntityOfPage":{"@id":"https:\/\/comport.es\/index.php\/feder\/ningbo-nanjing-y-feria-transport-logistic\/"},"wordCount":87,"commentCount":0,"publisher":{"@id":"https:\/\/comport.es\/#organization"},"image":{"@id":"https:\/\/comport.es\/index.php\/feder\/ningbo-nanjing-y-feria-transport-logistic\/#primaryimage"},"thumbnailUrl":"https:\/\/comport.es\/wp-content\/uploads\/2018\/09\/feder-transport-logistic.jpg","articleSection":["FEDER"],"inLanguage":"es","potentialAction":[{"@type":"CommentAction","name":"Comment","target":["https:\/\/comport.es\/index.php\/feder\/ningbo-nanjing-y-feria-transport-logistic\/#respond"]}]},{"@type":"WebPage","@id":"https:\/\/comport.es\/index.php\/feder\/ningbo-nanjing-y-feria-transport-logistic\/","url":"https:\/\/comport.es\/index.php\/feder\/ningbo-nanjing-y-feria-transport-logistic\/","name":"Ningbo, Nanjing y Feria Transport Logistic | COMPORT","isPartOf":{"@id":"https:\/\/comport.es\/#website"},"primaryImageOfPage":{"@id":"https:\/\/comport.es\/index.php\/feder\/ningbo-nanjing-y-feria-transport-logistic\/#primaryimage"},"image":{"@id":"https:\/\/comport.es\/index.php\/feder\/ningbo-nanjing-y-feria-transport-logistic\/#primaryimage"},"thumbnailUrl":"https:\/\/comport.es\/wp-content\/uploads\/2018\/09\/feder-transport-logistic.jpg","datePublished":"2018-09-14T09:29:40+00:00","dateModified":"2018-09-18T09:04:36+00:00","breadcrumb":{"@id":"https:\/\/comport.es\/index.php\/feder\/ningbo-nanjing-y-feria-transport-logistic\/#breadcrumb"},"inLanguage":"es","potentialAction":[{"@type":"ReadAction","target":["https:\/\/comport.es\/index.php\/feder\/ningbo-nanjing-y-feria-transport-logistic\/"]}]},{"@type":"ImageObject","inLanguage":"es","@id":"https:\/\/comport.es\/index.php\/feder\/ningbo-nanjing-y-feria-transport-logistic\/#primaryimage","url":"https:\/\/comport.es\/wp-content\/uploads\/2018\/09\/feder-transport-logistic.jpg","contentUrl":"https:\/\/comport.es\/wp-content\/uploads\/2018\/09\/feder-transport-logistic.jpg","width":1300,"height":772},{"@type":"BreadcrumbList","@id":"https:\/\/comport.es\/index.php\/feder\/ningbo-nanjing-y-feria-transport-logistic\/#breadcrumb","itemListElement":[{"@type":"ListItem","position":1,"name":"Portada","item":"https:\/\/comport.es\/"},{"@type":"ListItem","position":2,"name":"Ningbo, Nanjing y Feria Transport Logistic"}]},{"@type":"WebSite","@id":"https:\/\/comport.es\/#website","url":"https:\/\/comport.es\/","name":"COMPORT","description":"Port Community of Algeciras Bay","publisher":{"@id":"https:\/\/comport.es\/#organization"},"potentialAction":[{"@type":"SearchAction","target":{"@type":"EntryPoint","urlTemplate":"https:\/\/comport.es\/?s={search_term_string}"},"query-input":{"@type":"PropertyValueSpecification","valueRequired":true,"valueName":"search_term_string"}}],"inLanguage":"es"},{"@type":"Organization","@id":"https:\/\/comport.es\/#organization","name":"ALGECIRAS PORT COMMUNITY - COMPORT","url":"https:\/\/comport.es\/","logo":{"@type":"ImageObject","inLanguage":"es","@id":"https:\/\/comport.es\/#\/schema\/logo\/image\/","url":"https:\/\/comport.es\/wp-content\/uploads\/2020\/10\/logo_comport_20m.png","contentUrl":"https:\/\/comport.es\/wp-content\/uploads\/2020\/10\/logo_comport_20m.png","width":600,"height":170,"caption":"ALGECIRAS PORT COMMUNITY - COMPORT"},"image":{"@id":"https:\/\/comport.es\/#\/schema\/logo\/image\/"}},{"@type":"Person","@id":"https:\/\/comport.es\/#\/schema\/person\/9277649f8e04dd48c3d73bbaf2c7bebc","name":"admincomport"}]}},"_links":{"self":[{"href":"https:\/\/comport.es\/index.php\/wp-json\/wp\/v2\/posts\/6087","targetHints":{"allow":["GET"]}}],"collection":[{"href":"https:\/\/comport.es\/index.php\/wp-json\/wp\/v2\/posts"}],"about":[{"href":"https:\/\/comport.es\/index.php\/wp-json\/wp\/v2\/types\/post"}],"author":[{"embeddable":true,"href":"https:\/\/comport.es\/index.php\/wp-json\/wp\/v2\/users\/1"}],"replies":[{"embeddable":true,"href":"https:\/\/comport.es\/index.php\/wp-json\/wp\/v2\/comments?post=6087"}],"version-history":[{"count":2,"href":"https:\/\/comport.es\/index.php\/wp-json\/wp\/v2\/posts\/6087\/revisions"}],"predecessor-version":[{"id":6152,"href":"https:\/\/comport.es\/index.php\/wp-json\/wp\/v2\/posts\/6087\/revisions\/6152"}],"wp:featuredmedia":[{"embeddable":true,"href":"https:\/\/comport.es\/index.php\/wp-json\/wp\/v2\/media\/6102"}],"wp:attachment":[{"href":"https:\/\/comport.es\/index.php\/wp-json\/wp\/v2\/media?parent=6087"}],"wp:term":[{"taxonomy":"category","embeddable":true,"href":"https:\/\/comport.es\/index.php\/wp-json\/wp\/v2\/categories?post=6087"},{"taxonomy":"post_tag","embeddable":true,"href":"https:\/\/comport.es\/index.php\/wp-json\/wp\/v2\/tags?post=6087"}],"curies":[{"name":"wp","href":"https:\/\/api.w.org\/{rel}","templated":true}]}}