{"id":5933,"date":"2018-06-07T11:20:35","date_gmt":"2018-06-07T11:20:35","guid":{"rendered":"http:\/.es\/?p=5933"},"modified":"2018-07-17T11:21:33","modified_gmt":"2018-07-17T11:21:33","slug":"amplia-delegacion-del-puerto-de-algeciras-en-posidonia-2018","status":"publish","type":"post","link":"https:\/\/comport.es\/index.php\/noticias\/amplia-delegacion-del-puerto-de-algeciras-en-posidonia-2018\/","title":{"rendered":"Amplia delegaci\u00f3n del Puerto de Algeciras en POSIDONIA 2018"},"content":{"rendered":"<p>El Puerto de Algeciras y hasta 19 empresas del sector de servicios al buque, participan en Atenas en la feria\u00a0<strong>POSIDONIA 2018<\/strong>, cita bienal fija en el calendario comercial de la Autoridad Portuaria de la Bah\u00eda de Algeciras y la Comunidad Portuaria.<\/p>\n<p>La de Posidonia es una de las ferias m\u00e1s importantes del sector de servicios al buque (consignatarios, reparaciones navales y electr\u00f3nicas, provisiones, cambios de tripulaci\u00f3n, abogados mar\u00edtimos, buzos, servicio marpol, avituallamiento, bunkering&#8230;) actividad en la que las empresas que operan en las aguas gestionadas por la APBA son un referente internacional. Variedad, seguridad, calidad, garant\u00eda y tambi\u00e9n precio, son las principales caracter\u00edsticas de los servicios que el Puerto Bah\u00eda de Algeciras oferta a los m\u00e1s de 100.000 buques que navegan cada a\u00f1o por el Estrecho de Gibraltar.<\/p>\n<p>La APBA espera que el stand 3.515 sea un punto de referencia para los visitantes de la feria<\/p>\n<p>Adem\u00e1s de la APBA y Comport, hasta Posidonia se ha desplazado una de las delegaciones empresariales de la Bah\u00eda de Algeciras m\u00e1s amplias, con la presencia de los responsables de ANT Log\u00edstica, A. P\u00e9rez y C\u00eda, ASG Shipping, Astillero Cernaval, Astillero del Guadalquivir, BayPort Global Supplies, Blay Medical Services, BMT Repairs, Crosscomar, Gas Marine Technologies, Mertramar Algeciras, Neko Ship Supply, Next Maritime, Palfinger Marine, Peninsula Petroleum, Pulchra Mare, Radio Ondas Servicios Mar\u00edtimos, Trabajos Submarinos del Estrecho y Underwater Contractors Spain.<\/p>\n<p>&nbsp;<\/p>\n<p><strong>FUENTE<\/strong>: EMPRESAEXTERIOR.COM<\/p>\n","protected":false},"excerpt":{"rendered":"<p>El Puerto de Algeciras y hasta 19 empresas del sector de servicios al buque, participan en Atenas en la feria\u00a0POSIDONIA 2018, cita bienal fija en el calendario comercial de la Autoridad Portuaria de la Bah\u00eda de Algeciras y la Comunidad Portuaria. La de Posidonia es [&hellip;]<\/p>\n","protected":false},"author":1,"featured_media":5934,"comment_status":"open","ping_status":"open","sticky":false,"template":"","format":"standard","meta":{"footnotes":""},"categories":[921],"tags":[],"class_list":["post-5933","post","type-post","status-publish","format-standard","has-post-thumbnail","hentry","category-noticias"],"yoast_head":"<!-- This site is optimized with the Yoast SEO plugin v27.4 - https:\/\/yoast.com\/product\/yoast-seo-wordpress\/ -->\n<title>Amplia delegaci\u00f3n del Puerto de Algeciras en POSIDONIA 2018 | COMPORT<\/title>\n<meta name=\"robots\" content=\"noindex, follow\" \/>\n<meta property=\"og:locale\" content=\"es_ES\" \/>\n<meta property=\"og:type\" content=\"article\" \/>\n<meta property=\"og:title\" content=\"Amplia delegaci\u00f3n del Puerto de Algeciras en POSIDONIA 2018 | COMPORT\" \/>\n<meta property=\"og:description\" content=\"El Puerto de Algeciras y hasta 19 empresas del sector de servicios al buque, participan en Atenas en la feria\u00a0POSIDONIA 2018, cita bienal fija en el calendario comercial de la Autoridad Portuaria de la Bah\u00eda de Algeciras y la Comunidad Portuaria. La de Posidonia es [&hellip;]\" \/>\n<meta property=\"og:url\" content=\"https:\/\/comport.es\/index.php\/noticias\/amplia-delegacion-del-puerto-de-algeciras-en-posidonia-2018\/\" \/>\n<meta property=\"og:site_name\" content=\"COMPORT\" \/>\n<meta property=\"article:published_time\" content=\"2018-06-07T11:20:35+00:00\" \/>\n<meta property=\"article:modified_time\" content=\"2018-07-17T11:21:33+00:00\" \/>\n<meta property=\"og:image\" content=\"https:\/\/comport.es\/wp-content\/uploads\/2018\/07\/posidonia2018.jpg\" \/>\n\t<meta property=\"og:image:width\" content=\"1300\" \/>\n\t<meta property=\"og:image:height\" content=\"722\" \/>\n\t<meta property=\"og:image:type\" content=\"image\/jpeg\" \/>\n<meta name=\"author\" content=\"admincomport\" \/>\n<meta name=\"twitter:card\" content=\"summary_large_image\" \/>\n<meta name=\"twitter:label1\" content=\"Escrito por\" \/>\n\t<meta name=\"twitter:data1\" content=\"admincomport\" \/>\n\t<meta name=\"twitter:label2\" content=\"Tiempo de lectura\" \/>\n\t<meta name=\"twitter:data2\" content=\"1 minuto\" \/>\n<script type=\"application\/ld+json\" class=\"yoast-schema-graph\">{\"@context\":\"https:\\\/\\\/schema.org\",\"@graph\":[{\"@type\":\"Article\",\"@id\":\"https:\\\/\\\/comport.es\\\/index.php\\\/noticias\\\/amplia-delegacion-del-puerto-de-algeciras-en-posidonia-2018\\\/#article\",\"isPartOf\":{\"@id\":\"https:\\\/\\\/comport.es\\\/index.php\\\/noticias\\\/amplia-delegacion-del-puerto-de-algeciras-en-posidonia-2018\\\/\"},\"author\":{\"name\":\"admincomport\",\"@id\":\"https:\\\/\\\/comport.es\\\/#\\\/schema\\\/person\\\/9277649f8e04dd48c3d73bbaf2c7bebc\"},\"headline\":\"Amplia delegaci\u00f3n del Puerto de Algeciras en POSIDONIA 2018\",\"datePublished\":\"2018-06-07T11:20:35+00:00\",\"dateModified\":\"2018-07-17T11:21:33+00:00\",\"mainEntityOfPage\":{\"@id\":\"https:\\\/\\\/comport.es\\\/index.php\\\/noticias\\\/amplia-delegacion-del-puerto-de-algeciras-en-posidonia-2018\\\/\"},\"wordCount\":254,\"commentCount\":0,\"publisher\":{\"@id\":\"https:\\\/\\\/comport.es\\\/#organization\"},\"image\":{\"@id\":\"https:\\\/\\\/comport.es\\\/index.php\\\/noticias\\\/amplia-delegacion-del-puerto-de-algeciras-en-posidonia-2018\\\/#primaryimage\"},\"thumbnailUrl\":\"https:\\\/\\\/comport.es\\\/wp-content\\\/uploads\\\/2018\\\/07\\\/posidonia2018.jpg\",\"articleSection\":[\"Noticias\"],\"inLanguage\":\"es\",\"potentialAction\":[{\"@type\":\"CommentAction\",\"name\":\"Comment\",\"target\":[\"https:\\\/\\\/comport.es\\\/index.php\\\/noticias\\\/amplia-delegacion-del-puerto-de-algeciras-en-posidonia-2018\\\/#respond\"]}]},{\"@type\":\"WebPage\",\"@id\":\"https:\\\/\\\/comport.es\\\/index.php\\\/noticias\\\/amplia-delegacion-del-puerto-de-algeciras-en-posidonia-2018\\\/\",\"url\":\"https:\\\/\\\/comport.es\\\/index.php\\\/noticias\\\/amplia-delegacion-del-puerto-de-algeciras-en-posidonia-2018\\\/\",\"name\":\"Amplia delegaci\u00f3n del Puerto de Algeciras en POSIDONIA 2018 | COMPORT\",\"isPartOf\":{\"@id\":\"https:\\\/\\\/comport.es\\\/#website\"},\"primaryImageOfPage\":{\"@id\":\"https:\\\/\\\/comport.es\\\/index.php\\\/noticias\\\/amplia-delegacion-del-puerto-de-algeciras-en-posidonia-2018\\\/#primaryimage\"},\"image\":{\"@id\":\"https:\\\/\\\/comport.es\\\/index.php\\\/noticias\\\/amplia-delegacion-del-puerto-de-algeciras-en-posidonia-2018\\\/#primaryimage\"},\"thumbnailUrl\":\"https:\\\/\\\/comport.es\\\/wp-content\\\/uploads\\\/2018\\\/07\\\/posidonia2018.jpg\",\"datePublished\":\"2018-06-07T11:20:35+00:00\",\"dateModified\":\"2018-07-17T11:21:33+00:00\",\"breadcrumb\":{\"@id\":\"https:\\\/\\\/comport.es\\\/index.php\\\/noticias\\\/amplia-delegacion-del-puerto-de-algeciras-en-posidonia-2018\\\/#breadcrumb\"},\"inLanguage\":\"es\",\"potentialAction\":[{\"@type\":\"ReadAction\",\"target\":[\"https:\\\/\\\/comport.es\\\/index.php\\\/noticias\\\/amplia-delegacion-del-puerto-de-algeciras-en-posidonia-2018\\\/\"]}]},{\"@type\":\"ImageObject\",\"inLanguage\":\"es\",\"@id\":\"https:\\\/\\\/comport.es\\\/index.php\\\/noticias\\\/amplia-delegacion-del-puerto-de-algeciras-en-posidonia-2018\\\/#primaryimage\",\"url\":\"https:\\\/\\\/comport.es\\\/wp-content\\\/uploads\\\/2018\\\/07\\\/posidonia2018.jpg\",\"contentUrl\":\"https:\\\/\\\/comport.es\\\/wp-content\\\/uploads\\\/2018\\\/07\\\/posidonia2018.jpg\",\"width\":1300,\"height\":722},{\"@type\":\"BreadcrumbList\",\"@id\":\"https:\\\/\\\/comport.es\\\/index.php\\\/noticias\\\/amplia-delegacion-del-puerto-de-algeciras-en-posidonia-2018\\\/#breadcrumb\",\"itemListElement\":[{\"@type\":\"ListItem\",\"position\":1,\"name\":\"Portada\",\"item\":\"https:\\\/\\\/comport.es\\\/\"},{\"@type\":\"ListItem\",\"position\":2,\"name\":\"Amplia delegaci\u00f3n del Puerto de Algeciras en POSIDONIA 2018\"}]},{\"@type\":\"WebSite\",\"@id\":\"https:\\\/\\\/comport.es\\\/#website\",\"url\":\"https:\\\/\\\/comport.es\\\/\",\"name\":\"COMPORT\",\"description\":\"Port Community of Algeciras Bay\",\"publisher\":{\"@id\":\"https:\\\/\\\/comport.es\\\/#organization\"},\"potentialAction\":[{\"@type\":\"SearchAction\",\"target\":{\"@type\":\"EntryPoint\",\"urlTemplate\":\"https:\\\/\\\/comport.es\\\/?s={search_term_string}\"},\"query-input\":{\"@type\":\"PropertyValueSpecification\",\"valueRequired\":true,\"valueName\":\"search_term_string\"}}],\"inLanguage\":\"es\"},{\"@type\":\"Organization\",\"@id\":\"https:\\\/\\\/comport.es\\\/#organization\",\"name\":\"ALGECIRAS PORT COMMUNITY - COMPORT\",\"url\":\"https:\\\/\\\/comport.es\\\/\",\"logo\":{\"@type\":\"ImageObject\",\"inLanguage\":\"es\",\"@id\":\"https:\\\/\\\/comport.es\\\/#\\\/schema\\\/logo\\\/image\\\/\",\"url\":\"https:\\\/\\\/comport.es\\\/wp-content\\\/uploads\\\/2020\\\/10\\\/logo_comport_20m.png\",\"contentUrl\":\"https:\\\/\\\/comport.es\\\/wp-content\\\/uploads\\\/2020\\\/10\\\/logo_comport_20m.png\",\"width\":600,\"height\":170,\"caption\":\"ALGECIRAS PORT COMMUNITY - COMPORT\"},\"image\":{\"@id\":\"https:\\\/\\\/comport.es\\\/#\\\/schema\\\/logo\\\/image\\\/\"}},{\"@type\":\"Person\",\"@id\":\"https:\\\/\\\/comport.es\\\/#\\\/schema\\\/person\\\/9277649f8e04dd48c3d73bbaf2c7bebc\",\"name\":\"admincomport\"}]}<\/script>\n<!-- \/ Yoast SEO plugin. -->","yoast_head_json":{"title":"Amplia delegaci\u00f3n del Puerto de Algeciras en POSIDONIA 2018 | COMPORT","robots":{"index":"noindex","follow":"follow"},"og_locale":"es_ES","og_type":"article","og_title":"Amplia delegaci\u00f3n del Puerto de Algeciras en POSIDONIA 2018 | COMPORT","og_description":"El Puerto de Algeciras y hasta 19 empresas del sector de servicios al buque, participan en Atenas en la feria\u00a0POSIDONIA 2018, cita bienal fija en el calendario comercial de la Autoridad Portuaria de la Bah\u00eda de Algeciras y la Comunidad Portuaria. La de Posidonia es [&hellip;]","og_url":"https:\/\/comport.es\/index.php\/noticias\/amplia-delegacion-del-puerto-de-algeciras-en-posidonia-2018\/","og_site_name":"COMPORT","article_published_time":"2018-06-07T11:20:35+00:00","article_modified_time":"2018-07-17T11:21:33+00:00","og_image":[{"width":1300,"height":722,"url":"https:\/\/comport.es\/wp-content\/uploads\/2018\/07\/posidonia2018.jpg","type":"image\/jpeg"}],"author":"admincomport","twitter_card":"summary_large_image","twitter_misc":{"Escrito por":"admincomport","Tiempo de lectura":"1 minuto"},"schema":{"@context":"https:\/\/schema.org","@graph":[{"@type":"Article","@id":"https:\/\/comport.es\/index.php\/noticias\/amplia-delegacion-del-puerto-de-algeciras-en-posidonia-2018\/#article","isPartOf":{"@id":"https:\/\/comport.es\/index.php\/noticias\/amplia-delegacion-del-puerto-de-algeciras-en-posidonia-2018\/"},"author":{"name":"admincomport","@id":"https:\/\/comport.es\/#\/schema\/person\/9277649f8e04dd48c3d73bbaf2c7bebc"},"headline":"Amplia delegaci\u00f3n del Puerto de Algeciras en POSIDONIA 2018","datePublished":"2018-06-07T11:20:35+00:00","dateModified":"2018-07-17T11:21:33+00:00","mainEntityOfPage":{"@id":"https:\/\/comport.es\/index.php\/noticias\/amplia-delegacion-del-puerto-de-algeciras-en-posidonia-2018\/"},"wordCount":254,"commentCount":0,"publisher":{"@id":"https:\/\/comport.es\/#organization"},"image":{"@id":"https:\/\/comport.es\/index.php\/noticias\/amplia-delegacion-del-puerto-de-algeciras-en-posidonia-2018\/#primaryimage"},"thumbnailUrl":"https:\/\/comport.es\/wp-content\/uploads\/2018\/07\/posidonia2018.jpg","articleSection":["Noticias"],"inLanguage":"es","potentialAction":[{"@type":"CommentAction","name":"Comment","target":["https:\/\/comport.es\/index.php\/noticias\/amplia-delegacion-del-puerto-de-algeciras-en-posidonia-2018\/#respond"]}]},{"@type":"WebPage","@id":"https:\/\/comport.es\/index.php\/noticias\/amplia-delegacion-del-puerto-de-algeciras-en-posidonia-2018\/","url":"https:\/\/comport.es\/index.php\/noticias\/amplia-delegacion-del-puerto-de-algeciras-en-posidonia-2018\/","name":"Amplia delegaci\u00f3n del Puerto de Algeciras en POSIDONIA 2018 | COMPORT","isPartOf":{"@id":"https:\/\/comport.es\/#website"},"primaryImageOfPage":{"@id":"https:\/\/comport.es\/index.php\/noticias\/amplia-delegacion-del-puerto-de-algeciras-en-posidonia-2018\/#primaryimage"},"image":{"@id":"https:\/\/comport.es\/index.php\/noticias\/amplia-delegacion-del-puerto-de-algeciras-en-posidonia-2018\/#primaryimage"},"thumbnailUrl":"https:\/\/comport.es\/wp-content\/uploads\/2018\/07\/posidonia2018.jpg","datePublished":"2018-06-07T11:20:35+00:00","dateModified":"2018-07-17T11:21:33+00:00","breadcrumb":{"@id":"https:\/\/comport.es\/index.php\/noticias\/amplia-delegacion-del-puerto-de-algeciras-en-posidonia-2018\/#breadcrumb"},"inLanguage":"es","potentialAction":[{"@type":"ReadAction","target":["https:\/\/comport.es\/index.php\/noticias\/amplia-delegacion-del-puerto-de-algeciras-en-posidonia-2018\/"]}]},{"@type":"ImageObject","inLanguage":"es","@id":"https:\/\/comport.es\/index.php\/noticias\/amplia-delegacion-del-puerto-de-algeciras-en-posidonia-2018\/#primaryimage","url":"https:\/\/comport.es\/wp-content\/uploads\/2018\/07\/posidonia2018.jpg","contentUrl":"https:\/\/comport.es\/wp-content\/uploads\/2018\/07\/posidonia2018.jpg","width":1300,"height":722},{"@type":"BreadcrumbList","@id":"https:\/\/comport.es\/index.php\/noticias\/amplia-delegacion-del-puerto-de-algeciras-en-posidonia-2018\/#breadcrumb","itemListElement":[{"@type":"ListItem","position":1,"name":"Portada","item":"https:\/\/comport.es\/"},{"@type":"ListItem","position":2,"name":"Amplia delegaci\u00f3n del Puerto de Algeciras en POSIDONIA 2018"}]},{"@type":"WebSite","@id":"https:\/\/comport.es\/#website","url":"https:\/\/comport.es\/","name":"COMPORT","description":"Port Community of Algeciras Bay","publisher":{"@id":"https:\/\/comport.es\/#organization"},"potentialAction":[{"@type":"SearchAction","target":{"@type":"EntryPoint","urlTemplate":"https:\/\/comport.es\/?s={search_term_string}"},"query-input":{"@type":"PropertyValueSpecification","valueRequired":true,"valueName":"search_term_string"}}],"inLanguage":"es"},{"@type":"Organization","@id":"https:\/\/comport.es\/#organization","name":"ALGECIRAS PORT COMMUNITY - COMPORT","url":"https:\/\/comport.es\/","logo":{"@type":"ImageObject","inLanguage":"es","@id":"https:\/\/comport.es\/#\/schema\/logo\/image\/","url":"https:\/\/comport.es\/wp-content\/uploads\/2020\/10\/logo_comport_20m.png","contentUrl":"https:\/\/comport.es\/wp-content\/uploads\/2020\/10\/logo_comport_20m.png","width":600,"height":170,"caption":"ALGECIRAS PORT COMMUNITY - COMPORT"},"image":{"@id":"https:\/\/comport.es\/#\/schema\/logo\/image\/"}},{"@type":"Person","@id":"https:\/\/comport.es\/#\/schema\/person\/9277649f8e04dd48c3d73bbaf2c7bebc","name":"admincomport"}]}},"_links":{"self":[{"href":"https:\/\/comport.es\/index.php\/wp-json\/wp\/v2\/posts\/5933","targetHints":{"allow":["GET"]}}],"collection":[{"href":"https:\/\/comport.es\/index.php\/wp-json\/wp\/v2\/posts"}],"about":[{"href":"https:\/\/comport.es\/index.php\/wp-json\/wp\/v2\/types\/post"}],"author":[{"embeddable":true,"href":"https:\/\/comport.es\/index.php\/wp-json\/wp\/v2\/users\/1"}],"replies":[{"embeddable":true,"href":"https:\/\/comport.es\/index.php\/wp-json\/wp\/v2\/comments?post=5933"}],"version-history":[{"count":1,"href":"https:\/\/comport.es\/index.php\/wp-json\/wp\/v2\/posts\/5933\/revisions"}],"predecessor-version":[{"id":5935,"href":"https:\/\/comport.es\/index.php\/wp-json\/wp\/v2\/posts\/5933\/revisions\/5935"}],"wp:featuredmedia":[{"embeddable":true,"href":"https:\/\/comport.es\/index.php\/wp-json\/wp\/v2\/media\/5934"}],"wp:attachment":[{"href":"https:\/\/comport.es\/index.php\/wp-json\/wp\/v2\/media?parent=5933"}],"wp:term":[{"taxonomy":"category","embeddable":true,"href":"https:\/\/comport.es\/index.php\/wp-json\/wp\/v2\/categories?post=5933"},{"taxonomy":"post_tag","embeddable":true,"href":"https:\/\/comport.es\/index.php\/wp-json\/wp\/v2\/tags?post=5933"}],"curies":[{"name":"wp","href":"https:\/\/api.w.org\/{rel}","templated":true}]}}