{"id":5773,"date":"2018-05-31T16:01:07","date_gmt":"2018-05-31T16:01:07","guid":{"rendered":"http:\/.es\/?p=5773"},"modified":"2018-06-05T16:53:50","modified_gmt":"2018-06-05T16:53:50","slug":"algeciras-acude-a-break-bulk-la-feria-de-las-cargas-especiales","status":"publish","type":"post","link":"https:\/\/comport.es\/index.php\/noticias\/algeciras-acude-a-break-bulk-la-feria-de-las-cargas-especiales\/","title":{"rendered":"Algeciras acude a Break Bulk, la feria de las cargas especiales"},"content":{"rendered":"<p>El Puerto de Algeciras participa esta semana en la Feria Break Bulk 2018 que se celebra en Bremen (Alemania), a donde la Autoridad Portuaria (APBA) y la Comunidad Portuaria ha desplazado una delegaci\u00f3n de empresas que operan en el Puerto del Estrecho. Se trata de P\u00e9rez y C\u00eda., Astilleros del Guadalquivir, ASG Shipping, Bacomar, Canarship, Ronco, Remesa y Total Logistic Services. En Bremen, el Puerto de Algeciras dispone de un expositor integrado en el espacio de Puertos del Estado.<\/p>\n<p>La Feria Break Bulk est\u00e1 dedicada al transporte de cargas sobredimensionadas, como la descarga de palas e\u00f3licas que esta primavera se efect\u00faa en Algeciras para la renovaci\u00f3n de instalaciones en los parques e\u00f3licos de Tarifa.<\/p>\n<p><strong>FUENTE:<\/strong> EUROPASUR<\/p>\n","protected":false},"excerpt":{"rendered":"<p>El Puerto de Algeciras participa esta semana en la Feria Break Bulk 2018 que se celebra en Bremen (Alemania), a donde la Autoridad Portuaria (APBA) y la Comunidad Portuaria ha desplazado una delegaci\u00f3n de empresas que operan en el Puerto del Estrecho. Se trata de [&hellip;]<\/p>\n","protected":false},"author":1,"featured_media":5774,"comment_status":"open","ping_status":"open","sticky":false,"template":"","format":"standard","meta":{"footnotes":""},"categories":[921],"tags":[],"class_list":["post-5773","post","type-post","status-publish","format-standard","has-post-thumbnail","hentry","category-noticias"],"yoast_head":"<!-- This site is optimized with the Yoast SEO plugin v27.4 - https:\/\/yoast.com\/product\/yoast-seo-wordpress\/ -->\n<title>Algeciras acude a Break Bulk, la feria de las cargas especiales | COMPORT<\/title>\n<meta name=\"robots\" content=\"noindex, follow\" \/>\n<meta property=\"og:locale\" content=\"es_ES\" \/>\n<meta property=\"og:type\" content=\"article\" \/>\n<meta property=\"og:title\" content=\"Algeciras acude a Break Bulk, la feria de las cargas especiales | COMPORT\" \/>\n<meta property=\"og:description\" content=\"El Puerto de Algeciras participa esta semana en la Feria Break Bulk 2018 que se celebra en Bremen (Alemania), a donde la Autoridad Portuaria (APBA) y la Comunidad Portuaria ha desplazado una delegaci\u00f3n de empresas que operan en el Puerto del Estrecho. Se trata de [&hellip;]\" \/>\n<meta property=\"og:url\" content=\"https:\/\/comport.es\/index.php\/noticias\/algeciras-acude-a-break-bulk-la-feria-de-las-cargas-especiales\/\" \/>\n<meta property=\"og:site_name\" content=\"COMPORT\" \/>\n<meta property=\"article:published_time\" content=\"2018-05-31T16:01:07+00:00\" \/>\n<meta property=\"article:modified_time\" content=\"2018-06-05T16:53:50+00:00\" \/>\n<meta property=\"og:image\" content=\"https:\/\/comport.es\/wp-content\/uploads\/2018\/06\/breakbulk_2.jpg\" \/>\n\t<meta property=\"og:image:width\" content=\"1300\" \/>\n\t<meta property=\"og:image:height\" content=\"722\" \/>\n\t<meta property=\"og:image:type\" content=\"image\/jpeg\" \/>\n<meta name=\"author\" content=\"admincomport\" \/>\n<meta name=\"twitter:card\" content=\"summary_large_image\" \/>\n<meta name=\"twitter:label1\" content=\"Escrito por\" \/>\n\t<meta name=\"twitter:data1\" content=\"admincomport\" \/>\n\t<meta name=\"twitter:label2\" content=\"Tiempo de lectura\" \/>\n\t<meta name=\"twitter:data2\" content=\"1 minuto\" \/>\n<script type=\"application\/ld+json\" class=\"yoast-schema-graph\">{\"@context\":\"https:\\\/\\\/schema.org\",\"@graph\":[{\"@type\":\"Article\",\"@id\":\"https:\\\/\\\/comport.es\\\/index.php\\\/noticias\\\/algeciras-acude-a-break-bulk-la-feria-de-las-cargas-especiales\\\/#article\",\"isPartOf\":{\"@id\":\"https:\\\/\\\/comport.es\\\/index.php\\\/noticias\\\/algeciras-acude-a-break-bulk-la-feria-de-las-cargas-especiales\\\/\"},\"author\":{\"name\":\"admincomport\",\"@id\":\"https:\\\/\\\/comport.es\\\/#\\\/schema\\\/person\\\/9277649f8e04dd48c3d73bbaf2c7bebc\"},\"headline\":\"Algeciras acude a Break Bulk, la feria de las cargas especiales\",\"datePublished\":\"2018-05-31T16:01:07+00:00\",\"dateModified\":\"2018-06-05T16:53:50+00:00\",\"mainEntityOfPage\":{\"@id\":\"https:\\\/\\\/comport.es\\\/index.php\\\/noticias\\\/algeciras-acude-a-break-bulk-la-feria-de-las-cargas-especiales\\\/\"},\"wordCount\":133,\"commentCount\":0,\"publisher\":{\"@id\":\"https:\\\/\\\/comport.es\\\/#organization\"},\"image\":{\"@id\":\"https:\\\/\\\/comport.es\\\/index.php\\\/noticias\\\/algeciras-acude-a-break-bulk-la-feria-de-las-cargas-especiales\\\/#primaryimage\"},\"thumbnailUrl\":\"https:\\\/\\\/comport.es\\\/wp-content\\\/uploads\\\/2018\\\/06\\\/breakbulk_2.jpg\",\"articleSection\":[\"Noticias\"],\"inLanguage\":\"es\",\"potentialAction\":[{\"@type\":\"CommentAction\",\"name\":\"Comment\",\"target\":[\"https:\\\/\\\/comport.es\\\/index.php\\\/noticias\\\/algeciras-acude-a-break-bulk-la-feria-de-las-cargas-especiales\\\/#respond\"]}]},{\"@type\":\"WebPage\",\"@id\":\"https:\\\/\\\/comport.es\\\/index.php\\\/noticias\\\/algeciras-acude-a-break-bulk-la-feria-de-las-cargas-especiales\\\/\",\"url\":\"https:\\\/\\\/comport.es\\\/index.php\\\/noticias\\\/algeciras-acude-a-break-bulk-la-feria-de-las-cargas-especiales\\\/\",\"name\":\"Algeciras acude a Break Bulk, la feria de las cargas especiales | COMPORT\",\"isPartOf\":{\"@id\":\"https:\\\/\\\/comport.es\\\/#website\"},\"primaryImageOfPage\":{\"@id\":\"https:\\\/\\\/comport.es\\\/index.php\\\/noticias\\\/algeciras-acude-a-break-bulk-la-feria-de-las-cargas-especiales\\\/#primaryimage\"},\"image\":{\"@id\":\"https:\\\/\\\/comport.es\\\/index.php\\\/noticias\\\/algeciras-acude-a-break-bulk-la-feria-de-las-cargas-especiales\\\/#primaryimage\"},\"thumbnailUrl\":\"https:\\\/\\\/comport.es\\\/wp-content\\\/uploads\\\/2018\\\/06\\\/breakbulk_2.jpg\",\"datePublished\":\"2018-05-31T16:01:07+00:00\",\"dateModified\":\"2018-06-05T16:53:50+00:00\",\"breadcrumb\":{\"@id\":\"https:\\\/\\\/comport.es\\\/index.php\\\/noticias\\\/algeciras-acude-a-break-bulk-la-feria-de-las-cargas-especiales\\\/#breadcrumb\"},\"inLanguage\":\"es\",\"potentialAction\":[{\"@type\":\"ReadAction\",\"target\":[\"https:\\\/\\\/comport.es\\\/index.php\\\/noticias\\\/algeciras-acude-a-break-bulk-la-feria-de-las-cargas-especiales\\\/\"]}]},{\"@type\":\"ImageObject\",\"inLanguage\":\"es\",\"@id\":\"https:\\\/\\\/comport.es\\\/index.php\\\/noticias\\\/algeciras-acude-a-break-bulk-la-feria-de-las-cargas-especiales\\\/#primaryimage\",\"url\":\"https:\\\/\\\/comport.es\\\/wp-content\\\/uploads\\\/2018\\\/06\\\/breakbulk_2.jpg\",\"contentUrl\":\"https:\\\/\\\/comport.es\\\/wp-content\\\/uploads\\\/2018\\\/06\\\/breakbulk_2.jpg\",\"width\":1300,\"height\":722},{\"@type\":\"BreadcrumbList\",\"@id\":\"https:\\\/\\\/comport.es\\\/index.php\\\/noticias\\\/algeciras-acude-a-break-bulk-la-feria-de-las-cargas-especiales\\\/#breadcrumb\",\"itemListElement\":[{\"@type\":\"ListItem\",\"position\":1,\"name\":\"Portada\",\"item\":\"https:\\\/\\\/comport.es\\\/\"},{\"@type\":\"ListItem\",\"position\":2,\"name\":\"Algeciras acude a Break Bulk, la feria de las cargas especiales\"}]},{\"@type\":\"WebSite\",\"@id\":\"https:\\\/\\\/comport.es\\\/#website\",\"url\":\"https:\\\/\\\/comport.es\\\/\",\"name\":\"COMPORT\",\"description\":\"Port Community of Algeciras Bay\",\"publisher\":{\"@id\":\"https:\\\/\\\/comport.es\\\/#organization\"},\"potentialAction\":[{\"@type\":\"SearchAction\",\"target\":{\"@type\":\"EntryPoint\",\"urlTemplate\":\"https:\\\/\\\/comport.es\\\/?s={search_term_string}\"},\"query-input\":{\"@type\":\"PropertyValueSpecification\",\"valueRequired\":true,\"valueName\":\"search_term_string\"}}],\"inLanguage\":\"es\"},{\"@type\":\"Organization\",\"@id\":\"https:\\\/\\\/comport.es\\\/#organization\",\"name\":\"ALGECIRAS PORT COMMUNITY - COMPORT\",\"url\":\"https:\\\/\\\/comport.es\\\/\",\"logo\":{\"@type\":\"ImageObject\",\"inLanguage\":\"es\",\"@id\":\"https:\\\/\\\/comport.es\\\/#\\\/schema\\\/logo\\\/image\\\/\",\"url\":\"https:\\\/\\\/comport.es\\\/wp-content\\\/uploads\\\/2020\\\/10\\\/logo_comport_20m.png\",\"contentUrl\":\"https:\\\/\\\/comport.es\\\/wp-content\\\/uploads\\\/2020\\\/10\\\/logo_comport_20m.png\",\"width\":600,\"height\":170,\"caption\":\"ALGECIRAS PORT COMMUNITY - COMPORT\"},\"image\":{\"@id\":\"https:\\\/\\\/comport.es\\\/#\\\/schema\\\/logo\\\/image\\\/\"}},{\"@type\":\"Person\",\"@id\":\"https:\\\/\\\/comport.es\\\/#\\\/schema\\\/person\\\/9277649f8e04dd48c3d73bbaf2c7bebc\",\"name\":\"admincomport\"}]}<\/script>\n<!-- \/ Yoast SEO plugin. -->","yoast_head_json":{"title":"Algeciras acude a Break Bulk, la feria de las cargas especiales | COMPORT","robots":{"index":"noindex","follow":"follow"},"og_locale":"es_ES","og_type":"article","og_title":"Algeciras acude a Break Bulk, la feria de las cargas especiales | COMPORT","og_description":"El Puerto de Algeciras participa esta semana en la Feria Break Bulk 2018 que se celebra en Bremen (Alemania), a donde la Autoridad Portuaria (APBA) y la Comunidad Portuaria ha desplazado una delegaci\u00f3n de empresas que operan en el Puerto del Estrecho. Se trata de [&hellip;]","og_url":"https:\/\/comport.es\/index.php\/noticias\/algeciras-acude-a-break-bulk-la-feria-de-las-cargas-especiales\/","og_site_name":"COMPORT","article_published_time":"2018-05-31T16:01:07+00:00","article_modified_time":"2018-06-05T16:53:50+00:00","og_image":[{"width":1300,"height":722,"url":"https:\/\/comport.es\/wp-content\/uploads\/2018\/06\/breakbulk_2.jpg","type":"image\/jpeg"}],"author":"admincomport","twitter_card":"summary_large_image","twitter_misc":{"Escrito por":"admincomport","Tiempo de lectura":"1 minuto"},"schema":{"@context":"https:\/\/schema.org","@graph":[{"@type":"Article","@id":"https:\/\/comport.es\/index.php\/noticias\/algeciras-acude-a-break-bulk-la-feria-de-las-cargas-especiales\/#article","isPartOf":{"@id":"https:\/\/comport.es\/index.php\/noticias\/algeciras-acude-a-break-bulk-la-feria-de-las-cargas-especiales\/"},"author":{"name":"admincomport","@id":"https:\/\/comport.es\/#\/schema\/person\/9277649f8e04dd48c3d73bbaf2c7bebc"},"headline":"Algeciras acude a Break Bulk, la feria de las cargas especiales","datePublished":"2018-05-31T16:01:07+00:00","dateModified":"2018-06-05T16:53:50+00:00","mainEntityOfPage":{"@id":"https:\/\/comport.es\/index.php\/noticias\/algeciras-acude-a-break-bulk-la-feria-de-las-cargas-especiales\/"},"wordCount":133,"commentCount":0,"publisher":{"@id":"https:\/\/comport.es\/#organization"},"image":{"@id":"https:\/\/comport.es\/index.php\/noticias\/algeciras-acude-a-break-bulk-la-feria-de-las-cargas-especiales\/#primaryimage"},"thumbnailUrl":"https:\/\/comport.es\/wp-content\/uploads\/2018\/06\/breakbulk_2.jpg","articleSection":["Noticias"],"inLanguage":"es","potentialAction":[{"@type":"CommentAction","name":"Comment","target":["https:\/\/comport.es\/index.php\/noticias\/algeciras-acude-a-break-bulk-la-feria-de-las-cargas-especiales\/#respond"]}]},{"@type":"WebPage","@id":"https:\/\/comport.es\/index.php\/noticias\/algeciras-acude-a-break-bulk-la-feria-de-las-cargas-especiales\/","url":"https:\/\/comport.es\/index.php\/noticias\/algeciras-acude-a-break-bulk-la-feria-de-las-cargas-especiales\/","name":"Algeciras acude a Break Bulk, la feria de las cargas especiales | COMPORT","isPartOf":{"@id":"https:\/\/comport.es\/#website"},"primaryImageOfPage":{"@id":"https:\/\/comport.es\/index.php\/noticias\/algeciras-acude-a-break-bulk-la-feria-de-las-cargas-especiales\/#primaryimage"},"image":{"@id":"https:\/\/comport.es\/index.php\/noticias\/algeciras-acude-a-break-bulk-la-feria-de-las-cargas-especiales\/#primaryimage"},"thumbnailUrl":"https:\/\/comport.es\/wp-content\/uploads\/2018\/06\/breakbulk_2.jpg","datePublished":"2018-05-31T16:01:07+00:00","dateModified":"2018-06-05T16:53:50+00:00","breadcrumb":{"@id":"https:\/\/comport.es\/index.php\/noticias\/algeciras-acude-a-break-bulk-la-feria-de-las-cargas-especiales\/#breadcrumb"},"inLanguage":"es","potentialAction":[{"@type":"ReadAction","target":["https:\/\/comport.es\/index.php\/noticias\/algeciras-acude-a-break-bulk-la-feria-de-las-cargas-especiales\/"]}]},{"@type":"ImageObject","inLanguage":"es","@id":"https:\/\/comport.es\/index.php\/noticias\/algeciras-acude-a-break-bulk-la-feria-de-las-cargas-especiales\/#primaryimage","url":"https:\/\/comport.es\/wp-content\/uploads\/2018\/06\/breakbulk_2.jpg","contentUrl":"https:\/\/comport.es\/wp-content\/uploads\/2018\/06\/breakbulk_2.jpg","width":1300,"height":722},{"@type":"BreadcrumbList","@id":"https:\/\/comport.es\/index.php\/noticias\/algeciras-acude-a-break-bulk-la-feria-de-las-cargas-especiales\/#breadcrumb","itemListElement":[{"@type":"ListItem","position":1,"name":"Portada","item":"https:\/\/comport.es\/"},{"@type":"ListItem","position":2,"name":"Algeciras acude a Break Bulk, la feria de las cargas especiales"}]},{"@type":"WebSite","@id":"https:\/\/comport.es\/#website","url":"https:\/\/comport.es\/","name":"COMPORT","description":"Port Community of Algeciras Bay","publisher":{"@id":"https:\/\/comport.es\/#organization"},"potentialAction":[{"@type":"SearchAction","target":{"@type":"EntryPoint","urlTemplate":"https:\/\/comport.es\/?s={search_term_string}"},"query-input":{"@type":"PropertyValueSpecification","valueRequired":true,"valueName":"search_term_string"}}],"inLanguage":"es"},{"@type":"Organization","@id":"https:\/\/comport.es\/#organization","name":"ALGECIRAS PORT COMMUNITY - COMPORT","url":"https:\/\/comport.es\/","logo":{"@type":"ImageObject","inLanguage":"es","@id":"https:\/\/comport.es\/#\/schema\/logo\/image\/","url":"https:\/\/comport.es\/wp-content\/uploads\/2020\/10\/logo_comport_20m.png","contentUrl":"https:\/\/comport.es\/wp-content\/uploads\/2020\/10\/logo_comport_20m.png","width":600,"height":170,"caption":"ALGECIRAS PORT COMMUNITY - COMPORT"},"image":{"@id":"https:\/\/comport.es\/#\/schema\/logo\/image\/"}},{"@type":"Person","@id":"https:\/\/comport.es\/#\/schema\/person\/9277649f8e04dd48c3d73bbaf2c7bebc","name":"admincomport"}]}},"_links":{"self":[{"href":"https:\/\/comport.es\/index.php\/wp-json\/wp\/v2\/posts\/5773","targetHints":{"allow":["GET"]}}],"collection":[{"href":"https:\/\/comport.es\/index.php\/wp-json\/wp\/v2\/posts"}],"about":[{"href":"https:\/\/comport.es\/index.php\/wp-json\/wp\/v2\/types\/post"}],"author":[{"embeddable":true,"href":"https:\/\/comport.es\/index.php\/wp-json\/wp\/v2\/users\/1"}],"replies":[{"embeddable":true,"href":"https:\/\/comport.es\/index.php\/wp-json\/wp\/v2\/comments?post=5773"}],"version-history":[{"count":2,"href":"https:\/\/comport.es\/index.php\/wp-json\/wp\/v2\/posts\/5773\/revisions"}],"predecessor-version":[{"id":5776,"href":"https:\/\/comport.es\/index.php\/wp-json\/wp\/v2\/posts\/5773\/revisions\/5776"}],"wp:featuredmedia":[{"embeddable":true,"href":"https:\/\/comport.es\/index.php\/wp-json\/wp\/v2\/media\/5774"}],"wp:attachment":[{"href":"https:\/\/comport.es\/index.php\/wp-json\/wp\/v2\/media?parent=5773"}],"wp:term":[{"taxonomy":"category","embeddable":true,"href":"https:\/\/comport.es\/index.php\/wp-json\/wp\/v2\/categories?post=5773"},{"taxonomy":"post_tag","embeddable":true,"href":"https:\/\/comport.es\/index.php\/wp-json\/wp\/v2\/tags?post=5773"}],"curies":[{"name":"wp","href":"https:\/\/api.w.org\/{rel}","templated":true}]}}